{"id":7514,"date":"2022-08-01T18:37:52","date_gmt":"2022-08-01T18:37:52","guid":{"rendered":"https:\/\/www.africa-press.net\/benin\/politique\/fete-du-1er-aout-retour-de-boni-yayi-et-nicephore-soglo-dans-la-tribune-des-officiels-depuis-2016"},"modified":"2022-08-01T18:55:45","modified_gmt":"2022-08-01T18:55:45","slug":"fete-du-1er-aout-retour-de-boni-yayi-et-nicephore-soglo-dans-la-tribune-des-officiels-depuis-2016","status":"publish","type":"post","link":"https:\/\/www.africa-press.net\/benin\/toutes-les-actualites\/fete-du-1er-aout-retour-de-boni-yayi-et-nicephore-soglo-dans-la-tribune-des-officiels-depuis-2016","title":{"rendered":"F\u00eate du 1er Ao\u00fbt: retour de Boni Yayi et Nic\u00e9phore Soglo dans la tribune des officiels depuis 2016"},"content":{"rendered":"<p><span style=\"color: #ff6600\"><strong>Africa-Press &#8211; Benin. <\/strong><\/span>Les c\u00e9r\u00e9monies officielles entrant dans le cadre des manifestations de la f\u00eate nationale ont d\u00e9marr\u00e9 au boulevard de la Marina par le d\u00e9p\u00f4t de gerbe du pr\u00e9sident Patrice Talon. L\u2019une des sp\u00e9cificit\u00e9s de l\u2019\u00e9dition 2022 de la f\u00eate nationale est la pr\u00e9sence des anciens chef d\u2019Etat Thomas Boni Yayi et Nic\u00e9phore Soglo qui, depuis 2016<\/p>\n<p>Le pr\u00e9sident Patrice Talon a ouvert la c\u00e9r\u00e9monie officielle de la comm\u00e9moration des 62 ans d\u2019accession du B\u00e9nin \u00e0 la souverainet\u00e9 internationale par le d\u00e9p\u00f4t de gerbe au jardin de Mathieu. Sous l\u2019applaudissement des populations align\u00e9es hors du jardin, le pr\u00e9sident de la R\u00e9publique a pris la direction de la place \u00ab esplanade des amazones qui devait accueillir les manifestations officielles.<\/p>\n<p>Accueilli par le g\u00e9n\u00e9ral Fructueux B\u00e9hanzin, le pr\u00e9sident Patrice Talon a fait la revue des troupes avant son installation. A bord du Common car en compagnie du g\u00e9n\u00e9ral Fructueux Gbaguidi, Patrice Talon a pass\u00e9 en revue, l\u2019arm\u00e9e de terre, la marine nationale, l\u2019arm\u00e9e de l\u2019air, la police r\u00e9publicaine, les eaux for\u00eats et chasse.<\/p>\n<p>S\u2019en est suivi les 12 coups de canon et l\u2019ex\u00e9cution de l\u2019hymne nationale. Avant de s\u2019installer \u00e0 sa place dans la tribune officielle \u00e0 c\u00f4t\u00e9 de la premi\u00e8re dame, le pr\u00e9sident de la R\u00e9publique a salu\u00e9 le g\u00e9n\u00e9ral de brigade Abou Issa, le directeur g\u00e9n\u00e9ral de la police r\u00e9publicaine Souma\u00eela Yaya, le colonel Amoussou, les membres du gouvernement et les invit\u00e9s sp\u00e9ciaux du chef de l\u2019Etat, les t\u00eates couronn\u00e9es.<\/p>\n<p>Dans le lot des personnalit\u00e9s pr\u00e9sentes dans la tribune officielle, il y a les anciens chefs d\u2019Etat, Nic\u00e9phore Soglo et Boni Yayi avec qui le chef de l\u2019Etat a chang\u00e9 ses civilit\u00e9s et \u00e9chang\u00e9 quelques mots.<\/p>\n<p>Nic\u00e9phore Soglo et Boni Yayi pr\u00e9sents apr\u00e8s plusieurs ann\u00e9es d\u2019absence<\/p>\n<p>Les anciens pr\u00e9sidents de la R\u00e9publique, Nic\u00e9phore Soglo et Boni Yayi annonc\u00e9s aux manifestations officielles de la f\u00eate du 1er Ao\u00fbt ont r\u00e9hauss\u00e9 l\u2019image de cette f\u00eate par leur pr\u00e9sence. Absents de la tribune officielle durant les \u00e9ditions pr\u00e9c\u00e9dentes, les anciens chefs d\u2019Etat ont marqu\u00e9 leur retour . Signe \u00e9vident que la d\u00e9crispation politique annonc\u00e9e commence par se traduire dans les gestes et faits.<\/p>\n<p>La pr\u00e9sence de Boni Yayi aux manifestations officielles de la f\u00eate nationale remonte en 2016, quelques mois apr\u00e8s qu\u2019il a pass\u00e9 le pouvoir \u00e0 son successeur. Mais suite \u00e0 des conflits politiques, l\u2019ancien chef d\u2019Etat a toujours boycott\u00e9 les invitations qui lui sont officiellement adress\u00e9es.<\/p>\n<p>M\u00eame sentiment chez le patriarche Nic\u00e9phore Soglo. Apr\u00e8s la pol\u00e9mique sur son comportement jug\u00e9 irr\u00e9v\u00e9rencieux \u00e0 l\u2019endroit du chef de l\u2019Etat alors qu\u2019il est rest\u00e9 en position assise pour saluer le pr\u00e9sident de la R\u00e9publique qui faisait ses civilit\u00e9s aux personnalit\u00e9s de la tribune officielle, l\u2019ancien chef d\u2019Etat n\u2019a plus r\u00e9pondu au rendez-vous du 1er Ao\u00fbt.<\/p>\n<p>En froid avec Patrice Talon pour le sort qui a \u00e9t\u00e9 r\u00e9serv\u00e9 \u00e0 son fils L\u00e9hady Soglo r\u00e9voqu\u00e9 de la t\u00eate de la mairie de Cotonou, Nic\u00e9phore Soglo a pris sa distance vis \u00e0 vis du pr\u00e9sident de la R\u00e9publique dont il d\u00e9nonce le mode de gouvernance.<\/p>\n<p>Le retour dans les tribunes officielles des deux anciens pr\u00e9sidents de la R\u00e9publique est une traduction dans les faits de la volont\u00e9 des uns et des autres de taire les querelles politiques et de s\u2019unir autour des causes de la r\u00e9publique.<\/p>\n<p>C\u2019est certainement la d\u00e9crispation politique tant annonc\u00e9e qui commence \u00e0 petit pas. Il est donc \u00e0 souhaiter que des m\u00e9canismes soient effectivement mis en places et dans les plus brefs d\u00e9lai pour le retour des exil\u00e9s et la lib\u00e9rations des prisonniers politiques les plus embl\u00e9matiques.<\/p>\n<p><strong>Pour plus d&rsquo;informations et d&rsquo;analyses sur la <a href=\"https:\/\/www.africa-press.net\/benin\">Benin<\/a>, suivez <a href=\"https:\/\/www.africa-press.net\/\">Africa-Press<\/a><\/strong><\/p>\n","protected":false},"excerpt":{"rendered":"<p>Africa-Press &#8211; Benin. Les c\u00e9r\u00e9monies officielles entrant dans le cadre des manifestations de la f\u00eate nationale ont d\u00e9marr\u00e9 au boulevard de la Marina par le d\u00e9p\u00f4t de gerbe du pr\u00e9sident Patrice Talon. L\u2019une des sp\u00e9cificit\u00e9s de l\u2019\u00e9dition 2022 de la f\u00eate nationale est la pr\u00e9sence des anciens chef d\u2019Etat Thomas Boni Yayi et Nic\u00e9phore Soglo [&hellip;]<\/p>\n","protected":false},"author":82,"featured_media":7513,"comment_status":"open","ping_status":"closed","sticky":false,"template":"","format":"standard","meta":{"footnotes":""},"categories":[21,11,10],"tags":[36,50,45],"class_list":["post-7514","post","type-post","status-publish","format-standard","has-post-thumbnail","hentry","category-communaute","category-homepage-french","category-toutes-les-actualites","tag-africa-press","tag-africa-press-benin","tag-benin"],"yoast_head":"<!-- This site is optimized with the Yoast SEO Premium plugin v26.1 (Yoast SEO v27.0) - https:\/\/yoast.com\/product\/yoast-seo-premium-wordpress\/ -->\n<title>F\u00eate du 1er Ao\u00fbt: retour de Boni Yayi et Nic\u00e9phore Soglo dans la tribune des officiels depuis 2016 - B\u00e9nin<\/title>\n<meta name=\"description\" content=\"Les c\u00e9r\u00e9monies officielles entrant dans le cadre des manifestations de la f\u00eate nationale ont d\u00e9marr\u00e9 au boulevard de la ...\" \/>\n<meta name=\"robots\" content=\"index, follow, max-snippet:-1, max-image-preview:large, max-video-preview:-1\" \/>\n<link rel=\"canonical\" href=\"https:\/\/www.africa-press.net\/benin\/toutes-les-actualites\/fete-du-1er-aout-retour-de-boni-yayi-et-nicephore-soglo-dans-la-tribune-des-officiels-depuis-2016\" \/>\n<meta property=\"og:locale\" content=\"fr_FR\" \/>\n<meta property=\"og:type\" content=\"article\" \/>\n<meta property=\"og:title\" content=\"F\u00eate du 1er Ao\u00fbt: retour de Boni Yayi et Nic\u00e9phore Soglo dans la tribune des officiels depuis 2016\" \/>\n<meta property=\"og:description\" content=\"Les c\u00e9r\u00e9monies officielles entrant dans le cadre des manifestations de la f\u00eate nationale ont d\u00e9marr\u00e9 au boulevard de la ...\" \/>\n<meta property=\"og:url\" content=\"https:\/\/www.africa-press.net\/benin\/toutes-les-actualites\/fete-du-1er-aout-retour-de-boni-yayi-et-nicephore-soglo-dans-la-tribune-des-officiels-depuis-2016\" \/>\n<meta property=\"og:site_name\" content=\"B\u00e9nin\" \/>\n<meta property=\"article:published_time\" content=\"2022-08-01T18:37:52+00:00\" \/>\n<meta property=\"article:modified_time\" content=\"2022-08-01T18:55:45+00:00\" \/>\n<meta property=\"og:image\" content=\"https:\/\/static.africa-press.net\/benin\/sites\/46\/2022\/08\/postQueueImg_16.jpg\" \/>\n\t<meta property=\"og:image:width\" content=\"1200\" \/>\n\t<meta property=\"og:image:height\" content=\"728\" \/>\n\t<meta property=\"og:image:type\" content=\"image\/jpeg\" \/>\n<meta name=\"author\" content=\"cfeditorfr\" \/>\n<meta name=\"twitter:card\" content=\"summary_large_image\" \/>\n<meta name=\"twitter:label1\" content=\"\u00c9crit par\" \/>\n\t<meta name=\"twitter:data1\" content=\"cfeditorfr\" \/>\n\t<meta name=\"twitter:label2\" content=\"Dur\u00e9e de lecture estim\u00e9e\" \/>\n\t<meta name=\"twitter:data2\" content=\"4 minutes\" \/>\n<script type=\"application\/ld+json\" class=\"yoast-schema-graph\">{\"@context\":\"https:\/\/schema.org\",\"@graph\":[{\"@type\":\"Article\",\"@id\":\"https:\/\/www.africa-press.net\/benin\/toutes-les-actualites\/fete-du-1er-aout-retour-de-boni-yayi-et-nicephore-soglo-dans-la-tribune-des-officiels-depuis-2016#article\",\"isPartOf\":{\"@id\":\"https:\/\/www.africa-press.net\/benin\/toutes-les-actualites\/fete-du-1er-aout-retour-de-boni-yayi-et-nicephore-soglo-dans-la-tribune-des-officiels-depuis-2016\"},\"author\":{\"name\":\"cfeditorfr\",\"@id\":\"https:\/\/www.africa-press.net\/benin\/#\/schema\/person\/2b1cf3cd81a31e3cd26889ca66d677f1\"},\"headline\":\"F\u00eate du 1er Ao\u00fbt: retour de Boni Yayi et Nic\u00e9phore Soglo dans la tribune des officiels depuis 2016\",\"datePublished\":\"2022-08-01T18:37:52+00:00\",\"dateModified\":\"2022-08-01T18:55:45+00:00\",\"mainEntityOfPage\":{\"@id\":\"https:\/\/www.africa-press.net\/benin\/toutes-les-actualites\/fete-du-1er-aout-retour-de-boni-yayi-et-nicephore-soglo-dans-la-tribune-des-officiels-depuis-2016\"},\"wordCount\":731,\"commentCount\":0,\"image\":{\"@id\":\"https:\/\/www.africa-press.net\/benin\/toutes-les-actualites\/fete-du-1er-aout-retour-de-boni-yayi-et-nicephore-soglo-dans-la-tribune-des-officiels-depuis-2016#primaryimage\"},\"thumbnailUrl\":\"https:\/\/static.africa-press.net\/benin\/sites\/46\/2022\/08\/postQueueImg_16.jpg\",\"keywords\":[\"Africa Press\",\"Africa Press-Benin\",\"B\u00e9nin\"],\"articleSection\":[\"Communaut\u00e9\",\"homepage-french\",\"Toutes les actualit\u00e9s\"],\"inLanguage\":\"fr-FR\",\"potentialAction\":[{\"@type\":\"CommentAction\",\"name\":\"Comment\",\"target\":[\"https:\/\/www.africa-press.net\/benin\/toutes-les-actualites\/fete-du-1er-aout-retour-de-boni-yayi-et-nicephore-soglo-dans-la-tribune-des-officiels-depuis-2016#respond\"]}]},{\"@type\":\"WebPage\",\"@id\":\"https:\/\/www.africa-press.net\/benin\/toutes-les-actualites\/fete-du-1er-aout-retour-de-boni-yayi-et-nicephore-soglo-dans-la-tribune-des-officiels-depuis-2016\",\"url\":\"https:\/\/www.africa-press.net\/benin\/toutes-les-actualites\/fete-du-1er-aout-retour-de-boni-yayi-et-nicephore-soglo-dans-la-tribune-des-officiels-depuis-2016\",\"name\":\"F\u00eate du 1er Ao\u00fbt: retour de Boni Yayi et Nic\u00e9phore Soglo dans la tribune des officiels depuis 2016 - B\u00e9nin\",\"isPartOf\":{\"@id\":\"https:\/\/www.africa-press.net\/benin\/#website\"},\"primaryImageOfPage\":{\"@id\":\"https:\/\/www.africa-press.net\/benin\/toutes-les-actualites\/fete-du-1er-aout-retour-de-boni-yayi-et-nicephore-soglo-dans-la-tribune-des-officiels-depuis-2016#primaryimage\"},\"image\":{\"@id\":\"https:\/\/www.africa-press.net\/benin\/toutes-les-actualites\/fete-du-1er-aout-retour-de-boni-yayi-et-nicephore-soglo-dans-la-tribune-des-officiels-depuis-2016#primaryimage\"},\"thumbnailUrl\":\"https:\/\/static.africa-press.net\/benin\/sites\/46\/2022\/08\/postQueueImg_16.jpg\",\"datePublished\":\"2022-08-01T18:37:52+00:00\",\"dateModified\":\"2022-08-01T18:55:45+00:00\",\"author\":{\"@id\":\"https:\/\/www.africa-press.net\/benin\/#\/schema\/person\/2b1cf3cd81a31e3cd26889ca66d677f1\"},\"description\":\"Les c\u00e9r\u00e9monies officielles entrant dans le cadre des manifestations de la f\u00eate nationale ont d\u00e9marr\u00e9 au boulevard de la ...\",\"breadcrumb\":{\"@id\":\"https:\/\/www.africa-press.net\/benin\/toutes-les-actualites\/fete-du-1er-aout-retour-de-boni-yayi-et-nicephore-soglo-dans-la-tribune-des-officiels-depuis-2016#breadcrumb\"},\"inLanguage\":\"fr-FR\",\"potentialAction\":[{\"@type\":\"ReadAction\",\"target\":[\"https:\/\/www.africa-press.net\/benin\/toutes-les-actualites\/fete-du-1er-aout-retour-de-boni-yayi-et-nicephore-soglo-dans-la-tribune-des-officiels-depuis-2016\"]}]},{\"@type\":\"ImageObject\",\"inLanguage\":\"fr-FR\",\"@id\":\"https:\/\/www.africa-press.net\/benin\/toutes-les-actualites\/fete-du-1er-aout-retour-de-boni-yayi-et-nicephore-soglo-dans-la-tribune-des-officiels-depuis-2016#primaryimage\",\"url\":\"https:\/\/static.africa-press.net\/benin\/sites\/46\/2022\/08\/postQueueImg_16.jpg\",\"contentUrl\":\"https:\/\/static.africa-press.net\/benin\/sites\/46\/2022\/08\/postQueueImg_16.jpg\",\"width\":1200,\"height\":728,\"caption\":\"F\u00eate du 1er Ao\u00fbt: retour de Boni Yayi et Nic\u00e9phore Soglo dans la tribune des officiels depuis 2016\"},{\"@type\":\"BreadcrumbList\",\"@id\":\"https:\/\/www.africa-press.net\/benin\/toutes-les-actualites\/fete-du-1er-aout-retour-de-boni-yayi-et-nicephore-soglo-dans-la-tribune-des-officiels-depuis-2016#breadcrumb\",\"itemListElement\":[{\"@type\":\"ListItem\",\"position\":1,\"name\":\"Accueil\",\"item\":\"https:\/\/www.africa-press.net\/benin\/\"},{\"@type\":\"ListItem\",\"position\":2,\"name\":\"F\u00eate du 1er Ao\u00fbt: retour de Boni Yayi et Nic\u00e9phore Soglo dans la tribune des officiels depuis 2016\"}]},{\"@type\":\"WebSite\",\"@id\":\"https:\/\/www.africa-press.net\/benin\/#website\",\"url\":\"https:\/\/www.africa-press.net\/benin\/\",\"name\":\"B\u00e9nin\",\"description\":\"Just another Africa News Agency Sites site\",\"potentialAction\":[{\"@type\":\"SearchAction\",\"target\":{\"@type\":\"EntryPoint\",\"urlTemplate\":\"https:\/\/www.africa-press.net\/benin\/?s={search_term_string}\"},\"query-input\":{\"@type\":\"PropertyValueSpecification\",\"valueRequired\":true,\"valueName\":\"search_term_string\"}}],\"inLanguage\":\"fr-FR\"},{\"@type\":\"Person\",\"@id\":\"https:\/\/www.africa-press.net\/benin\/#\/schema\/person\/2b1cf3cd81a31e3cd26889ca66d677f1\",\"name\":\"cfeditorfr\"}]}<\/script>\n<!-- \/ Yoast SEO Premium plugin. -->","yoast_head_json":{"title":"F\u00eate du 1er Ao\u00fbt: retour de Boni Yayi et Nic\u00e9phore Soglo dans la tribune des officiels depuis 2016 - B\u00e9nin","description":"Les c\u00e9r\u00e9monies officielles entrant dans le cadre des manifestations de la f\u00eate nationale ont d\u00e9marr\u00e9 au boulevard de la ...","robots":{"index":"index","follow":"follow","max-snippet":"max-snippet:-1","max-image-preview":"max-image-preview:large","max-video-preview":"max-video-preview:-1"},"canonical":"https:\/\/www.africa-press.net\/benin\/toutes-les-actualites\/fete-du-1er-aout-retour-de-boni-yayi-et-nicephore-soglo-dans-la-tribune-des-officiels-depuis-2016","og_locale":"fr_FR","og_type":"article","og_title":"F\u00eate du 1er Ao\u00fbt: retour de Boni Yayi et Nic\u00e9phore Soglo dans la tribune des officiels depuis 2016","og_description":"Les c\u00e9r\u00e9monies officielles entrant dans le cadre des manifestations de la f\u00eate nationale ont d\u00e9marr\u00e9 au boulevard de la ...","og_url":"https:\/\/www.africa-press.net\/benin\/toutes-les-actualites\/fete-du-1er-aout-retour-de-boni-yayi-et-nicephore-soglo-dans-la-tribune-des-officiels-depuis-2016","og_site_name":"B\u00e9nin","article_published_time":"2022-08-01T18:37:52+00:00","article_modified_time":"2022-08-01T18:55:45+00:00","og_image":[{"width":1200,"height":728,"url":"https:\/\/static.africa-press.net\/benin\/sites\/46\/2022\/08\/postQueueImg_16.jpg","type":"image\/jpeg"}],"author":"cfeditorfr","twitter_card":"summary_large_image","twitter_misc":{"\u00c9crit par":"cfeditorfr","Dur\u00e9e de lecture estim\u00e9e":"4 minutes"},"schema":{"@context":"https:\/\/schema.org","@graph":[{"@type":"Article","@id":"https:\/\/www.africa-press.net\/benin\/toutes-les-actualites\/fete-du-1er-aout-retour-de-boni-yayi-et-nicephore-soglo-dans-la-tribune-des-officiels-depuis-2016#article","isPartOf":{"@id":"https:\/\/www.africa-press.net\/benin\/toutes-les-actualites\/fete-du-1er-aout-retour-de-boni-yayi-et-nicephore-soglo-dans-la-tribune-des-officiels-depuis-2016"},"author":{"name":"cfeditorfr","@id":"https:\/\/www.africa-press.net\/benin\/#\/schema\/person\/2b1cf3cd81a31e3cd26889ca66d677f1"},"headline":"F\u00eate du 1er Ao\u00fbt: retour de Boni Yayi et Nic\u00e9phore Soglo dans la tribune des officiels depuis 2016","datePublished":"2022-08-01T18:37:52+00:00","dateModified":"2022-08-01T18:55:45+00:00","mainEntityOfPage":{"@id":"https:\/\/www.africa-press.net\/benin\/toutes-les-actualites\/fete-du-1er-aout-retour-de-boni-yayi-et-nicephore-soglo-dans-la-tribune-des-officiels-depuis-2016"},"wordCount":731,"commentCount":0,"image":{"@id":"https:\/\/www.africa-press.net\/benin\/toutes-les-actualites\/fete-du-1er-aout-retour-de-boni-yayi-et-nicephore-soglo-dans-la-tribune-des-officiels-depuis-2016#primaryimage"},"thumbnailUrl":"https:\/\/static.africa-press.net\/benin\/sites\/46\/2022\/08\/postQueueImg_16.jpg","keywords":["Africa Press","Africa Press-Benin","B\u00e9nin"],"articleSection":["Communaut\u00e9","homepage-french","Toutes les actualit\u00e9s"],"inLanguage":"fr-FR","potentialAction":[{"@type":"CommentAction","name":"Comment","target":["https:\/\/www.africa-press.net\/benin\/toutes-les-actualites\/fete-du-1er-aout-retour-de-boni-yayi-et-nicephore-soglo-dans-la-tribune-des-officiels-depuis-2016#respond"]}]},{"@type":"WebPage","@id":"https:\/\/www.africa-press.net\/benin\/toutes-les-actualites\/fete-du-1er-aout-retour-de-boni-yayi-et-nicephore-soglo-dans-la-tribune-des-officiels-depuis-2016","url":"https:\/\/www.africa-press.net\/benin\/toutes-les-actualites\/fete-du-1er-aout-retour-de-boni-yayi-et-nicephore-soglo-dans-la-tribune-des-officiels-depuis-2016","name":"F\u00eate du 1er Ao\u00fbt: retour de Boni Yayi et Nic\u00e9phore Soglo dans la tribune des officiels depuis 2016 - B\u00e9nin","isPartOf":{"@id":"https:\/\/www.africa-press.net\/benin\/#website"},"primaryImageOfPage":{"@id":"https:\/\/www.africa-press.net\/benin\/toutes-les-actualites\/fete-du-1er-aout-retour-de-boni-yayi-et-nicephore-soglo-dans-la-tribune-des-officiels-depuis-2016#primaryimage"},"image":{"@id":"https:\/\/www.africa-press.net\/benin\/toutes-les-actualites\/fete-du-1er-aout-retour-de-boni-yayi-et-nicephore-soglo-dans-la-tribune-des-officiels-depuis-2016#primaryimage"},"thumbnailUrl":"https:\/\/static.africa-press.net\/benin\/sites\/46\/2022\/08\/postQueueImg_16.jpg","datePublished":"2022-08-01T18:37:52+00:00","dateModified":"2022-08-01T18:55:45+00:00","author":{"@id":"https:\/\/www.africa-press.net\/benin\/#\/schema\/person\/2b1cf3cd81a31e3cd26889ca66d677f1"},"description":"Les c\u00e9r\u00e9monies officielles entrant dans le cadre des manifestations de la f\u00eate nationale ont d\u00e9marr\u00e9 au boulevard de la ...","breadcrumb":{"@id":"https:\/\/www.africa-press.net\/benin\/toutes-les-actualites\/fete-du-1er-aout-retour-de-boni-yayi-et-nicephore-soglo-dans-la-tribune-des-officiels-depuis-2016#breadcrumb"},"inLanguage":"fr-FR","potentialAction":[{"@type":"ReadAction","target":["https:\/\/www.africa-press.net\/benin\/toutes-les-actualites\/fete-du-1er-aout-retour-de-boni-yayi-et-nicephore-soglo-dans-la-tribune-des-officiels-depuis-2016"]}]},{"@type":"ImageObject","inLanguage":"fr-FR","@id":"https:\/\/www.africa-press.net\/benin\/toutes-les-actualites\/fete-du-1er-aout-retour-de-boni-yayi-et-nicephore-soglo-dans-la-tribune-des-officiels-depuis-2016#primaryimage","url":"https:\/\/static.africa-press.net\/benin\/sites\/46\/2022\/08\/postQueueImg_16.jpg","contentUrl":"https:\/\/static.africa-press.net\/benin\/sites\/46\/2022\/08\/postQueueImg_16.jpg","width":1200,"height":728,"caption":"F\u00eate du 1er Ao\u00fbt: retour de Boni Yayi et Nic\u00e9phore Soglo dans la tribune des officiels depuis 2016"},{"@type":"BreadcrumbList","@id":"https:\/\/www.africa-press.net\/benin\/toutes-les-actualites\/fete-du-1er-aout-retour-de-boni-yayi-et-nicephore-soglo-dans-la-tribune-des-officiels-depuis-2016#breadcrumb","itemListElement":[{"@type":"ListItem","position":1,"name":"Accueil","item":"https:\/\/www.africa-press.net\/benin\/"},{"@type":"ListItem","position":2,"name":"F\u00eate du 1er Ao\u00fbt: retour de Boni Yayi et Nic\u00e9phore Soglo dans la tribune des officiels depuis 2016"}]},{"@type":"WebSite","@id":"https:\/\/www.africa-press.net\/benin\/#website","url":"https:\/\/www.africa-press.net\/benin\/","name":"B\u00e9nin","description":"Just another Africa News Agency Sites site","potentialAction":[{"@type":"SearchAction","target":{"@type":"EntryPoint","urlTemplate":"https:\/\/www.africa-press.net\/benin\/?s={search_term_string}"},"query-input":{"@type":"PropertyValueSpecification","valueRequired":true,"valueName":"search_term_string"}}],"inLanguage":"fr-FR"},{"@type":"Person","@id":"https:\/\/www.africa-press.net\/benin\/#\/schema\/person\/2b1cf3cd81a31e3cd26889ca66d677f1","name":"cfeditorfr"}]}},"_links":{"self":[{"href":"https:\/\/www.africa-press.net\/benin\/wp-json\/wp\/v2\/posts\/7514","targetHints":{"allow":["GET"]}}],"collection":[{"href":"https:\/\/www.africa-press.net\/benin\/wp-json\/wp\/v2\/posts"}],"about":[{"href":"https:\/\/www.africa-press.net\/benin\/wp-json\/wp\/v2\/types\/post"}],"author":[{"embeddable":true,"href":"https:\/\/www.africa-press.net\/benin\/wp-json\/wp\/v2\/users\/82"}],"replies":[{"embeddable":true,"href":"https:\/\/www.africa-press.net\/benin\/wp-json\/wp\/v2\/comments?post=7514"}],"version-history":[{"count":0,"href":"https:\/\/www.africa-press.net\/benin\/wp-json\/wp\/v2\/posts\/7514\/revisions"}],"wp:featuredmedia":[{"embeddable":true,"href":"https:\/\/www.africa-press.net\/benin\/wp-json\/wp\/v2\/media\/7513"}],"wp:attachment":[{"href":"https:\/\/www.africa-press.net\/benin\/wp-json\/wp\/v2\/media?parent=7514"}],"wp:term":[{"taxonomy":"category","embeddable":true,"href":"https:\/\/www.africa-press.net\/benin\/wp-json\/wp\/v2\/categories?post=7514"},{"taxonomy":"post_tag","embeddable":true,"href":"https:\/\/www.africa-press.net\/benin\/wp-json\/wp\/v2\/tags?post=7514"}],"curies":[{"name":"wp","href":"https:\/\/api.w.org\/{rel}","templated":true}]}}