{"id":7517,"date":"2022-08-01T18:38:03","date_gmt":"2022-08-01T18:38:03","guid":{"rendered":"https:\/\/www.africa-press.net\/benin\/politique\/fete-du-1er-aout-les-democrates-acceptent-linvitation-de-patrice-talon-mais"},"modified":"2022-08-01T18:56:15","modified_gmt":"2022-08-01T18:56:15","slug":"fete-du-1er-aout-les-democrates-acceptent-linvitation-de-patrice-talon-mais","status":"publish","type":"post","link":"https:\/\/www.africa-press.net\/benin\/politique\/fete-du-1er-aout-les-democrates-acceptent-linvitation-de-patrice-talon-mais","title":{"rendered":"F\u00eate du 1er Ao\u00fbt: les d\u00e9mocrates acceptent l\u2019invitation de Patrice Talon mais\u2026"},"content":{"rendered":"<p><span style=\"color: #ff6600\"><strong>Africa-Press &#8211; Benin. <\/strong><\/span>Le parti \u00ab Les D\u00e9mocrates \u00bb a r\u00e9pondu pr\u00e9sent aux manifestations officielles de la comm\u00e9moration des 62 ans de l\u2019accession du B\u00e9nin \u00e0 la souverainet\u00e9 internationale. Le parti officiellement invit\u00e9 r\u00e9pond positivement \u00e0 l\u2019appel du gouvernement mais fait des mis au point.<\/p>\n<p>Invit\u00e9 par le chef de l\u2019Etat, le pr\u00e9sident Patrice Talon pour participer aux manifestations officielles devant marquer la comm\u00e9moration des 62 ans de l\u2019accession du B\u00e9nin \u00e0 la souverainet\u00e9 internationale, le parti \u00ab Les D\u00e9mocrates \u00bb, accepte l\u2019invitation du pr\u00e9sident de la R\u00e9publique mais fait des mis au point.<\/p>\n<p>Dans un communiqu\u00e9 en date du dimanche 31 Juillet \u00e0 l\u2019attention de leurs militants, sympathisants et \u00e0 l\u2019attention du peuple b\u00e9ninois, les responsables du parti \u00ab Les D\u00e9mocrates font remarquer que c\u2019est la premi\u00e8re fois depuis leur existence qu\u2019ils re\u00e7oivent une invitation officielle du gouvernement pour assister \u00e0 une f\u00eate du 1er Ao\u00fbt qui selon eux se d\u00e9roule dans un contexte d\u2019attente de la d\u00e9crispation totale du climat politique dans le pays.<\/p>\n<p>Cette d\u00e9crispation du climat politique selon les d\u00e9mocrates devrait se traduire par la mise en place des m\u00e9canismes visant:<\/p>\n<p>Pour les d\u00e9mocrates, la f\u00eate du 1er Ao\u00fbt est une f\u00eate nationale de port\u00e9e historique qui transcende toute sensibilit\u00e9 politique, id\u00e9ologique, philosophique ou religieuse. C\u2019est d\u2019ailleurs \u00e0 ce titre que le parti accepte l\u2019invitation du pr\u00e9sident de la R\u00e9publique.<\/p>\n<p>Le parti rappelle qu\u2019il est un parti r\u00e9solument engag\u00e9 dans l\u2019apaisement du climat sociopolitique mais r\u00e9affirme son opposition \u00e0 la gouvernance de Monsieur Patrice Talon qui \u00ab m\u00e8ne depuis 2016, une politique de pr\u00e9dation des libert\u00e9s fondamentales et de remise en cause du mod\u00e8le d\u00e9mocratique b\u00e9ninois \u00bb.<\/p>\n<p><strong>Pour plus d&rsquo;informations et d&rsquo;analyses sur la <a href=\"https:\/\/www.africa-press.net\/benin\">Benin<\/a>, suivez <a href=\"https:\/\/www.africa-press.net\/\">Africa-Press<\/a><\/strong><\/p>\n","protected":false},"excerpt":{"rendered":"<p>Africa-Press &#8211; Benin. Le parti \u00ab Les D\u00e9mocrates \u00bb a r\u00e9pondu pr\u00e9sent aux manifestations officielles de la comm\u00e9moration des 62 ans de l\u2019accession du B\u00e9nin \u00e0 la souverainet\u00e9 internationale. Le parti officiellement invit\u00e9 r\u00e9pond positivement \u00e0 l\u2019appel du gouvernement mais fait des mis au point. Invit\u00e9 par le chef de l\u2019Etat, le pr\u00e9sident Patrice Talon [&hellip;]<\/p>\n","protected":false},"author":82,"featured_media":7516,"comment_status":"open","ping_status":"closed","sticky":false,"template":"","format":"standard","meta":{"footnotes":""},"categories":[11,4,2,10],"tags":[36,50,45],"class_list":["post-7517","post","type-post","status-publish","format-standard","has-post-thumbnail","hentry","category-homepage-french","category-parties","category-politique","category-toutes-les-actualites","tag-africa-press","tag-africa-press-benin","tag-benin"],"yoast_head":"<!-- This site is optimized with the Yoast SEO Premium plugin v26.1 (Yoast SEO v27.0) - https:\/\/yoast.com\/product\/yoast-seo-premium-wordpress\/ -->\n<title>F\u00eate du 1er Ao\u00fbt: les d\u00e9mocrates acceptent l\u2019invitation de Patrice Talon mais\u2026 - B\u00e9nin<\/title>\n<meta name=\"description\" content=\"Le parti \u00ab Les D\u00e9mocrates \u00bb a r\u00e9pondu pr\u00e9sent aux manifestations officielles de la comm\u00e9moration des 62 ans de l\u2019accessi ...\" \/>\n<meta name=\"robots\" content=\"index, follow, max-snippet:-1, max-image-preview:large, max-video-preview:-1\" \/>\n<link rel=\"canonical\" href=\"https:\/\/www.africa-press.net\/benin\/politique\/fete-du-1er-aout-les-democrates-acceptent-linvitation-de-patrice-talon-mais\" \/>\n<meta property=\"og:locale\" content=\"fr_FR\" \/>\n<meta property=\"og:type\" content=\"article\" \/>\n<meta property=\"og:title\" content=\"F\u00eate du 1er Ao\u00fbt: les d\u00e9mocrates acceptent l\u2019invitation de Patrice Talon mais\u2026\" \/>\n<meta property=\"og:description\" content=\"Le parti \u00ab Les D\u00e9mocrates \u00bb a r\u00e9pondu pr\u00e9sent aux manifestations officielles de la comm\u00e9moration des 62 ans de l\u2019accessi ...\" \/>\n<meta property=\"og:url\" content=\"https:\/\/www.africa-press.net\/benin\/politique\/fete-du-1er-aout-les-democrates-acceptent-linvitation-de-patrice-talon-mais\" \/>\n<meta property=\"og:site_name\" content=\"B\u00e9nin\" \/>\n<meta property=\"article:published_time\" content=\"2022-08-01T18:38:03+00:00\" \/>\n<meta property=\"article:modified_time\" content=\"2022-08-01T18:56:15+00:00\" \/>\n<meta property=\"og:image\" content=\"https:\/\/static.africa-press.net\/benin\/sites\/46\/2022\/08\/postQueueImg_17.jpg\" \/>\n\t<meta property=\"og:image:width\" content=\"1500\" \/>\n\t<meta property=\"og:image:height\" content=\"800\" \/>\n\t<meta property=\"og:image:type\" content=\"image\/jpeg\" \/>\n<meta name=\"author\" content=\"cfeditorfr\" \/>\n<meta name=\"twitter:card\" content=\"summary_large_image\" \/>\n<meta name=\"twitter:label1\" content=\"\u00c9crit par\" \/>\n\t<meta name=\"twitter:data1\" content=\"cfeditorfr\" \/>\n\t<meta name=\"twitter:label2\" content=\"Dur\u00e9e de lecture estim\u00e9e\" \/>\n\t<meta name=\"twitter:data2\" content=\"2 minutes\" \/>\n<script type=\"application\/ld+json\" class=\"yoast-schema-graph\">{\"@context\":\"https:\/\/schema.org\",\"@graph\":[{\"@type\":\"Article\",\"@id\":\"https:\/\/www.africa-press.net\/benin\/politique\/fete-du-1er-aout-les-democrates-acceptent-linvitation-de-patrice-talon-mais#article\",\"isPartOf\":{\"@id\":\"https:\/\/www.africa-press.net\/benin\/politique\/fete-du-1er-aout-les-democrates-acceptent-linvitation-de-patrice-talon-mais\"},\"author\":{\"name\":\"cfeditorfr\",\"@id\":\"https:\/\/www.africa-press.net\/benin\/#\/schema\/person\/2b1cf3cd81a31e3cd26889ca66d677f1\"},\"headline\":\"F\u00eate du 1er Ao\u00fbt: les d\u00e9mocrates acceptent l\u2019invitation de Patrice Talon mais\u2026\",\"datePublished\":\"2022-08-01T18:38:03+00:00\",\"dateModified\":\"2022-08-01T18:56:15+00:00\",\"mainEntityOfPage\":{\"@id\":\"https:\/\/www.africa-press.net\/benin\/politique\/fete-du-1er-aout-les-democrates-acceptent-linvitation-de-patrice-talon-mais\"},\"wordCount\":334,\"commentCount\":0,\"image\":{\"@id\":\"https:\/\/www.africa-press.net\/benin\/politique\/fete-du-1er-aout-les-democrates-acceptent-linvitation-de-patrice-talon-mais#primaryimage\"},\"thumbnailUrl\":\"https:\/\/static.africa-press.net\/benin\/sites\/46\/2022\/08\/postQueueImg_17.jpg\",\"keywords\":[\"Africa Press\",\"Africa Press-Benin\",\"B\u00e9nin\"],\"articleSection\":[\"homepage-french\",\"Parties\",\"Politique\",\"Toutes les actualit\u00e9s\"],\"inLanguage\":\"fr-FR\",\"potentialAction\":[{\"@type\":\"CommentAction\",\"name\":\"Comment\",\"target\":[\"https:\/\/www.africa-press.net\/benin\/politique\/fete-du-1er-aout-les-democrates-acceptent-linvitation-de-patrice-talon-mais#respond\"]}]},{\"@type\":\"WebPage\",\"@id\":\"https:\/\/www.africa-press.net\/benin\/politique\/fete-du-1er-aout-les-democrates-acceptent-linvitation-de-patrice-talon-mais\",\"url\":\"https:\/\/www.africa-press.net\/benin\/politique\/fete-du-1er-aout-les-democrates-acceptent-linvitation-de-patrice-talon-mais\",\"name\":\"F\u00eate du 1er Ao\u00fbt: les d\u00e9mocrates acceptent l\u2019invitation de Patrice Talon mais\u2026 - B\u00e9nin\",\"isPartOf\":{\"@id\":\"https:\/\/www.africa-press.net\/benin\/#website\"},\"primaryImageOfPage\":{\"@id\":\"https:\/\/www.africa-press.net\/benin\/politique\/fete-du-1er-aout-les-democrates-acceptent-linvitation-de-patrice-talon-mais#primaryimage\"},\"image\":{\"@id\":\"https:\/\/www.africa-press.net\/benin\/politique\/fete-du-1er-aout-les-democrates-acceptent-linvitation-de-patrice-talon-mais#primaryimage\"},\"thumbnailUrl\":\"https:\/\/static.africa-press.net\/benin\/sites\/46\/2022\/08\/postQueueImg_17.jpg\",\"datePublished\":\"2022-08-01T18:38:03+00:00\",\"dateModified\":\"2022-08-01T18:56:15+00:00\",\"author\":{\"@id\":\"https:\/\/www.africa-press.net\/benin\/#\/schema\/person\/2b1cf3cd81a31e3cd26889ca66d677f1\"},\"description\":\"Le parti \u00ab Les D\u00e9mocrates \u00bb a r\u00e9pondu pr\u00e9sent aux manifestations officielles de la comm\u00e9moration des 62 ans de l\u2019accessi ...\",\"breadcrumb\":{\"@id\":\"https:\/\/www.africa-press.net\/benin\/politique\/fete-du-1er-aout-les-democrates-acceptent-linvitation-de-patrice-talon-mais#breadcrumb\"},\"inLanguage\":\"fr-FR\",\"potentialAction\":[{\"@type\":\"ReadAction\",\"target\":[\"https:\/\/www.africa-press.net\/benin\/politique\/fete-du-1er-aout-les-democrates-acceptent-linvitation-de-patrice-talon-mais\"]}]},{\"@type\":\"ImageObject\",\"inLanguage\":\"fr-FR\",\"@id\":\"https:\/\/www.africa-press.net\/benin\/politique\/fete-du-1er-aout-les-democrates-acceptent-linvitation-de-patrice-talon-mais#primaryimage\",\"url\":\"https:\/\/static.africa-press.net\/benin\/sites\/46\/2022\/08\/postQueueImg_17.jpg\",\"contentUrl\":\"https:\/\/static.africa-press.net\/benin\/sites\/46\/2022\/08\/postQueueImg_17.jpg\",\"width\":1500,\"height\":800,\"caption\":\"F\u00eate du 1er Ao\u00fbt: les d\u00e9mocrates acceptent l\u2019invitation de Patrice Talon mais\u2026\"},{\"@type\":\"BreadcrumbList\",\"@id\":\"https:\/\/www.africa-press.net\/benin\/politique\/fete-du-1er-aout-les-democrates-acceptent-linvitation-de-patrice-talon-mais#breadcrumb\",\"itemListElement\":[{\"@type\":\"ListItem\",\"position\":1,\"name\":\"Accueil\",\"item\":\"https:\/\/www.africa-press.net\/benin\/\"},{\"@type\":\"ListItem\",\"position\":2,\"name\":\"F\u00eate du 1er Ao\u00fbt: les d\u00e9mocrates acceptent l\u2019invitation de Patrice Talon mais\u2026\"}]},{\"@type\":\"WebSite\",\"@id\":\"https:\/\/www.africa-press.net\/benin\/#website\",\"url\":\"https:\/\/www.africa-press.net\/benin\/\",\"name\":\"B\u00e9nin\",\"description\":\"Just another Africa News Agency Sites site\",\"potentialAction\":[{\"@type\":\"SearchAction\",\"target\":{\"@type\":\"EntryPoint\",\"urlTemplate\":\"https:\/\/www.africa-press.net\/benin\/?s={search_term_string}\"},\"query-input\":{\"@type\":\"PropertyValueSpecification\",\"valueRequired\":true,\"valueName\":\"search_term_string\"}}],\"inLanguage\":\"fr-FR\"},{\"@type\":\"Person\",\"@id\":\"https:\/\/www.africa-press.net\/benin\/#\/schema\/person\/2b1cf3cd81a31e3cd26889ca66d677f1\",\"name\":\"cfeditorfr\"}]}<\/script>\n<!-- \/ Yoast SEO Premium plugin. -->","yoast_head_json":{"title":"F\u00eate du 1er Ao\u00fbt: les d\u00e9mocrates acceptent l\u2019invitation de Patrice Talon mais\u2026 - B\u00e9nin","description":"Le parti \u00ab Les D\u00e9mocrates \u00bb a r\u00e9pondu pr\u00e9sent aux manifestations officielles de la comm\u00e9moration des 62 ans de l\u2019accessi ...","robots":{"index":"index","follow":"follow","max-snippet":"max-snippet:-1","max-image-preview":"max-image-preview:large","max-video-preview":"max-video-preview:-1"},"canonical":"https:\/\/www.africa-press.net\/benin\/politique\/fete-du-1er-aout-les-democrates-acceptent-linvitation-de-patrice-talon-mais","og_locale":"fr_FR","og_type":"article","og_title":"F\u00eate du 1er Ao\u00fbt: les d\u00e9mocrates acceptent l\u2019invitation de Patrice Talon mais\u2026","og_description":"Le parti \u00ab Les D\u00e9mocrates \u00bb a r\u00e9pondu pr\u00e9sent aux manifestations officielles de la comm\u00e9moration des 62 ans de l\u2019accessi ...","og_url":"https:\/\/www.africa-press.net\/benin\/politique\/fete-du-1er-aout-les-democrates-acceptent-linvitation-de-patrice-talon-mais","og_site_name":"B\u00e9nin","article_published_time":"2022-08-01T18:38:03+00:00","article_modified_time":"2022-08-01T18:56:15+00:00","og_image":[{"width":1500,"height":800,"url":"https:\/\/static.africa-press.net\/benin\/sites\/46\/2022\/08\/postQueueImg_17.jpg","type":"image\/jpeg"}],"author":"cfeditorfr","twitter_card":"summary_large_image","twitter_misc":{"\u00c9crit par":"cfeditorfr","Dur\u00e9e de lecture estim\u00e9e":"2 minutes"},"schema":{"@context":"https:\/\/schema.org","@graph":[{"@type":"Article","@id":"https:\/\/www.africa-press.net\/benin\/politique\/fete-du-1er-aout-les-democrates-acceptent-linvitation-de-patrice-talon-mais#article","isPartOf":{"@id":"https:\/\/www.africa-press.net\/benin\/politique\/fete-du-1er-aout-les-democrates-acceptent-linvitation-de-patrice-talon-mais"},"author":{"name":"cfeditorfr","@id":"https:\/\/www.africa-press.net\/benin\/#\/schema\/person\/2b1cf3cd81a31e3cd26889ca66d677f1"},"headline":"F\u00eate du 1er Ao\u00fbt: les d\u00e9mocrates acceptent l\u2019invitation de Patrice Talon mais\u2026","datePublished":"2022-08-01T18:38:03+00:00","dateModified":"2022-08-01T18:56:15+00:00","mainEntityOfPage":{"@id":"https:\/\/www.africa-press.net\/benin\/politique\/fete-du-1er-aout-les-democrates-acceptent-linvitation-de-patrice-talon-mais"},"wordCount":334,"commentCount":0,"image":{"@id":"https:\/\/www.africa-press.net\/benin\/politique\/fete-du-1er-aout-les-democrates-acceptent-linvitation-de-patrice-talon-mais#primaryimage"},"thumbnailUrl":"https:\/\/static.africa-press.net\/benin\/sites\/46\/2022\/08\/postQueueImg_17.jpg","keywords":["Africa Press","Africa Press-Benin","B\u00e9nin"],"articleSection":["homepage-french","Parties","Politique","Toutes les actualit\u00e9s"],"inLanguage":"fr-FR","potentialAction":[{"@type":"CommentAction","name":"Comment","target":["https:\/\/www.africa-press.net\/benin\/politique\/fete-du-1er-aout-les-democrates-acceptent-linvitation-de-patrice-talon-mais#respond"]}]},{"@type":"WebPage","@id":"https:\/\/www.africa-press.net\/benin\/politique\/fete-du-1er-aout-les-democrates-acceptent-linvitation-de-patrice-talon-mais","url":"https:\/\/www.africa-press.net\/benin\/politique\/fete-du-1er-aout-les-democrates-acceptent-linvitation-de-patrice-talon-mais","name":"F\u00eate du 1er Ao\u00fbt: les d\u00e9mocrates acceptent l\u2019invitation de Patrice Talon mais\u2026 - B\u00e9nin","isPartOf":{"@id":"https:\/\/www.africa-press.net\/benin\/#website"},"primaryImageOfPage":{"@id":"https:\/\/www.africa-press.net\/benin\/politique\/fete-du-1er-aout-les-democrates-acceptent-linvitation-de-patrice-talon-mais#primaryimage"},"image":{"@id":"https:\/\/www.africa-press.net\/benin\/politique\/fete-du-1er-aout-les-democrates-acceptent-linvitation-de-patrice-talon-mais#primaryimage"},"thumbnailUrl":"https:\/\/static.africa-press.net\/benin\/sites\/46\/2022\/08\/postQueueImg_17.jpg","datePublished":"2022-08-01T18:38:03+00:00","dateModified":"2022-08-01T18:56:15+00:00","author":{"@id":"https:\/\/www.africa-press.net\/benin\/#\/schema\/person\/2b1cf3cd81a31e3cd26889ca66d677f1"},"description":"Le parti \u00ab Les D\u00e9mocrates \u00bb a r\u00e9pondu pr\u00e9sent aux manifestations officielles de la comm\u00e9moration des 62 ans de l\u2019accessi ...","breadcrumb":{"@id":"https:\/\/www.africa-press.net\/benin\/politique\/fete-du-1er-aout-les-democrates-acceptent-linvitation-de-patrice-talon-mais#breadcrumb"},"inLanguage":"fr-FR","potentialAction":[{"@type":"ReadAction","target":["https:\/\/www.africa-press.net\/benin\/politique\/fete-du-1er-aout-les-democrates-acceptent-linvitation-de-patrice-talon-mais"]}]},{"@type":"ImageObject","inLanguage":"fr-FR","@id":"https:\/\/www.africa-press.net\/benin\/politique\/fete-du-1er-aout-les-democrates-acceptent-linvitation-de-patrice-talon-mais#primaryimage","url":"https:\/\/static.africa-press.net\/benin\/sites\/46\/2022\/08\/postQueueImg_17.jpg","contentUrl":"https:\/\/static.africa-press.net\/benin\/sites\/46\/2022\/08\/postQueueImg_17.jpg","width":1500,"height":800,"caption":"F\u00eate du 1er Ao\u00fbt: les d\u00e9mocrates acceptent l\u2019invitation de Patrice Talon mais\u2026"},{"@type":"BreadcrumbList","@id":"https:\/\/www.africa-press.net\/benin\/politique\/fete-du-1er-aout-les-democrates-acceptent-linvitation-de-patrice-talon-mais#breadcrumb","itemListElement":[{"@type":"ListItem","position":1,"name":"Accueil","item":"https:\/\/www.africa-press.net\/benin\/"},{"@type":"ListItem","position":2,"name":"F\u00eate du 1er Ao\u00fbt: les d\u00e9mocrates acceptent l\u2019invitation de Patrice Talon mais\u2026"}]},{"@type":"WebSite","@id":"https:\/\/www.africa-press.net\/benin\/#website","url":"https:\/\/www.africa-press.net\/benin\/","name":"B\u00e9nin","description":"Just another Africa News Agency Sites site","potentialAction":[{"@type":"SearchAction","target":{"@type":"EntryPoint","urlTemplate":"https:\/\/www.africa-press.net\/benin\/?s={search_term_string}"},"query-input":{"@type":"PropertyValueSpecification","valueRequired":true,"valueName":"search_term_string"}}],"inLanguage":"fr-FR"},{"@type":"Person","@id":"https:\/\/www.africa-press.net\/benin\/#\/schema\/person\/2b1cf3cd81a31e3cd26889ca66d677f1","name":"cfeditorfr"}]}},"_links":{"self":[{"href":"https:\/\/www.africa-press.net\/benin\/wp-json\/wp\/v2\/posts\/7517","targetHints":{"allow":["GET"]}}],"collection":[{"href":"https:\/\/www.africa-press.net\/benin\/wp-json\/wp\/v2\/posts"}],"about":[{"href":"https:\/\/www.africa-press.net\/benin\/wp-json\/wp\/v2\/types\/post"}],"author":[{"embeddable":true,"href":"https:\/\/www.africa-press.net\/benin\/wp-json\/wp\/v2\/users\/82"}],"replies":[{"embeddable":true,"href":"https:\/\/www.africa-press.net\/benin\/wp-json\/wp\/v2\/comments?post=7517"}],"version-history":[{"count":0,"href":"https:\/\/www.africa-press.net\/benin\/wp-json\/wp\/v2\/posts\/7517\/revisions"}],"wp:featuredmedia":[{"embeddable":true,"href":"https:\/\/www.africa-press.net\/benin\/wp-json\/wp\/v2\/media\/7516"}],"wp:attachment":[{"href":"https:\/\/www.africa-press.net\/benin\/wp-json\/wp\/v2\/media?parent=7517"}],"wp:term":[{"taxonomy":"category","embeddable":true,"href":"https:\/\/www.africa-press.net\/benin\/wp-json\/wp\/v2\/categories?post=7517"},{"taxonomy":"post_tag","embeddable":true,"href":"https:\/\/www.africa-press.net\/benin\/wp-json\/wp\/v2\/tags?post=7517"}],"curies":[{"name":"wp","href":"https:\/\/api.w.org\/{rel}","templated":true}]}}