{"id":7520,"date":"2022-08-01T18:38:13","date_gmt":"2022-08-01T18:38:13","guid":{"rendered":"https:\/\/www.africa-press.net\/benin\/politique\/benin-apres-la-polemique-le-mot-tel-corrige-sur-lepigraphe-de-la-statue-de-lamazone"},"modified":"2022-08-01T18:56:43","modified_gmt":"2022-08-01T18:56:43","slug":"benin-apres-la-polemique-le-mot-tel-corrige-sur-lepigraphe-de-la-statue-de-lamazone","status":"publish","type":"post","link":"https:\/\/www.africa-press.net\/benin\/politique\/benin-apres-la-polemique-le-mot-tel-corrige-sur-lepigraphe-de-la-statue-de-lamazone","title":{"rendered":"B\u00e9nin: apr\u00e8s la pol\u00e9mique, le mot \u00ab\u00a0tel\u00a0\u00bb corrig\u00e9 sur l\u2019\u00e9pigraphe de la statue de l\u2019Amazone"},"content":{"rendered":"<p><span style=\"color: #ff6600\"><strong>Africa-Press &#8211; Benin. <\/strong><\/span>Correction sur l\u2019\u00e9pigraphe de la statue de l\u2019Amazone. Le mot \u00ab tel \u00bb, pr\u00e9alablement mal orthographi\u00e9 a \u00e9t\u00e9 finalement corrig\u00e9 apr\u00e8s les justifications servies par le porte -parole du gouvernement, qui avait r\u00e9agi \u00e0 la pol\u00e9mique.<\/p>\n<p>\u00ab Tel \u00bb ou \u00ab Telles \u00bb ? C\u2019est finalement le deuxi\u00e8me orthographe qui a \u00e9t\u00e9 retenu. Ce lundi 1er ao\u00fbt 2022, on a constat\u00e9 que des corrections ont \u00e9t\u00e9 apport\u00e9es sur l\u2019\u00e9pigraphe du moment de l\u2019Amazone. En dehors du mot \u00ab Tel \u00bb qui devient \u00ab Telles \u00bb, la datation de la citation a \u00e9galement chang\u00e9e et passe de 2020 \u00e0 2022.<\/p>\n<p>Comme promis! pic.twitter.com\/Tr60w4JlVl<\/p>\n<p>Dans une publication datant du dimanche 31 juillet 2022, le porte-parole du gouvernement Wilfried L\u00e9andre Houngb\u00e9dji avait tent\u00e9 de justifier le choix port\u00e9 sur \u00ab tel \u00bb au lieu de \u00ab telles \u00bb sur le premier \u00e9pigraphe. Selon ses dires, le sujet avait l\u2019objet de d\u00e9bat au sein du Comit\u00e9 charg\u00e9 de la conception du monument ; \u00ab et qui a conduit celui-ci \u00e0 consulter des sp\u00e9cialistes de la grammaire fran\u00e7aise pour retenir la formule finalement utilis\u00e9e; TEL ayant ici la nature d\u2019une conjonction de subordination de comparaison \u00bb.<\/p>\n<p>Pour rappel, la statue de l\u2019Amazone est \u00e9rig\u00e9 pour c\u00e9l\u00e9brer la bravoure des femmes b\u00e9ninoises. Elle est situ\u00e9e sur le boulevard de la Marina. Il s\u2019agit d\u2019un moment de 30m avec une masse totale de 150 tonnes.<\/p>\n<p><strong>Pour plus d&rsquo;informations et d&rsquo;analyses sur la <a href=\"https:\/\/www.africa-press.net\/benin\">Benin<\/a>, suivez <a href=\"https:\/\/www.africa-press.net\/\">Africa-Press<\/a><\/strong><\/p>\n","protected":false},"excerpt":{"rendered":"<p>Africa-Press &#8211; Benin. Correction sur l\u2019\u00e9pigraphe de la statue de l\u2019Amazone. Le mot \u00ab tel \u00bb, pr\u00e9alablement mal orthographi\u00e9 a \u00e9t\u00e9 finalement corrig\u00e9 apr\u00e8s les justifications servies par le porte -parole du gouvernement, qui avait r\u00e9agi \u00e0 la pol\u00e9mique. \u00ab Tel \u00bb ou \u00ab Telles \u00bb ? C\u2019est finalement le deuxi\u00e8me orthographe qui a \u00e9t\u00e9 [&hellip;]<\/p>\n","protected":false},"author":82,"featured_media":7519,"comment_status":"open","ping_status":"closed","sticky":false,"template":"","format":"standard","meta":{"footnotes":""},"categories":[11,2,20,10],"tags":[36,50,45],"class_list":["post-7520","post","type-post","status-publish","format-standard","has-post-thumbnail","hentry","category-homepage-french","category-politique","category-top-nouvelles","category-toutes-les-actualites","tag-africa-press","tag-africa-press-benin","tag-benin"],"yoast_head":"<!-- This site is optimized with the Yoast SEO Premium plugin v26.1 (Yoast SEO v27.0) - https:\/\/yoast.com\/product\/yoast-seo-premium-wordpress\/ -->\n<title>B\u00e9nin: apr\u00e8s la pol\u00e9mique, le mot \u00ab\u00a0tel\u00a0\u00bb corrig\u00e9 sur l\u2019\u00e9pigraphe de la statue de l\u2019Amazone - B\u00e9nin<\/title>\n<meta name=\"description\" content=\"Correction sur l\u2019\u00e9pigraphe de la statue de l\u2019Amazone. Le mot \u00ab tel \u00bb, pr\u00e9alablement mal orthographi\u00e9 a \u00e9t\u00e9 finalement co ...\" \/>\n<meta name=\"robots\" content=\"index, follow, max-snippet:-1, max-image-preview:large, max-video-preview:-1\" \/>\n<link rel=\"canonical\" href=\"https:\/\/www.africa-press.net\/benin\/politique\/benin-apres-la-polemique-le-mot-tel-corrige-sur-lepigraphe-de-la-statue-de-lamazone\" \/>\n<meta property=\"og:locale\" content=\"fr_FR\" \/>\n<meta property=\"og:type\" content=\"article\" \/>\n<meta property=\"og:title\" content=\"B\u00e9nin: apr\u00e8s la pol\u00e9mique, le mot \u00ab\u00a0tel\u00a0\u00bb corrig\u00e9 sur l\u2019\u00e9pigraphe de la statue de l\u2019Amazone\" \/>\n<meta property=\"og:description\" content=\"Correction sur l\u2019\u00e9pigraphe de la statue de l\u2019Amazone. Le mot \u00ab tel \u00bb, pr\u00e9alablement mal orthographi\u00e9 a \u00e9t\u00e9 finalement co ...\" \/>\n<meta property=\"og:url\" content=\"https:\/\/www.africa-press.net\/benin\/politique\/benin-apres-la-polemique-le-mot-tel-corrige-sur-lepigraphe-de-la-statue-de-lamazone\" \/>\n<meta property=\"og:site_name\" content=\"B\u00e9nin\" \/>\n<meta property=\"article:published_time\" content=\"2022-08-01T18:38:13+00:00\" \/>\n<meta property=\"article:modified_time\" content=\"2022-08-01T18:56:43+00:00\" \/>\n<meta property=\"og:image\" content=\"https:\/\/static.africa-press.net\/benin\/sites\/46\/2022\/08\/postQueueImg_18.jpg\" \/>\n\t<meta property=\"og:image:width\" content=\"1332\" \/>\n\t<meta property=\"og:image:height\" content=\"675\" \/>\n\t<meta property=\"og:image:type\" content=\"image\/jpeg\" \/>\n<meta name=\"author\" content=\"cfeditorfr\" \/>\n<meta name=\"twitter:card\" content=\"summary_large_image\" \/>\n<meta name=\"twitter:label1\" content=\"\u00c9crit par\" \/>\n\t<meta name=\"twitter:data1\" content=\"cfeditorfr\" \/>\n\t<meta name=\"twitter:label2\" content=\"Dur\u00e9e de lecture estim\u00e9e\" \/>\n\t<meta name=\"twitter:data2\" content=\"2 minutes\" \/>\n<script type=\"application\/ld+json\" class=\"yoast-schema-graph\">{\"@context\":\"https:\/\/schema.org\",\"@graph\":[{\"@type\":\"Article\",\"@id\":\"https:\/\/www.africa-press.net\/benin\/politique\/benin-apres-la-polemique-le-mot-tel-corrige-sur-lepigraphe-de-la-statue-de-lamazone#article\",\"isPartOf\":{\"@id\":\"https:\/\/www.africa-press.net\/benin\/politique\/benin-apres-la-polemique-le-mot-tel-corrige-sur-lepigraphe-de-la-statue-de-lamazone\"},\"author\":{\"name\":\"cfeditorfr\",\"@id\":\"https:\/\/www.africa-press.net\/benin\/#\/schema\/person\/2b1cf3cd81a31e3cd26889ca66d677f1\"},\"headline\":\"B\u00e9nin: apr\u00e8s la pol\u00e9mique, le mot \u00ab\u00a0tel\u00a0\u00bb corrig\u00e9 sur l\u2019\u00e9pigraphe de la statue de l\u2019Amazone\",\"datePublished\":\"2022-08-01T18:38:13+00:00\",\"dateModified\":\"2022-08-01T18:56:43+00:00\",\"mainEntityOfPage\":{\"@id\":\"https:\/\/www.africa-press.net\/benin\/politique\/benin-apres-la-polemique-le-mot-tel-corrige-sur-lepigraphe-de-la-statue-de-lamazone\"},\"wordCount\":269,\"commentCount\":0,\"image\":{\"@id\":\"https:\/\/www.africa-press.net\/benin\/politique\/benin-apres-la-polemique-le-mot-tel-corrige-sur-lepigraphe-de-la-statue-de-lamazone#primaryimage\"},\"thumbnailUrl\":\"https:\/\/static.africa-press.net\/benin\/sites\/46\/2022\/08\/postQueueImg_18.jpg\",\"keywords\":[\"Africa Press\",\"Africa Press-Benin\",\"B\u00e9nin\"],\"articleSection\":[\"homepage-french\",\"Politique\",\"Top Nouvelles\",\"Toutes les actualit\u00e9s\"],\"inLanguage\":\"fr-FR\",\"potentialAction\":[{\"@type\":\"CommentAction\",\"name\":\"Comment\",\"target\":[\"https:\/\/www.africa-press.net\/benin\/politique\/benin-apres-la-polemique-le-mot-tel-corrige-sur-lepigraphe-de-la-statue-de-lamazone#respond\"]}]},{\"@type\":\"WebPage\",\"@id\":\"https:\/\/www.africa-press.net\/benin\/politique\/benin-apres-la-polemique-le-mot-tel-corrige-sur-lepigraphe-de-la-statue-de-lamazone\",\"url\":\"https:\/\/www.africa-press.net\/benin\/politique\/benin-apres-la-polemique-le-mot-tel-corrige-sur-lepigraphe-de-la-statue-de-lamazone\",\"name\":\"B\u00e9nin: apr\u00e8s la pol\u00e9mique, le mot \u00ab\u00a0tel\u00a0\u00bb corrig\u00e9 sur l\u2019\u00e9pigraphe de la statue de l\u2019Amazone - B\u00e9nin\",\"isPartOf\":{\"@id\":\"https:\/\/www.africa-press.net\/benin\/#website\"},\"primaryImageOfPage\":{\"@id\":\"https:\/\/www.africa-press.net\/benin\/politique\/benin-apres-la-polemique-le-mot-tel-corrige-sur-lepigraphe-de-la-statue-de-lamazone#primaryimage\"},\"image\":{\"@id\":\"https:\/\/www.africa-press.net\/benin\/politique\/benin-apres-la-polemique-le-mot-tel-corrige-sur-lepigraphe-de-la-statue-de-lamazone#primaryimage\"},\"thumbnailUrl\":\"https:\/\/static.africa-press.net\/benin\/sites\/46\/2022\/08\/postQueueImg_18.jpg\",\"datePublished\":\"2022-08-01T18:38:13+00:00\",\"dateModified\":\"2022-08-01T18:56:43+00:00\",\"author\":{\"@id\":\"https:\/\/www.africa-press.net\/benin\/#\/schema\/person\/2b1cf3cd81a31e3cd26889ca66d677f1\"},\"description\":\"Correction sur l\u2019\u00e9pigraphe de la statue de l\u2019Amazone. Le mot \u00ab tel \u00bb, pr\u00e9alablement mal orthographi\u00e9 a \u00e9t\u00e9 finalement co ...\",\"breadcrumb\":{\"@id\":\"https:\/\/www.africa-press.net\/benin\/politique\/benin-apres-la-polemique-le-mot-tel-corrige-sur-lepigraphe-de-la-statue-de-lamazone#breadcrumb\"},\"inLanguage\":\"fr-FR\",\"potentialAction\":[{\"@type\":\"ReadAction\",\"target\":[\"https:\/\/www.africa-press.net\/benin\/politique\/benin-apres-la-polemique-le-mot-tel-corrige-sur-lepigraphe-de-la-statue-de-lamazone\"]}]},{\"@type\":\"ImageObject\",\"inLanguage\":\"fr-FR\",\"@id\":\"https:\/\/www.africa-press.net\/benin\/politique\/benin-apres-la-polemique-le-mot-tel-corrige-sur-lepigraphe-de-la-statue-de-lamazone#primaryimage\",\"url\":\"https:\/\/static.africa-press.net\/benin\/sites\/46\/2022\/08\/postQueueImg_18.jpg\",\"contentUrl\":\"https:\/\/static.africa-press.net\/benin\/sites\/46\/2022\/08\/postQueueImg_18.jpg\",\"width\":1332,\"height\":675,\"caption\":\"B\u00e9nin: apr\u00e8s la pol\u00e9mique, le mot \u00ab\u00a0tel\u00a0\u00bb corrig\u00e9 sur l\u2019\u00e9pigraphe de la statue de l\u2019Amazone\"},{\"@type\":\"BreadcrumbList\",\"@id\":\"https:\/\/www.africa-press.net\/benin\/politique\/benin-apres-la-polemique-le-mot-tel-corrige-sur-lepigraphe-de-la-statue-de-lamazone#breadcrumb\",\"itemListElement\":[{\"@type\":\"ListItem\",\"position\":1,\"name\":\"Accueil\",\"item\":\"https:\/\/www.africa-press.net\/benin\/\"},{\"@type\":\"ListItem\",\"position\":2,\"name\":\"B\u00e9nin: apr\u00e8s la pol\u00e9mique, le mot \u00ab\u00a0tel\u00a0\u00bb corrig\u00e9 sur l\u2019\u00e9pigraphe de la statue de l\u2019Amazone\"}]},{\"@type\":\"WebSite\",\"@id\":\"https:\/\/www.africa-press.net\/benin\/#website\",\"url\":\"https:\/\/www.africa-press.net\/benin\/\",\"name\":\"B\u00e9nin\",\"description\":\"Just another Africa News Agency Sites site\",\"potentialAction\":[{\"@type\":\"SearchAction\",\"target\":{\"@type\":\"EntryPoint\",\"urlTemplate\":\"https:\/\/www.africa-press.net\/benin\/?s={search_term_string}\"},\"query-input\":{\"@type\":\"PropertyValueSpecification\",\"valueRequired\":true,\"valueName\":\"search_term_string\"}}],\"inLanguage\":\"fr-FR\"},{\"@type\":\"Person\",\"@id\":\"https:\/\/www.africa-press.net\/benin\/#\/schema\/person\/2b1cf3cd81a31e3cd26889ca66d677f1\",\"name\":\"cfeditorfr\"}]}<\/script>\n<!-- \/ Yoast SEO Premium plugin. -->","yoast_head_json":{"title":"B\u00e9nin: apr\u00e8s la pol\u00e9mique, le mot \u00ab\u00a0tel\u00a0\u00bb corrig\u00e9 sur l\u2019\u00e9pigraphe de la statue de l\u2019Amazone - B\u00e9nin","description":"Correction sur l\u2019\u00e9pigraphe de la statue de l\u2019Amazone. Le mot \u00ab tel \u00bb, pr\u00e9alablement mal orthographi\u00e9 a \u00e9t\u00e9 finalement co ...","robots":{"index":"index","follow":"follow","max-snippet":"max-snippet:-1","max-image-preview":"max-image-preview:large","max-video-preview":"max-video-preview:-1"},"canonical":"https:\/\/www.africa-press.net\/benin\/politique\/benin-apres-la-polemique-le-mot-tel-corrige-sur-lepigraphe-de-la-statue-de-lamazone","og_locale":"fr_FR","og_type":"article","og_title":"B\u00e9nin: apr\u00e8s la pol\u00e9mique, le mot \u00ab\u00a0tel\u00a0\u00bb corrig\u00e9 sur l\u2019\u00e9pigraphe de la statue de l\u2019Amazone","og_description":"Correction sur l\u2019\u00e9pigraphe de la statue de l\u2019Amazone. Le mot \u00ab tel \u00bb, pr\u00e9alablement mal orthographi\u00e9 a \u00e9t\u00e9 finalement co ...","og_url":"https:\/\/www.africa-press.net\/benin\/politique\/benin-apres-la-polemique-le-mot-tel-corrige-sur-lepigraphe-de-la-statue-de-lamazone","og_site_name":"B\u00e9nin","article_published_time":"2022-08-01T18:38:13+00:00","article_modified_time":"2022-08-01T18:56:43+00:00","og_image":[{"width":1332,"height":675,"url":"https:\/\/static.africa-press.net\/benin\/sites\/46\/2022\/08\/postQueueImg_18.jpg","type":"image\/jpeg"}],"author":"cfeditorfr","twitter_card":"summary_large_image","twitter_misc":{"\u00c9crit par":"cfeditorfr","Dur\u00e9e de lecture estim\u00e9e":"2 minutes"},"schema":{"@context":"https:\/\/schema.org","@graph":[{"@type":"Article","@id":"https:\/\/www.africa-press.net\/benin\/politique\/benin-apres-la-polemique-le-mot-tel-corrige-sur-lepigraphe-de-la-statue-de-lamazone#article","isPartOf":{"@id":"https:\/\/www.africa-press.net\/benin\/politique\/benin-apres-la-polemique-le-mot-tel-corrige-sur-lepigraphe-de-la-statue-de-lamazone"},"author":{"name":"cfeditorfr","@id":"https:\/\/www.africa-press.net\/benin\/#\/schema\/person\/2b1cf3cd81a31e3cd26889ca66d677f1"},"headline":"B\u00e9nin: apr\u00e8s la pol\u00e9mique, le mot \u00ab\u00a0tel\u00a0\u00bb corrig\u00e9 sur l\u2019\u00e9pigraphe de la statue de l\u2019Amazone","datePublished":"2022-08-01T18:38:13+00:00","dateModified":"2022-08-01T18:56:43+00:00","mainEntityOfPage":{"@id":"https:\/\/www.africa-press.net\/benin\/politique\/benin-apres-la-polemique-le-mot-tel-corrige-sur-lepigraphe-de-la-statue-de-lamazone"},"wordCount":269,"commentCount":0,"image":{"@id":"https:\/\/www.africa-press.net\/benin\/politique\/benin-apres-la-polemique-le-mot-tel-corrige-sur-lepigraphe-de-la-statue-de-lamazone#primaryimage"},"thumbnailUrl":"https:\/\/static.africa-press.net\/benin\/sites\/46\/2022\/08\/postQueueImg_18.jpg","keywords":["Africa Press","Africa Press-Benin","B\u00e9nin"],"articleSection":["homepage-french","Politique","Top Nouvelles","Toutes les actualit\u00e9s"],"inLanguage":"fr-FR","potentialAction":[{"@type":"CommentAction","name":"Comment","target":["https:\/\/www.africa-press.net\/benin\/politique\/benin-apres-la-polemique-le-mot-tel-corrige-sur-lepigraphe-de-la-statue-de-lamazone#respond"]}]},{"@type":"WebPage","@id":"https:\/\/www.africa-press.net\/benin\/politique\/benin-apres-la-polemique-le-mot-tel-corrige-sur-lepigraphe-de-la-statue-de-lamazone","url":"https:\/\/www.africa-press.net\/benin\/politique\/benin-apres-la-polemique-le-mot-tel-corrige-sur-lepigraphe-de-la-statue-de-lamazone","name":"B\u00e9nin: apr\u00e8s la pol\u00e9mique, le mot \u00ab\u00a0tel\u00a0\u00bb corrig\u00e9 sur l\u2019\u00e9pigraphe de la statue de l\u2019Amazone - B\u00e9nin","isPartOf":{"@id":"https:\/\/www.africa-press.net\/benin\/#website"},"primaryImageOfPage":{"@id":"https:\/\/www.africa-press.net\/benin\/politique\/benin-apres-la-polemique-le-mot-tel-corrige-sur-lepigraphe-de-la-statue-de-lamazone#primaryimage"},"image":{"@id":"https:\/\/www.africa-press.net\/benin\/politique\/benin-apres-la-polemique-le-mot-tel-corrige-sur-lepigraphe-de-la-statue-de-lamazone#primaryimage"},"thumbnailUrl":"https:\/\/static.africa-press.net\/benin\/sites\/46\/2022\/08\/postQueueImg_18.jpg","datePublished":"2022-08-01T18:38:13+00:00","dateModified":"2022-08-01T18:56:43+00:00","author":{"@id":"https:\/\/www.africa-press.net\/benin\/#\/schema\/person\/2b1cf3cd81a31e3cd26889ca66d677f1"},"description":"Correction sur l\u2019\u00e9pigraphe de la statue de l\u2019Amazone. Le mot \u00ab tel \u00bb, pr\u00e9alablement mal orthographi\u00e9 a \u00e9t\u00e9 finalement co ...","breadcrumb":{"@id":"https:\/\/www.africa-press.net\/benin\/politique\/benin-apres-la-polemique-le-mot-tel-corrige-sur-lepigraphe-de-la-statue-de-lamazone#breadcrumb"},"inLanguage":"fr-FR","potentialAction":[{"@type":"ReadAction","target":["https:\/\/www.africa-press.net\/benin\/politique\/benin-apres-la-polemique-le-mot-tel-corrige-sur-lepigraphe-de-la-statue-de-lamazone"]}]},{"@type":"ImageObject","inLanguage":"fr-FR","@id":"https:\/\/www.africa-press.net\/benin\/politique\/benin-apres-la-polemique-le-mot-tel-corrige-sur-lepigraphe-de-la-statue-de-lamazone#primaryimage","url":"https:\/\/static.africa-press.net\/benin\/sites\/46\/2022\/08\/postQueueImg_18.jpg","contentUrl":"https:\/\/static.africa-press.net\/benin\/sites\/46\/2022\/08\/postQueueImg_18.jpg","width":1332,"height":675,"caption":"B\u00e9nin: apr\u00e8s la pol\u00e9mique, le mot \u00ab\u00a0tel\u00a0\u00bb corrig\u00e9 sur l\u2019\u00e9pigraphe de la statue de l\u2019Amazone"},{"@type":"BreadcrumbList","@id":"https:\/\/www.africa-press.net\/benin\/politique\/benin-apres-la-polemique-le-mot-tel-corrige-sur-lepigraphe-de-la-statue-de-lamazone#breadcrumb","itemListElement":[{"@type":"ListItem","position":1,"name":"Accueil","item":"https:\/\/www.africa-press.net\/benin\/"},{"@type":"ListItem","position":2,"name":"B\u00e9nin: apr\u00e8s la pol\u00e9mique, le mot \u00ab\u00a0tel\u00a0\u00bb corrig\u00e9 sur l\u2019\u00e9pigraphe de la statue de l\u2019Amazone"}]},{"@type":"WebSite","@id":"https:\/\/www.africa-press.net\/benin\/#website","url":"https:\/\/www.africa-press.net\/benin\/","name":"B\u00e9nin","description":"Just another Africa News Agency Sites site","potentialAction":[{"@type":"SearchAction","target":{"@type":"EntryPoint","urlTemplate":"https:\/\/www.africa-press.net\/benin\/?s={search_term_string}"},"query-input":{"@type":"PropertyValueSpecification","valueRequired":true,"valueName":"search_term_string"}}],"inLanguage":"fr-FR"},{"@type":"Person","@id":"https:\/\/www.africa-press.net\/benin\/#\/schema\/person\/2b1cf3cd81a31e3cd26889ca66d677f1","name":"cfeditorfr"}]}},"_links":{"self":[{"href":"https:\/\/www.africa-press.net\/benin\/wp-json\/wp\/v2\/posts\/7520","targetHints":{"allow":["GET"]}}],"collection":[{"href":"https:\/\/www.africa-press.net\/benin\/wp-json\/wp\/v2\/posts"}],"about":[{"href":"https:\/\/www.africa-press.net\/benin\/wp-json\/wp\/v2\/types\/post"}],"author":[{"embeddable":true,"href":"https:\/\/www.africa-press.net\/benin\/wp-json\/wp\/v2\/users\/82"}],"replies":[{"embeddable":true,"href":"https:\/\/www.africa-press.net\/benin\/wp-json\/wp\/v2\/comments?post=7520"}],"version-history":[{"count":0,"href":"https:\/\/www.africa-press.net\/benin\/wp-json\/wp\/v2\/posts\/7520\/revisions"}],"wp:featuredmedia":[{"embeddable":true,"href":"https:\/\/www.africa-press.net\/benin\/wp-json\/wp\/v2\/media\/7519"}],"wp:attachment":[{"href":"https:\/\/www.africa-press.net\/benin\/wp-json\/wp\/v2\/media?parent=7520"}],"wp:term":[{"taxonomy":"category","embeddable":true,"href":"https:\/\/www.africa-press.net\/benin\/wp-json\/wp\/v2\/categories?post=7520"},{"taxonomy":"post_tag","embeddable":true,"href":"https:\/\/www.africa-press.net\/benin\/wp-json\/wp\/v2\/tags?post=7520"}],"curies":[{"name":"wp","href":"https:\/\/api.w.org\/{rel}","templated":true}]}}