{"id":7523,"date":"2022-08-01T18:38:20","date_gmt":"2022-08-01T18:38:20","guid":{"rendered":"https:\/\/www.africa-press.net\/benin\/politique\/apres-celle-de-cotonou-la-statue-renovee-de-bio-guerra-de-parakou-devoilee-au-public"},"modified":"2022-08-01T18:57:11","modified_gmt":"2022-08-01T18:57:11","slug":"apres-celle-de-cotonou-la-statue-renovee-de-bio-guerra-de-parakou-devoilee-au-public","status":"publish","type":"post","link":"https:\/\/www.africa-press.net\/benin\/politique\/apres-celle-de-cotonou-la-statue-renovee-de-bio-guerra-de-parakou-devoilee-au-public","title":{"rendered":"Apr\u00e8s celle de Cotonou, la statue r\u00e9nov\u00e9e de \u00ab\u00a0Bio Guerra\u00a0\u00bb de Parakou d\u00e9voil\u00e9e au public"},"content":{"rendered":"<p><span style=\"color: #ff6600\"><strong>Africa-Press &#8211; Benin. <\/strong><\/span>A Parakou, le roi Bio Guerra \u00e9tait \u00e0 l\u2019honneur ce lundi 1er Ao\u00fbt 2022, date de la comm\u00e9moration des 62 ans d\u2019accession du B\u00e9nin \u00e0 la souverainet\u00e9 internationale. Les populations de la cit\u00e9 de Kobouru ont fait massivement ce matin le d\u00e9placement de la place Bio Guerra o\u00f9 la statue r\u00e9nov\u00e9e de l\u2019h\u00e9ros national leur a \u00e9t\u00e9 d\u00e9voil\u00e9e.<\/p>\n<p>Apr\u00e8s la c\u00e9r\u00e9monie de d\u00e9p\u00f4t de gerbe \u00e0 l\u2019occasion de la c\u00e9l\u00e9bration de la f\u00eate du 1er Ao\u00fbt 2022, les autorit\u00e9s du Borgou et de Parakou notamment le Maire Inoussa Chabi ZIME et le Pr\u00e9fet Djibril MAMA CISSE ont proc\u00e9d\u00e9 au d\u00e9voilement de la statue de Bio Guerra.<\/p>\n<p>Si les parakois et les parakoises ont fait le d\u00e9placement pour voir la nouvelle apparence de la statue de Bio Guerra apr\u00e8s la destruction de l\u2019ancienne, ils n\u2019ont pas cach\u00e9 leur d\u00e9solation face aux autorit\u00e9s de la Commune pour le caract\u00e8re simpliste accord\u00e9 \u00e0 la c\u00e9r\u00e9monie de d\u00e9voilement de cette statue.<\/p>\n<p>Les populations ont reproch\u00e9 aux autorit\u00e9s la paresse dans l\u2019organisation de cette c\u00e9r\u00e9monie de d\u00e9voilement de la statue du prince wassangari. Elles auraient voulu la pr\u00e9sence des troupes de cavaleries pour donner un cachet sp\u00e9cial \u00e0 l\u2019\u00e9v\u00e8nement et pour honorer la m\u00e9moire de cet h\u00e9ros national d\u2019autant plus que le B\u00e9nin c\u00e9l\u00e8bre ce jour sa f\u00eate nationale.<\/p>\n<p>Hormis les griefs contre l\u2019organisation, le d\u00e9voilement de la nouvelle statue de Bio Guerra a suscit\u00e9 beaucoup de d\u00e9ception et d\u2019indignation. L\u2019effort artistique de l\u2019oeuvre compar\u00e9e \u00e0 ce qui est \u00e9rig\u00e9 \u00e0 Cotonou, est inexistant. Si l\u2019ancienne statue \u00e0 leurs yeux faisait la honte, celle-ci ne refl\u00e8te aucunement l\u2019apparence du guerrier qu\u2019avait \u00e9t\u00e9 Bio Guerra. Beaucoup ont estim\u00e9 que l\u2019oeuvre a \u00e9t\u00e9 b\u00e2cl\u00e9e et doit \u00eatre corrig\u00e9e.<\/p>\n<p><strong>Pour plus d&rsquo;informations et d&rsquo;analyses sur la <a href=\"https:\/\/www.africa-press.net\/benin\">Benin<\/a>, suivez <a href=\"https:\/\/www.africa-press.net\/\">Africa-Press<\/a><\/strong><\/p>\n","protected":false},"excerpt":{"rendered":"<p>Africa-Press &#8211; Benin. A Parakou, le roi Bio Guerra \u00e9tait \u00e0 l\u2019honneur ce lundi 1er Ao\u00fbt 2022, date de la comm\u00e9moration des 62 ans d\u2019accession du B\u00e9nin \u00e0 la souverainet\u00e9 internationale. Les populations de la cit\u00e9 de Kobouru ont fait massivement ce matin le d\u00e9placement de la place Bio Guerra o\u00f9 la statue r\u00e9nov\u00e9e de [&hellip;]<\/p>\n","protected":false},"author":82,"featured_media":7522,"comment_status":"open","ping_status":"closed","sticky":false,"template":"","format":"standard","meta":{"footnotes":""},"categories":[11,2,10],"tags":[36,50,45],"class_list":["post-7523","post","type-post","status-publish","format-standard","has-post-thumbnail","hentry","category-homepage-french","category-politique","category-toutes-les-actualites","tag-africa-press","tag-africa-press-benin","tag-benin"],"yoast_head":"<!-- This site is optimized with the Yoast SEO Premium plugin v26.1 (Yoast SEO v27.0) - https:\/\/yoast.com\/product\/yoast-seo-premium-wordpress\/ -->\n<title>Apr\u00e8s celle de Cotonou, la statue r\u00e9nov\u00e9e de \u00ab\u00a0Bio Guerra\u00a0\u00bb de Parakou d\u00e9voil\u00e9e au public - B\u00e9nin<\/title>\n<meta name=\"description\" content=\"A Parakou, le roi Bio Guerra \u00e9tait \u00e0 l\u2019honneur ce lundi 1er Ao\u00fbt 2022, date de la comm\u00e9moration des 62 ans d\u2019accession d ...\" \/>\n<meta name=\"robots\" content=\"index, follow, max-snippet:-1, max-image-preview:large, max-video-preview:-1\" \/>\n<link rel=\"canonical\" href=\"https:\/\/www.africa-press.net\/benin\/politique\/apres-celle-de-cotonou-la-statue-renovee-de-bio-guerra-de-parakou-devoilee-au-public\" \/>\n<meta property=\"og:locale\" content=\"fr_FR\" \/>\n<meta property=\"og:type\" content=\"article\" \/>\n<meta property=\"og:title\" content=\"Apr\u00e8s celle de Cotonou, la statue r\u00e9nov\u00e9e de \u00ab\u00a0Bio Guerra\u00a0\u00bb de Parakou d\u00e9voil\u00e9e au public\" \/>\n<meta property=\"og:description\" content=\"A Parakou, le roi Bio Guerra \u00e9tait \u00e0 l\u2019honneur ce lundi 1er Ao\u00fbt 2022, date de la comm\u00e9moration des 62 ans d\u2019accession d ...\" \/>\n<meta property=\"og:url\" content=\"https:\/\/www.africa-press.net\/benin\/politique\/apres-celle-de-cotonou-la-statue-renovee-de-bio-guerra-de-parakou-devoilee-au-public\" \/>\n<meta property=\"og:site_name\" content=\"B\u00e9nin\" \/>\n<meta property=\"article:published_time\" content=\"2022-08-01T18:38:20+00:00\" \/>\n<meta property=\"article:modified_time\" content=\"2022-08-01T18:57:11+00:00\" \/>\n<meta property=\"og:image\" content=\"https:\/\/static.africa-press.net\/benin\/sites\/46\/2022\/08\/postQueueImg_19.jpg\" \/>\n\t<meta property=\"og:image:width\" content=\"1280\" \/>\n\t<meta property=\"og:image:height\" content=\"720\" \/>\n\t<meta property=\"og:image:type\" content=\"image\/jpeg\" \/>\n<meta name=\"author\" content=\"cfeditorfr\" \/>\n<meta name=\"twitter:card\" content=\"summary_large_image\" \/>\n<meta name=\"twitter:label1\" content=\"\u00c9crit par\" \/>\n\t<meta name=\"twitter:data1\" content=\"cfeditorfr\" \/>\n\t<meta name=\"twitter:label2\" content=\"Dur\u00e9e de lecture estim\u00e9e\" \/>\n\t<meta name=\"twitter:data2\" content=\"2 minutes\" \/>\n<script type=\"application\/ld+json\" class=\"yoast-schema-graph\">{\"@context\":\"https:\/\/schema.org\",\"@graph\":[{\"@type\":\"Article\",\"@id\":\"https:\/\/www.africa-press.net\/benin\/politique\/apres-celle-de-cotonou-la-statue-renovee-de-bio-guerra-de-parakou-devoilee-au-public#article\",\"isPartOf\":{\"@id\":\"https:\/\/www.africa-press.net\/benin\/politique\/apres-celle-de-cotonou-la-statue-renovee-de-bio-guerra-de-parakou-devoilee-au-public\"},\"author\":{\"name\":\"cfeditorfr\",\"@id\":\"https:\/\/www.africa-press.net\/benin\/#\/schema\/person\/2b1cf3cd81a31e3cd26889ca66d677f1\"},\"headline\":\"Apr\u00e8s celle de Cotonou, la statue r\u00e9nov\u00e9e de \u00ab\u00a0Bio Guerra\u00a0\u00bb de Parakou d\u00e9voil\u00e9e au public\",\"datePublished\":\"2022-08-01T18:38:20+00:00\",\"dateModified\":\"2022-08-01T18:57:11+00:00\",\"mainEntityOfPage\":{\"@id\":\"https:\/\/www.africa-press.net\/benin\/politique\/apres-celle-de-cotonou-la-statue-renovee-de-bio-guerra-de-parakou-devoilee-au-public\"},\"wordCount\":372,\"commentCount\":0,\"image\":{\"@id\":\"https:\/\/www.africa-press.net\/benin\/politique\/apres-celle-de-cotonou-la-statue-renovee-de-bio-guerra-de-parakou-devoilee-au-public#primaryimage\"},\"thumbnailUrl\":\"https:\/\/static.africa-press.net\/benin\/sites\/46\/2022\/08\/postQueueImg_19.jpg\",\"keywords\":[\"Africa Press\",\"Africa Press-Benin\",\"B\u00e9nin\"],\"articleSection\":[\"homepage-french\",\"Politique\",\"Toutes les actualit\u00e9s\"],\"inLanguage\":\"fr-FR\",\"potentialAction\":[{\"@type\":\"CommentAction\",\"name\":\"Comment\",\"target\":[\"https:\/\/www.africa-press.net\/benin\/politique\/apres-celle-de-cotonou-la-statue-renovee-de-bio-guerra-de-parakou-devoilee-au-public#respond\"]}]},{\"@type\":\"WebPage\",\"@id\":\"https:\/\/www.africa-press.net\/benin\/politique\/apres-celle-de-cotonou-la-statue-renovee-de-bio-guerra-de-parakou-devoilee-au-public\",\"url\":\"https:\/\/www.africa-press.net\/benin\/politique\/apres-celle-de-cotonou-la-statue-renovee-de-bio-guerra-de-parakou-devoilee-au-public\",\"name\":\"Apr\u00e8s celle de Cotonou, la statue r\u00e9nov\u00e9e de \u00ab\u00a0Bio Guerra\u00a0\u00bb de Parakou d\u00e9voil\u00e9e au public - B\u00e9nin\",\"isPartOf\":{\"@id\":\"https:\/\/www.africa-press.net\/benin\/#website\"},\"primaryImageOfPage\":{\"@id\":\"https:\/\/www.africa-press.net\/benin\/politique\/apres-celle-de-cotonou-la-statue-renovee-de-bio-guerra-de-parakou-devoilee-au-public#primaryimage\"},\"image\":{\"@id\":\"https:\/\/www.africa-press.net\/benin\/politique\/apres-celle-de-cotonou-la-statue-renovee-de-bio-guerra-de-parakou-devoilee-au-public#primaryimage\"},\"thumbnailUrl\":\"https:\/\/static.africa-press.net\/benin\/sites\/46\/2022\/08\/postQueueImg_19.jpg\",\"datePublished\":\"2022-08-01T18:38:20+00:00\",\"dateModified\":\"2022-08-01T18:57:11+00:00\",\"author\":{\"@id\":\"https:\/\/www.africa-press.net\/benin\/#\/schema\/person\/2b1cf3cd81a31e3cd26889ca66d677f1\"},\"description\":\"A Parakou, le roi Bio Guerra \u00e9tait \u00e0 l\u2019honneur ce lundi 1er Ao\u00fbt 2022, date de la comm\u00e9moration des 62 ans d\u2019accession d ...\",\"breadcrumb\":{\"@id\":\"https:\/\/www.africa-press.net\/benin\/politique\/apres-celle-de-cotonou-la-statue-renovee-de-bio-guerra-de-parakou-devoilee-au-public#breadcrumb\"},\"inLanguage\":\"fr-FR\",\"potentialAction\":[{\"@type\":\"ReadAction\",\"target\":[\"https:\/\/www.africa-press.net\/benin\/politique\/apres-celle-de-cotonou-la-statue-renovee-de-bio-guerra-de-parakou-devoilee-au-public\"]}]},{\"@type\":\"ImageObject\",\"inLanguage\":\"fr-FR\",\"@id\":\"https:\/\/www.africa-press.net\/benin\/politique\/apres-celle-de-cotonou-la-statue-renovee-de-bio-guerra-de-parakou-devoilee-au-public#primaryimage\",\"url\":\"https:\/\/static.africa-press.net\/benin\/sites\/46\/2022\/08\/postQueueImg_19.jpg\",\"contentUrl\":\"https:\/\/static.africa-press.net\/benin\/sites\/46\/2022\/08\/postQueueImg_19.jpg\",\"width\":1280,\"height\":720,\"caption\":\"Apr\u00e8s celle de Cotonou, la statue r\u00e9nov\u00e9e de \u00ab\u00a0Bio Guerra\u00a0\u00bb de Parakou d\u00e9voil\u00e9e au public\"},{\"@type\":\"BreadcrumbList\",\"@id\":\"https:\/\/www.africa-press.net\/benin\/politique\/apres-celle-de-cotonou-la-statue-renovee-de-bio-guerra-de-parakou-devoilee-au-public#breadcrumb\",\"itemListElement\":[{\"@type\":\"ListItem\",\"position\":1,\"name\":\"Accueil\",\"item\":\"https:\/\/www.africa-press.net\/benin\/\"},{\"@type\":\"ListItem\",\"position\":2,\"name\":\"Apr\u00e8s celle de Cotonou, la statue r\u00e9nov\u00e9e de \u00ab\u00a0Bio Guerra\u00a0\u00bb de Parakou d\u00e9voil\u00e9e au public\"}]},{\"@type\":\"WebSite\",\"@id\":\"https:\/\/www.africa-press.net\/benin\/#website\",\"url\":\"https:\/\/www.africa-press.net\/benin\/\",\"name\":\"B\u00e9nin\",\"description\":\"Just another Africa News Agency Sites site\",\"potentialAction\":[{\"@type\":\"SearchAction\",\"target\":{\"@type\":\"EntryPoint\",\"urlTemplate\":\"https:\/\/www.africa-press.net\/benin\/?s={search_term_string}\"},\"query-input\":{\"@type\":\"PropertyValueSpecification\",\"valueRequired\":true,\"valueName\":\"search_term_string\"}}],\"inLanguage\":\"fr-FR\"},{\"@type\":\"Person\",\"@id\":\"https:\/\/www.africa-press.net\/benin\/#\/schema\/person\/2b1cf3cd81a31e3cd26889ca66d677f1\",\"name\":\"cfeditorfr\"}]}<\/script>\n<!-- \/ Yoast SEO Premium plugin. -->","yoast_head_json":{"title":"Apr\u00e8s celle de Cotonou, la statue r\u00e9nov\u00e9e de \u00ab\u00a0Bio Guerra\u00a0\u00bb de Parakou d\u00e9voil\u00e9e au public - B\u00e9nin","description":"A Parakou, le roi Bio Guerra \u00e9tait \u00e0 l\u2019honneur ce lundi 1er Ao\u00fbt 2022, date de la comm\u00e9moration des 62 ans d\u2019accession d ...","robots":{"index":"index","follow":"follow","max-snippet":"max-snippet:-1","max-image-preview":"max-image-preview:large","max-video-preview":"max-video-preview:-1"},"canonical":"https:\/\/www.africa-press.net\/benin\/politique\/apres-celle-de-cotonou-la-statue-renovee-de-bio-guerra-de-parakou-devoilee-au-public","og_locale":"fr_FR","og_type":"article","og_title":"Apr\u00e8s celle de Cotonou, la statue r\u00e9nov\u00e9e de \u00ab\u00a0Bio Guerra\u00a0\u00bb de Parakou d\u00e9voil\u00e9e au public","og_description":"A Parakou, le roi Bio Guerra \u00e9tait \u00e0 l\u2019honneur ce lundi 1er Ao\u00fbt 2022, date de la comm\u00e9moration des 62 ans d\u2019accession d ...","og_url":"https:\/\/www.africa-press.net\/benin\/politique\/apres-celle-de-cotonou-la-statue-renovee-de-bio-guerra-de-parakou-devoilee-au-public","og_site_name":"B\u00e9nin","article_published_time":"2022-08-01T18:38:20+00:00","article_modified_time":"2022-08-01T18:57:11+00:00","og_image":[{"width":1280,"height":720,"url":"https:\/\/static.africa-press.net\/benin\/sites\/46\/2022\/08\/postQueueImg_19.jpg","type":"image\/jpeg"}],"author":"cfeditorfr","twitter_card":"summary_large_image","twitter_misc":{"\u00c9crit par":"cfeditorfr","Dur\u00e9e de lecture estim\u00e9e":"2 minutes"},"schema":{"@context":"https:\/\/schema.org","@graph":[{"@type":"Article","@id":"https:\/\/www.africa-press.net\/benin\/politique\/apres-celle-de-cotonou-la-statue-renovee-de-bio-guerra-de-parakou-devoilee-au-public#article","isPartOf":{"@id":"https:\/\/www.africa-press.net\/benin\/politique\/apres-celle-de-cotonou-la-statue-renovee-de-bio-guerra-de-parakou-devoilee-au-public"},"author":{"name":"cfeditorfr","@id":"https:\/\/www.africa-press.net\/benin\/#\/schema\/person\/2b1cf3cd81a31e3cd26889ca66d677f1"},"headline":"Apr\u00e8s celle de Cotonou, la statue r\u00e9nov\u00e9e de \u00ab\u00a0Bio Guerra\u00a0\u00bb de Parakou d\u00e9voil\u00e9e au public","datePublished":"2022-08-01T18:38:20+00:00","dateModified":"2022-08-01T18:57:11+00:00","mainEntityOfPage":{"@id":"https:\/\/www.africa-press.net\/benin\/politique\/apres-celle-de-cotonou-la-statue-renovee-de-bio-guerra-de-parakou-devoilee-au-public"},"wordCount":372,"commentCount":0,"image":{"@id":"https:\/\/www.africa-press.net\/benin\/politique\/apres-celle-de-cotonou-la-statue-renovee-de-bio-guerra-de-parakou-devoilee-au-public#primaryimage"},"thumbnailUrl":"https:\/\/static.africa-press.net\/benin\/sites\/46\/2022\/08\/postQueueImg_19.jpg","keywords":["Africa Press","Africa Press-Benin","B\u00e9nin"],"articleSection":["homepage-french","Politique","Toutes les actualit\u00e9s"],"inLanguage":"fr-FR","potentialAction":[{"@type":"CommentAction","name":"Comment","target":["https:\/\/www.africa-press.net\/benin\/politique\/apres-celle-de-cotonou-la-statue-renovee-de-bio-guerra-de-parakou-devoilee-au-public#respond"]}]},{"@type":"WebPage","@id":"https:\/\/www.africa-press.net\/benin\/politique\/apres-celle-de-cotonou-la-statue-renovee-de-bio-guerra-de-parakou-devoilee-au-public","url":"https:\/\/www.africa-press.net\/benin\/politique\/apres-celle-de-cotonou-la-statue-renovee-de-bio-guerra-de-parakou-devoilee-au-public","name":"Apr\u00e8s celle de Cotonou, la statue r\u00e9nov\u00e9e de \u00ab\u00a0Bio Guerra\u00a0\u00bb de Parakou d\u00e9voil\u00e9e au public - B\u00e9nin","isPartOf":{"@id":"https:\/\/www.africa-press.net\/benin\/#website"},"primaryImageOfPage":{"@id":"https:\/\/www.africa-press.net\/benin\/politique\/apres-celle-de-cotonou-la-statue-renovee-de-bio-guerra-de-parakou-devoilee-au-public#primaryimage"},"image":{"@id":"https:\/\/www.africa-press.net\/benin\/politique\/apres-celle-de-cotonou-la-statue-renovee-de-bio-guerra-de-parakou-devoilee-au-public#primaryimage"},"thumbnailUrl":"https:\/\/static.africa-press.net\/benin\/sites\/46\/2022\/08\/postQueueImg_19.jpg","datePublished":"2022-08-01T18:38:20+00:00","dateModified":"2022-08-01T18:57:11+00:00","author":{"@id":"https:\/\/www.africa-press.net\/benin\/#\/schema\/person\/2b1cf3cd81a31e3cd26889ca66d677f1"},"description":"A Parakou, le roi Bio Guerra \u00e9tait \u00e0 l\u2019honneur ce lundi 1er Ao\u00fbt 2022, date de la comm\u00e9moration des 62 ans d\u2019accession d ...","breadcrumb":{"@id":"https:\/\/www.africa-press.net\/benin\/politique\/apres-celle-de-cotonou-la-statue-renovee-de-bio-guerra-de-parakou-devoilee-au-public#breadcrumb"},"inLanguage":"fr-FR","potentialAction":[{"@type":"ReadAction","target":["https:\/\/www.africa-press.net\/benin\/politique\/apres-celle-de-cotonou-la-statue-renovee-de-bio-guerra-de-parakou-devoilee-au-public"]}]},{"@type":"ImageObject","inLanguage":"fr-FR","@id":"https:\/\/www.africa-press.net\/benin\/politique\/apres-celle-de-cotonou-la-statue-renovee-de-bio-guerra-de-parakou-devoilee-au-public#primaryimage","url":"https:\/\/static.africa-press.net\/benin\/sites\/46\/2022\/08\/postQueueImg_19.jpg","contentUrl":"https:\/\/static.africa-press.net\/benin\/sites\/46\/2022\/08\/postQueueImg_19.jpg","width":1280,"height":720,"caption":"Apr\u00e8s celle de Cotonou, la statue r\u00e9nov\u00e9e de \u00ab\u00a0Bio Guerra\u00a0\u00bb de Parakou d\u00e9voil\u00e9e au public"},{"@type":"BreadcrumbList","@id":"https:\/\/www.africa-press.net\/benin\/politique\/apres-celle-de-cotonou-la-statue-renovee-de-bio-guerra-de-parakou-devoilee-au-public#breadcrumb","itemListElement":[{"@type":"ListItem","position":1,"name":"Accueil","item":"https:\/\/www.africa-press.net\/benin\/"},{"@type":"ListItem","position":2,"name":"Apr\u00e8s celle de Cotonou, la statue r\u00e9nov\u00e9e de \u00ab\u00a0Bio Guerra\u00a0\u00bb de Parakou d\u00e9voil\u00e9e au public"}]},{"@type":"WebSite","@id":"https:\/\/www.africa-press.net\/benin\/#website","url":"https:\/\/www.africa-press.net\/benin\/","name":"B\u00e9nin","description":"Just another Africa News Agency Sites site","potentialAction":[{"@type":"SearchAction","target":{"@type":"EntryPoint","urlTemplate":"https:\/\/www.africa-press.net\/benin\/?s={search_term_string}"},"query-input":{"@type":"PropertyValueSpecification","valueRequired":true,"valueName":"search_term_string"}}],"inLanguage":"fr-FR"},{"@type":"Person","@id":"https:\/\/www.africa-press.net\/benin\/#\/schema\/person\/2b1cf3cd81a31e3cd26889ca66d677f1","name":"cfeditorfr"}]}},"_links":{"self":[{"href":"https:\/\/www.africa-press.net\/benin\/wp-json\/wp\/v2\/posts\/7523","targetHints":{"allow":["GET"]}}],"collection":[{"href":"https:\/\/www.africa-press.net\/benin\/wp-json\/wp\/v2\/posts"}],"about":[{"href":"https:\/\/www.africa-press.net\/benin\/wp-json\/wp\/v2\/types\/post"}],"author":[{"embeddable":true,"href":"https:\/\/www.africa-press.net\/benin\/wp-json\/wp\/v2\/users\/82"}],"replies":[{"embeddable":true,"href":"https:\/\/www.africa-press.net\/benin\/wp-json\/wp\/v2\/comments?post=7523"}],"version-history":[{"count":0,"href":"https:\/\/www.africa-press.net\/benin\/wp-json\/wp\/v2\/posts\/7523\/revisions"}],"wp:featuredmedia":[{"embeddable":true,"href":"https:\/\/www.africa-press.net\/benin\/wp-json\/wp\/v2\/media\/7522"}],"wp:attachment":[{"href":"https:\/\/www.africa-press.net\/benin\/wp-json\/wp\/v2\/media?parent=7523"}],"wp:term":[{"taxonomy":"category","embeddable":true,"href":"https:\/\/www.africa-press.net\/benin\/wp-json\/wp\/v2\/categories?post=7523"},{"taxonomy":"post_tag","embeddable":true,"href":"https:\/\/www.africa-press.net\/benin\/wp-json\/wp\/v2\/tags?post=7523"}],"curies":[{"name":"wp","href":"https:\/\/api.w.org\/{rel}","templated":true}]}}