{"id":7526,"date":"2022-08-01T18:38:28","date_gmt":"2022-08-01T18:38:28","guid":{"rendered":"https:\/\/www.africa-press.net\/benin\/politique\/defile-du-1er-aout-2022-boni-yayi-veut-donner-ses-impressions-dans-une-emission-speciale"},"modified":"2022-08-01T18:57:43","modified_gmt":"2022-08-01T18:57:43","slug":"defile-du-1er-aout-2022-boni-yayi-veut-donner-ses-impressions-dans-une-emission-speciale","status":"publish","type":"post","link":"https:\/\/www.africa-press.net\/benin\/politique\/defile-du-1er-aout-2022-boni-yayi-veut-donner-ses-impressions-dans-une-emission-speciale","title":{"rendered":"D\u00e9fil\u00e9 du 1er ao\u00fbt 2022: Boni Yayi veut donner ses impressions dans une \u00e9mission sp\u00e9ciale"},"content":{"rendered":"<p><span style=\"color: #ff6600\"><strong>Africa-Press &#8211; Benin. <\/strong><\/span>Ce 1er ao\u00fbt 2022, l\u2019ancien pr\u00e9sident Boni Yayi a sign\u00e9 son retour dans les tribunes officielles de la c\u00e9l\u00e9bration de la f\u00eate nationale de l\u2019accession du B\u00e9nin \u00e0 la souverainet\u00e9 internationale, une premi\u00e8re depuis 2016. A la fin du d\u00e9fil\u00e9, l\u2019ex-Chef d\u2019Etat ne s\u2019est pas pr\u00eat\u00e9 aux questions de la presse, il a plut\u00f4t fait une annonce surprenante.<\/p>\n<p>Invit\u00e9 \u00e0 donner ses impressions \u00e0 la fin du d\u00e9fil\u00e9 militaire, l\u2019ancien pr\u00e9sident Thomas Boni Yayi dribble la presse et annonce une \u00e9mission sp\u00e9ciale. Selon le pr\u00e9sident d\u2019honneur du parti \u00ab Les D\u00e9mocrates \u00bb, ce n\u2019est pas le moment de donner des impressions, il compte le faire dans une \u00e9mission sp\u00e9ciale.<\/p>\n<p>Aucun d\u00e9tail sur cette \u00e9mission. On ne conna\u00eet ni la date et l\u2019heure, le canal et le contenu. Ce qui est s\u00fbr, il s\u2019agit d\u2019une grande annonce qui retient d\u00e9sormais toutes les attentions.<\/p>\n<p>La pr\u00e9sence de Boni Yayi au d\u00e9fil\u00e9 de cette ann\u00e9e, apr\u00e8s celui de 2016, s\u2019inscrit dans le cadre des tractations en faveur de la d\u00e9crispation de la mussitation socio-politique du B\u00e9nin. Cela intervient d\u2019ailleurs quelques semaines apr\u00e8s sa rencontre d\u2019\u00e9changes avec le pr\u00e9sident Patrice Talon au Palais de la Marina.<\/p>\n<p><strong>Pour plus d&rsquo;informations et d&rsquo;analyses sur la <a href=\"https:\/\/www.africa-press.net\/benin\">Benin<\/a>, suivez <a href=\"https:\/\/www.africa-press.net\/\">Africa-Press<\/a><\/strong><\/p>\n","protected":false},"excerpt":{"rendered":"<p>Africa-Press &#8211; Benin. Ce 1er ao\u00fbt 2022, l\u2019ancien pr\u00e9sident Boni Yayi a sign\u00e9 son retour dans les tribunes officielles de la c\u00e9l\u00e9bration de la f\u00eate nationale de l\u2019accession du B\u00e9nin \u00e0 la souverainet\u00e9 internationale, une premi\u00e8re depuis 2016. A la fin du d\u00e9fil\u00e9, l\u2019ex-Chef d\u2019Etat ne s\u2019est pas pr\u00eat\u00e9 aux questions de la presse, il [&hellip;]<\/p>\n","protected":false},"author":82,"featured_media":7525,"comment_status":"open","ping_status":"closed","sticky":false,"template":"","format":"standard","meta":{"footnotes":""},"categories":[11,2,20,10],"tags":[36,50,45],"class_list":["post-7526","post","type-post","status-publish","format-standard","has-post-thumbnail","hentry","category-homepage-french","category-politique","category-top-nouvelles","category-toutes-les-actualites","tag-africa-press","tag-africa-press-benin","tag-benin"],"yoast_head":"<!-- This site is optimized with the Yoast SEO Premium plugin v26.1 (Yoast SEO v27.0) - https:\/\/yoast.com\/product\/yoast-seo-premium-wordpress\/ -->\n<title>D\u00e9fil\u00e9 du 1er ao\u00fbt 2022: Boni Yayi veut donner ses impressions dans une \u00e9mission sp\u00e9ciale - B\u00e9nin<\/title>\n<meta name=\"description\" content=\"Ce 1er ao\u00fbt 2022, l\u2019ancien pr\u00e9sident Boni Yayi a sign\u00e9 son retour dans les tribunes officielles de la c\u00e9l\u00e9bration de la ...\" \/>\n<meta name=\"robots\" content=\"index, follow, max-snippet:-1, max-image-preview:large, max-video-preview:-1\" \/>\n<link rel=\"canonical\" href=\"https:\/\/www.africa-press.net\/benin\/politique\/defile-du-1er-aout-2022-boni-yayi-veut-donner-ses-impressions-dans-une-emission-speciale\" \/>\n<meta property=\"og:locale\" content=\"fr_FR\" \/>\n<meta property=\"og:type\" content=\"article\" \/>\n<meta property=\"og:title\" content=\"D\u00e9fil\u00e9 du 1er ao\u00fbt 2022: Boni Yayi veut donner ses impressions dans une \u00e9mission sp\u00e9ciale\" \/>\n<meta property=\"og:description\" content=\"Ce 1er ao\u00fbt 2022, l\u2019ancien pr\u00e9sident Boni Yayi a sign\u00e9 son retour dans les tribunes officielles de la c\u00e9l\u00e9bration de la ...\" \/>\n<meta property=\"og:url\" content=\"https:\/\/www.africa-press.net\/benin\/politique\/defile-du-1er-aout-2022-boni-yayi-veut-donner-ses-impressions-dans-une-emission-speciale\" \/>\n<meta property=\"og:site_name\" content=\"B\u00e9nin\" \/>\n<meta property=\"article:published_time\" content=\"2022-08-01T18:38:28+00:00\" \/>\n<meta property=\"article:modified_time\" content=\"2022-08-01T18:57:43+00:00\" \/>\n<meta property=\"og:image\" content=\"https:\/\/static.africa-press.net\/benin\/sites\/46\/2022\/08\/postQueueImg_20.jpg\" \/>\n\t<meta property=\"og:image:width\" content=\"1300\" \/>\n\t<meta property=\"og:image:height\" content=\"866\" \/>\n\t<meta property=\"og:image:type\" content=\"image\/jpeg\" \/>\n<meta name=\"author\" content=\"cfeditorfr\" \/>\n<meta name=\"twitter:card\" content=\"summary_large_image\" \/>\n<meta name=\"twitter:label1\" content=\"\u00c9crit par\" \/>\n\t<meta name=\"twitter:data1\" content=\"cfeditorfr\" \/>\n\t<meta name=\"twitter:label2\" content=\"Dur\u00e9e de lecture estim\u00e9e\" \/>\n\t<meta name=\"twitter:data2\" content=\"2 minutes\" \/>\n<script type=\"application\/ld+json\" class=\"yoast-schema-graph\">{\"@context\":\"https:\/\/schema.org\",\"@graph\":[{\"@type\":\"Article\",\"@id\":\"https:\/\/www.africa-press.net\/benin\/politique\/defile-du-1er-aout-2022-boni-yayi-veut-donner-ses-impressions-dans-une-emission-speciale#article\",\"isPartOf\":{\"@id\":\"https:\/\/www.africa-press.net\/benin\/politique\/defile-du-1er-aout-2022-boni-yayi-veut-donner-ses-impressions-dans-une-emission-speciale\"},\"author\":{\"name\":\"cfeditorfr\",\"@id\":\"https:\/\/www.africa-press.net\/benin\/#\/schema\/person\/2b1cf3cd81a31e3cd26889ca66d677f1\"},\"headline\":\"D\u00e9fil\u00e9 du 1er ao\u00fbt 2022: Boni Yayi veut donner ses impressions dans une \u00e9mission sp\u00e9ciale\",\"datePublished\":\"2022-08-01T18:38:28+00:00\",\"dateModified\":\"2022-08-01T18:57:43+00:00\",\"mainEntityOfPage\":{\"@id\":\"https:\/\/www.africa-press.net\/benin\/politique\/defile-du-1er-aout-2022-boni-yayi-veut-donner-ses-impressions-dans-une-emission-speciale\"},\"wordCount\":258,\"commentCount\":0,\"image\":{\"@id\":\"https:\/\/www.africa-press.net\/benin\/politique\/defile-du-1er-aout-2022-boni-yayi-veut-donner-ses-impressions-dans-une-emission-speciale#primaryimage\"},\"thumbnailUrl\":\"https:\/\/static.africa-press.net\/benin\/sites\/46\/2022\/08\/postQueueImg_20.jpg\",\"keywords\":[\"Africa Press\",\"Africa Press-Benin\",\"B\u00e9nin\"],\"articleSection\":[\"homepage-french\",\"Politique\",\"Top Nouvelles\",\"Toutes les actualit\u00e9s\"],\"inLanguage\":\"fr-FR\",\"potentialAction\":[{\"@type\":\"CommentAction\",\"name\":\"Comment\",\"target\":[\"https:\/\/www.africa-press.net\/benin\/politique\/defile-du-1er-aout-2022-boni-yayi-veut-donner-ses-impressions-dans-une-emission-speciale#respond\"]}]},{\"@type\":\"WebPage\",\"@id\":\"https:\/\/www.africa-press.net\/benin\/politique\/defile-du-1er-aout-2022-boni-yayi-veut-donner-ses-impressions-dans-une-emission-speciale\",\"url\":\"https:\/\/www.africa-press.net\/benin\/politique\/defile-du-1er-aout-2022-boni-yayi-veut-donner-ses-impressions-dans-une-emission-speciale\",\"name\":\"D\u00e9fil\u00e9 du 1er ao\u00fbt 2022: Boni Yayi veut donner ses impressions dans une \u00e9mission sp\u00e9ciale - B\u00e9nin\",\"isPartOf\":{\"@id\":\"https:\/\/www.africa-press.net\/benin\/#website\"},\"primaryImageOfPage\":{\"@id\":\"https:\/\/www.africa-press.net\/benin\/politique\/defile-du-1er-aout-2022-boni-yayi-veut-donner-ses-impressions-dans-une-emission-speciale#primaryimage\"},\"image\":{\"@id\":\"https:\/\/www.africa-press.net\/benin\/politique\/defile-du-1er-aout-2022-boni-yayi-veut-donner-ses-impressions-dans-une-emission-speciale#primaryimage\"},\"thumbnailUrl\":\"https:\/\/static.africa-press.net\/benin\/sites\/46\/2022\/08\/postQueueImg_20.jpg\",\"datePublished\":\"2022-08-01T18:38:28+00:00\",\"dateModified\":\"2022-08-01T18:57:43+00:00\",\"author\":{\"@id\":\"https:\/\/www.africa-press.net\/benin\/#\/schema\/person\/2b1cf3cd81a31e3cd26889ca66d677f1\"},\"description\":\"Ce 1er ao\u00fbt 2022, l\u2019ancien pr\u00e9sident Boni Yayi a sign\u00e9 son retour dans les tribunes officielles de la c\u00e9l\u00e9bration de la ...\",\"breadcrumb\":{\"@id\":\"https:\/\/www.africa-press.net\/benin\/politique\/defile-du-1er-aout-2022-boni-yayi-veut-donner-ses-impressions-dans-une-emission-speciale#breadcrumb\"},\"inLanguage\":\"fr-FR\",\"potentialAction\":[{\"@type\":\"ReadAction\",\"target\":[\"https:\/\/www.africa-press.net\/benin\/politique\/defile-du-1er-aout-2022-boni-yayi-veut-donner-ses-impressions-dans-une-emission-speciale\"]}]},{\"@type\":\"ImageObject\",\"inLanguage\":\"fr-FR\",\"@id\":\"https:\/\/www.africa-press.net\/benin\/politique\/defile-du-1er-aout-2022-boni-yayi-veut-donner-ses-impressions-dans-une-emission-speciale#primaryimage\",\"url\":\"https:\/\/static.africa-press.net\/benin\/sites\/46\/2022\/08\/postQueueImg_20.jpg\",\"contentUrl\":\"https:\/\/static.africa-press.net\/benin\/sites\/46\/2022\/08\/postQueueImg_20.jpg\",\"width\":1300,\"height\":866,\"caption\":\"D\u00e9fil\u00e9 du 1er ao\u00fbt 2022: Boni Yayi veut donner ses impressions dans une \u00e9mission sp\u00e9ciale\"},{\"@type\":\"BreadcrumbList\",\"@id\":\"https:\/\/www.africa-press.net\/benin\/politique\/defile-du-1er-aout-2022-boni-yayi-veut-donner-ses-impressions-dans-une-emission-speciale#breadcrumb\",\"itemListElement\":[{\"@type\":\"ListItem\",\"position\":1,\"name\":\"Accueil\",\"item\":\"https:\/\/www.africa-press.net\/benin\/\"},{\"@type\":\"ListItem\",\"position\":2,\"name\":\"D\u00e9fil\u00e9 du 1er ao\u00fbt 2022: Boni Yayi veut donner ses impressions dans une \u00e9mission sp\u00e9ciale\"}]},{\"@type\":\"WebSite\",\"@id\":\"https:\/\/www.africa-press.net\/benin\/#website\",\"url\":\"https:\/\/www.africa-press.net\/benin\/\",\"name\":\"B\u00e9nin\",\"description\":\"Just another Africa News Agency Sites site\",\"potentialAction\":[{\"@type\":\"SearchAction\",\"target\":{\"@type\":\"EntryPoint\",\"urlTemplate\":\"https:\/\/www.africa-press.net\/benin\/?s={search_term_string}\"},\"query-input\":{\"@type\":\"PropertyValueSpecification\",\"valueRequired\":true,\"valueName\":\"search_term_string\"}}],\"inLanguage\":\"fr-FR\"},{\"@type\":\"Person\",\"@id\":\"https:\/\/www.africa-press.net\/benin\/#\/schema\/person\/2b1cf3cd81a31e3cd26889ca66d677f1\",\"name\":\"cfeditorfr\"}]}<\/script>\n<!-- \/ Yoast SEO Premium plugin. -->","yoast_head_json":{"title":"D\u00e9fil\u00e9 du 1er ao\u00fbt 2022: Boni Yayi veut donner ses impressions dans une \u00e9mission sp\u00e9ciale - B\u00e9nin","description":"Ce 1er ao\u00fbt 2022, l\u2019ancien pr\u00e9sident Boni Yayi a sign\u00e9 son retour dans les tribunes officielles de la c\u00e9l\u00e9bration de la ...","robots":{"index":"index","follow":"follow","max-snippet":"max-snippet:-1","max-image-preview":"max-image-preview:large","max-video-preview":"max-video-preview:-1"},"canonical":"https:\/\/www.africa-press.net\/benin\/politique\/defile-du-1er-aout-2022-boni-yayi-veut-donner-ses-impressions-dans-une-emission-speciale","og_locale":"fr_FR","og_type":"article","og_title":"D\u00e9fil\u00e9 du 1er ao\u00fbt 2022: Boni Yayi veut donner ses impressions dans une \u00e9mission sp\u00e9ciale","og_description":"Ce 1er ao\u00fbt 2022, l\u2019ancien pr\u00e9sident Boni Yayi a sign\u00e9 son retour dans les tribunes officielles de la c\u00e9l\u00e9bration de la ...","og_url":"https:\/\/www.africa-press.net\/benin\/politique\/defile-du-1er-aout-2022-boni-yayi-veut-donner-ses-impressions-dans-une-emission-speciale","og_site_name":"B\u00e9nin","article_published_time":"2022-08-01T18:38:28+00:00","article_modified_time":"2022-08-01T18:57:43+00:00","og_image":[{"width":1300,"height":866,"url":"https:\/\/static.africa-press.net\/benin\/sites\/46\/2022\/08\/postQueueImg_20.jpg","type":"image\/jpeg"}],"author":"cfeditorfr","twitter_card":"summary_large_image","twitter_misc":{"\u00c9crit par":"cfeditorfr","Dur\u00e9e de lecture estim\u00e9e":"2 minutes"},"schema":{"@context":"https:\/\/schema.org","@graph":[{"@type":"Article","@id":"https:\/\/www.africa-press.net\/benin\/politique\/defile-du-1er-aout-2022-boni-yayi-veut-donner-ses-impressions-dans-une-emission-speciale#article","isPartOf":{"@id":"https:\/\/www.africa-press.net\/benin\/politique\/defile-du-1er-aout-2022-boni-yayi-veut-donner-ses-impressions-dans-une-emission-speciale"},"author":{"name":"cfeditorfr","@id":"https:\/\/www.africa-press.net\/benin\/#\/schema\/person\/2b1cf3cd81a31e3cd26889ca66d677f1"},"headline":"D\u00e9fil\u00e9 du 1er ao\u00fbt 2022: Boni Yayi veut donner ses impressions dans une \u00e9mission sp\u00e9ciale","datePublished":"2022-08-01T18:38:28+00:00","dateModified":"2022-08-01T18:57:43+00:00","mainEntityOfPage":{"@id":"https:\/\/www.africa-press.net\/benin\/politique\/defile-du-1er-aout-2022-boni-yayi-veut-donner-ses-impressions-dans-une-emission-speciale"},"wordCount":258,"commentCount":0,"image":{"@id":"https:\/\/www.africa-press.net\/benin\/politique\/defile-du-1er-aout-2022-boni-yayi-veut-donner-ses-impressions-dans-une-emission-speciale#primaryimage"},"thumbnailUrl":"https:\/\/static.africa-press.net\/benin\/sites\/46\/2022\/08\/postQueueImg_20.jpg","keywords":["Africa Press","Africa Press-Benin","B\u00e9nin"],"articleSection":["homepage-french","Politique","Top Nouvelles","Toutes les actualit\u00e9s"],"inLanguage":"fr-FR","potentialAction":[{"@type":"CommentAction","name":"Comment","target":["https:\/\/www.africa-press.net\/benin\/politique\/defile-du-1er-aout-2022-boni-yayi-veut-donner-ses-impressions-dans-une-emission-speciale#respond"]}]},{"@type":"WebPage","@id":"https:\/\/www.africa-press.net\/benin\/politique\/defile-du-1er-aout-2022-boni-yayi-veut-donner-ses-impressions-dans-une-emission-speciale","url":"https:\/\/www.africa-press.net\/benin\/politique\/defile-du-1er-aout-2022-boni-yayi-veut-donner-ses-impressions-dans-une-emission-speciale","name":"D\u00e9fil\u00e9 du 1er ao\u00fbt 2022: Boni Yayi veut donner ses impressions dans une \u00e9mission sp\u00e9ciale - B\u00e9nin","isPartOf":{"@id":"https:\/\/www.africa-press.net\/benin\/#website"},"primaryImageOfPage":{"@id":"https:\/\/www.africa-press.net\/benin\/politique\/defile-du-1er-aout-2022-boni-yayi-veut-donner-ses-impressions-dans-une-emission-speciale#primaryimage"},"image":{"@id":"https:\/\/www.africa-press.net\/benin\/politique\/defile-du-1er-aout-2022-boni-yayi-veut-donner-ses-impressions-dans-une-emission-speciale#primaryimage"},"thumbnailUrl":"https:\/\/static.africa-press.net\/benin\/sites\/46\/2022\/08\/postQueueImg_20.jpg","datePublished":"2022-08-01T18:38:28+00:00","dateModified":"2022-08-01T18:57:43+00:00","author":{"@id":"https:\/\/www.africa-press.net\/benin\/#\/schema\/person\/2b1cf3cd81a31e3cd26889ca66d677f1"},"description":"Ce 1er ao\u00fbt 2022, l\u2019ancien pr\u00e9sident Boni Yayi a sign\u00e9 son retour dans les tribunes officielles de la c\u00e9l\u00e9bration de la ...","breadcrumb":{"@id":"https:\/\/www.africa-press.net\/benin\/politique\/defile-du-1er-aout-2022-boni-yayi-veut-donner-ses-impressions-dans-une-emission-speciale#breadcrumb"},"inLanguage":"fr-FR","potentialAction":[{"@type":"ReadAction","target":["https:\/\/www.africa-press.net\/benin\/politique\/defile-du-1er-aout-2022-boni-yayi-veut-donner-ses-impressions-dans-une-emission-speciale"]}]},{"@type":"ImageObject","inLanguage":"fr-FR","@id":"https:\/\/www.africa-press.net\/benin\/politique\/defile-du-1er-aout-2022-boni-yayi-veut-donner-ses-impressions-dans-une-emission-speciale#primaryimage","url":"https:\/\/static.africa-press.net\/benin\/sites\/46\/2022\/08\/postQueueImg_20.jpg","contentUrl":"https:\/\/static.africa-press.net\/benin\/sites\/46\/2022\/08\/postQueueImg_20.jpg","width":1300,"height":866,"caption":"D\u00e9fil\u00e9 du 1er ao\u00fbt 2022: Boni Yayi veut donner ses impressions dans une \u00e9mission sp\u00e9ciale"},{"@type":"BreadcrumbList","@id":"https:\/\/www.africa-press.net\/benin\/politique\/defile-du-1er-aout-2022-boni-yayi-veut-donner-ses-impressions-dans-une-emission-speciale#breadcrumb","itemListElement":[{"@type":"ListItem","position":1,"name":"Accueil","item":"https:\/\/www.africa-press.net\/benin\/"},{"@type":"ListItem","position":2,"name":"D\u00e9fil\u00e9 du 1er ao\u00fbt 2022: Boni Yayi veut donner ses impressions dans une \u00e9mission sp\u00e9ciale"}]},{"@type":"WebSite","@id":"https:\/\/www.africa-press.net\/benin\/#website","url":"https:\/\/www.africa-press.net\/benin\/","name":"B\u00e9nin","description":"Just another Africa News Agency Sites site","potentialAction":[{"@type":"SearchAction","target":{"@type":"EntryPoint","urlTemplate":"https:\/\/www.africa-press.net\/benin\/?s={search_term_string}"},"query-input":{"@type":"PropertyValueSpecification","valueRequired":true,"valueName":"search_term_string"}}],"inLanguage":"fr-FR"},{"@type":"Person","@id":"https:\/\/www.africa-press.net\/benin\/#\/schema\/person\/2b1cf3cd81a31e3cd26889ca66d677f1","name":"cfeditorfr"}]}},"_links":{"self":[{"href":"https:\/\/www.africa-press.net\/benin\/wp-json\/wp\/v2\/posts\/7526","targetHints":{"allow":["GET"]}}],"collection":[{"href":"https:\/\/www.africa-press.net\/benin\/wp-json\/wp\/v2\/posts"}],"about":[{"href":"https:\/\/www.africa-press.net\/benin\/wp-json\/wp\/v2\/types\/post"}],"author":[{"embeddable":true,"href":"https:\/\/www.africa-press.net\/benin\/wp-json\/wp\/v2\/users\/82"}],"replies":[{"embeddable":true,"href":"https:\/\/www.africa-press.net\/benin\/wp-json\/wp\/v2\/comments?post=7526"}],"version-history":[{"count":0,"href":"https:\/\/www.africa-press.net\/benin\/wp-json\/wp\/v2\/posts\/7526\/revisions"}],"wp:featuredmedia":[{"embeddable":true,"href":"https:\/\/www.africa-press.net\/benin\/wp-json\/wp\/v2\/media\/7525"}],"wp:attachment":[{"href":"https:\/\/www.africa-press.net\/benin\/wp-json\/wp\/v2\/media?parent=7526"}],"wp:term":[{"taxonomy":"category","embeddable":true,"href":"https:\/\/www.africa-press.net\/benin\/wp-json\/wp\/v2\/categories?post=7526"},{"taxonomy":"post_tag","embeddable":true,"href":"https:\/\/www.africa-press.net\/benin\/wp-json\/wp\/v2\/tags?post=7526"}],"curies":[{"name":"wp","href":"https:\/\/api.w.org\/{rel}","templated":true}]}}