{"id":7529,"date":"2022-08-01T18:38:35","date_gmt":"2022-08-01T18:38:35","guid":{"rendered":"https:\/\/www.africa-press.net\/benin\/politique\/benin-presents-aux-manifestations-du-1er-aout-soglo-et-yayi-jouent-la-carte-de-la-prudence"},"modified":"2022-08-01T18:58:17","modified_gmt":"2022-08-01T18:58:17","slug":"benin-presents-aux-manifestations-du-1er-aout-soglo-et-yayi-jouent-la-carte-de-la-prudence","status":"publish","type":"post","link":"https:\/\/www.africa-press.net\/benin\/politique\/benin-presents-aux-manifestations-du-1er-aout-soglo-et-yayi-jouent-la-carte-de-la-prudence","title":{"rendered":"B\u00e9nin: pr\u00e9sents aux manifestations du 1er Ao\u00fbt, Soglo et Yayi jouent la carte de la prudence"},"content":{"rendered":"<p><span style=\"color: #ff6600\"><strong>Africa-Press &#8211; Benin. <\/strong><\/span>Les anciens pr\u00e9sidents Nic\u00e9phore Soglo et Thomas Boni Yayi \u00e9taient ce matin \u00e0 l\u2019esplanade des Amazones o\u00f9 se sont d\u00e9roul\u00e9es les manifestations officielles de la f\u00eate du 1er Ao\u00fbt. Mais \u00e0 l\u2019issue des c\u00e9r\u00e9monies, les deux anciens chefs d\u2019Etat se sont abstenus de donner leurs impressions \u00e0 chaud.<\/p>\n<p>Les anciens pr\u00e9sidents Nic\u00e9phore Soglo et Thomas Boni Yayi pr\u00e9sents aux manifestations officielles des 62 ans d\u2019ind\u00e9pendance du B\u00e9nin n\u2019ont pas confi\u00e9 leurs impressions au terme des c\u00e9r\u00e9monies officielles.<\/p>\n<p>Si l\u2019ancien pr\u00e9sident Thomas Boni Yayi a trouv\u00e9 une \u00e9chappatoire pour se soustraire des micros des confr\u00e8res de la radio nationale, le vice pr\u00e9sident du forum des anciens chefs d\u2019Etat d\u2019Afrique, Nic\u00e9phore Soglo a fait l\u2019option du silence face aux tentatives des journalistes de recueillir ses impressions.<\/p>\n<p>Du reste, l\u2019ancien pr\u00e9sident Thomas Boni Yayi n\u2019a pas refus\u00e9 de donner ses impressions. Il a simplement fait la promesse de le faire bient\u00f4t dans une \u00e9mission sp\u00e9ciale sans aucune autre pr\u00e9cision. Une posture des deux anciens chefs d\u2019Etat que d\u2019aucun qualifient de \u00ab prudence politique \u00bb.<\/p>\n<p>Soglo et Yayi jouent-ils \u00e0 la carte de la prudence ?<\/p>\n<p>Peut-on comprendre par l\u2019option de ces deux anciens pr\u00e9sidents de la R\u00e9publique, une attitude prudente ? Qu\u2019il vous souvienne que depuis quelques ann\u00e9es, les deux hommes d\u2019Etat sont en froid avec le pr\u00e9sident Patrice Talon avec qui ils ne partagent pas la vision politique.<\/p>\n<p>En cons\u00e9quence, les deux anciens pr\u00e9sidents de la R\u00e9publique boycottent depuis quelques ann\u00e9es les invitations du gouvernement pour participer aux manifestations officielles de la f\u00eate du 1er AO\u00fbt.<\/p>\n<p>Leur pr\u00e9sence ce lundi 1er Ao\u00fbt 2022 aux c\u00f4t\u00e9s du pr\u00e9sident de la R\u00e9publique fait suite \u00e0 l\u2019audience que ce dernier leur a accord\u00e9e quelques semaines auparavant. Le but en effet de ces audiences au palais de la R\u00e9publique \u00e9tait de travailler pour l\u2019apaisement du climat politique.<\/p>\n<p>Il avait donc des efforts \u00e0 faire de part et d\u2019autres. Ce qui est le plus attendu du c\u00f4t\u00e9 du pr\u00e9sident de la R\u00e9publique est la lib\u00e9ration des prisonniers politiques notamment de Reckya Madougou et de Joel A\u00efvo et le retour au pays des exil\u00e9s.<\/p>\n<p>A quelques jours de la f\u00eate nationale, le gouvernement a pos\u00e9 des actes forts avec la lib\u00e9ration d\u2019une trentaine de personnalit\u00e9s et activistes politiques emprisonn\u00e9s pour des faits jug\u00e9s attentatoires \u00e0 l\u2019Etat de droit.<\/p>\n<p>Ce d\u00e9but d\u2019actes qui contribuent au d\u00e9gel de la crise sociopolitique semble ne pas \u00eatre satisfaisant pour les anciens chefs d\u2019Etat. En acceptant d\u2019\u00eatre aux manifestations officielles de ce matin, c\u2019\u00e9tait semble-t-il, pour honorer leur part du contrat en attendant que le chef de l\u2019Etat aille plus loin dans ses engagements.<\/p>\n<p>Conscient de l\u2019image que leur pr\u00e9sence projette \u00e0 l\u2019international, il semble qu\u2019ils ne veulent pas aller plus loin en faisant des d\u00e9clarations fracassantes o\u00f9 ils se sentiront oblig\u00e9s de vanter les m\u00e9rites du pouvoir en place alors qu\u2019ils n\u2019ont encore aucune garantie du retour des exil\u00e9s politiques au B\u00e9nin. Ils jouent sans doute la carte de la prudence, conscients qu\u2019en face d\u2019eux tout est fait \u00e0 dessein et tout se calcule au millim\u00e8tre pr\u00e8s.<\/p>\n<p><strong>Pour plus d&rsquo;informations et d&rsquo;analyses sur la <a href=\"https:\/\/www.africa-press.net\/benin\">Benin<\/a>, suivez <a href=\"https:\/\/www.africa-press.net\/\">Africa-Press<\/a><\/strong><\/p>\n","protected":false},"excerpt":{"rendered":"<p>Africa-Press &#8211; Benin. Les anciens pr\u00e9sidents Nic\u00e9phore Soglo et Thomas Boni Yayi \u00e9taient ce matin \u00e0 l\u2019esplanade des Amazones o\u00f9 se sont d\u00e9roul\u00e9es les manifestations officielles de la f\u00eate du 1er Ao\u00fbt. Mais \u00e0 l\u2019issue des c\u00e9r\u00e9monies, les deux anciens chefs d\u2019Etat se sont abstenus de donner leurs impressions \u00e0 chaud. Les anciens pr\u00e9sidents Nic\u00e9phore [&hellip;]<\/p>\n","protected":false},"author":82,"featured_media":7528,"comment_status":"open","ping_status":"closed","sticky":false,"template":"","format":"standard","meta":{"footnotes":""},"categories":[11,2,10],"tags":[36,50,45],"class_list":["post-7529","post","type-post","status-publish","format-standard","has-post-thumbnail","hentry","category-homepage-french","category-politique","category-toutes-les-actualites","tag-africa-press","tag-africa-press-benin","tag-benin"],"yoast_head":"<!-- This site is optimized with the Yoast SEO Premium plugin v26.1 (Yoast SEO v27.0) - https:\/\/yoast.com\/product\/yoast-seo-premium-wordpress\/ -->\n<title>B\u00e9nin: pr\u00e9sents aux manifestations du 1er Ao\u00fbt, Soglo et Yayi jouent la carte de la prudence - B\u00e9nin<\/title>\n<meta name=\"description\" content=\"Les anciens pr\u00e9sidents Nic\u00e9phore Soglo et Thomas Boni Yayi \u00e9taient ce matin \u00e0 l\u2019esplanade des Amazones o\u00f9 se sont d\u00e9roul ...\" \/>\n<meta name=\"robots\" content=\"index, follow, max-snippet:-1, max-image-preview:large, max-video-preview:-1\" \/>\n<link rel=\"canonical\" href=\"https:\/\/www.africa-press.net\/benin\/politique\/benin-presents-aux-manifestations-du-1er-aout-soglo-et-yayi-jouent-la-carte-de-la-prudence\" \/>\n<meta property=\"og:locale\" content=\"fr_FR\" \/>\n<meta property=\"og:type\" content=\"article\" \/>\n<meta property=\"og:title\" content=\"B\u00e9nin: pr\u00e9sents aux manifestations du 1er Ao\u00fbt, Soglo et Yayi jouent la carte de la prudence\" \/>\n<meta property=\"og:description\" content=\"Les anciens pr\u00e9sidents Nic\u00e9phore Soglo et Thomas Boni Yayi \u00e9taient ce matin \u00e0 l\u2019esplanade des Amazones o\u00f9 se sont d\u00e9roul ...\" \/>\n<meta property=\"og:url\" content=\"https:\/\/www.africa-press.net\/benin\/politique\/benin-presents-aux-manifestations-du-1er-aout-soglo-et-yayi-jouent-la-carte-de-la-prudence\" \/>\n<meta property=\"og:site_name\" content=\"B\u00e9nin\" \/>\n<meta property=\"article:published_time\" content=\"2022-08-01T18:38:35+00:00\" \/>\n<meta property=\"article:modified_time\" content=\"2022-08-01T18:58:17+00:00\" \/>\n<meta property=\"og:image\" content=\"https:\/\/static.africa-press.net\/benin\/sites\/46\/2022\/08\/postQueueImg_21.jpg\" \/>\n\t<meta property=\"og:image:width\" content=\"1286\" \/>\n\t<meta property=\"og:image:height\" content=\"675\" \/>\n\t<meta property=\"og:image:type\" content=\"image\/jpeg\" \/>\n<meta name=\"author\" content=\"cfeditorfr\" \/>\n<meta name=\"twitter:card\" content=\"summary_large_image\" \/>\n<meta name=\"twitter:label1\" content=\"\u00c9crit par\" \/>\n\t<meta name=\"twitter:data1\" content=\"cfeditorfr\" \/>\n\t<meta name=\"twitter:label2\" content=\"Dur\u00e9e de lecture estim\u00e9e\" \/>\n\t<meta name=\"twitter:data2\" content=\"3 minutes\" \/>\n<script type=\"application\/ld+json\" class=\"yoast-schema-graph\">{\"@context\":\"https:\/\/schema.org\",\"@graph\":[{\"@type\":\"Article\",\"@id\":\"https:\/\/www.africa-press.net\/benin\/politique\/benin-presents-aux-manifestations-du-1er-aout-soglo-et-yayi-jouent-la-carte-de-la-prudence#article\",\"isPartOf\":{\"@id\":\"https:\/\/www.africa-press.net\/benin\/politique\/benin-presents-aux-manifestations-du-1er-aout-soglo-et-yayi-jouent-la-carte-de-la-prudence\"},\"author\":{\"name\":\"cfeditorfr\",\"@id\":\"https:\/\/www.africa-press.net\/benin\/#\/schema\/person\/2b1cf3cd81a31e3cd26889ca66d677f1\"},\"headline\":\"B\u00e9nin: pr\u00e9sents aux manifestations du 1er Ao\u00fbt, Soglo et Yayi jouent la carte de la prudence\",\"datePublished\":\"2022-08-01T18:38:35+00:00\",\"dateModified\":\"2022-08-01T18:58:17+00:00\",\"mainEntityOfPage\":{\"@id\":\"https:\/\/www.africa-press.net\/benin\/politique\/benin-presents-aux-manifestations-du-1er-aout-soglo-et-yayi-jouent-la-carte-de-la-prudence\"},\"wordCount\":619,\"commentCount\":0,\"image\":{\"@id\":\"https:\/\/www.africa-press.net\/benin\/politique\/benin-presents-aux-manifestations-du-1er-aout-soglo-et-yayi-jouent-la-carte-de-la-prudence#primaryimage\"},\"thumbnailUrl\":\"https:\/\/static.africa-press.net\/benin\/sites\/46\/2022\/08\/postQueueImg_21.jpg\",\"keywords\":[\"Africa Press\",\"Africa Press-Benin\",\"B\u00e9nin\"],\"articleSection\":[\"homepage-french\",\"Politique\",\"Toutes les actualit\u00e9s\"],\"inLanguage\":\"fr-FR\",\"potentialAction\":[{\"@type\":\"CommentAction\",\"name\":\"Comment\",\"target\":[\"https:\/\/www.africa-press.net\/benin\/politique\/benin-presents-aux-manifestations-du-1er-aout-soglo-et-yayi-jouent-la-carte-de-la-prudence#respond\"]}]},{\"@type\":\"WebPage\",\"@id\":\"https:\/\/www.africa-press.net\/benin\/politique\/benin-presents-aux-manifestations-du-1er-aout-soglo-et-yayi-jouent-la-carte-de-la-prudence\",\"url\":\"https:\/\/www.africa-press.net\/benin\/politique\/benin-presents-aux-manifestations-du-1er-aout-soglo-et-yayi-jouent-la-carte-de-la-prudence\",\"name\":\"B\u00e9nin: pr\u00e9sents aux manifestations du 1er Ao\u00fbt, Soglo et Yayi jouent la carte de la prudence - B\u00e9nin\",\"isPartOf\":{\"@id\":\"https:\/\/www.africa-press.net\/benin\/#website\"},\"primaryImageOfPage\":{\"@id\":\"https:\/\/www.africa-press.net\/benin\/politique\/benin-presents-aux-manifestations-du-1er-aout-soglo-et-yayi-jouent-la-carte-de-la-prudence#primaryimage\"},\"image\":{\"@id\":\"https:\/\/www.africa-press.net\/benin\/politique\/benin-presents-aux-manifestations-du-1er-aout-soglo-et-yayi-jouent-la-carte-de-la-prudence#primaryimage\"},\"thumbnailUrl\":\"https:\/\/static.africa-press.net\/benin\/sites\/46\/2022\/08\/postQueueImg_21.jpg\",\"datePublished\":\"2022-08-01T18:38:35+00:00\",\"dateModified\":\"2022-08-01T18:58:17+00:00\",\"author\":{\"@id\":\"https:\/\/www.africa-press.net\/benin\/#\/schema\/person\/2b1cf3cd81a31e3cd26889ca66d677f1\"},\"description\":\"Les anciens pr\u00e9sidents Nic\u00e9phore Soglo et Thomas Boni Yayi \u00e9taient ce matin \u00e0 l\u2019esplanade des Amazones o\u00f9 se sont d\u00e9roul ...\",\"breadcrumb\":{\"@id\":\"https:\/\/www.africa-press.net\/benin\/politique\/benin-presents-aux-manifestations-du-1er-aout-soglo-et-yayi-jouent-la-carte-de-la-prudence#breadcrumb\"},\"inLanguage\":\"fr-FR\",\"potentialAction\":[{\"@type\":\"ReadAction\",\"target\":[\"https:\/\/www.africa-press.net\/benin\/politique\/benin-presents-aux-manifestations-du-1er-aout-soglo-et-yayi-jouent-la-carte-de-la-prudence\"]}]},{\"@type\":\"ImageObject\",\"inLanguage\":\"fr-FR\",\"@id\":\"https:\/\/www.africa-press.net\/benin\/politique\/benin-presents-aux-manifestations-du-1er-aout-soglo-et-yayi-jouent-la-carte-de-la-prudence#primaryimage\",\"url\":\"https:\/\/static.africa-press.net\/benin\/sites\/46\/2022\/08\/postQueueImg_21.jpg\",\"contentUrl\":\"https:\/\/static.africa-press.net\/benin\/sites\/46\/2022\/08\/postQueueImg_21.jpg\",\"width\":1286,\"height\":675,\"caption\":\"B\u00e9nin: pr\u00e9sents aux manifestations du 1er Ao\u00fbt, Soglo et Yayi jouent la carte de la prudence\"},{\"@type\":\"BreadcrumbList\",\"@id\":\"https:\/\/www.africa-press.net\/benin\/politique\/benin-presents-aux-manifestations-du-1er-aout-soglo-et-yayi-jouent-la-carte-de-la-prudence#breadcrumb\",\"itemListElement\":[{\"@type\":\"ListItem\",\"position\":1,\"name\":\"Accueil\",\"item\":\"https:\/\/www.africa-press.net\/benin\/\"},{\"@type\":\"ListItem\",\"position\":2,\"name\":\"B\u00e9nin: pr\u00e9sents aux manifestations du 1er Ao\u00fbt, Soglo et Yayi jouent la carte de la prudence\"}]},{\"@type\":\"WebSite\",\"@id\":\"https:\/\/www.africa-press.net\/benin\/#website\",\"url\":\"https:\/\/www.africa-press.net\/benin\/\",\"name\":\"B\u00e9nin\",\"description\":\"Just another Africa News Agency Sites site\",\"potentialAction\":[{\"@type\":\"SearchAction\",\"target\":{\"@type\":\"EntryPoint\",\"urlTemplate\":\"https:\/\/www.africa-press.net\/benin\/?s={search_term_string}\"},\"query-input\":{\"@type\":\"PropertyValueSpecification\",\"valueRequired\":true,\"valueName\":\"search_term_string\"}}],\"inLanguage\":\"fr-FR\"},{\"@type\":\"Person\",\"@id\":\"https:\/\/www.africa-press.net\/benin\/#\/schema\/person\/2b1cf3cd81a31e3cd26889ca66d677f1\",\"name\":\"cfeditorfr\"}]}<\/script>\n<!-- \/ Yoast SEO Premium plugin. -->","yoast_head_json":{"title":"B\u00e9nin: pr\u00e9sents aux manifestations du 1er Ao\u00fbt, Soglo et Yayi jouent la carte de la prudence - B\u00e9nin","description":"Les anciens pr\u00e9sidents Nic\u00e9phore Soglo et Thomas Boni Yayi \u00e9taient ce matin \u00e0 l\u2019esplanade des Amazones o\u00f9 se sont d\u00e9roul ...","robots":{"index":"index","follow":"follow","max-snippet":"max-snippet:-1","max-image-preview":"max-image-preview:large","max-video-preview":"max-video-preview:-1"},"canonical":"https:\/\/www.africa-press.net\/benin\/politique\/benin-presents-aux-manifestations-du-1er-aout-soglo-et-yayi-jouent-la-carte-de-la-prudence","og_locale":"fr_FR","og_type":"article","og_title":"B\u00e9nin: pr\u00e9sents aux manifestations du 1er Ao\u00fbt, Soglo et Yayi jouent la carte de la prudence","og_description":"Les anciens pr\u00e9sidents Nic\u00e9phore Soglo et Thomas Boni Yayi \u00e9taient ce matin \u00e0 l\u2019esplanade des Amazones o\u00f9 se sont d\u00e9roul ...","og_url":"https:\/\/www.africa-press.net\/benin\/politique\/benin-presents-aux-manifestations-du-1er-aout-soglo-et-yayi-jouent-la-carte-de-la-prudence","og_site_name":"B\u00e9nin","article_published_time":"2022-08-01T18:38:35+00:00","article_modified_time":"2022-08-01T18:58:17+00:00","og_image":[{"width":1286,"height":675,"url":"https:\/\/static.africa-press.net\/benin\/sites\/46\/2022\/08\/postQueueImg_21.jpg","type":"image\/jpeg"}],"author":"cfeditorfr","twitter_card":"summary_large_image","twitter_misc":{"\u00c9crit par":"cfeditorfr","Dur\u00e9e de lecture estim\u00e9e":"3 minutes"},"schema":{"@context":"https:\/\/schema.org","@graph":[{"@type":"Article","@id":"https:\/\/www.africa-press.net\/benin\/politique\/benin-presents-aux-manifestations-du-1er-aout-soglo-et-yayi-jouent-la-carte-de-la-prudence#article","isPartOf":{"@id":"https:\/\/www.africa-press.net\/benin\/politique\/benin-presents-aux-manifestations-du-1er-aout-soglo-et-yayi-jouent-la-carte-de-la-prudence"},"author":{"name":"cfeditorfr","@id":"https:\/\/www.africa-press.net\/benin\/#\/schema\/person\/2b1cf3cd81a31e3cd26889ca66d677f1"},"headline":"B\u00e9nin: pr\u00e9sents aux manifestations du 1er Ao\u00fbt, Soglo et Yayi jouent la carte de la prudence","datePublished":"2022-08-01T18:38:35+00:00","dateModified":"2022-08-01T18:58:17+00:00","mainEntityOfPage":{"@id":"https:\/\/www.africa-press.net\/benin\/politique\/benin-presents-aux-manifestations-du-1er-aout-soglo-et-yayi-jouent-la-carte-de-la-prudence"},"wordCount":619,"commentCount":0,"image":{"@id":"https:\/\/www.africa-press.net\/benin\/politique\/benin-presents-aux-manifestations-du-1er-aout-soglo-et-yayi-jouent-la-carte-de-la-prudence#primaryimage"},"thumbnailUrl":"https:\/\/static.africa-press.net\/benin\/sites\/46\/2022\/08\/postQueueImg_21.jpg","keywords":["Africa Press","Africa Press-Benin","B\u00e9nin"],"articleSection":["homepage-french","Politique","Toutes les actualit\u00e9s"],"inLanguage":"fr-FR","potentialAction":[{"@type":"CommentAction","name":"Comment","target":["https:\/\/www.africa-press.net\/benin\/politique\/benin-presents-aux-manifestations-du-1er-aout-soglo-et-yayi-jouent-la-carte-de-la-prudence#respond"]}]},{"@type":"WebPage","@id":"https:\/\/www.africa-press.net\/benin\/politique\/benin-presents-aux-manifestations-du-1er-aout-soglo-et-yayi-jouent-la-carte-de-la-prudence","url":"https:\/\/www.africa-press.net\/benin\/politique\/benin-presents-aux-manifestations-du-1er-aout-soglo-et-yayi-jouent-la-carte-de-la-prudence","name":"B\u00e9nin: pr\u00e9sents aux manifestations du 1er Ao\u00fbt, Soglo et Yayi jouent la carte de la prudence - B\u00e9nin","isPartOf":{"@id":"https:\/\/www.africa-press.net\/benin\/#website"},"primaryImageOfPage":{"@id":"https:\/\/www.africa-press.net\/benin\/politique\/benin-presents-aux-manifestations-du-1er-aout-soglo-et-yayi-jouent-la-carte-de-la-prudence#primaryimage"},"image":{"@id":"https:\/\/www.africa-press.net\/benin\/politique\/benin-presents-aux-manifestations-du-1er-aout-soglo-et-yayi-jouent-la-carte-de-la-prudence#primaryimage"},"thumbnailUrl":"https:\/\/static.africa-press.net\/benin\/sites\/46\/2022\/08\/postQueueImg_21.jpg","datePublished":"2022-08-01T18:38:35+00:00","dateModified":"2022-08-01T18:58:17+00:00","author":{"@id":"https:\/\/www.africa-press.net\/benin\/#\/schema\/person\/2b1cf3cd81a31e3cd26889ca66d677f1"},"description":"Les anciens pr\u00e9sidents Nic\u00e9phore Soglo et Thomas Boni Yayi \u00e9taient ce matin \u00e0 l\u2019esplanade des Amazones o\u00f9 se sont d\u00e9roul ...","breadcrumb":{"@id":"https:\/\/www.africa-press.net\/benin\/politique\/benin-presents-aux-manifestations-du-1er-aout-soglo-et-yayi-jouent-la-carte-de-la-prudence#breadcrumb"},"inLanguage":"fr-FR","potentialAction":[{"@type":"ReadAction","target":["https:\/\/www.africa-press.net\/benin\/politique\/benin-presents-aux-manifestations-du-1er-aout-soglo-et-yayi-jouent-la-carte-de-la-prudence"]}]},{"@type":"ImageObject","inLanguage":"fr-FR","@id":"https:\/\/www.africa-press.net\/benin\/politique\/benin-presents-aux-manifestations-du-1er-aout-soglo-et-yayi-jouent-la-carte-de-la-prudence#primaryimage","url":"https:\/\/static.africa-press.net\/benin\/sites\/46\/2022\/08\/postQueueImg_21.jpg","contentUrl":"https:\/\/static.africa-press.net\/benin\/sites\/46\/2022\/08\/postQueueImg_21.jpg","width":1286,"height":675,"caption":"B\u00e9nin: pr\u00e9sents aux manifestations du 1er Ao\u00fbt, Soglo et Yayi jouent la carte de la prudence"},{"@type":"BreadcrumbList","@id":"https:\/\/www.africa-press.net\/benin\/politique\/benin-presents-aux-manifestations-du-1er-aout-soglo-et-yayi-jouent-la-carte-de-la-prudence#breadcrumb","itemListElement":[{"@type":"ListItem","position":1,"name":"Accueil","item":"https:\/\/www.africa-press.net\/benin\/"},{"@type":"ListItem","position":2,"name":"B\u00e9nin: pr\u00e9sents aux manifestations du 1er Ao\u00fbt, Soglo et Yayi jouent la carte de la prudence"}]},{"@type":"WebSite","@id":"https:\/\/www.africa-press.net\/benin\/#website","url":"https:\/\/www.africa-press.net\/benin\/","name":"B\u00e9nin","description":"Just another Africa News Agency Sites site","potentialAction":[{"@type":"SearchAction","target":{"@type":"EntryPoint","urlTemplate":"https:\/\/www.africa-press.net\/benin\/?s={search_term_string}"},"query-input":{"@type":"PropertyValueSpecification","valueRequired":true,"valueName":"search_term_string"}}],"inLanguage":"fr-FR"},{"@type":"Person","@id":"https:\/\/www.africa-press.net\/benin\/#\/schema\/person\/2b1cf3cd81a31e3cd26889ca66d677f1","name":"cfeditorfr"}]}},"_links":{"self":[{"href":"https:\/\/www.africa-press.net\/benin\/wp-json\/wp\/v2\/posts\/7529","targetHints":{"allow":["GET"]}}],"collection":[{"href":"https:\/\/www.africa-press.net\/benin\/wp-json\/wp\/v2\/posts"}],"about":[{"href":"https:\/\/www.africa-press.net\/benin\/wp-json\/wp\/v2\/types\/post"}],"author":[{"embeddable":true,"href":"https:\/\/www.africa-press.net\/benin\/wp-json\/wp\/v2\/users\/82"}],"replies":[{"embeddable":true,"href":"https:\/\/www.africa-press.net\/benin\/wp-json\/wp\/v2\/comments?post=7529"}],"version-history":[{"count":0,"href":"https:\/\/www.africa-press.net\/benin\/wp-json\/wp\/v2\/posts\/7529\/revisions"}],"wp:featuredmedia":[{"embeddable":true,"href":"https:\/\/www.africa-press.net\/benin\/wp-json\/wp\/v2\/media\/7528"}],"wp:attachment":[{"href":"https:\/\/www.africa-press.net\/benin\/wp-json\/wp\/v2\/media?parent=7529"}],"wp:term":[{"taxonomy":"category","embeddable":true,"href":"https:\/\/www.africa-press.net\/benin\/wp-json\/wp\/v2\/categories?post=7529"},{"taxonomy":"post_tag","embeddable":true,"href":"https:\/\/www.africa-press.net\/benin\/wp-json\/wp\/v2\/tags?post=7529"}],"curies":[{"name":"wp","href":"https:\/\/api.w.org\/{rel}","templated":true}]}}