{"id":7544,"date":"2022-08-03T19:59:15","date_gmt":"2022-08-03T19:59:15","guid":{"rendered":"https:\/\/www.africa-press.net\/benin\/politique\/benin-quand-les-agodjies-devoilent-le-cote-emotif-de-patrice-talon"},"modified":"2022-08-03T20:27:06","modified_gmt":"2022-08-03T20:27:06","slug":"benin-quand-les-agodjies-devoilent-le-cote-emotif-de-patrice-talon","status":"publish","type":"post","link":"https:\/\/www.africa-press.net\/benin\/politique\/benin-quand-les-agodjies-devoilent-le-cote-emotif-de-patrice-talon","title":{"rendered":"B\u00e9nin : quand les \u00ab\u00a0agodji\u00e9s\u00a0\u00bb d\u00e9voilent le c\u00f4t\u00e9 \u00e9motif de Patrice Talon"},"content":{"rendered":"<p><span style=\"color: #ff6600\"><strong>Africa-Press &#8211; Benin. <\/strong><\/span>Ce lundi 1er ao\u00fbt 2022, le B\u00e9nin a c\u00e9l\u00e9br\u00e9 le 62\u00e8me anniversaire de son accession \u00e0 l\u2019ind\u00e9pendance. Pour la circonstance, un tableau artistique ex\u00e9cut\u00e9 par un groupe de jeunes filles en l\u2019honneur des agodji\u00e9s a \u00e9mu aux larmes le Pr\u00e9sident Patrice Talon.<\/p>\n<p>Lundi 1er ao\u00fbt 2022, la ville de Cotonou, m\u00e9tamorphos\u00e9e par les travaux de r\u00e9novation, a abrit\u00e9 les manifestations officielles marquant le 62e anniversaire de l\u2019accession \u00e0 la souverainet\u00e9 nationale et internationale du B\u00e9nin. Apr\u00e8s le d\u00e9p\u00f4t de gerbe au pied du monument aux D\u00e9vou\u00e9s dans le \u00ab Jardin de Mathieu \u00bb par le pr\u00e9sident Patrice Talon, les manifestations ont continu\u00e9 sur \u00bb l\u2019Esplanade des Amazones.<\/p>\n<p>Pour cette premi\u00e8re c\u00e9l\u00e9bration post-Covid, il y a eu le retour du d\u00e9fil\u00e9 militaire et paramilitaire et civil au Boulevard de la Marina. En ce qui concerne le d\u00e9fil\u00e9 civil, un splendide tableau artistique ex\u00e9cut\u00e9 par un groupe de jeunes filles a fait rire aux larmes le chef supr\u00eame des arm\u00e9es, le Pr\u00e9sident Patrice Talon. Il s\u2019agit d\u2019un tableau artistique fait de chants et danses pour c\u00e9l\u00e9brer ce corps de soldats exclusivement f\u00e9minins cr\u00e9\u00e9 par la reine Tassi Hangb\u00e9, appel\u00e9 les \u00ab agodji\u00e9s \u00bb.<\/p>\n<p>En effet, pendant cette belle prestation charg\u00e9e d\u2019\u00e9motions qui a m\u00e9rit\u00e9 le \u00ab standing ovation \u00bb de plusieurs personnalit\u00e9s pr\u00e9sentes, une parole du chant ex\u00e9cut\u00e9 par les jeunes filles a particuli\u00e8rement fait vibrer Patrice Talon. \u00ab Que les incirconcis ( hommes incapables) du groupe ne se hasardent pas \u00e0 venir \u00bb a d\u00e9clar\u00e9 les jeunes filles dans une s\u00e9quence devenue virale. Une s\u00e9quence dans la quelle on voit le Pr\u00e9sident b\u00e9ninois, tr\u00e8s \u00e9mu, rire aux larmes. Un c\u00f4t\u00e9 \u00e9motif de l\u2019homme d\u2019affaires qui transparait tr\u00e8s rarement.<\/p>\n<p><strong>Pour plus d&rsquo;informations et d&rsquo;analyses sur la <a href=\"https:\/\/www.africa-press.net\/benin\">Benin<\/a>, suivez <a href=\"https:\/\/www.africa-press.net\/\">Africa-Press<\/a><\/strong><\/p>\n","protected":false},"excerpt":{"rendered":"<p>Africa-Press &#8211; Benin. Ce lundi 1er ao\u00fbt 2022, le B\u00e9nin a c\u00e9l\u00e9br\u00e9 le 62\u00e8me anniversaire de son accession \u00e0 l\u2019ind\u00e9pendance. Pour la circonstance, un tableau artistique ex\u00e9cut\u00e9 par un groupe de jeunes filles en l\u2019honneur des agodji\u00e9s a \u00e9mu aux larmes le Pr\u00e9sident Patrice Talon. Lundi 1er ao\u00fbt 2022, la ville de Cotonou, m\u00e9tamorphos\u00e9e par [&hellip;]<\/p>\n","protected":false},"author":82,"featured_media":7543,"comment_status":"open","ping_status":"closed","sticky":false,"template":"","format":"standard","meta":{"footnotes":""},"categories":[11,2,10],"tags":[36,50,45],"class_list":["post-7544","post","type-post","status-publish","format-standard","has-post-thumbnail","hentry","category-homepage-french","category-politique","category-toutes-les-actualites","tag-africa-press","tag-africa-press-benin","tag-benin"],"yoast_head":"<!-- This site is optimized with the Yoast SEO Premium plugin v26.1 (Yoast SEO v27.0) - https:\/\/yoast.com\/product\/yoast-seo-premium-wordpress\/ -->\n<title>B\u00e9nin : quand les \u00ab\u00a0agodji\u00e9s\u00a0\u00bb d\u00e9voilent le c\u00f4t\u00e9 \u00e9motif de Patrice Talon - B\u00e9nin<\/title>\n<meta name=\"description\" content=\"Ce lundi 1er ao\u00fbt 2022, le B\u00e9nin a c\u00e9l\u00e9br\u00e9 le 62\u00e8me anniversaire de son accession \u00e0 l\u2019ind\u00e9pendance. Pour la circonstance ...\" \/>\n<meta name=\"robots\" content=\"index, follow, max-snippet:-1, max-image-preview:large, max-video-preview:-1\" \/>\n<link rel=\"canonical\" href=\"https:\/\/www.africa-press.net\/benin\/politique\/benin-quand-les-agodjies-devoilent-le-cote-emotif-de-patrice-talon\" \/>\n<meta property=\"og:locale\" content=\"fr_FR\" \/>\n<meta property=\"og:type\" content=\"article\" \/>\n<meta property=\"og:title\" content=\"B\u00e9nin : quand les \u00ab\u00a0agodji\u00e9s\u00a0\u00bb d\u00e9voilent le c\u00f4t\u00e9 \u00e9motif de Patrice Talon\" \/>\n<meta property=\"og:description\" content=\"Ce lundi 1er ao\u00fbt 2022, le B\u00e9nin a c\u00e9l\u00e9br\u00e9 le 62\u00e8me anniversaire de son accession \u00e0 l\u2019ind\u00e9pendance. Pour la circonstance ...\" \/>\n<meta property=\"og:url\" content=\"https:\/\/www.africa-press.net\/benin\/politique\/benin-quand-les-agodjies-devoilent-le-cote-emotif-de-patrice-talon\" \/>\n<meta property=\"og:site_name\" content=\"B\u00e9nin\" \/>\n<meta property=\"article:published_time\" content=\"2022-08-03T19:59:15+00:00\" \/>\n<meta property=\"article:modified_time\" content=\"2022-08-03T20:27:06+00:00\" \/>\n<meta property=\"og:image\" content=\"https:\/\/static.africa-press.net\/benin\/sites\/46\/2022\/08\/postQueueImg_23.jpg\" \/>\n\t<meta property=\"og:image:width\" content=\"1500\" \/>\n\t<meta property=\"og:image:height\" content=\"704\" \/>\n\t<meta property=\"og:image:type\" content=\"image\/jpeg\" \/>\n<meta name=\"author\" content=\"cfeditorfr\" \/>\n<meta name=\"twitter:card\" content=\"summary_large_image\" \/>\n<meta name=\"twitter:label1\" content=\"\u00c9crit par\" \/>\n\t<meta name=\"twitter:data1\" content=\"cfeditorfr\" \/>\n\t<meta name=\"twitter:label2\" content=\"Dur\u00e9e de lecture estim\u00e9e\" \/>\n\t<meta name=\"twitter:data2\" content=\"2 minutes\" \/>\n<script type=\"application\/ld+json\" class=\"yoast-schema-graph\">{\"@context\":\"https:\/\/schema.org\",\"@graph\":[{\"@type\":\"Article\",\"@id\":\"https:\/\/www.africa-press.net\/benin\/politique\/benin-quand-les-agodjies-devoilent-le-cote-emotif-de-patrice-talon#article\",\"isPartOf\":{\"@id\":\"https:\/\/www.africa-press.net\/benin\/politique\/benin-quand-les-agodjies-devoilent-le-cote-emotif-de-patrice-talon\"},\"author\":{\"name\":\"cfeditorfr\",\"@id\":\"https:\/\/www.africa-press.net\/benin\/#\/schema\/person\/2b1cf3cd81a31e3cd26889ca66d677f1\"},\"headline\":\"B\u00e9nin : quand les \u00ab\u00a0agodji\u00e9s\u00a0\u00bb d\u00e9voilent le c\u00f4t\u00e9 \u00e9motif de Patrice Talon\",\"datePublished\":\"2022-08-03T19:59:15+00:00\",\"dateModified\":\"2022-08-03T20:27:06+00:00\",\"mainEntityOfPage\":{\"@id\":\"https:\/\/www.africa-press.net\/benin\/politique\/benin-quand-les-agodjies-devoilent-le-cote-emotif-de-patrice-talon\"},\"wordCount\":347,\"commentCount\":0,\"image\":{\"@id\":\"https:\/\/www.africa-press.net\/benin\/politique\/benin-quand-les-agodjies-devoilent-le-cote-emotif-de-patrice-talon#primaryimage\"},\"thumbnailUrl\":\"https:\/\/static.africa-press.net\/benin\/sites\/46\/2022\/08\/postQueueImg_23.jpg\",\"keywords\":[\"Africa Press\",\"Africa Press-Benin\",\"B\u00e9nin\"],\"articleSection\":[\"homepage-french\",\"Politique\",\"Toutes les actualit\u00e9s\"],\"inLanguage\":\"fr-FR\",\"potentialAction\":[{\"@type\":\"CommentAction\",\"name\":\"Comment\",\"target\":[\"https:\/\/www.africa-press.net\/benin\/politique\/benin-quand-les-agodjies-devoilent-le-cote-emotif-de-patrice-talon#respond\"]}]},{\"@type\":\"WebPage\",\"@id\":\"https:\/\/www.africa-press.net\/benin\/politique\/benin-quand-les-agodjies-devoilent-le-cote-emotif-de-patrice-talon\",\"url\":\"https:\/\/www.africa-press.net\/benin\/politique\/benin-quand-les-agodjies-devoilent-le-cote-emotif-de-patrice-talon\",\"name\":\"B\u00e9nin : quand les \u00ab\u00a0agodji\u00e9s\u00a0\u00bb d\u00e9voilent le c\u00f4t\u00e9 \u00e9motif de Patrice Talon - B\u00e9nin\",\"isPartOf\":{\"@id\":\"https:\/\/www.africa-press.net\/benin\/#website\"},\"primaryImageOfPage\":{\"@id\":\"https:\/\/www.africa-press.net\/benin\/politique\/benin-quand-les-agodjies-devoilent-le-cote-emotif-de-patrice-talon#primaryimage\"},\"image\":{\"@id\":\"https:\/\/www.africa-press.net\/benin\/politique\/benin-quand-les-agodjies-devoilent-le-cote-emotif-de-patrice-talon#primaryimage\"},\"thumbnailUrl\":\"https:\/\/static.africa-press.net\/benin\/sites\/46\/2022\/08\/postQueueImg_23.jpg\",\"datePublished\":\"2022-08-03T19:59:15+00:00\",\"dateModified\":\"2022-08-03T20:27:06+00:00\",\"author\":{\"@id\":\"https:\/\/www.africa-press.net\/benin\/#\/schema\/person\/2b1cf3cd81a31e3cd26889ca66d677f1\"},\"description\":\"Ce lundi 1er ao\u00fbt 2022, le B\u00e9nin a c\u00e9l\u00e9br\u00e9 le 62\u00e8me anniversaire de son accession \u00e0 l\u2019ind\u00e9pendance. Pour la circonstance ...\",\"breadcrumb\":{\"@id\":\"https:\/\/www.africa-press.net\/benin\/politique\/benin-quand-les-agodjies-devoilent-le-cote-emotif-de-patrice-talon#breadcrumb\"},\"inLanguage\":\"fr-FR\",\"potentialAction\":[{\"@type\":\"ReadAction\",\"target\":[\"https:\/\/www.africa-press.net\/benin\/politique\/benin-quand-les-agodjies-devoilent-le-cote-emotif-de-patrice-talon\"]}]},{\"@type\":\"ImageObject\",\"inLanguage\":\"fr-FR\",\"@id\":\"https:\/\/www.africa-press.net\/benin\/politique\/benin-quand-les-agodjies-devoilent-le-cote-emotif-de-patrice-talon#primaryimage\",\"url\":\"https:\/\/static.africa-press.net\/benin\/sites\/46\/2022\/08\/postQueueImg_23.jpg\",\"contentUrl\":\"https:\/\/static.africa-press.net\/benin\/sites\/46\/2022\/08\/postQueueImg_23.jpg\",\"width\":1500,\"height\":704,\"caption\":\"B\u00e9nin : quand les \u00ab\u00a0agodji\u00e9s\u00a0\u00bb d\u00e9voilent le c\u00f4t\u00e9 \u00e9motif de Patrice Talon\"},{\"@type\":\"BreadcrumbList\",\"@id\":\"https:\/\/www.africa-press.net\/benin\/politique\/benin-quand-les-agodjies-devoilent-le-cote-emotif-de-patrice-talon#breadcrumb\",\"itemListElement\":[{\"@type\":\"ListItem\",\"position\":1,\"name\":\"Accueil\",\"item\":\"https:\/\/www.africa-press.net\/benin\/\"},{\"@type\":\"ListItem\",\"position\":2,\"name\":\"B\u00e9nin : quand les \u00ab\u00a0agodji\u00e9s\u00a0\u00bb d\u00e9voilent le c\u00f4t\u00e9 \u00e9motif de Patrice Talon\"}]},{\"@type\":\"WebSite\",\"@id\":\"https:\/\/www.africa-press.net\/benin\/#website\",\"url\":\"https:\/\/www.africa-press.net\/benin\/\",\"name\":\"B\u00e9nin\",\"description\":\"Just another Africa News Agency Sites site\",\"potentialAction\":[{\"@type\":\"SearchAction\",\"target\":{\"@type\":\"EntryPoint\",\"urlTemplate\":\"https:\/\/www.africa-press.net\/benin\/?s={search_term_string}\"},\"query-input\":{\"@type\":\"PropertyValueSpecification\",\"valueRequired\":true,\"valueName\":\"search_term_string\"}}],\"inLanguage\":\"fr-FR\"},{\"@type\":\"Person\",\"@id\":\"https:\/\/www.africa-press.net\/benin\/#\/schema\/person\/2b1cf3cd81a31e3cd26889ca66d677f1\",\"name\":\"cfeditorfr\"}]}<\/script>\n<!-- \/ Yoast SEO Premium plugin. -->","yoast_head_json":{"title":"B\u00e9nin : quand les \u00ab\u00a0agodji\u00e9s\u00a0\u00bb d\u00e9voilent le c\u00f4t\u00e9 \u00e9motif de Patrice Talon - B\u00e9nin","description":"Ce lundi 1er ao\u00fbt 2022, le B\u00e9nin a c\u00e9l\u00e9br\u00e9 le 62\u00e8me anniversaire de son accession \u00e0 l\u2019ind\u00e9pendance. Pour la circonstance ...","robots":{"index":"index","follow":"follow","max-snippet":"max-snippet:-1","max-image-preview":"max-image-preview:large","max-video-preview":"max-video-preview:-1"},"canonical":"https:\/\/www.africa-press.net\/benin\/politique\/benin-quand-les-agodjies-devoilent-le-cote-emotif-de-patrice-talon","og_locale":"fr_FR","og_type":"article","og_title":"B\u00e9nin : quand les \u00ab\u00a0agodji\u00e9s\u00a0\u00bb d\u00e9voilent le c\u00f4t\u00e9 \u00e9motif de Patrice Talon","og_description":"Ce lundi 1er ao\u00fbt 2022, le B\u00e9nin a c\u00e9l\u00e9br\u00e9 le 62\u00e8me anniversaire de son accession \u00e0 l\u2019ind\u00e9pendance. Pour la circonstance ...","og_url":"https:\/\/www.africa-press.net\/benin\/politique\/benin-quand-les-agodjies-devoilent-le-cote-emotif-de-patrice-talon","og_site_name":"B\u00e9nin","article_published_time":"2022-08-03T19:59:15+00:00","article_modified_time":"2022-08-03T20:27:06+00:00","og_image":[{"width":1500,"height":704,"url":"https:\/\/static.africa-press.net\/benin\/sites\/46\/2022\/08\/postQueueImg_23.jpg","type":"image\/jpeg"}],"author":"cfeditorfr","twitter_card":"summary_large_image","twitter_misc":{"\u00c9crit par":"cfeditorfr","Dur\u00e9e de lecture estim\u00e9e":"2 minutes"},"schema":{"@context":"https:\/\/schema.org","@graph":[{"@type":"Article","@id":"https:\/\/www.africa-press.net\/benin\/politique\/benin-quand-les-agodjies-devoilent-le-cote-emotif-de-patrice-talon#article","isPartOf":{"@id":"https:\/\/www.africa-press.net\/benin\/politique\/benin-quand-les-agodjies-devoilent-le-cote-emotif-de-patrice-talon"},"author":{"name":"cfeditorfr","@id":"https:\/\/www.africa-press.net\/benin\/#\/schema\/person\/2b1cf3cd81a31e3cd26889ca66d677f1"},"headline":"B\u00e9nin : quand les \u00ab\u00a0agodji\u00e9s\u00a0\u00bb d\u00e9voilent le c\u00f4t\u00e9 \u00e9motif de Patrice Talon","datePublished":"2022-08-03T19:59:15+00:00","dateModified":"2022-08-03T20:27:06+00:00","mainEntityOfPage":{"@id":"https:\/\/www.africa-press.net\/benin\/politique\/benin-quand-les-agodjies-devoilent-le-cote-emotif-de-patrice-talon"},"wordCount":347,"commentCount":0,"image":{"@id":"https:\/\/www.africa-press.net\/benin\/politique\/benin-quand-les-agodjies-devoilent-le-cote-emotif-de-patrice-talon#primaryimage"},"thumbnailUrl":"https:\/\/static.africa-press.net\/benin\/sites\/46\/2022\/08\/postQueueImg_23.jpg","keywords":["Africa Press","Africa Press-Benin","B\u00e9nin"],"articleSection":["homepage-french","Politique","Toutes les actualit\u00e9s"],"inLanguage":"fr-FR","potentialAction":[{"@type":"CommentAction","name":"Comment","target":["https:\/\/www.africa-press.net\/benin\/politique\/benin-quand-les-agodjies-devoilent-le-cote-emotif-de-patrice-talon#respond"]}]},{"@type":"WebPage","@id":"https:\/\/www.africa-press.net\/benin\/politique\/benin-quand-les-agodjies-devoilent-le-cote-emotif-de-patrice-talon","url":"https:\/\/www.africa-press.net\/benin\/politique\/benin-quand-les-agodjies-devoilent-le-cote-emotif-de-patrice-talon","name":"B\u00e9nin : quand les \u00ab\u00a0agodji\u00e9s\u00a0\u00bb d\u00e9voilent le c\u00f4t\u00e9 \u00e9motif de Patrice Talon - B\u00e9nin","isPartOf":{"@id":"https:\/\/www.africa-press.net\/benin\/#website"},"primaryImageOfPage":{"@id":"https:\/\/www.africa-press.net\/benin\/politique\/benin-quand-les-agodjies-devoilent-le-cote-emotif-de-patrice-talon#primaryimage"},"image":{"@id":"https:\/\/www.africa-press.net\/benin\/politique\/benin-quand-les-agodjies-devoilent-le-cote-emotif-de-patrice-talon#primaryimage"},"thumbnailUrl":"https:\/\/static.africa-press.net\/benin\/sites\/46\/2022\/08\/postQueueImg_23.jpg","datePublished":"2022-08-03T19:59:15+00:00","dateModified":"2022-08-03T20:27:06+00:00","author":{"@id":"https:\/\/www.africa-press.net\/benin\/#\/schema\/person\/2b1cf3cd81a31e3cd26889ca66d677f1"},"description":"Ce lundi 1er ao\u00fbt 2022, le B\u00e9nin a c\u00e9l\u00e9br\u00e9 le 62\u00e8me anniversaire de son accession \u00e0 l\u2019ind\u00e9pendance. Pour la circonstance ...","breadcrumb":{"@id":"https:\/\/www.africa-press.net\/benin\/politique\/benin-quand-les-agodjies-devoilent-le-cote-emotif-de-patrice-talon#breadcrumb"},"inLanguage":"fr-FR","potentialAction":[{"@type":"ReadAction","target":["https:\/\/www.africa-press.net\/benin\/politique\/benin-quand-les-agodjies-devoilent-le-cote-emotif-de-patrice-talon"]}]},{"@type":"ImageObject","inLanguage":"fr-FR","@id":"https:\/\/www.africa-press.net\/benin\/politique\/benin-quand-les-agodjies-devoilent-le-cote-emotif-de-patrice-talon#primaryimage","url":"https:\/\/static.africa-press.net\/benin\/sites\/46\/2022\/08\/postQueueImg_23.jpg","contentUrl":"https:\/\/static.africa-press.net\/benin\/sites\/46\/2022\/08\/postQueueImg_23.jpg","width":1500,"height":704,"caption":"B\u00e9nin : quand les \u00ab\u00a0agodji\u00e9s\u00a0\u00bb d\u00e9voilent le c\u00f4t\u00e9 \u00e9motif de Patrice Talon"},{"@type":"BreadcrumbList","@id":"https:\/\/www.africa-press.net\/benin\/politique\/benin-quand-les-agodjies-devoilent-le-cote-emotif-de-patrice-talon#breadcrumb","itemListElement":[{"@type":"ListItem","position":1,"name":"Accueil","item":"https:\/\/www.africa-press.net\/benin\/"},{"@type":"ListItem","position":2,"name":"B\u00e9nin : quand les \u00ab\u00a0agodji\u00e9s\u00a0\u00bb d\u00e9voilent le c\u00f4t\u00e9 \u00e9motif de Patrice Talon"}]},{"@type":"WebSite","@id":"https:\/\/www.africa-press.net\/benin\/#website","url":"https:\/\/www.africa-press.net\/benin\/","name":"B\u00e9nin","description":"Just another Africa News Agency Sites site","potentialAction":[{"@type":"SearchAction","target":{"@type":"EntryPoint","urlTemplate":"https:\/\/www.africa-press.net\/benin\/?s={search_term_string}"},"query-input":{"@type":"PropertyValueSpecification","valueRequired":true,"valueName":"search_term_string"}}],"inLanguage":"fr-FR"},{"@type":"Person","@id":"https:\/\/www.africa-press.net\/benin\/#\/schema\/person\/2b1cf3cd81a31e3cd26889ca66d677f1","name":"cfeditorfr"}]}},"_links":{"self":[{"href":"https:\/\/www.africa-press.net\/benin\/wp-json\/wp\/v2\/posts\/7544","targetHints":{"allow":["GET"]}}],"collection":[{"href":"https:\/\/www.africa-press.net\/benin\/wp-json\/wp\/v2\/posts"}],"about":[{"href":"https:\/\/www.africa-press.net\/benin\/wp-json\/wp\/v2\/types\/post"}],"author":[{"embeddable":true,"href":"https:\/\/www.africa-press.net\/benin\/wp-json\/wp\/v2\/users\/82"}],"replies":[{"embeddable":true,"href":"https:\/\/www.africa-press.net\/benin\/wp-json\/wp\/v2\/comments?post=7544"}],"version-history":[{"count":0,"href":"https:\/\/www.africa-press.net\/benin\/wp-json\/wp\/v2\/posts\/7544\/revisions"}],"wp:featuredmedia":[{"embeddable":true,"href":"https:\/\/www.africa-press.net\/benin\/wp-json\/wp\/v2\/media\/7543"}],"wp:attachment":[{"href":"https:\/\/www.africa-press.net\/benin\/wp-json\/wp\/v2\/media?parent=7544"}],"wp:term":[{"taxonomy":"category","embeddable":true,"href":"https:\/\/www.africa-press.net\/benin\/wp-json\/wp\/v2\/categories?post=7544"},{"taxonomy":"post_tag","embeddable":true,"href":"https:\/\/www.africa-press.net\/benin\/wp-json\/wp\/v2\/tags?post=7544"}],"curies":[{"name":"wp","href":"https:\/\/api.w.org\/{rel}","templated":true}]}}