{"id":7547,"date":"2022-08-03T19:59:23","date_gmt":"2022-08-03T19:59:23","guid":{"rendered":"https:\/\/www.africa-press.net\/benin\/politique\/manifestations-officielles-du-1er-aout-les-impressions-de-quelques-leaders-politiques"},"modified":"2022-08-03T20:27:39","modified_gmt":"2022-08-03T20:27:39","slug":"manifestations-officielles-du-1er-aout-les-impressions-de-quelques-leaders-politiques","status":"publish","type":"post","link":"https:\/\/www.africa-press.net\/benin\/politique\/manifestations-officielles-du-1er-aout-les-impressions-de-quelques-leaders-politiques","title":{"rendered":"Manifestations officielles du 1er Ao\u00fbt: les impressions de quelques leaders politiques"},"content":{"rendered":"<p><span style=\"color: #ff6600\"><strong>Africa-Press &#8211; Benin. <\/strong><\/span>Les filles et fils du B\u00e9nin ont scell\u00e9 l\u2019unit\u00e9 autour des manifestations officielles de la comm\u00e9moration des 62 ans d\u2019accession du pays \u00e0 la souverainet\u00e9 internationale. Au terme des d\u00e9fil\u00e9s militaires et civils, certaines personnalit\u00e9s politiques ont confi\u00e9 leurs impressions sur l\u2019organisation et sur le contenu des manifestations.<\/p>\n<p>Les avis sont unanimes sur la r\u00e9ussite des manifestations officielles des 62 ans d\u2019ind\u00e9pendance du B\u00e9nin. C\u2019est du moins l\u2019impression g\u00e9n\u00e9rale qui se d\u00e9gage des avis des leaders politiques qui ont particip\u00e9 aux manifestations officielles. Voici l\u2019avis de quelques uns qui ont bien voulu se confier aux professionnels des m\u00e9dias:<\/p>\n<p>L\u2019honorable Rachidi Gbadamassi<\/p>\n<p>L\u2019\u00e9lu de la liste BR dans la huiti\u00e8me circonscription \u00e9lectorale a donn\u00e9 son impression sur le d\u00e9fil\u00e9 auquel il a particip\u00e9. A croire l\u2019ancien maire de Parakou, ce qui s\u2019est pass\u00e9 \u00ab c\u2019est de l\u2019in\u00e9dit, du jamais vu depuis 1960 \u00bb. Pour le parlementaire, le pr\u00e9sident Patrice Talon vient de r\u00e9v\u00e9ler politiquement au monde le B\u00e9nin. \u00ab Nous ne pouvons que lui dire chapeau, f\u00e9licitations \u00bb , a-t-il confi\u00e9.<\/p>\n<p>Valentin Adidi Houd\u00e9<\/p>\n<p>C\u2019est la m\u00eame impression qui est not\u00e9e au niveau de l\u2019ancien questeur de l\u2019assembl\u00e9e nationale, Valentin Houd\u00e9, pr\u00e9sident du parti Dynamique unitaire pour la d\u00e9mocratie et le d\u00e9veloppement (Dud).<\/p>\n<p>\u00ab Je crois que j\u2019ai les m\u00eames impressions que vous. Elles sont bonnes. De m\u00e9moire d\u2019homme, depuis que nous assistons aux festivit\u00e9s marquant l\u2019anniversaire de notre ind\u00e9pendance, j\u2019avoue que chaque ann\u00e9e tout s\u2019organise bien. Et chaque ann\u00e9e, les nouveaux organisateurs essayent de tirer le\u00e7on du pass\u00e9 pour am\u00e9liorer\u00ab , confie-t-il.<\/p>\n<p>L\u2019acteur politique de l\u2019opposition indique par ailleurs qu\u2019il a assist\u00e9 \u00e0 un magnifique d\u00e9fil\u00e9. \u00ab Tout a \u00e9t\u00e9 bien organis\u00e9. C\u2019est le lieu de tirer un chapeau magistral \u00e0 nos forces de s\u00e9curit\u00e9 et de d\u00e9fense. Elles nous ont magnifi\u00e9 d\u2019un d\u00e9fil\u00e9 digne du nom \u00bb, d\u00e9clare-t-il.<\/p>\n<p>Alassane Soumanou Djimba<\/p>\n<p>Le pr\u00e9sident d\u2019honneur du parti force cauris pour un B\u00e9nin \u00e9mergent est beaucoup plus pr\u00e9occup\u00e9 de l\u2019unit\u00e9 qui a \u00e9t\u00e9 faite autour des manifestations officielles. Il se r\u00e9jouit particuli\u00e8rement de la pr\u00e9sence des deux anciens pr\u00e9sidents de la R\u00e9publique. \u00ab En les voyant autour du pr\u00e9sident Talon, c\u2019est le sens de l\u2019amiti\u00e9, de la concorde. Mettons-nous ensemble car nos ennemis communs, c\u2019est la mis\u00e8re, la pauvret\u00e9, le ch\u00f4mage. Si les anciens sont autour du pr\u00e9sident, je pense que \u00e7a ne doit pas se limiter au d\u00e9fil\u00e9\u00ab , a-t-il confi\u00e9.<\/p>\n<p>Claudine Prudencio<\/p>\n<p>Pour la pr\u00e9sidente de l\u2019institut national de la femme, la c\u00e9l\u00e9bration des 62 ans d\u2019ind\u00e9pendance du B\u00e9nin a donn\u00e9 davantage \u00e0 la femme, la place qui lui revient dans le pays. \u00ab L\u2019impressionnant d\u00e9fil\u00e9 offert par nos forces de d\u00e9fense et de s\u00e9curit\u00e9 et les tableaux artistiques ont \u00e9galement renforc\u00e9, \u00e0 la face du monde, l\u2019option de reconnaissance et de c\u00e9l\u00e9bration de la bravoure de la femme et de la fille b\u00e9ninoises \u00bb a confi\u00e9 Claudine Prudencio.<\/p>\n<p>Eric Hound\u00e9t\u00e9, pr\u00e9sident des d\u00e9mocrates<\/p>\n<p>Le pr\u00e9sident du parti \u00ab Les D\u00e9mocrates \u00bb, Eric Hound\u00e9t\u00e9 qui a conduit la d\u00e9l\u00e9gation de sa formation politique invit\u00e9e aux manifestations officielles n\u2019a pas \u00e9t\u00e9 assez prolixe. Il a simplement confi\u00e9 qu\u2019il est venu ici \u00ab saluer la R\u00e9publique\u00ab .<\/p>\n<p>Bruno Amoussou<\/p>\n<p>Pour le patriarche Bruno Amoussou, \u00ab la c\u00e9r\u00e9monie qui vient de se terminer et qui prolonge celles d\u2019il y a trois jours (inauguration des monuments Ndlr), montre la qualit\u00e9 des progr\u00e8s que notre peuple connait depuis quelques ann\u00e9es \u00bb.<\/p>\n<p>Robert Dossou<\/p>\n<p>L\u2019ancien pr\u00e9sident de la cour constitutionnelle, Robert Dossou est \u00e9galement \u00e9merveill\u00e9 par la beaut\u00e9 des manifestations officielles. \u00ab Je suis rempli de bonheur pour deux raisons. La premi\u00e8re raison, ce d\u00e9fil\u00e9 est extraordinaire. C\u2019est la marque de progr\u00e8s que nous avons enregistr\u00e9e. Autrefois, les pelotons \u00e9taient dans le m\u00eame treillis. Cette fois-ci, les pelotons \u00e9taient bien accoutr\u00e9s et de mani\u00e8re diff\u00e9rente et vari\u00e9e. Donc c\u2019est extraordinaire, c\u2019est un progr\u00e8s \u00e9norme.<\/p>\n<p>La deuxi\u00e8me raison pour laquelle je suis rempli de bonheur, c\u2019est les trois inaugurations que nous avons eues. Je crois qu\u2019au bout de soixante ans, nous ayons r\u00e9agi. Parce qu\u2019il n\u2019est pas normal que dans nos hommages aux grandes f\u00eates, nous confondions le centre de ceux qui nous ont agress\u00e9s avec ceux qui avaient d\u00e9fendu nos terres et notre ind\u00e9pendance\u00ab , a confi\u00e9 l\u2019ancien pr\u00e9sident de la cour constitutionnelle.<\/p>\n<p>Pour lui, le B\u00e9nin doit continuer dans la m\u00eame lanc\u00e9e de mani\u00e8re qu\u2019on puisse remplacer certains termes par des termes plus authentiques. \u00ab Bio Gu\u00e9ra est rentr\u00e9 dans le domaine national. Et enfin, l\u2019Amazone. L\u2019Amazone donne un reflet. Quand vous observez le d\u00e9fil\u00e9, le quota de femmes dans tous les pelotons, s\u2019est multipli\u00e9 par n. Et cela nous invite \u00e0 modifier dans nos traditions, dans notre culture traditionnelle, les \u00e9l\u00e9ments auxquels nous ont d\u00e9j\u00e0 invit\u00e9 la Constitution\u00ab , affirme le juriste de haut niveau.<\/p>\n<p>Nour\u00e9nou Atchad\u00e9<\/p>\n<p>Les impressions du premier vice pr\u00e9sident des d\u00e9mocrates, Nour\u00e9nou Atchad\u00e9 sont \u00e9galement \u00ab bonnes \u00bb. \u00ab C\u2019est une journ\u00e9e sp\u00e9ciale. C\u2019est une journ\u00e9e de la nation. Une journ\u00e9e de l\u2019unit\u00e9 nationale. Une journ\u00e9e o\u00f9 les sensibilit\u00e9s politiques et id\u00e9ologiques devraient \u00eatre mises de c\u00f4t\u00e9 pour c\u00e9l\u00e9brer notre drapeau national. C\u2019est ce qui nous a amen\u00e9s \u00e0 ce lieu pour nous consacrer l\u2019unit\u00e9 nationale\u00ab , confie l\u2019acteur politique.<\/p>\n<p>Il profite de cette f\u00eate pour exhorter toute la classe politique \u00e0 \u0153uvrer pour la paix, l\u2019unit\u00e9 nationale et la concorde. \u00ab Car nous avons le d\u00e9fi de la s\u00e9curit\u00e9. Le d\u00e9fi de lutter contre le djihadisme. La d\u00e9sunion profite aux terroristes. Donc nous devons afficher l\u2019unit\u00e9 nationale et nous devons tout faire pour que les joutes \u00e9lectorales se d\u00e9roulent dans de bonnes conditions, dans l\u2019inclusivit\u00e9 et la paix \u00bb, confie-t-il.<\/p>\n<p>Alain Orounla<\/p>\n<p>Pour le pr\u00e9fet du d\u00e9partement du Littoral, Me Alain Orounla, il n\u2019y a qu\u2019un seul mot pour qualifier les manifestations officielles du 1er Ao\u00fbt 2022: \u00ab Je pense qu\u2019il y un seul mot : La fiert\u00e9, la fiert\u00e9 d\u2019\u00eatre b\u00e9ninois \u00bb, indique-t-il.<\/p>\n<p>Selon lui, il y a eu de la coh\u00e9sion et cela montre que ce pays bouge, ce pays avance. \u00ab Il faut maintenir le cap. Je reste persuad\u00e9 qu\u2019en voyant les anciens pr\u00e9sidents, en voyant les pr\u00e9sidents d\u2019institutions, en voyant toutes les institutions de ce pays \u00e7a donne l\u2019impression que ce pays va de l\u2019avant. Nous nous r\u00e9v\u00e8lerons davantage avec l\u2019assurance que le contexte de s\u00e9curit\u00e9, nous allons le maintenir pour que v\u00e9ritablement le d\u00e9veloppement souhait\u00e9 soit une r\u00e9alit\u00e9 vivace \u00bb, confie le chef du d\u00e9partement du Littoral.<\/p>\n<p><strong>Pour plus d&rsquo;informations et d&rsquo;analyses sur la <a href=\"https:\/\/www.africa-press.net\/benin\">Benin<\/a>, suivez <a href=\"https:\/\/www.africa-press.net\/\">Africa-Press<\/a><\/strong><\/p>\n","protected":false},"excerpt":{"rendered":"<p>Africa-Press &#8211; Benin. Les filles et fils du B\u00e9nin ont scell\u00e9 l\u2019unit\u00e9 autour des manifestations officielles de la comm\u00e9moration des 62 ans d\u2019accession du pays \u00e0 la souverainet\u00e9 internationale. Au terme des d\u00e9fil\u00e9s militaires et civils, certaines personnalit\u00e9s politiques ont confi\u00e9 leurs impressions sur l\u2019organisation et sur le contenu des manifestations. Les avis sont unanimes [&hellip;]<\/p>\n","protected":false},"author":82,"featured_media":7546,"comment_status":"open","ping_status":"closed","sticky":false,"template":"","format":"standard","meta":{"footnotes":""},"categories":[11,2,10],"tags":[36,50,45],"class_list":["post-7547","post","type-post","status-publish","format-standard","has-post-thumbnail","hentry","category-homepage-french","category-politique","category-toutes-les-actualites","tag-africa-press","tag-africa-press-benin","tag-benin"],"yoast_head":"<!-- This site is optimized with the Yoast SEO Premium plugin v26.1 (Yoast SEO v27.0) - https:\/\/yoast.com\/product\/yoast-seo-premium-wordpress\/ -->\n<title>Manifestations officielles du 1er Ao\u00fbt: les impressions de quelques leaders politiques - B\u00e9nin<\/title>\n<meta name=\"description\" content=\"Les filles et fils du B\u00e9nin ont scell\u00e9 l\u2019unit\u00e9 autour des manifestations officielles de la comm\u00e9moration des 62 ans d\u2019ac ...\" \/>\n<meta name=\"robots\" content=\"index, follow, max-snippet:-1, max-image-preview:large, max-video-preview:-1\" \/>\n<link rel=\"canonical\" href=\"https:\/\/www.africa-press.net\/benin\/politique\/manifestations-officielles-du-1er-aout-les-impressions-de-quelques-leaders-politiques\" \/>\n<meta property=\"og:locale\" content=\"fr_FR\" \/>\n<meta property=\"og:type\" content=\"article\" \/>\n<meta property=\"og:title\" content=\"Manifestations officielles du 1er Ao\u00fbt: les impressions de quelques leaders politiques\" \/>\n<meta property=\"og:description\" content=\"Les filles et fils du B\u00e9nin ont scell\u00e9 l\u2019unit\u00e9 autour des manifestations officielles de la comm\u00e9moration des 62 ans d\u2019ac ...\" \/>\n<meta property=\"og:url\" content=\"https:\/\/www.africa-press.net\/benin\/politique\/manifestations-officielles-du-1er-aout-les-impressions-de-quelques-leaders-politiques\" \/>\n<meta property=\"og:site_name\" content=\"B\u00e9nin\" \/>\n<meta property=\"article:published_time\" content=\"2022-08-03T19:59:23+00:00\" \/>\n<meta property=\"article:modified_time\" content=\"2022-08-03T20:27:39+00:00\" \/>\n<meta property=\"og:image\" content=\"https:\/\/static.africa-press.net\/benin\/sites\/46\/2022\/08\/postQueueImg_24.jpg\" \/>\n\t<meta property=\"og:image:width\" content=\"994\" \/>\n\t<meta property=\"og:image:height\" content=\"543\" \/>\n\t<meta property=\"og:image:type\" content=\"image\/jpeg\" \/>\n<meta name=\"author\" content=\"cfeditorfr\" \/>\n<meta name=\"twitter:card\" content=\"summary_large_image\" \/>\n<meta name=\"twitter:label1\" content=\"\u00c9crit par\" \/>\n\t<meta name=\"twitter:data1\" content=\"cfeditorfr\" \/>\n\t<meta name=\"twitter:label2\" content=\"Dur\u00e9e de lecture estim\u00e9e\" \/>\n\t<meta name=\"twitter:data2\" content=\"6 minutes\" \/>\n<script type=\"application\/ld+json\" class=\"yoast-schema-graph\">{\"@context\":\"https:\/\/schema.org\",\"@graph\":[{\"@type\":\"Article\",\"@id\":\"https:\/\/www.africa-press.net\/benin\/politique\/manifestations-officielles-du-1er-aout-les-impressions-de-quelques-leaders-politiques#article\",\"isPartOf\":{\"@id\":\"https:\/\/www.africa-press.net\/benin\/politique\/manifestations-officielles-du-1er-aout-les-impressions-de-quelques-leaders-politiques\"},\"author\":{\"name\":\"cfeditorfr\",\"@id\":\"https:\/\/www.africa-press.net\/benin\/#\/schema\/person\/2b1cf3cd81a31e3cd26889ca66d677f1\"},\"headline\":\"Manifestations officielles du 1er Ao\u00fbt: les impressions de quelques leaders politiques\",\"datePublished\":\"2022-08-03T19:59:23+00:00\",\"dateModified\":\"2022-08-03T20:27:39+00:00\",\"mainEntityOfPage\":{\"@id\":\"https:\/\/www.africa-press.net\/benin\/politique\/manifestations-officielles-du-1er-aout-les-impressions-de-quelques-leaders-politiques\"},\"wordCount\":1241,\"commentCount\":0,\"image\":{\"@id\":\"https:\/\/www.africa-press.net\/benin\/politique\/manifestations-officielles-du-1er-aout-les-impressions-de-quelques-leaders-politiques#primaryimage\"},\"thumbnailUrl\":\"https:\/\/static.africa-press.net\/benin\/sites\/46\/2022\/08\/postQueueImg_24.jpg\",\"keywords\":[\"Africa Press\",\"Africa Press-Benin\",\"B\u00e9nin\"],\"articleSection\":[\"homepage-french\",\"Politique\",\"Toutes les actualit\u00e9s\"],\"inLanguage\":\"fr-FR\",\"potentialAction\":[{\"@type\":\"CommentAction\",\"name\":\"Comment\",\"target\":[\"https:\/\/www.africa-press.net\/benin\/politique\/manifestations-officielles-du-1er-aout-les-impressions-de-quelques-leaders-politiques#respond\"]}]},{\"@type\":\"WebPage\",\"@id\":\"https:\/\/www.africa-press.net\/benin\/politique\/manifestations-officielles-du-1er-aout-les-impressions-de-quelques-leaders-politiques\",\"url\":\"https:\/\/www.africa-press.net\/benin\/politique\/manifestations-officielles-du-1er-aout-les-impressions-de-quelques-leaders-politiques\",\"name\":\"Manifestations officielles du 1er Ao\u00fbt: les impressions de quelques leaders politiques - B\u00e9nin\",\"isPartOf\":{\"@id\":\"https:\/\/www.africa-press.net\/benin\/#website\"},\"primaryImageOfPage\":{\"@id\":\"https:\/\/www.africa-press.net\/benin\/politique\/manifestations-officielles-du-1er-aout-les-impressions-de-quelques-leaders-politiques#primaryimage\"},\"image\":{\"@id\":\"https:\/\/www.africa-press.net\/benin\/politique\/manifestations-officielles-du-1er-aout-les-impressions-de-quelques-leaders-politiques#primaryimage\"},\"thumbnailUrl\":\"https:\/\/static.africa-press.net\/benin\/sites\/46\/2022\/08\/postQueueImg_24.jpg\",\"datePublished\":\"2022-08-03T19:59:23+00:00\",\"dateModified\":\"2022-08-03T20:27:39+00:00\",\"author\":{\"@id\":\"https:\/\/www.africa-press.net\/benin\/#\/schema\/person\/2b1cf3cd81a31e3cd26889ca66d677f1\"},\"description\":\"Les filles et fils du B\u00e9nin ont scell\u00e9 l\u2019unit\u00e9 autour des manifestations officielles de la comm\u00e9moration des 62 ans d\u2019ac ...\",\"breadcrumb\":{\"@id\":\"https:\/\/www.africa-press.net\/benin\/politique\/manifestations-officielles-du-1er-aout-les-impressions-de-quelques-leaders-politiques#breadcrumb\"},\"inLanguage\":\"fr-FR\",\"potentialAction\":[{\"@type\":\"ReadAction\",\"target\":[\"https:\/\/www.africa-press.net\/benin\/politique\/manifestations-officielles-du-1er-aout-les-impressions-de-quelques-leaders-politiques\"]}]},{\"@type\":\"ImageObject\",\"inLanguage\":\"fr-FR\",\"@id\":\"https:\/\/www.africa-press.net\/benin\/politique\/manifestations-officielles-du-1er-aout-les-impressions-de-quelques-leaders-politiques#primaryimage\",\"url\":\"https:\/\/static.africa-press.net\/benin\/sites\/46\/2022\/08\/postQueueImg_24.jpg\",\"contentUrl\":\"https:\/\/static.africa-press.net\/benin\/sites\/46\/2022\/08\/postQueueImg_24.jpg\",\"width\":994,\"height\":543,\"caption\":\"Manifestations officielles du 1er Ao\u00fbt: les impressions de quelques leaders politiques\"},{\"@type\":\"BreadcrumbList\",\"@id\":\"https:\/\/www.africa-press.net\/benin\/politique\/manifestations-officielles-du-1er-aout-les-impressions-de-quelques-leaders-politiques#breadcrumb\",\"itemListElement\":[{\"@type\":\"ListItem\",\"position\":1,\"name\":\"Accueil\",\"item\":\"https:\/\/www.africa-press.net\/benin\/\"},{\"@type\":\"ListItem\",\"position\":2,\"name\":\"Manifestations officielles du 1er Ao\u00fbt: les impressions de quelques leaders politiques\"}]},{\"@type\":\"WebSite\",\"@id\":\"https:\/\/www.africa-press.net\/benin\/#website\",\"url\":\"https:\/\/www.africa-press.net\/benin\/\",\"name\":\"B\u00e9nin\",\"description\":\"Just another Africa News Agency Sites site\",\"potentialAction\":[{\"@type\":\"SearchAction\",\"target\":{\"@type\":\"EntryPoint\",\"urlTemplate\":\"https:\/\/www.africa-press.net\/benin\/?s={search_term_string}\"},\"query-input\":{\"@type\":\"PropertyValueSpecification\",\"valueRequired\":true,\"valueName\":\"search_term_string\"}}],\"inLanguage\":\"fr-FR\"},{\"@type\":\"Person\",\"@id\":\"https:\/\/www.africa-press.net\/benin\/#\/schema\/person\/2b1cf3cd81a31e3cd26889ca66d677f1\",\"name\":\"cfeditorfr\"}]}<\/script>\n<!-- \/ Yoast SEO Premium plugin. -->","yoast_head_json":{"title":"Manifestations officielles du 1er Ao\u00fbt: les impressions de quelques leaders politiques - B\u00e9nin","description":"Les filles et fils du B\u00e9nin ont scell\u00e9 l\u2019unit\u00e9 autour des manifestations officielles de la comm\u00e9moration des 62 ans d\u2019ac ...","robots":{"index":"index","follow":"follow","max-snippet":"max-snippet:-1","max-image-preview":"max-image-preview:large","max-video-preview":"max-video-preview:-1"},"canonical":"https:\/\/www.africa-press.net\/benin\/politique\/manifestations-officielles-du-1er-aout-les-impressions-de-quelques-leaders-politiques","og_locale":"fr_FR","og_type":"article","og_title":"Manifestations officielles du 1er Ao\u00fbt: les impressions de quelques leaders politiques","og_description":"Les filles et fils du B\u00e9nin ont scell\u00e9 l\u2019unit\u00e9 autour des manifestations officielles de la comm\u00e9moration des 62 ans d\u2019ac ...","og_url":"https:\/\/www.africa-press.net\/benin\/politique\/manifestations-officielles-du-1er-aout-les-impressions-de-quelques-leaders-politiques","og_site_name":"B\u00e9nin","article_published_time":"2022-08-03T19:59:23+00:00","article_modified_time":"2022-08-03T20:27:39+00:00","og_image":[{"width":994,"height":543,"url":"https:\/\/static.africa-press.net\/benin\/sites\/46\/2022\/08\/postQueueImg_24.jpg","type":"image\/jpeg"}],"author":"cfeditorfr","twitter_card":"summary_large_image","twitter_misc":{"\u00c9crit par":"cfeditorfr","Dur\u00e9e de lecture estim\u00e9e":"6 minutes"},"schema":{"@context":"https:\/\/schema.org","@graph":[{"@type":"Article","@id":"https:\/\/www.africa-press.net\/benin\/politique\/manifestations-officielles-du-1er-aout-les-impressions-de-quelques-leaders-politiques#article","isPartOf":{"@id":"https:\/\/www.africa-press.net\/benin\/politique\/manifestations-officielles-du-1er-aout-les-impressions-de-quelques-leaders-politiques"},"author":{"name":"cfeditorfr","@id":"https:\/\/www.africa-press.net\/benin\/#\/schema\/person\/2b1cf3cd81a31e3cd26889ca66d677f1"},"headline":"Manifestations officielles du 1er Ao\u00fbt: les impressions de quelques leaders politiques","datePublished":"2022-08-03T19:59:23+00:00","dateModified":"2022-08-03T20:27:39+00:00","mainEntityOfPage":{"@id":"https:\/\/www.africa-press.net\/benin\/politique\/manifestations-officielles-du-1er-aout-les-impressions-de-quelques-leaders-politiques"},"wordCount":1241,"commentCount":0,"image":{"@id":"https:\/\/www.africa-press.net\/benin\/politique\/manifestations-officielles-du-1er-aout-les-impressions-de-quelques-leaders-politiques#primaryimage"},"thumbnailUrl":"https:\/\/static.africa-press.net\/benin\/sites\/46\/2022\/08\/postQueueImg_24.jpg","keywords":["Africa Press","Africa Press-Benin","B\u00e9nin"],"articleSection":["homepage-french","Politique","Toutes les actualit\u00e9s"],"inLanguage":"fr-FR","potentialAction":[{"@type":"CommentAction","name":"Comment","target":["https:\/\/www.africa-press.net\/benin\/politique\/manifestations-officielles-du-1er-aout-les-impressions-de-quelques-leaders-politiques#respond"]}]},{"@type":"WebPage","@id":"https:\/\/www.africa-press.net\/benin\/politique\/manifestations-officielles-du-1er-aout-les-impressions-de-quelques-leaders-politiques","url":"https:\/\/www.africa-press.net\/benin\/politique\/manifestations-officielles-du-1er-aout-les-impressions-de-quelques-leaders-politiques","name":"Manifestations officielles du 1er Ao\u00fbt: les impressions de quelques leaders politiques - B\u00e9nin","isPartOf":{"@id":"https:\/\/www.africa-press.net\/benin\/#website"},"primaryImageOfPage":{"@id":"https:\/\/www.africa-press.net\/benin\/politique\/manifestations-officielles-du-1er-aout-les-impressions-de-quelques-leaders-politiques#primaryimage"},"image":{"@id":"https:\/\/www.africa-press.net\/benin\/politique\/manifestations-officielles-du-1er-aout-les-impressions-de-quelques-leaders-politiques#primaryimage"},"thumbnailUrl":"https:\/\/static.africa-press.net\/benin\/sites\/46\/2022\/08\/postQueueImg_24.jpg","datePublished":"2022-08-03T19:59:23+00:00","dateModified":"2022-08-03T20:27:39+00:00","author":{"@id":"https:\/\/www.africa-press.net\/benin\/#\/schema\/person\/2b1cf3cd81a31e3cd26889ca66d677f1"},"description":"Les filles et fils du B\u00e9nin ont scell\u00e9 l\u2019unit\u00e9 autour des manifestations officielles de la comm\u00e9moration des 62 ans d\u2019ac ...","breadcrumb":{"@id":"https:\/\/www.africa-press.net\/benin\/politique\/manifestations-officielles-du-1er-aout-les-impressions-de-quelques-leaders-politiques#breadcrumb"},"inLanguage":"fr-FR","potentialAction":[{"@type":"ReadAction","target":["https:\/\/www.africa-press.net\/benin\/politique\/manifestations-officielles-du-1er-aout-les-impressions-de-quelques-leaders-politiques"]}]},{"@type":"ImageObject","inLanguage":"fr-FR","@id":"https:\/\/www.africa-press.net\/benin\/politique\/manifestations-officielles-du-1er-aout-les-impressions-de-quelques-leaders-politiques#primaryimage","url":"https:\/\/static.africa-press.net\/benin\/sites\/46\/2022\/08\/postQueueImg_24.jpg","contentUrl":"https:\/\/static.africa-press.net\/benin\/sites\/46\/2022\/08\/postQueueImg_24.jpg","width":994,"height":543,"caption":"Manifestations officielles du 1er Ao\u00fbt: les impressions de quelques leaders politiques"},{"@type":"BreadcrumbList","@id":"https:\/\/www.africa-press.net\/benin\/politique\/manifestations-officielles-du-1er-aout-les-impressions-de-quelques-leaders-politiques#breadcrumb","itemListElement":[{"@type":"ListItem","position":1,"name":"Accueil","item":"https:\/\/www.africa-press.net\/benin\/"},{"@type":"ListItem","position":2,"name":"Manifestations officielles du 1er Ao\u00fbt: les impressions de quelques leaders politiques"}]},{"@type":"WebSite","@id":"https:\/\/www.africa-press.net\/benin\/#website","url":"https:\/\/www.africa-press.net\/benin\/","name":"B\u00e9nin","description":"Just another Africa News Agency Sites site","potentialAction":[{"@type":"SearchAction","target":{"@type":"EntryPoint","urlTemplate":"https:\/\/www.africa-press.net\/benin\/?s={search_term_string}"},"query-input":{"@type":"PropertyValueSpecification","valueRequired":true,"valueName":"search_term_string"}}],"inLanguage":"fr-FR"},{"@type":"Person","@id":"https:\/\/www.africa-press.net\/benin\/#\/schema\/person\/2b1cf3cd81a31e3cd26889ca66d677f1","name":"cfeditorfr"}]}},"_links":{"self":[{"href":"https:\/\/www.africa-press.net\/benin\/wp-json\/wp\/v2\/posts\/7547","targetHints":{"allow":["GET"]}}],"collection":[{"href":"https:\/\/www.africa-press.net\/benin\/wp-json\/wp\/v2\/posts"}],"about":[{"href":"https:\/\/www.africa-press.net\/benin\/wp-json\/wp\/v2\/types\/post"}],"author":[{"embeddable":true,"href":"https:\/\/www.africa-press.net\/benin\/wp-json\/wp\/v2\/users\/82"}],"replies":[{"embeddable":true,"href":"https:\/\/www.africa-press.net\/benin\/wp-json\/wp\/v2\/comments?post=7547"}],"version-history":[{"count":0,"href":"https:\/\/www.africa-press.net\/benin\/wp-json\/wp\/v2\/posts\/7547\/revisions"}],"wp:featuredmedia":[{"embeddable":true,"href":"https:\/\/www.africa-press.net\/benin\/wp-json\/wp\/v2\/media\/7546"}],"wp:attachment":[{"href":"https:\/\/www.africa-press.net\/benin\/wp-json\/wp\/v2\/media?parent=7547"}],"wp:term":[{"taxonomy":"category","embeddable":true,"href":"https:\/\/www.africa-press.net\/benin\/wp-json\/wp\/v2\/categories?post=7547"},{"taxonomy":"post_tag","embeddable":true,"href":"https:\/\/www.africa-press.net\/benin\/wp-json\/wp\/v2\/tags?post=7547"}],"curies":[{"name":"wp","href":"https:\/\/api.w.org\/{rel}","templated":true}]}}