{"id":7550,"date":"2022-08-03T19:59:45","date_gmt":"2022-08-03T19:59:45","guid":{"rendered":"https:\/\/www.africa-press.net\/benin\/politique\/benin-09-personnes-interpellees-a-porto-novo-pour-cybercriminalite"},"modified":"2022-08-03T20:28:16","modified_gmt":"2022-08-03T20:28:16","slug":"benin-09-personnes-interpellees-a-porto-novo-pour-cybercriminalite","status":"publish","type":"post","link":"https:\/\/www.africa-press.net\/benin\/toutes-les-actualites\/benin-09-personnes-interpellees-a-porto-novo-pour-cybercriminalite","title":{"rendered":"B\u00e9nin: 09 personnes interpell\u00e9es \u00e0 Porto Novo pour cybercriminalit\u00e9"},"content":{"rendered":"<p><span style=\"color: #ff6600\"><strong>Africa-Press &#8211; Benin. <\/strong><\/span>Le commissariat du deuxi\u00e8me arrondissement de Porto Novo a interpel\u00e9 le weekend dernier dans la localit\u00e9 de Danoukin, dans la Commune de Porto Novo, 09 pr\u00e9sum\u00e9s cybercriminels.<\/p>\n<p>Neuf pr\u00e9sum\u00e9s cybercriminels sont depuis le samedi 30 Juillet dernier dans les liens de la police R\u00e9publicaine. Ils ont \u00e9t\u00e9 interpell\u00e9s au quartier Danoukin dans la Commune de Porto Novo par les \u00e9l\u00e9ments de la police r\u00e9publicaine du commissariat du deuxi\u00e8me arrondissement de la ville capitale.<\/p>\n<p>Au total, 09 individus dont une femme sont gard\u00e9s \u00e0 vue depuis le samedi dernier dans ledit commissariat. Au cours de leur interpellation, la police a \u00e9galement proc\u00e9d\u00e9 \u00e0 la saisie de neuf (09) ordinateurs portatifs, onze (11) t\u00e9l\u00e9phones portables dont neuf (09) Android contenant des informations compromettantes, des routeurs, une tablette et des cartes sim des op\u00e9rateurs gsm agr\u00e9\u00e9s au B\u00e9nin.<\/p>\n<p>Les neuf (09) individus pr\u00e9sum\u00e9s cybercriminels seront pr\u00e9sent\u00e9s les heures \u00e0 venir au procureur sp\u00e9cial de la cour de r\u00e9pression des infractions \u00e9conomiques et du terrorisme (CRIET).<\/p>\n<p><strong>Pour plus d&rsquo;informations et d&rsquo;analyses sur la <a href=\"https:\/\/www.africa-press.net\/benin\">Benin<\/a>, suivez <a href=\"https:\/\/www.africa-press.net\/\">Africa-Press<\/a><\/strong><\/p>\n","protected":false},"excerpt":{"rendered":"<p>Africa-Press &#8211; Benin. Le commissariat du deuxi\u00e8me arrondissement de Porto Novo a interpel\u00e9 le weekend dernier dans la localit\u00e9 de Danoukin, dans la Commune de Porto Novo, 09 pr\u00e9sum\u00e9s cybercriminels. Neuf pr\u00e9sum\u00e9s cybercriminels sont depuis le samedi 30 Juillet dernier dans les liens de la police R\u00e9publicaine. Ils ont \u00e9t\u00e9 interpell\u00e9s au quartier Danoukin dans [&hellip;]<\/p>\n","protected":false},"author":82,"featured_media":7549,"comment_status":"open","ping_status":"closed","sticky":false,"template":"","format":"standard","meta":{"footnotes":""},"categories":[21,11,10],"tags":[36,50,45],"class_list":["post-7550","post","type-post","status-publish","format-standard","has-post-thumbnail","hentry","category-communaute","category-homepage-french","category-toutes-les-actualites","tag-africa-press","tag-africa-press-benin","tag-benin"],"yoast_head":"<!-- This site is optimized with the Yoast SEO Premium plugin v26.1 (Yoast SEO v27.0) - https:\/\/yoast.com\/product\/yoast-seo-premium-wordpress\/ -->\n<title>B\u00e9nin: 09 personnes interpell\u00e9es \u00e0 Porto Novo pour cybercriminalit\u00e9 - B\u00e9nin<\/title>\n<meta name=\"description\" content=\"Le commissariat du deuxi\u00e8me arrondissement de Porto Novo a interpel\u00e9 le weekend dernier dans la localit\u00e9 de Danoukin, da ...\" \/>\n<meta name=\"robots\" content=\"index, follow, max-snippet:-1, max-image-preview:large, max-video-preview:-1\" \/>\n<link rel=\"canonical\" href=\"https:\/\/www.africa-press.net\/benin\/toutes-les-actualites\/benin-09-personnes-interpellees-a-porto-novo-pour-cybercriminalite\" \/>\n<meta property=\"og:locale\" content=\"fr_FR\" \/>\n<meta property=\"og:type\" content=\"article\" \/>\n<meta property=\"og:title\" content=\"B\u00e9nin: 09 personnes interpell\u00e9es \u00e0 Porto Novo pour cybercriminalit\u00e9\" \/>\n<meta property=\"og:description\" content=\"Le commissariat du deuxi\u00e8me arrondissement de Porto Novo a interpel\u00e9 le weekend dernier dans la localit\u00e9 de Danoukin, da ...\" \/>\n<meta property=\"og:url\" content=\"https:\/\/www.africa-press.net\/benin\/toutes-les-actualites\/benin-09-personnes-interpellees-a-porto-novo-pour-cybercriminalite\" \/>\n<meta property=\"og:site_name\" content=\"B\u00e9nin\" \/>\n<meta property=\"article:published_time\" content=\"2022-08-03T19:59:45+00:00\" \/>\n<meta property=\"article:modified_time\" content=\"2022-08-03T20:28:16+00:00\" \/>\n<meta property=\"og:image\" content=\"https:\/\/static.africa-press.net\/benin\/sites\/46\/2022\/08\/postQueueImg_25.jpg\" \/>\n\t<meta property=\"og:image:width\" content=\"1280\" \/>\n\t<meta property=\"og:image:height\" content=\"720\" \/>\n\t<meta property=\"og:image:type\" content=\"image\/jpeg\" \/>\n<meta name=\"author\" content=\"cfeditorfr\" \/>\n<meta name=\"twitter:card\" content=\"summary_large_image\" \/>\n<meta name=\"twitter:label1\" content=\"\u00c9crit par\" \/>\n\t<meta name=\"twitter:data1\" content=\"cfeditorfr\" \/>\n\t<meta name=\"twitter:label2\" content=\"Dur\u00e9e de lecture estim\u00e9e\" \/>\n\t<meta name=\"twitter:data2\" content=\"1 minute\" \/>\n<script type=\"application\/ld+json\" class=\"yoast-schema-graph\">{\"@context\":\"https:\/\/schema.org\",\"@graph\":[{\"@type\":\"Article\",\"@id\":\"https:\/\/www.africa-press.net\/benin\/toutes-les-actualites\/benin-09-personnes-interpellees-a-porto-novo-pour-cybercriminalite#article\",\"isPartOf\":{\"@id\":\"https:\/\/www.africa-press.net\/benin\/toutes-les-actualites\/benin-09-personnes-interpellees-a-porto-novo-pour-cybercriminalite\"},\"author\":{\"name\":\"cfeditorfr\",\"@id\":\"https:\/\/www.africa-press.net\/benin\/#\/schema\/person\/2b1cf3cd81a31e3cd26889ca66d677f1\"},\"headline\":\"B\u00e9nin: 09 personnes interpell\u00e9es \u00e0 Porto Novo pour cybercriminalit\u00e9\",\"datePublished\":\"2022-08-03T19:59:45+00:00\",\"dateModified\":\"2022-08-03T20:28:16+00:00\",\"mainEntityOfPage\":{\"@id\":\"https:\/\/www.africa-press.net\/benin\/toutes-les-actualites\/benin-09-personnes-interpellees-a-porto-novo-pour-cybercriminalite\"},\"wordCount\":199,\"commentCount\":0,\"image\":{\"@id\":\"https:\/\/www.africa-press.net\/benin\/toutes-les-actualites\/benin-09-personnes-interpellees-a-porto-novo-pour-cybercriminalite#primaryimage\"},\"thumbnailUrl\":\"https:\/\/static.africa-press.net\/benin\/sites\/46\/2022\/08\/postQueueImg_25.jpg\",\"keywords\":[\"Africa Press\",\"Africa Press-Benin\",\"B\u00e9nin\"],\"articleSection\":[\"Communaut\u00e9\",\"homepage-french\",\"Toutes les actualit\u00e9s\"],\"inLanguage\":\"fr-FR\",\"potentialAction\":[{\"@type\":\"CommentAction\",\"name\":\"Comment\",\"target\":[\"https:\/\/www.africa-press.net\/benin\/toutes-les-actualites\/benin-09-personnes-interpellees-a-porto-novo-pour-cybercriminalite#respond\"]}]},{\"@type\":\"WebPage\",\"@id\":\"https:\/\/www.africa-press.net\/benin\/toutes-les-actualites\/benin-09-personnes-interpellees-a-porto-novo-pour-cybercriminalite\",\"url\":\"https:\/\/www.africa-press.net\/benin\/toutes-les-actualites\/benin-09-personnes-interpellees-a-porto-novo-pour-cybercriminalite\",\"name\":\"B\u00e9nin: 09 personnes interpell\u00e9es \u00e0 Porto Novo pour cybercriminalit\u00e9 - B\u00e9nin\",\"isPartOf\":{\"@id\":\"https:\/\/www.africa-press.net\/benin\/#website\"},\"primaryImageOfPage\":{\"@id\":\"https:\/\/www.africa-press.net\/benin\/toutes-les-actualites\/benin-09-personnes-interpellees-a-porto-novo-pour-cybercriminalite#primaryimage\"},\"image\":{\"@id\":\"https:\/\/www.africa-press.net\/benin\/toutes-les-actualites\/benin-09-personnes-interpellees-a-porto-novo-pour-cybercriminalite#primaryimage\"},\"thumbnailUrl\":\"https:\/\/static.africa-press.net\/benin\/sites\/46\/2022\/08\/postQueueImg_25.jpg\",\"datePublished\":\"2022-08-03T19:59:45+00:00\",\"dateModified\":\"2022-08-03T20:28:16+00:00\",\"author\":{\"@id\":\"https:\/\/www.africa-press.net\/benin\/#\/schema\/person\/2b1cf3cd81a31e3cd26889ca66d677f1\"},\"description\":\"Le commissariat du deuxi\u00e8me arrondissement de Porto Novo a interpel\u00e9 le weekend dernier dans la localit\u00e9 de Danoukin, da ...\",\"breadcrumb\":{\"@id\":\"https:\/\/www.africa-press.net\/benin\/toutes-les-actualites\/benin-09-personnes-interpellees-a-porto-novo-pour-cybercriminalite#breadcrumb\"},\"inLanguage\":\"fr-FR\",\"potentialAction\":[{\"@type\":\"ReadAction\",\"target\":[\"https:\/\/www.africa-press.net\/benin\/toutes-les-actualites\/benin-09-personnes-interpellees-a-porto-novo-pour-cybercriminalite\"]}]},{\"@type\":\"ImageObject\",\"inLanguage\":\"fr-FR\",\"@id\":\"https:\/\/www.africa-press.net\/benin\/toutes-les-actualites\/benin-09-personnes-interpellees-a-porto-novo-pour-cybercriminalite#primaryimage\",\"url\":\"https:\/\/static.africa-press.net\/benin\/sites\/46\/2022\/08\/postQueueImg_25.jpg\",\"contentUrl\":\"https:\/\/static.africa-press.net\/benin\/sites\/46\/2022\/08\/postQueueImg_25.jpg\",\"width\":1280,\"height\":720,\"caption\":\"B\u00e9nin: 09 personnes interpell\u00e9es \u00e0 Porto Novo pour cybercriminalit\u00e9\"},{\"@type\":\"BreadcrumbList\",\"@id\":\"https:\/\/www.africa-press.net\/benin\/toutes-les-actualites\/benin-09-personnes-interpellees-a-porto-novo-pour-cybercriminalite#breadcrumb\",\"itemListElement\":[{\"@type\":\"ListItem\",\"position\":1,\"name\":\"Accueil\",\"item\":\"https:\/\/www.africa-press.net\/benin\/\"},{\"@type\":\"ListItem\",\"position\":2,\"name\":\"B\u00e9nin: 09 personnes interpell\u00e9es \u00e0 Porto Novo pour cybercriminalit\u00e9\"}]},{\"@type\":\"WebSite\",\"@id\":\"https:\/\/www.africa-press.net\/benin\/#website\",\"url\":\"https:\/\/www.africa-press.net\/benin\/\",\"name\":\"B\u00e9nin\",\"description\":\"Just another Africa News Agency Sites site\",\"potentialAction\":[{\"@type\":\"SearchAction\",\"target\":{\"@type\":\"EntryPoint\",\"urlTemplate\":\"https:\/\/www.africa-press.net\/benin\/?s={search_term_string}\"},\"query-input\":{\"@type\":\"PropertyValueSpecification\",\"valueRequired\":true,\"valueName\":\"search_term_string\"}}],\"inLanguage\":\"fr-FR\"},{\"@type\":\"Person\",\"@id\":\"https:\/\/www.africa-press.net\/benin\/#\/schema\/person\/2b1cf3cd81a31e3cd26889ca66d677f1\",\"name\":\"cfeditorfr\"}]}<\/script>\n<!-- \/ Yoast SEO Premium plugin. -->","yoast_head_json":{"title":"B\u00e9nin: 09 personnes interpell\u00e9es \u00e0 Porto Novo pour cybercriminalit\u00e9 - B\u00e9nin","description":"Le commissariat du deuxi\u00e8me arrondissement de Porto Novo a interpel\u00e9 le weekend dernier dans la localit\u00e9 de Danoukin, da ...","robots":{"index":"index","follow":"follow","max-snippet":"max-snippet:-1","max-image-preview":"max-image-preview:large","max-video-preview":"max-video-preview:-1"},"canonical":"https:\/\/www.africa-press.net\/benin\/toutes-les-actualites\/benin-09-personnes-interpellees-a-porto-novo-pour-cybercriminalite","og_locale":"fr_FR","og_type":"article","og_title":"B\u00e9nin: 09 personnes interpell\u00e9es \u00e0 Porto Novo pour cybercriminalit\u00e9","og_description":"Le commissariat du deuxi\u00e8me arrondissement de Porto Novo a interpel\u00e9 le weekend dernier dans la localit\u00e9 de Danoukin, da ...","og_url":"https:\/\/www.africa-press.net\/benin\/toutes-les-actualites\/benin-09-personnes-interpellees-a-porto-novo-pour-cybercriminalite","og_site_name":"B\u00e9nin","article_published_time":"2022-08-03T19:59:45+00:00","article_modified_time":"2022-08-03T20:28:16+00:00","og_image":[{"width":1280,"height":720,"url":"https:\/\/static.africa-press.net\/benin\/sites\/46\/2022\/08\/postQueueImg_25.jpg","type":"image\/jpeg"}],"author":"cfeditorfr","twitter_card":"summary_large_image","twitter_misc":{"\u00c9crit par":"cfeditorfr","Dur\u00e9e de lecture estim\u00e9e":"1 minute"},"schema":{"@context":"https:\/\/schema.org","@graph":[{"@type":"Article","@id":"https:\/\/www.africa-press.net\/benin\/toutes-les-actualites\/benin-09-personnes-interpellees-a-porto-novo-pour-cybercriminalite#article","isPartOf":{"@id":"https:\/\/www.africa-press.net\/benin\/toutes-les-actualites\/benin-09-personnes-interpellees-a-porto-novo-pour-cybercriminalite"},"author":{"name":"cfeditorfr","@id":"https:\/\/www.africa-press.net\/benin\/#\/schema\/person\/2b1cf3cd81a31e3cd26889ca66d677f1"},"headline":"B\u00e9nin: 09 personnes interpell\u00e9es \u00e0 Porto Novo pour cybercriminalit\u00e9","datePublished":"2022-08-03T19:59:45+00:00","dateModified":"2022-08-03T20:28:16+00:00","mainEntityOfPage":{"@id":"https:\/\/www.africa-press.net\/benin\/toutes-les-actualites\/benin-09-personnes-interpellees-a-porto-novo-pour-cybercriminalite"},"wordCount":199,"commentCount":0,"image":{"@id":"https:\/\/www.africa-press.net\/benin\/toutes-les-actualites\/benin-09-personnes-interpellees-a-porto-novo-pour-cybercriminalite#primaryimage"},"thumbnailUrl":"https:\/\/static.africa-press.net\/benin\/sites\/46\/2022\/08\/postQueueImg_25.jpg","keywords":["Africa Press","Africa Press-Benin","B\u00e9nin"],"articleSection":["Communaut\u00e9","homepage-french","Toutes les actualit\u00e9s"],"inLanguage":"fr-FR","potentialAction":[{"@type":"CommentAction","name":"Comment","target":["https:\/\/www.africa-press.net\/benin\/toutes-les-actualites\/benin-09-personnes-interpellees-a-porto-novo-pour-cybercriminalite#respond"]}]},{"@type":"WebPage","@id":"https:\/\/www.africa-press.net\/benin\/toutes-les-actualites\/benin-09-personnes-interpellees-a-porto-novo-pour-cybercriminalite","url":"https:\/\/www.africa-press.net\/benin\/toutes-les-actualites\/benin-09-personnes-interpellees-a-porto-novo-pour-cybercriminalite","name":"B\u00e9nin: 09 personnes interpell\u00e9es \u00e0 Porto Novo pour cybercriminalit\u00e9 - B\u00e9nin","isPartOf":{"@id":"https:\/\/www.africa-press.net\/benin\/#website"},"primaryImageOfPage":{"@id":"https:\/\/www.africa-press.net\/benin\/toutes-les-actualites\/benin-09-personnes-interpellees-a-porto-novo-pour-cybercriminalite#primaryimage"},"image":{"@id":"https:\/\/www.africa-press.net\/benin\/toutes-les-actualites\/benin-09-personnes-interpellees-a-porto-novo-pour-cybercriminalite#primaryimage"},"thumbnailUrl":"https:\/\/static.africa-press.net\/benin\/sites\/46\/2022\/08\/postQueueImg_25.jpg","datePublished":"2022-08-03T19:59:45+00:00","dateModified":"2022-08-03T20:28:16+00:00","author":{"@id":"https:\/\/www.africa-press.net\/benin\/#\/schema\/person\/2b1cf3cd81a31e3cd26889ca66d677f1"},"description":"Le commissariat du deuxi\u00e8me arrondissement de Porto Novo a interpel\u00e9 le weekend dernier dans la localit\u00e9 de Danoukin, da ...","breadcrumb":{"@id":"https:\/\/www.africa-press.net\/benin\/toutes-les-actualites\/benin-09-personnes-interpellees-a-porto-novo-pour-cybercriminalite#breadcrumb"},"inLanguage":"fr-FR","potentialAction":[{"@type":"ReadAction","target":["https:\/\/www.africa-press.net\/benin\/toutes-les-actualites\/benin-09-personnes-interpellees-a-porto-novo-pour-cybercriminalite"]}]},{"@type":"ImageObject","inLanguage":"fr-FR","@id":"https:\/\/www.africa-press.net\/benin\/toutes-les-actualites\/benin-09-personnes-interpellees-a-porto-novo-pour-cybercriminalite#primaryimage","url":"https:\/\/static.africa-press.net\/benin\/sites\/46\/2022\/08\/postQueueImg_25.jpg","contentUrl":"https:\/\/static.africa-press.net\/benin\/sites\/46\/2022\/08\/postQueueImg_25.jpg","width":1280,"height":720,"caption":"B\u00e9nin: 09 personnes interpell\u00e9es \u00e0 Porto Novo pour cybercriminalit\u00e9"},{"@type":"BreadcrumbList","@id":"https:\/\/www.africa-press.net\/benin\/toutes-les-actualites\/benin-09-personnes-interpellees-a-porto-novo-pour-cybercriminalite#breadcrumb","itemListElement":[{"@type":"ListItem","position":1,"name":"Accueil","item":"https:\/\/www.africa-press.net\/benin\/"},{"@type":"ListItem","position":2,"name":"B\u00e9nin: 09 personnes interpell\u00e9es \u00e0 Porto Novo pour cybercriminalit\u00e9"}]},{"@type":"WebSite","@id":"https:\/\/www.africa-press.net\/benin\/#website","url":"https:\/\/www.africa-press.net\/benin\/","name":"B\u00e9nin","description":"Just another Africa News Agency Sites site","potentialAction":[{"@type":"SearchAction","target":{"@type":"EntryPoint","urlTemplate":"https:\/\/www.africa-press.net\/benin\/?s={search_term_string}"},"query-input":{"@type":"PropertyValueSpecification","valueRequired":true,"valueName":"search_term_string"}}],"inLanguage":"fr-FR"},{"@type":"Person","@id":"https:\/\/www.africa-press.net\/benin\/#\/schema\/person\/2b1cf3cd81a31e3cd26889ca66d677f1","name":"cfeditorfr"}]}},"_links":{"self":[{"href":"https:\/\/www.africa-press.net\/benin\/wp-json\/wp\/v2\/posts\/7550","targetHints":{"allow":["GET"]}}],"collection":[{"href":"https:\/\/www.africa-press.net\/benin\/wp-json\/wp\/v2\/posts"}],"about":[{"href":"https:\/\/www.africa-press.net\/benin\/wp-json\/wp\/v2\/types\/post"}],"author":[{"embeddable":true,"href":"https:\/\/www.africa-press.net\/benin\/wp-json\/wp\/v2\/users\/82"}],"replies":[{"embeddable":true,"href":"https:\/\/www.africa-press.net\/benin\/wp-json\/wp\/v2\/comments?post=7550"}],"version-history":[{"count":0,"href":"https:\/\/www.africa-press.net\/benin\/wp-json\/wp\/v2\/posts\/7550\/revisions"}],"wp:featuredmedia":[{"embeddable":true,"href":"https:\/\/www.africa-press.net\/benin\/wp-json\/wp\/v2\/media\/7549"}],"wp:attachment":[{"href":"https:\/\/www.africa-press.net\/benin\/wp-json\/wp\/v2\/media?parent=7550"}],"wp:term":[{"taxonomy":"category","embeddable":true,"href":"https:\/\/www.africa-press.net\/benin\/wp-json\/wp\/v2\/categories?post=7550"},{"taxonomy":"post_tag","embeddable":true,"href":"https:\/\/www.africa-press.net\/benin\/wp-json\/wp\/v2\/tags?post=7550"}],"curies":[{"name":"wp","href":"https:\/\/api.w.org\/{rel}","templated":true}]}}