{"id":7553,"date":"2022-08-03T20:00:01","date_gmt":"2022-08-03T20:00:01","guid":{"rendered":"https:\/\/www.africa-press.net\/benin\/politique\/legislatives-2023-guy-mitokpe-ne-cache-pas-ses-ambitions-pour-la-9e-legislature"},"modified":"2022-08-03T20:28:51","modified_gmt":"2022-08-03T20:28:51","slug":"legislatives-2023-guy-mitokpe-ne-cache-pas-ses-ambitions-pour-la-9e-legislature","status":"publish","type":"post","link":"https:\/\/www.africa-press.net\/benin\/politique\/legislatives-2023-guy-mitokpe-ne-cache-pas-ses-ambitions-pour-la-9e-legislature","title":{"rendered":"L\u00e9gislatives 2023: Guy Mitokp\u00e8 ne cache pas ses ambitions pour la 9\u00e8 l\u00e9gislature"},"content":{"rendered":"<p><span style=\"color: #ff6600\"><strong>Africa-Press &#8211; Benin. <\/strong><\/span>Depuis sa d\u00e9mission de sa formation politique, le parti Restaurer l\u2019Espoir, l\u2019honorable Guy Mitokp\u00e8 n\u2019a pas encore communiqu\u00e9 sur sa prochaine destination. Interrog\u00e9 sur la question par l\u2019un de ses fans, l\u2019ex parlementaire fait savoir qu\u2019il est toujours dans les \u00e9changes. Son ambition serait d\u2019\u00eatre dans la course pour les prochaines l\u00e9gislatives.<\/p>\n<p>Depuis sa d\u00e9mission du parti de l\u2019ancien ministre d\u00e9l\u00e9gu\u00e9 de la d\u00e9fense nationale de Patrice Talon, l\u2019ancien d\u00e9put\u00e9 Guy Mitokp\u00e8 sollicit\u00e9 aussi bien par les partis politiques de l\u2019opposition que de la mouvance n\u2019a pas encore conclu les n\u00e9gociations.<\/p>\n<p>C\u2019est du moins ce que l\u2019on peut retenir des r\u00e9ponses qu\u2019il a donn\u00e9es \u00e0 l\u2019un de ses fans press\u00e9 de savoir sa prochaine destination politique. En r\u00e9ponse \u00e0 cette question, l\u2019ex secr\u00e9taire g\u00e9n\u00e9ral du parti Restaurer l\u2019Espoir affirme qu\u2019il aurait bien voulu participer aux \u00e9lections l\u00e9gislatives du 08 janvier 2023.<\/p>\n<p>\u00ab Le fait que je n\u2019ai pas encore d\u00e9clar\u00e9 ma destination politique et en occurrence le parti avec lequel, j\u2019aurais aim\u00e9 aller aux prochaines \u00e9lections l\u00e9gislatives (si Dieu m\u2019en donne l\u2019occasion), n\u2019est pas forc\u00e9ment de ma responsabilit\u00e9\u00ab , s\u2019est confi\u00e9 ce mardi l\u2019ex parlementaire.<\/p>\n<p>Guy Mitokp\u00e8 pr\u00e9cise qu\u2019il continue les \u00e9changes politiques avec ses probables futurs partenaires. Les \u00e9changes n\u2019ayant pas \u00e9t\u00e9 conclu, indique-t-il, il serait pas biens\u00e9ant d\u2019\u00e9taler sur la place publique les discussions toujours en cours.<\/p>\n<p>\u00ab Les amis et moi n\u2019avons pas encore conclu\u2026 Je ne pourrai pas dans ce cas, faire une d\u00e9claration. Ce serait un manque de respect \u00e0 l\u2019\u00e9gard de ceux avec qui je parle\u00ab , a confi\u00e9 l\u2019ex secr\u00e9taire g\u00e9n\u00e9ral du parti Restaurer l\u2019Espoir.<\/p>\n<p>Guy Mitokp\u00e8 plus proche de l\u2019opposition que de la mouvance<\/p>\n<p>Si l\u2019ancien d\u00e9put\u00e9 Guy Mitokp\u00e8 affirme qu\u2019il est aussi bien sollicit\u00e9 par l\u2019opposition que la mouvance, son c\u0153ur est plus proche de l\u2019opposition au r\u00e9gime de la rupture.<\/p>\n<p>Au cours d\u2019une rencontre d\u2019\u00e9changes qu\u2019il a eue le 02 Juin dernier avec les \u00e9tudiants, l\u2019honorable Guy Mitokp\u00e8 a r\u00e9it\u00e9r\u00e9 son opposition au r\u00e9gime du pr\u00e9sident Patrice Talon. L\u2019ancien parlementaire jure qu\u2019il n\u2019a pas chang\u00e9 de veste comme certaines personnes font croire dans l\u2019opinion.<\/p>\n<p>\u00ab Je le dis publiquement, je continue d\u2019\u00eatre en opposition au r\u00e9gime de Patrice Talon. Je suis encore opposant au r\u00e9gime de Patrice Talon. Je n\u2019ai pas jet\u00e9 l\u2019\u00e9ponge\u00ab , avait-il martel\u00e9 devant les \u00e9tudiants.<\/p>\n<p>Des d\u00e9clarations qui vont certainement beaucoup peser dans les \u00e9changes actuellement en cours avec des partis politiques de l\u2019opposition comme de la mouvance au pouvoir. Il ne serait donc pas surprenant que l\u2019ex bras droit de Candide Azanna\u00ef soit candidat aux prochaines \u00e9lections l\u00e9gislatives sur la liste d\u2019un parti politique de l\u2019opposition.<\/p>\n<p><strong>Pour plus d&rsquo;informations et d&rsquo;analyses sur la <a href=\"https:\/\/www.africa-press.net\/benin\">Benin<\/a>, suivez <a href=\"https:\/\/www.africa-press.net\/\">Africa-Press<\/a><\/strong><\/p>\n","protected":false},"excerpt":{"rendered":"<p>Africa-Press &#8211; Benin. Depuis sa d\u00e9mission de sa formation politique, le parti Restaurer l\u2019Espoir, l\u2019honorable Guy Mitokp\u00e8 n\u2019a pas encore communiqu\u00e9 sur sa prochaine destination. Interrog\u00e9 sur la question par l\u2019un de ses fans, l\u2019ex parlementaire fait savoir qu\u2019il est toujours dans les \u00e9changes. Son ambition serait d\u2019\u00eatre dans la course pour les prochaines l\u00e9gislatives. [&hellip;]<\/p>\n","protected":false},"author":82,"featured_media":7552,"comment_status":"open","ping_status":"closed","sticky":false,"template":"","format":"standard","meta":{"footnotes":""},"categories":[11,2,10],"tags":[36,50,45],"class_list":["post-7553","post","type-post","status-publish","format-standard","has-post-thumbnail","hentry","category-homepage-french","category-politique","category-toutes-les-actualites","tag-africa-press","tag-africa-press-benin","tag-benin"],"yoast_head":"<!-- This site is optimized with the Yoast SEO Premium plugin v26.1 (Yoast SEO v27.0) - https:\/\/yoast.com\/product\/yoast-seo-premium-wordpress\/ -->\n<title>L\u00e9gislatives 2023: Guy Mitokp\u00e8 ne cache pas ses ambitions pour la 9\u00e8 l\u00e9gislature - B\u00e9nin<\/title>\n<meta name=\"description\" content=\"Depuis sa d\u00e9mission de sa formation politique, le parti Restaurer l\u2019Espoir, l\u2019honorable Guy Mitokp\u00e8 n\u2019a pas encore commu ...\" \/>\n<meta name=\"robots\" content=\"index, follow, max-snippet:-1, max-image-preview:large, max-video-preview:-1\" \/>\n<link rel=\"canonical\" href=\"https:\/\/www.africa-press.net\/benin\/politique\/legislatives-2023-guy-mitokpe-ne-cache-pas-ses-ambitions-pour-la-9e-legislature\" \/>\n<meta property=\"og:locale\" content=\"fr_FR\" \/>\n<meta property=\"og:type\" content=\"article\" \/>\n<meta property=\"og:title\" content=\"L\u00e9gislatives 2023: Guy Mitokp\u00e8 ne cache pas ses ambitions pour la 9\u00e8 l\u00e9gislature\" \/>\n<meta property=\"og:description\" content=\"Depuis sa d\u00e9mission de sa formation politique, le parti Restaurer l\u2019Espoir, l\u2019honorable Guy Mitokp\u00e8 n\u2019a pas encore commu ...\" \/>\n<meta property=\"og:url\" content=\"https:\/\/www.africa-press.net\/benin\/politique\/legislatives-2023-guy-mitokpe-ne-cache-pas-ses-ambitions-pour-la-9e-legislature\" \/>\n<meta property=\"og:site_name\" content=\"B\u00e9nin\" \/>\n<meta property=\"article:published_time\" content=\"2022-08-03T20:00:01+00:00\" \/>\n<meta property=\"article:modified_time\" content=\"2022-08-03T20:28:51+00:00\" \/>\n<meta property=\"og:image\" content=\"https:\/\/static.africa-press.net\/benin\/sites\/46\/2022\/08\/postQueueImg_26.jpg\" \/>\n\t<meta property=\"og:image:width\" content=\"1300\" \/>\n\t<meta property=\"og:image:height\" content=\"700\" \/>\n\t<meta property=\"og:image:type\" content=\"image\/jpeg\" \/>\n<meta name=\"author\" content=\"cfeditorfr\" \/>\n<meta name=\"twitter:card\" content=\"summary_large_image\" \/>\n<meta name=\"twitter:label1\" content=\"\u00c9crit par\" \/>\n\t<meta name=\"twitter:data1\" content=\"cfeditorfr\" \/>\n\t<meta name=\"twitter:label2\" content=\"Dur\u00e9e de lecture estim\u00e9e\" \/>\n\t<meta name=\"twitter:data2\" content=\"3 minutes\" \/>\n<script type=\"application\/ld+json\" class=\"yoast-schema-graph\">{\"@context\":\"https:\/\/schema.org\",\"@graph\":[{\"@type\":\"Article\",\"@id\":\"https:\/\/www.africa-press.net\/benin\/politique\/legislatives-2023-guy-mitokpe-ne-cache-pas-ses-ambitions-pour-la-9e-legislature#article\",\"isPartOf\":{\"@id\":\"https:\/\/www.africa-press.net\/benin\/politique\/legislatives-2023-guy-mitokpe-ne-cache-pas-ses-ambitions-pour-la-9e-legislature\"},\"author\":{\"name\":\"cfeditorfr\",\"@id\":\"https:\/\/www.africa-press.net\/benin\/#\/schema\/person\/2b1cf3cd81a31e3cd26889ca66d677f1\"},\"headline\":\"L\u00e9gislatives 2023: Guy Mitokp\u00e8 ne cache pas ses ambitions pour la 9\u00e8 l\u00e9gislature\",\"datePublished\":\"2022-08-03T20:00:01+00:00\",\"dateModified\":\"2022-08-03T20:28:51+00:00\",\"mainEntityOfPage\":{\"@id\":\"https:\/\/www.africa-press.net\/benin\/politique\/legislatives-2023-guy-mitokpe-ne-cache-pas-ses-ambitions-pour-la-9e-legislature\"},\"wordCount\":534,\"commentCount\":0,\"image\":{\"@id\":\"https:\/\/www.africa-press.net\/benin\/politique\/legislatives-2023-guy-mitokpe-ne-cache-pas-ses-ambitions-pour-la-9e-legislature#primaryimage\"},\"thumbnailUrl\":\"https:\/\/static.africa-press.net\/benin\/sites\/46\/2022\/08\/postQueueImg_26.jpg\",\"keywords\":[\"Africa Press\",\"Africa Press-Benin\",\"B\u00e9nin\"],\"articleSection\":[\"homepage-french\",\"Politique\",\"Toutes les actualit\u00e9s\"],\"inLanguage\":\"fr-FR\",\"potentialAction\":[{\"@type\":\"CommentAction\",\"name\":\"Comment\",\"target\":[\"https:\/\/www.africa-press.net\/benin\/politique\/legislatives-2023-guy-mitokpe-ne-cache-pas-ses-ambitions-pour-la-9e-legislature#respond\"]}]},{\"@type\":\"WebPage\",\"@id\":\"https:\/\/www.africa-press.net\/benin\/politique\/legislatives-2023-guy-mitokpe-ne-cache-pas-ses-ambitions-pour-la-9e-legislature\",\"url\":\"https:\/\/www.africa-press.net\/benin\/politique\/legislatives-2023-guy-mitokpe-ne-cache-pas-ses-ambitions-pour-la-9e-legislature\",\"name\":\"L\u00e9gislatives 2023: Guy Mitokp\u00e8 ne cache pas ses ambitions pour la 9\u00e8 l\u00e9gislature - B\u00e9nin\",\"isPartOf\":{\"@id\":\"https:\/\/www.africa-press.net\/benin\/#website\"},\"primaryImageOfPage\":{\"@id\":\"https:\/\/www.africa-press.net\/benin\/politique\/legislatives-2023-guy-mitokpe-ne-cache-pas-ses-ambitions-pour-la-9e-legislature#primaryimage\"},\"image\":{\"@id\":\"https:\/\/www.africa-press.net\/benin\/politique\/legislatives-2023-guy-mitokpe-ne-cache-pas-ses-ambitions-pour-la-9e-legislature#primaryimage\"},\"thumbnailUrl\":\"https:\/\/static.africa-press.net\/benin\/sites\/46\/2022\/08\/postQueueImg_26.jpg\",\"datePublished\":\"2022-08-03T20:00:01+00:00\",\"dateModified\":\"2022-08-03T20:28:51+00:00\",\"author\":{\"@id\":\"https:\/\/www.africa-press.net\/benin\/#\/schema\/person\/2b1cf3cd81a31e3cd26889ca66d677f1\"},\"description\":\"Depuis sa d\u00e9mission de sa formation politique, le parti Restaurer l\u2019Espoir, l\u2019honorable Guy Mitokp\u00e8 n\u2019a pas encore commu ...\",\"breadcrumb\":{\"@id\":\"https:\/\/www.africa-press.net\/benin\/politique\/legislatives-2023-guy-mitokpe-ne-cache-pas-ses-ambitions-pour-la-9e-legislature#breadcrumb\"},\"inLanguage\":\"fr-FR\",\"potentialAction\":[{\"@type\":\"ReadAction\",\"target\":[\"https:\/\/www.africa-press.net\/benin\/politique\/legislatives-2023-guy-mitokpe-ne-cache-pas-ses-ambitions-pour-la-9e-legislature\"]}]},{\"@type\":\"ImageObject\",\"inLanguage\":\"fr-FR\",\"@id\":\"https:\/\/www.africa-press.net\/benin\/politique\/legislatives-2023-guy-mitokpe-ne-cache-pas-ses-ambitions-pour-la-9e-legislature#primaryimage\",\"url\":\"https:\/\/static.africa-press.net\/benin\/sites\/46\/2022\/08\/postQueueImg_26.jpg\",\"contentUrl\":\"https:\/\/static.africa-press.net\/benin\/sites\/46\/2022\/08\/postQueueImg_26.jpg\",\"width\":1300,\"height\":700,\"caption\":\"L\u00e9gislatives 2023: Guy Mitokp\u00e8 ne cache pas ses ambitions pour la 9\u00e8 l\u00e9gislature\"},{\"@type\":\"BreadcrumbList\",\"@id\":\"https:\/\/www.africa-press.net\/benin\/politique\/legislatives-2023-guy-mitokpe-ne-cache-pas-ses-ambitions-pour-la-9e-legislature#breadcrumb\",\"itemListElement\":[{\"@type\":\"ListItem\",\"position\":1,\"name\":\"Accueil\",\"item\":\"https:\/\/www.africa-press.net\/benin\/\"},{\"@type\":\"ListItem\",\"position\":2,\"name\":\"L\u00e9gislatives 2023: Guy Mitokp\u00e8 ne cache pas ses ambitions pour la 9\u00e8 l\u00e9gislature\"}]},{\"@type\":\"WebSite\",\"@id\":\"https:\/\/www.africa-press.net\/benin\/#website\",\"url\":\"https:\/\/www.africa-press.net\/benin\/\",\"name\":\"B\u00e9nin\",\"description\":\"Just another Africa News Agency Sites site\",\"potentialAction\":[{\"@type\":\"SearchAction\",\"target\":{\"@type\":\"EntryPoint\",\"urlTemplate\":\"https:\/\/www.africa-press.net\/benin\/?s={search_term_string}\"},\"query-input\":{\"@type\":\"PropertyValueSpecification\",\"valueRequired\":true,\"valueName\":\"search_term_string\"}}],\"inLanguage\":\"fr-FR\"},{\"@type\":\"Person\",\"@id\":\"https:\/\/www.africa-press.net\/benin\/#\/schema\/person\/2b1cf3cd81a31e3cd26889ca66d677f1\",\"name\":\"cfeditorfr\"}]}<\/script>\n<!-- \/ Yoast SEO Premium plugin. -->","yoast_head_json":{"title":"L\u00e9gislatives 2023: Guy Mitokp\u00e8 ne cache pas ses ambitions pour la 9\u00e8 l\u00e9gislature - B\u00e9nin","description":"Depuis sa d\u00e9mission de sa formation politique, le parti Restaurer l\u2019Espoir, l\u2019honorable Guy Mitokp\u00e8 n\u2019a pas encore commu ...","robots":{"index":"index","follow":"follow","max-snippet":"max-snippet:-1","max-image-preview":"max-image-preview:large","max-video-preview":"max-video-preview:-1"},"canonical":"https:\/\/www.africa-press.net\/benin\/politique\/legislatives-2023-guy-mitokpe-ne-cache-pas-ses-ambitions-pour-la-9e-legislature","og_locale":"fr_FR","og_type":"article","og_title":"L\u00e9gislatives 2023: Guy Mitokp\u00e8 ne cache pas ses ambitions pour la 9\u00e8 l\u00e9gislature","og_description":"Depuis sa d\u00e9mission de sa formation politique, le parti Restaurer l\u2019Espoir, l\u2019honorable Guy Mitokp\u00e8 n\u2019a pas encore commu ...","og_url":"https:\/\/www.africa-press.net\/benin\/politique\/legislatives-2023-guy-mitokpe-ne-cache-pas-ses-ambitions-pour-la-9e-legislature","og_site_name":"B\u00e9nin","article_published_time":"2022-08-03T20:00:01+00:00","article_modified_time":"2022-08-03T20:28:51+00:00","og_image":[{"width":1300,"height":700,"url":"https:\/\/static.africa-press.net\/benin\/sites\/46\/2022\/08\/postQueueImg_26.jpg","type":"image\/jpeg"}],"author":"cfeditorfr","twitter_card":"summary_large_image","twitter_misc":{"\u00c9crit par":"cfeditorfr","Dur\u00e9e de lecture estim\u00e9e":"3 minutes"},"schema":{"@context":"https:\/\/schema.org","@graph":[{"@type":"Article","@id":"https:\/\/www.africa-press.net\/benin\/politique\/legislatives-2023-guy-mitokpe-ne-cache-pas-ses-ambitions-pour-la-9e-legislature#article","isPartOf":{"@id":"https:\/\/www.africa-press.net\/benin\/politique\/legislatives-2023-guy-mitokpe-ne-cache-pas-ses-ambitions-pour-la-9e-legislature"},"author":{"name":"cfeditorfr","@id":"https:\/\/www.africa-press.net\/benin\/#\/schema\/person\/2b1cf3cd81a31e3cd26889ca66d677f1"},"headline":"L\u00e9gislatives 2023: Guy Mitokp\u00e8 ne cache pas ses ambitions pour la 9\u00e8 l\u00e9gislature","datePublished":"2022-08-03T20:00:01+00:00","dateModified":"2022-08-03T20:28:51+00:00","mainEntityOfPage":{"@id":"https:\/\/www.africa-press.net\/benin\/politique\/legislatives-2023-guy-mitokpe-ne-cache-pas-ses-ambitions-pour-la-9e-legislature"},"wordCount":534,"commentCount":0,"image":{"@id":"https:\/\/www.africa-press.net\/benin\/politique\/legislatives-2023-guy-mitokpe-ne-cache-pas-ses-ambitions-pour-la-9e-legislature#primaryimage"},"thumbnailUrl":"https:\/\/static.africa-press.net\/benin\/sites\/46\/2022\/08\/postQueueImg_26.jpg","keywords":["Africa Press","Africa Press-Benin","B\u00e9nin"],"articleSection":["homepage-french","Politique","Toutes les actualit\u00e9s"],"inLanguage":"fr-FR","potentialAction":[{"@type":"CommentAction","name":"Comment","target":["https:\/\/www.africa-press.net\/benin\/politique\/legislatives-2023-guy-mitokpe-ne-cache-pas-ses-ambitions-pour-la-9e-legislature#respond"]}]},{"@type":"WebPage","@id":"https:\/\/www.africa-press.net\/benin\/politique\/legislatives-2023-guy-mitokpe-ne-cache-pas-ses-ambitions-pour-la-9e-legislature","url":"https:\/\/www.africa-press.net\/benin\/politique\/legislatives-2023-guy-mitokpe-ne-cache-pas-ses-ambitions-pour-la-9e-legislature","name":"L\u00e9gislatives 2023: Guy Mitokp\u00e8 ne cache pas ses ambitions pour la 9\u00e8 l\u00e9gislature - B\u00e9nin","isPartOf":{"@id":"https:\/\/www.africa-press.net\/benin\/#website"},"primaryImageOfPage":{"@id":"https:\/\/www.africa-press.net\/benin\/politique\/legislatives-2023-guy-mitokpe-ne-cache-pas-ses-ambitions-pour-la-9e-legislature#primaryimage"},"image":{"@id":"https:\/\/www.africa-press.net\/benin\/politique\/legislatives-2023-guy-mitokpe-ne-cache-pas-ses-ambitions-pour-la-9e-legislature#primaryimage"},"thumbnailUrl":"https:\/\/static.africa-press.net\/benin\/sites\/46\/2022\/08\/postQueueImg_26.jpg","datePublished":"2022-08-03T20:00:01+00:00","dateModified":"2022-08-03T20:28:51+00:00","author":{"@id":"https:\/\/www.africa-press.net\/benin\/#\/schema\/person\/2b1cf3cd81a31e3cd26889ca66d677f1"},"description":"Depuis sa d\u00e9mission de sa formation politique, le parti Restaurer l\u2019Espoir, l\u2019honorable Guy Mitokp\u00e8 n\u2019a pas encore commu ...","breadcrumb":{"@id":"https:\/\/www.africa-press.net\/benin\/politique\/legislatives-2023-guy-mitokpe-ne-cache-pas-ses-ambitions-pour-la-9e-legislature#breadcrumb"},"inLanguage":"fr-FR","potentialAction":[{"@type":"ReadAction","target":["https:\/\/www.africa-press.net\/benin\/politique\/legislatives-2023-guy-mitokpe-ne-cache-pas-ses-ambitions-pour-la-9e-legislature"]}]},{"@type":"ImageObject","inLanguage":"fr-FR","@id":"https:\/\/www.africa-press.net\/benin\/politique\/legislatives-2023-guy-mitokpe-ne-cache-pas-ses-ambitions-pour-la-9e-legislature#primaryimage","url":"https:\/\/static.africa-press.net\/benin\/sites\/46\/2022\/08\/postQueueImg_26.jpg","contentUrl":"https:\/\/static.africa-press.net\/benin\/sites\/46\/2022\/08\/postQueueImg_26.jpg","width":1300,"height":700,"caption":"L\u00e9gislatives 2023: Guy Mitokp\u00e8 ne cache pas ses ambitions pour la 9\u00e8 l\u00e9gislature"},{"@type":"BreadcrumbList","@id":"https:\/\/www.africa-press.net\/benin\/politique\/legislatives-2023-guy-mitokpe-ne-cache-pas-ses-ambitions-pour-la-9e-legislature#breadcrumb","itemListElement":[{"@type":"ListItem","position":1,"name":"Accueil","item":"https:\/\/www.africa-press.net\/benin\/"},{"@type":"ListItem","position":2,"name":"L\u00e9gislatives 2023: Guy Mitokp\u00e8 ne cache pas ses ambitions pour la 9\u00e8 l\u00e9gislature"}]},{"@type":"WebSite","@id":"https:\/\/www.africa-press.net\/benin\/#website","url":"https:\/\/www.africa-press.net\/benin\/","name":"B\u00e9nin","description":"Just another Africa News Agency Sites site","potentialAction":[{"@type":"SearchAction","target":{"@type":"EntryPoint","urlTemplate":"https:\/\/www.africa-press.net\/benin\/?s={search_term_string}"},"query-input":{"@type":"PropertyValueSpecification","valueRequired":true,"valueName":"search_term_string"}}],"inLanguage":"fr-FR"},{"@type":"Person","@id":"https:\/\/www.africa-press.net\/benin\/#\/schema\/person\/2b1cf3cd81a31e3cd26889ca66d677f1","name":"cfeditorfr"}]}},"_links":{"self":[{"href":"https:\/\/www.africa-press.net\/benin\/wp-json\/wp\/v2\/posts\/7553","targetHints":{"allow":["GET"]}}],"collection":[{"href":"https:\/\/www.africa-press.net\/benin\/wp-json\/wp\/v2\/posts"}],"about":[{"href":"https:\/\/www.africa-press.net\/benin\/wp-json\/wp\/v2\/types\/post"}],"author":[{"embeddable":true,"href":"https:\/\/www.africa-press.net\/benin\/wp-json\/wp\/v2\/users\/82"}],"replies":[{"embeddable":true,"href":"https:\/\/www.africa-press.net\/benin\/wp-json\/wp\/v2\/comments?post=7553"}],"version-history":[{"count":0,"href":"https:\/\/www.africa-press.net\/benin\/wp-json\/wp\/v2\/posts\/7553\/revisions"}],"wp:featuredmedia":[{"embeddable":true,"href":"https:\/\/www.africa-press.net\/benin\/wp-json\/wp\/v2\/media\/7552"}],"wp:attachment":[{"href":"https:\/\/www.africa-press.net\/benin\/wp-json\/wp\/v2\/media?parent=7553"}],"wp:term":[{"taxonomy":"category","embeddable":true,"href":"https:\/\/www.africa-press.net\/benin\/wp-json\/wp\/v2\/categories?post=7553"},{"taxonomy":"post_tag","embeddable":true,"href":"https:\/\/www.africa-press.net\/benin\/wp-json\/wp\/v2\/tags?post=7553"}],"curies":[{"name":"wp","href":"https:\/\/api.w.org\/{rel}","templated":true}]}}