{"id":7556,"date":"2022-08-03T20:00:08","date_gmt":"2022-08-03T20:00:08","guid":{"rendered":"https:\/\/www.africa-press.net\/benin\/politique\/benin-rachidi-gbadamassi-est-pret-pour-une-retraite-parlementaire-si-le-br-le-decide"},"modified":"2022-08-03T20:29:22","modified_gmt":"2022-08-03T20:29:22","slug":"benin-rachidi-gbadamassi-est-pret-pour-une-retraite-parlementaire-si-le-br-le-decide","status":"publish","type":"post","link":"https:\/\/www.africa-press.net\/benin\/politique\/benin-rachidi-gbadamassi-est-pret-pour-une-retraite-parlementaire-si-le-br-le-decide","title":{"rendered":"B\u00e9nin: Rachidi Gbadamassi est pr\u00eat pour une retraite parlementaire si le BR le d\u00e9cide"},"content":{"rendered":"<p><span style=\"color: #ff6600\"><strong>Africa-Press &#8211; Benin. <\/strong><\/span>Le d\u00e9put\u00e9 du parti Bloc R\u00e9publicain, Rachidi Gbadamassi est pr\u00eat \u00e0 c\u00e9der sa place au parlement \u00e0 partir de 2023 si telle est la volont\u00e9 de sa famille politique.<\/p>\n<p>Le chef de l\u2019Etat, le pr\u00e9sident Patrice Talon travaille depuis un moment pour le rajeunissement de la classe politique. Les \u00e9lections l\u00e9gislatives de 2019 ont donn\u00e9 le signal m\u00eame si pour des questions de transfert d\u2019exp\u00e9rience, certains anciens parlementaires ont retrouv\u00e9 leur place \u00e0 l\u2019assembl\u00e9e nationale, les choses ne se passeront certainement pas de la m\u00eame mani\u00e8re en 2023. Plusieurs carri\u00e9ristes parlementaires risquent de ne pas avoir leur ticket d\u2019acc\u00e8s \u00e0 l\u2019assembl\u00e9e nationale.<\/p>\n<p>Sur la question, le buffle de Parakou, l\u2019honorable Rachidi Gbadamassi interview\u00e9 par le quotidien Fraternit\u00e9 affirme qu\u2019il ne fait pas de fixation sur la neuvi\u00e8me l\u00e9gislature. Le pr\u00e9sident de la commission des relations ext\u00e9rieures , de la d\u00e9fense et de la s\u00e9curit\u00e9 de l\u2019assembl\u00e9e nationale est dispos\u00e9 \u00e0 c\u00e9der sa place \u00e0 l\u2019h\u00e9micycle pour permettre \u00e0 d\u2019autres de faire l\u2019exp\u00e9rience parlementaire.<\/p>\n<p>\u00ab Si le parti politique estime que je peux continuer je le ferai, mais si le parti estime que je dois me reposer je vais m\u00eame battre campagne pour celui qui sera positionn\u00e9 \u00bb, a confi\u00e9 le parlementaire.<\/p>\n<p>Il faut dire que l\u2019ancien maire de Parakou a \u00e9t\u00e9 de toutes les mandatures. Homme du peuple et g\u00e9n\u00e9reux donateur, l\u2019acteur politique a su nouer avec ses \u00e9lecteurs un lien solide qui lui permet de tirer son \u00e9pingle du jeu \u00e0 toutes les \u00e9lections l\u00e9gislatives.<\/p>\n<p>Il est vrai que le contexte politique dans la huiti\u00e8me circonscription a beaucoup \u00e9volu\u00e9 avec l\u2019\u00e9mergence de nouveaux acteurs politiques comme Charles Toko, le ministre Adambi et un bon ancrage politique du parti force cauris pour un B\u00e9nin \u00e9mergent sans oubli\u00e9 l\u2019influence de Yayi Boni dans la huiti\u00e8me circonscription \u00e9lectorale.<\/p>\n<p>Au demeurant, le pr\u00e9sident de la commission des relations ext\u00e9rieures , de la d\u00e9fense et de la s\u00e9curit\u00e9 de l\u2019assembl\u00e9e nationale, l\u2019honorable Rachidi Gbadamassi n\u2019a pas suffisamment de chance pour \u00eatre positionn\u00e9 en 2023 sur la liste du parti Bloc R\u00e9publicain. Dans tous les cas, \u00ab l\u2019expert en strat\u00e9gie politique \u00bb a suffisamment donn\u00e9 \u00e0 la R\u00e9publique et pourrait \u00e0 partir de 2023 faire valoir ses droits \u00e0 une retraite parlementaire bien m\u00e9rit\u00e9e.<\/p>\n<p><strong>Pour plus d&rsquo;informations et d&rsquo;analyses sur la <a href=\"https:\/\/www.africa-press.net\/benin\">Benin<\/a>, suivez <a href=\"https:\/\/www.africa-press.net\/\">Africa-Press<\/a><\/strong><\/p>\n","protected":false},"excerpt":{"rendered":"<p>Africa-Press &#8211; Benin. Le d\u00e9put\u00e9 du parti Bloc R\u00e9publicain, Rachidi Gbadamassi est pr\u00eat \u00e0 c\u00e9der sa place au parlement \u00e0 partir de 2023 si telle est la volont\u00e9 de sa famille politique. Le chef de l\u2019Etat, le pr\u00e9sident Patrice Talon travaille depuis un moment pour le rajeunissement de la classe politique. Les \u00e9lections l\u00e9gislatives de [&hellip;]<\/p>\n","protected":false},"author":82,"featured_media":7555,"comment_status":"open","ping_status":"closed","sticky":false,"template":"","format":"standard","meta":{"footnotes":""},"categories":[11,2,10],"tags":[36,50,45],"class_list":["post-7556","post","type-post","status-publish","format-standard","has-post-thumbnail","hentry","category-homepage-french","category-politique","category-toutes-les-actualites","tag-africa-press","tag-africa-press-benin","tag-benin"],"yoast_head":"<!-- This site is optimized with the Yoast SEO Premium plugin v26.1 (Yoast SEO v27.0) - https:\/\/yoast.com\/product\/yoast-seo-premium-wordpress\/ -->\n<title>B\u00e9nin: Rachidi Gbadamassi est pr\u00eat pour une retraite parlementaire si le BR le d\u00e9cide - B\u00e9nin<\/title>\n<meta name=\"description\" content=\"Le d\u00e9put\u00e9 du parti Bloc R\u00e9publicain, Rachidi Gbadamassi est pr\u00eat \u00e0 c\u00e9der sa place au parlement \u00e0 partir de 2023 si telle ...\" \/>\n<meta name=\"robots\" content=\"index, follow, max-snippet:-1, max-image-preview:large, max-video-preview:-1\" \/>\n<link rel=\"canonical\" href=\"https:\/\/www.africa-press.net\/benin\/politique\/benin-rachidi-gbadamassi-est-pret-pour-une-retraite-parlementaire-si-le-br-le-decide\" \/>\n<meta property=\"og:locale\" content=\"fr_FR\" \/>\n<meta property=\"og:type\" content=\"article\" \/>\n<meta property=\"og:title\" content=\"B\u00e9nin: Rachidi Gbadamassi est pr\u00eat pour une retraite parlementaire si le BR le d\u00e9cide\" \/>\n<meta property=\"og:description\" content=\"Le d\u00e9put\u00e9 du parti Bloc R\u00e9publicain, Rachidi Gbadamassi est pr\u00eat \u00e0 c\u00e9der sa place au parlement \u00e0 partir de 2023 si telle ...\" \/>\n<meta property=\"og:url\" content=\"https:\/\/www.africa-press.net\/benin\/politique\/benin-rachidi-gbadamassi-est-pret-pour-une-retraite-parlementaire-si-le-br-le-decide\" \/>\n<meta property=\"og:site_name\" content=\"B\u00e9nin\" \/>\n<meta property=\"article:published_time\" content=\"2022-08-03T20:00:08+00:00\" \/>\n<meta property=\"article:modified_time\" content=\"2022-08-03T20:29:22+00:00\" \/>\n<meta property=\"og:image\" content=\"https:\/\/static.africa-press.net\/benin\/sites\/46\/2022\/08\/postQueueImg_27.jpg\" \/>\n\t<meta property=\"og:image:width\" content=\"1242\" \/>\n\t<meta property=\"og:image:height\" content=\"708\" \/>\n\t<meta property=\"og:image:type\" content=\"image\/jpeg\" \/>\n<meta name=\"author\" content=\"cfeditorfr\" \/>\n<meta name=\"twitter:card\" content=\"summary_large_image\" \/>\n<meta name=\"twitter:label1\" content=\"\u00c9crit par\" \/>\n\t<meta name=\"twitter:data1\" content=\"cfeditorfr\" \/>\n\t<meta name=\"twitter:label2\" content=\"Dur\u00e9e de lecture estim\u00e9e\" \/>\n\t<meta name=\"twitter:data2\" content=\"2 minutes\" \/>\n<script type=\"application\/ld+json\" class=\"yoast-schema-graph\">{\"@context\":\"https:\/\/schema.org\",\"@graph\":[{\"@type\":\"Article\",\"@id\":\"https:\/\/www.africa-press.net\/benin\/politique\/benin-rachidi-gbadamassi-est-pret-pour-une-retraite-parlementaire-si-le-br-le-decide#article\",\"isPartOf\":{\"@id\":\"https:\/\/www.africa-press.net\/benin\/politique\/benin-rachidi-gbadamassi-est-pret-pour-une-retraite-parlementaire-si-le-br-le-decide\"},\"author\":{\"name\":\"cfeditorfr\",\"@id\":\"https:\/\/www.africa-press.net\/benin\/#\/schema\/person\/2b1cf3cd81a31e3cd26889ca66d677f1\"},\"headline\":\"B\u00e9nin: Rachidi Gbadamassi est pr\u00eat pour une retraite parlementaire si le BR le d\u00e9cide\",\"datePublished\":\"2022-08-03T20:00:08+00:00\",\"dateModified\":\"2022-08-03T20:29:22+00:00\",\"mainEntityOfPage\":{\"@id\":\"https:\/\/www.africa-press.net\/benin\/politique\/benin-rachidi-gbadamassi-est-pret-pour-une-retraite-parlementaire-si-le-br-le-decide\"},\"wordCount\":439,\"commentCount\":0,\"image\":{\"@id\":\"https:\/\/www.africa-press.net\/benin\/politique\/benin-rachidi-gbadamassi-est-pret-pour-une-retraite-parlementaire-si-le-br-le-decide#primaryimage\"},\"thumbnailUrl\":\"https:\/\/static.africa-press.net\/benin\/sites\/46\/2022\/08\/postQueueImg_27.jpg\",\"keywords\":[\"Africa Press\",\"Africa Press-Benin\",\"B\u00e9nin\"],\"articleSection\":[\"homepage-french\",\"Politique\",\"Toutes les actualit\u00e9s\"],\"inLanguage\":\"fr-FR\",\"potentialAction\":[{\"@type\":\"CommentAction\",\"name\":\"Comment\",\"target\":[\"https:\/\/www.africa-press.net\/benin\/politique\/benin-rachidi-gbadamassi-est-pret-pour-une-retraite-parlementaire-si-le-br-le-decide#respond\"]}]},{\"@type\":\"WebPage\",\"@id\":\"https:\/\/www.africa-press.net\/benin\/politique\/benin-rachidi-gbadamassi-est-pret-pour-une-retraite-parlementaire-si-le-br-le-decide\",\"url\":\"https:\/\/www.africa-press.net\/benin\/politique\/benin-rachidi-gbadamassi-est-pret-pour-une-retraite-parlementaire-si-le-br-le-decide\",\"name\":\"B\u00e9nin: Rachidi Gbadamassi est pr\u00eat pour une retraite parlementaire si le BR le d\u00e9cide - B\u00e9nin\",\"isPartOf\":{\"@id\":\"https:\/\/www.africa-press.net\/benin\/#website\"},\"primaryImageOfPage\":{\"@id\":\"https:\/\/www.africa-press.net\/benin\/politique\/benin-rachidi-gbadamassi-est-pret-pour-une-retraite-parlementaire-si-le-br-le-decide#primaryimage\"},\"image\":{\"@id\":\"https:\/\/www.africa-press.net\/benin\/politique\/benin-rachidi-gbadamassi-est-pret-pour-une-retraite-parlementaire-si-le-br-le-decide#primaryimage\"},\"thumbnailUrl\":\"https:\/\/static.africa-press.net\/benin\/sites\/46\/2022\/08\/postQueueImg_27.jpg\",\"datePublished\":\"2022-08-03T20:00:08+00:00\",\"dateModified\":\"2022-08-03T20:29:22+00:00\",\"author\":{\"@id\":\"https:\/\/www.africa-press.net\/benin\/#\/schema\/person\/2b1cf3cd81a31e3cd26889ca66d677f1\"},\"description\":\"Le d\u00e9put\u00e9 du parti Bloc R\u00e9publicain, Rachidi Gbadamassi est pr\u00eat \u00e0 c\u00e9der sa place au parlement \u00e0 partir de 2023 si telle ...\",\"breadcrumb\":{\"@id\":\"https:\/\/www.africa-press.net\/benin\/politique\/benin-rachidi-gbadamassi-est-pret-pour-une-retraite-parlementaire-si-le-br-le-decide#breadcrumb\"},\"inLanguage\":\"fr-FR\",\"potentialAction\":[{\"@type\":\"ReadAction\",\"target\":[\"https:\/\/www.africa-press.net\/benin\/politique\/benin-rachidi-gbadamassi-est-pret-pour-une-retraite-parlementaire-si-le-br-le-decide\"]}]},{\"@type\":\"ImageObject\",\"inLanguage\":\"fr-FR\",\"@id\":\"https:\/\/www.africa-press.net\/benin\/politique\/benin-rachidi-gbadamassi-est-pret-pour-une-retraite-parlementaire-si-le-br-le-decide#primaryimage\",\"url\":\"https:\/\/static.africa-press.net\/benin\/sites\/46\/2022\/08\/postQueueImg_27.jpg\",\"contentUrl\":\"https:\/\/static.africa-press.net\/benin\/sites\/46\/2022\/08\/postQueueImg_27.jpg\",\"width\":1242,\"height\":708,\"caption\":\"B\u00e9nin: Rachidi Gbadamassi est pr\u00eat pour une retraite parlementaire si le BR le d\u00e9cide\"},{\"@type\":\"BreadcrumbList\",\"@id\":\"https:\/\/www.africa-press.net\/benin\/politique\/benin-rachidi-gbadamassi-est-pret-pour-une-retraite-parlementaire-si-le-br-le-decide#breadcrumb\",\"itemListElement\":[{\"@type\":\"ListItem\",\"position\":1,\"name\":\"Accueil\",\"item\":\"https:\/\/www.africa-press.net\/benin\/\"},{\"@type\":\"ListItem\",\"position\":2,\"name\":\"B\u00e9nin: Rachidi Gbadamassi est pr\u00eat pour une retraite parlementaire si le BR le d\u00e9cide\"}]},{\"@type\":\"WebSite\",\"@id\":\"https:\/\/www.africa-press.net\/benin\/#website\",\"url\":\"https:\/\/www.africa-press.net\/benin\/\",\"name\":\"B\u00e9nin\",\"description\":\"Just another Africa News Agency Sites site\",\"potentialAction\":[{\"@type\":\"SearchAction\",\"target\":{\"@type\":\"EntryPoint\",\"urlTemplate\":\"https:\/\/www.africa-press.net\/benin\/?s={search_term_string}\"},\"query-input\":{\"@type\":\"PropertyValueSpecification\",\"valueRequired\":true,\"valueName\":\"search_term_string\"}}],\"inLanguage\":\"fr-FR\"},{\"@type\":\"Person\",\"@id\":\"https:\/\/www.africa-press.net\/benin\/#\/schema\/person\/2b1cf3cd81a31e3cd26889ca66d677f1\",\"name\":\"cfeditorfr\"}]}<\/script>\n<!-- \/ Yoast SEO Premium plugin. -->","yoast_head_json":{"title":"B\u00e9nin: Rachidi Gbadamassi est pr\u00eat pour une retraite parlementaire si le BR le d\u00e9cide - B\u00e9nin","description":"Le d\u00e9put\u00e9 du parti Bloc R\u00e9publicain, Rachidi Gbadamassi est pr\u00eat \u00e0 c\u00e9der sa place au parlement \u00e0 partir de 2023 si telle ...","robots":{"index":"index","follow":"follow","max-snippet":"max-snippet:-1","max-image-preview":"max-image-preview:large","max-video-preview":"max-video-preview:-1"},"canonical":"https:\/\/www.africa-press.net\/benin\/politique\/benin-rachidi-gbadamassi-est-pret-pour-une-retraite-parlementaire-si-le-br-le-decide","og_locale":"fr_FR","og_type":"article","og_title":"B\u00e9nin: Rachidi Gbadamassi est pr\u00eat pour une retraite parlementaire si le BR le d\u00e9cide","og_description":"Le d\u00e9put\u00e9 du parti Bloc R\u00e9publicain, Rachidi Gbadamassi est pr\u00eat \u00e0 c\u00e9der sa place au parlement \u00e0 partir de 2023 si telle ...","og_url":"https:\/\/www.africa-press.net\/benin\/politique\/benin-rachidi-gbadamassi-est-pret-pour-une-retraite-parlementaire-si-le-br-le-decide","og_site_name":"B\u00e9nin","article_published_time":"2022-08-03T20:00:08+00:00","article_modified_time":"2022-08-03T20:29:22+00:00","og_image":[{"width":1242,"height":708,"url":"https:\/\/static.africa-press.net\/benin\/sites\/46\/2022\/08\/postQueueImg_27.jpg","type":"image\/jpeg"}],"author":"cfeditorfr","twitter_card":"summary_large_image","twitter_misc":{"\u00c9crit par":"cfeditorfr","Dur\u00e9e de lecture estim\u00e9e":"2 minutes"},"schema":{"@context":"https:\/\/schema.org","@graph":[{"@type":"Article","@id":"https:\/\/www.africa-press.net\/benin\/politique\/benin-rachidi-gbadamassi-est-pret-pour-une-retraite-parlementaire-si-le-br-le-decide#article","isPartOf":{"@id":"https:\/\/www.africa-press.net\/benin\/politique\/benin-rachidi-gbadamassi-est-pret-pour-une-retraite-parlementaire-si-le-br-le-decide"},"author":{"name":"cfeditorfr","@id":"https:\/\/www.africa-press.net\/benin\/#\/schema\/person\/2b1cf3cd81a31e3cd26889ca66d677f1"},"headline":"B\u00e9nin: Rachidi Gbadamassi est pr\u00eat pour une retraite parlementaire si le BR le d\u00e9cide","datePublished":"2022-08-03T20:00:08+00:00","dateModified":"2022-08-03T20:29:22+00:00","mainEntityOfPage":{"@id":"https:\/\/www.africa-press.net\/benin\/politique\/benin-rachidi-gbadamassi-est-pret-pour-une-retraite-parlementaire-si-le-br-le-decide"},"wordCount":439,"commentCount":0,"image":{"@id":"https:\/\/www.africa-press.net\/benin\/politique\/benin-rachidi-gbadamassi-est-pret-pour-une-retraite-parlementaire-si-le-br-le-decide#primaryimage"},"thumbnailUrl":"https:\/\/static.africa-press.net\/benin\/sites\/46\/2022\/08\/postQueueImg_27.jpg","keywords":["Africa Press","Africa Press-Benin","B\u00e9nin"],"articleSection":["homepage-french","Politique","Toutes les actualit\u00e9s"],"inLanguage":"fr-FR","potentialAction":[{"@type":"CommentAction","name":"Comment","target":["https:\/\/www.africa-press.net\/benin\/politique\/benin-rachidi-gbadamassi-est-pret-pour-une-retraite-parlementaire-si-le-br-le-decide#respond"]}]},{"@type":"WebPage","@id":"https:\/\/www.africa-press.net\/benin\/politique\/benin-rachidi-gbadamassi-est-pret-pour-une-retraite-parlementaire-si-le-br-le-decide","url":"https:\/\/www.africa-press.net\/benin\/politique\/benin-rachidi-gbadamassi-est-pret-pour-une-retraite-parlementaire-si-le-br-le-decide","name":"B\u00e9nin: Rachidi Gbadamassi est pr\u00eat pour une retraite parlementaire si le BR le d\u00e9cide - B\u00e9nin","isPartOf":{"@id":"https:\/\/www.africa-press.net\/benin\/#website"},"primaryImageOfPage":{"@id":"https:\/\/www.africa-press.net\/benin\/politique\/benin-rachidi-gbadamassi-est-pret-pour-une-retraite-parlementaire-si-le-br-le-decide#primaryimage"},"image":{"@id":"https:\/\/www.africa-press.net\/benin\/politique\/benin-rachidi-gbadamassi-est-pret-pour-une-retraite-parlementaire-si-le-br-le-decide#primaryimage"},"thumbnailUrl":"https:\/\/static.africa-press.net\/benin\/sites\/46\/2022\/08\/postQueueImg_27.jpg","datePublished":"2022-08-03T20:00:08+00:00","dateModified":"2022-08-03T20:29:22+00:00","author":{"@id":"https:\/\/www.africa-press.net\/benin\/#\/schema\/person\/2b1cf3cd81a31e3cd26889ca66d677f1"},"description":"Le d\u00e9put\u00e9 du parti Bloc R\u00e9publicain, Rachidi Gbadamassi est pr\u00eat \u00e0 c\u00e9der sa place au parlement \u00e0 partir de 2023 si telle ...","breadcrumb":{"@id":"https:\/\/www.africa-press.net\/benin\/politique\/benin-rachidi-gbadamassi-est-pret-pour-une-retraite-parlementaire-si-le-br-le-decide#breadcrumb"},"inLanguage":"fr-FR","potentialAction":[{"@type":"ReadAction","target":["https:\/\/www.africa-press.net\/benin\/politique\/benin-rachidi-gbadamassi-est-pret-pour-une-retraite-parlementaire-si-le-br-le-decide"]}]},{"@type":"ImageObject","inLanguage":"fr-FR","@id":"https:\/\/www.africa-press.net\/benin\/politique\/benin-rachidi-gbadamassi-est-pret-pour-une-retraite-parlementaire-si-le-br-le-decide#primaryimage","url":"https:\/\/static.africa-press.net\/benin\/sites\/46\/2022\/08\/postQueueImg_27.jpg","contentUrl":"https:\/\/static.africa-press.net\/benin\/sites\/46\/2022\/08\/postQueueImg_27.jpg","width":1242,"height":708,"caption":"B\u00e9nin: Rachidi Gbadamassi est pr\u00eat pour une retraite parlementaire si le BR le d\u00e9cide"},{"@type":"BreadcrumbList","@id":"https:\/\/www.africa-press.net\/benin\/politique\/benin-rachidi-gbadamassi-est-pret-pour-une-retraite-parlementaire-si-le-br-le-decide#breadcrumb","itemListElement":[{"@type":"ListItem","position":1,"name":"Accueil","item":"https:\/\/www.africa-press.net\/benin\/"},{"@type":"ListItem","position":2,"name":"B\u00e9nin: Rachidi Gbadamassi est pr\u00eat pour une retraite parlementaire si le BR le d\u00e9cide"}]},{"@type":"WebSite","@id":"https:\/\/www.africa-press.net\/benin\/#website","url":"https:\/\/www.africa-press.net\/benin\/","name":"B\u00e9nin","description":"Just another Africa News Agency Sites site","potentialAction":[{"@type":"SearchAction","target":{"@type":"EntryPoint","urlTemplate":"https:\/\/www.africa-press.net\/benin\/?s={search_term_string}"},"query-input":{"@type":"PropertyValueSpecification","valueRequired":true,"valueName":"search_term_string"}}],"inLanguage":"fr-FR"},{"@type":"Person","@id":"https:\/\/www.africa-press.net\/benin\/#\/schema\/person\/2b1cf3cd81a31e3cd26889ca66d677f1","name":"cfeditorfr"}]}},"_links":{"self":[{"href":"https:\/\/www.africa-press.net\/benin\/wp-json\/wp\/v2\/posts\/7556","targetHints":{"allow":["GET"]}}],"collection":[{"href":"https:\/\/www.africa-press.net\/benin\/wp-json\/wp\/v2\/posts"}],"about":[{"href":"https:\/\/www.africa-press.net\/benin\/wp-json\/wp\/v2\/types\/post"}],"author":[{"embeddable":true,"href":"https:\/\/www.africa-press.net\/benin\/wp-json\/wp\/v2\/users\/82"}],"replies":[{"embeddable":true,"href":"https:\/\/www.africa-press.net\/benin\/wp-json\/wp\/v2\/comments?post=7556"}],"version-history":[{"count":0,"href":"https:\/\/www.africa-press.net\/benin\/wp-json\/wp\/v2\/posts\/7556\/revisions"}],"wp:featuredmedia":[{"embeddable":true,"href":"https:\/\/www.africa-press.net\/benin\/wp-json\/wp\/v2\/media\/7555"}],"wp:attachment":[{"href":"https:\/\/www.africa-press.net\/benin\/wp-json\/wp\/v2\/media?parent=7556"}],"wp:term":[{"taxonomy":"category","embeddable":true,"href":"https:\/\/www.africa-press.net\/benin\/wp-json\/wp\/v2\/categories?post=7556"},{"taxonomy":"post_tag","embeddable":true,"href":"https:\/\/www.africa-press.net\/benin\/wp-json\/wp\/v2\/tags?post=7556"}],"curies":[{"name":"wp","href":"https:\/\/api.w.org\/{rel}","templated":true}]}}