{"id":7559,"date":"2022-08-03T20:00:15","date_gmt":"2022-08-03T20:00:15","guid":{"rendered":"https:\/\/www.africa-press.net\/benin\/politique\/mediation-en-guinee-les-coulisses-de-la-designation-de-boni-yayi"},"modified":"2022-08-03T20:29:49","modified_gmt":"2022-08-03T20:29:49","slug":"mediation-en-guinee-les-coulisses-de-la-designation-de-boni-yayi","status":"publish","type":"post","link":"https:\/\/www.africa-press.net\/benin\/politique\/mediation-en-guinee-les-coulisses-de-la-designation-de-boni-yayi","title":{"rendered":"M\u00e9diation en guin\u00e9e: les coulisses de la d\u00e9signation de Boni Yayi"},"content":{"rendered":"<p><span style=\"color: #ff6600\"><strong>Africa-Press &#8211; Benin. <\/strong><\/span>L\u2019ancien pr\u00e9sident du B\u00e9nin, Thomas Boni Yayi a \u00e9t\u00e9 d\u00e9sign\u00e9 M\u00e9diateur de la Communaut\u00e9 \u00e9conomique des \u00c9tats de l\u2019Afrique de l\u2019Ouest (Cedeao) dans la crise guin\u00e9enne. Cette nomination n\u2019a pas \u00e9t\u00e9 sans l\u2019apport de son pays le B\u00e9nin. Le ministre des affaires \u00e9trang\u00e8res Aur\u00e9lien Agb\u00e9nonci a livr\u00e9 quelques d\u00e9tails ayant favoris\u00e9 le choix port\u00e9 sur l\u2019ex-pr\u00e9sident de l\u2019Union africaine.<\/p>\n<p>Comme on pouvait en douter, la d\u00e9signation de Boni Yayi en tant que M\u00e9diateur de la Cedeao dans la crise guin\u00e9enne n\u2019a pas \u00e9t\u00e9 possible sans l\u2019onction du pr\u00e9sident Patrice Talon. La proposition est d\u2019ailleurs venue de lui selon le ministre Aur\u00e9lien Agb\u00e9nonci. \u00ab Le pr\u00e9sident Talon a propos\u00e9 son pr\u00e9d\u00e9cesseur, et ses pairs ont accept\u00e9. Donc Thomas Boni Yayi a \u00e9t\u00e9 d\u00e9sign\u00e9 comme M\u00e9diateur \u00bb, a-t-il confi\u00e9 au micro de Frissons radio.<\/p>\n<p>Patrice Talon n\u2019a pas seulement propos\u00e9 Boni Yayi, mais il a \u00e9galement donn\u00e9 des instructions pour que la machine des affaires \u00e9trang\u00e8res du B\u00e9nin puisse l\u2019accompagner dans sa mission. \u00ab A ce titre l\u00e0, il y a du travail que nous faisons pour faciliter les rendez-vous, les d\u00e9placements. Mais la Cedeao conduit le plus gros de l\u2019exercice \u00bb, a pr\u00e9cis\u00e9 le ministre des affaires \u00e9trang\u00e8res.<\/p>\n<p>Pour le patron de la diplomatie b\u00e9ninoise, la mission parait difficile, mais elle commence bien pour le M\u00e9diateur, qui a le soutien de son pays. Le B\u00e9nin compte jouer pleinement sa partition pour le retour de l\u2019harmonie au sein de la Cedeao \u00e0 travers la r\u00e9solution des crises, notamment celle guin\u00e9enne.<\/p>\n<p>Faut-il le rappeler, quelques semaines avant sa d\u00e9signation, l\u2019ancien pr\u00e9sident Boni Yayi et Patrice Talon se sont beaucoup rapproch\u00e9s. La derni\u00e8re rencontre entre les deux hommes date de juin 2022. Certains observateurs de la vie politique pensent d\u2019ailleurs que cette rencontre a beaucoup pes\u00e9 dans la d\u00e9signation de Boni Yayi.<\/p>\n<p><strong>Pour plus d&rsquo;informations et d&rsquo;analyses sur la <a href=\"https:\/\/www.africa-press.net\/benin\">Benin<\/a>, suivez <a href=\"https:\/\/www.africa-press.net\/\">Africa-Press<\/a><\/strong><\/p>\n","protected":false},"excerpt":{"rendered":"<p>Africa-Press &#8211; Benin. L\u2019ancien pr\u00e9sident du B\u00e9nin, Thomas Boni Yayi a \u00e9t\u00e9 d\u00e9sign\u00e9 M\u00e9diateur de la Communaut\u00e9 \u00e9conomique des \u00c9tats de l\u2019Afrique de l\u2019Ouest (Cedeao) dans la crise guin\u00e9enne. Cette nomination n\u2019a pas \u00e9t\u00e9 sans l\u2019apport de son pays le B\u00e9nin. Le ministre des affaires \u00e9trang\u00e8res Aur\u00e9lien Agb\u00e9nonci a livr\u00e9 quelques d\u00e9tails ayant favoris\u00e9 le [&hellip;]<\/p>\n","protected":false},"author":82,"featured_media":7558,"comment_status":"open","ping_status":"closed","sticky":false,"template":"","format":"standard","meta":{"footnotes":""},"categories":[11,2,20,10],"tags":[36,50,45],"class_list":["post-7559","post","type-post","status-publish","format-standard","has-post-thumbnail","hentry","category-homepage-french","category-politique","category-top-nouvelles","category-toutes-les-actualites","tag-africa-press","tag-africa-press-benin","tag-benin"],"yoast_head":"<!-- This site is optimized with the Yoast SEO Premium plugin v26.1 (Yoast SEO v27.0) - https:\/\/yoast.com\/product\/yoast-seo-premium-wordpress\/ -->\n<title>M\u00e9diation en guin\u00e9e: les coulisses de la d\u00e9signation de Boni Yayi - B\u00e9nin<\/title>\n<meta name=\"description\" content=\"L\u2019ancien pr\u00e9sident du B\u00e9nin, Thomas Boni Yayi a \u00e9t\u00e9 d\u00e9sign\u00e9 M\u00e9diateur de la Communaut\u00e9 \u00e9conomique des \u00c9tats de l\u2019Afrique ...\" \/>\n<meta name=\"robots\" content=\"index, follow, max-snippet:-1, max-image-preview:large, max-video-preview:-1\" \/>\n<link rel=\"canonical\" href=\"https:\/\/www.africa-press.net\/benin\/politique\/mediation-en-guinee-les-coulisses-de-la-designation-de-boni-yayi\" \/>\n<meta property=\"og:locale\" content=\"fr_FR\" \/>\n<meta property=\"og:type\" content=\"article\" \/>\n<meta property=\"og:title\" content=\"M\u00e9diation en guin\u00e9e: les coulisses de la d\u00e9signation de Boni Yayi\" \/>\n<meta property=\"og:description\" content=\"L\u2019ancien pr\u00e9sident du B\u00e9nin, Thomas Boni Yayi a \u00e9t\u00e9 d\u00e9sign\u00e9 M\u00e9diateur de la Communaut\u00e9 \u00e9conomique des \u00c9tats de l\u2019Afrique ...\" \/>\n<meta property=\"og:url\" content=\"https:\/\/www.africa-press.net\/benin\/politique\/mediation-en-guinee-les-coulisses-de-la-designation-de-boni-yayi\" \/>\n<meta property=\"og:site_name\" content=\"B\u00e9nin\" \/>\n<meta property=\"article:published_time\" content=\"2022-08-03T20:00:15+00:00\" \/>\n<meta property=\"article:modified_time\" content=\"2022-08-03T20:29:49+00:00\" \/>\n<meta property=\"og:image\" content=\"https:\/\/static.africa-press.net\/benin\/sites\/46\/2022\/08\/postQueueImg_28.jpg\" \/>\n\t<meta property=\"og:image:width\" content=\"1200\" \/>\n\t<meta property=\"og:image:height\" content=\"720\" \/>\n\t<meta property=\"og:image:type\" content=\"image\/jpeg\" \/>\n<meta name=\"author\" content=\"cfeditorfr\" \/>\n<meta name=\"twitter:card\" content=\"summary_large_image\" \/>\n<meta name=\"twitter:label1\" content=\"\u00c9crit par\" \/>\n\t<meta name=\"twitter:data1\" content=\"cfeditorfr\" \/>\n\t<meta name=\"twitter:label2\" content=\"Dur\u00e9e de lecture estim\u00e9e\" \/>\n\t<meta name=\"twitter:data2\" content=\"2 minutes\" \/>\n<script type=\"application\/ld+json\" class=\"yoast-schema-graph\">{\"@context\":\"https:\/\/schema.org\",\"@graph\":[{\"@type\":\"Article\",\"@id\":\"https:\/\/www.africa-press.net\/benin\/politique\/mediation-en-guinee-les-coulisses-de-la-designation-de-boni-yayi#article\",\"isPartOf\":{\"@id\":\"https:\/\/www.africa-press.net\/benin\/politique\/mediation-en-guinee-les-coulisses-de-la-designation-de-boni-yayi\"},\"author\":{\"name\":\"cfeditorfr\",\"@id\":\"https:\/\/www.africa-press.net\/benin\/#\/schema\/person\/2b1cf3cd81a31e3cd26889ca66d677f1\"},\"headline\":\"M\u00e9diation en guin\u00e9e: les coulisses de la d\u00e9signation de Boni Yayi\",\"datePublished\":\"2022-08-03T20:00:15+00:00\",\"dateModified\":\"2022-08-03T20:29:49+00:00\",\"mainEntityOfPage\":{\"@id\":\"https:\/\/www.africa-press.net\/benin\/politique\/mediation-en-guinee-les-coulisses-de-la-designation-de-boni-yayi\"},\"wordCount\":374,\"commentCount\":0,\"image\":{\"@id\":\"https:\/\/www.africa-press.net\/benin\/politique\/mediation-en-guinee-les-coulisses-de-la-designation-de-boni-yayi#primaryimage\"},\"thumbnailUrl\":\"https:\/\/static.africa-press.net\/benin\/sites\/46\/2022\/08\/postQueueImg_28.jpg\",\"keywords\":[\"Africa Press\",\"Africa Press-Benin\",\"B\u00e9nin\"],\"articleSection\":[\"homepage-french\",\"Politique\",\"Top Nouvelles\",\"Toutes les actualit\u00e9s\"],\"inLanguage\":\"fr-FR\",\"potentialAction\":[{\"@type\":\"CommentAction\",\"name\":\"Comment\",\"target\":[\"https:\/\/www.africa-press.net\/benin\/politique\/mediation-en-guinee-les-coulisses-de-la-designation-de-boni-yayi#respond\"]}]},{\"@type\":\"WebPage\",\"@id\":\"https:\/\/www.africa-press.net\/benin\/politique\/mediation-en-guinee-les-coulisses-de-la-designation-de-boni-yayi\",\"url\":\"https:\/\/www.africa-press.net\/benin\/politique\/mediation-en-guinee-les-coulisses-de-la-designation-de-boni-yayi\",\"name\":\"M\u00e9diation en guin\u00e9e: les coulisses de la d\u00e9signation de Boni Yayi - B\u00e9nin\",\"isPartOf\":{\"@id\":\"https:\/\/www.africa-press.net\/benin\/#website\"},\"primaryImageOfPage\":{\"@id\":\"https:\/\/www.africa-press.net\/benin\/politique\/mediation-en-guinee-les-coulisses-de-la-designation-de-boni-yayi#primaryimage\"},\"image\":{\"@id\":\"https:\/\/www.africa-press.net\/benin\/politique\/mediation-en-guinee-les-coulisses-de-la-designation-de-boni-yayi#primaryimage\"},\"thumbnailUrl\":\"https:\/\/static.africa-press.net\/benin\/sites\/46\/2022\/08\/postQueueImg_28.jpg\",\"datePublished\":\"2022-08-03T20:00:15+00:00\",\"dateModified\":\"2022-08-03T20:29:49+00:00\",\"author\":{\"@id\":\"https:\/\/www.africa-press.net\/benin\/#\/schema\/person\/2b1cf3cd81a31e3cd26889ca66d677f1\"},\"description\":\"L\u2019ancien pr\u00e9sident du B\u00e9nin, Thomas Boni Yayi a \u00e9t\u00e9 d\u00e9sign\u00e9 M\u00e9diateur de la Communaut\u00e9 \u00e9conomique des \u00c9tats de l\u2019Afrique ...\",\"breadcrumb\":{\"@id\":\"https:\/\/www.africa-press.net\/benin\/politique\/mediation-en-guinee-les-coulisses-de-la-designation-de-boni-yayi#breadcrumb\"},\"inLanguage\":\"fr-FR\",\"potentialAction\":[{\"@type\":\"ReadAction\",\"target\":[\"https:\/\/www.africa-press.net\/benin\/politique\/mediation-en-guinee-les-coulisses-de-la-designation-de-boni-yayi\"]}]},{\"@type\":\"ImageObject\",\"inLanguage\":\"fr-FR\",\"@id\":\"https:\/\/www.africa-press.net\/benin\/politique\/mediation-en-guinee-les-coulisses-de-la-designation-de-boni-yayi#primaryimage\",\"url\":\"https:\/\/static.africa-press.net\/benin\/sites\/46\/2022\/08\/postQueueImg_28.jpg\",\"contentUrl\":\"https:\/\/static.africa-press.net\/benin\/sites\/46\/2022\/08\/postQueueImg_28.jpg\",\"width\":1200,\"height\":720,\"caption\":\"M\u00e9diation en guin\u00e9e: les coulisses de la d\u00e9signation de Boni Yayi\"},{\"@type\":\"BreadcrumbList\",\"@id\":\"https:\/\/www.africa-press.net\/benin\/politique\/mediation-en-guinee-les-coulisses-de-la-designation-de-boni-yayi#breadcrumb\",\"itemListElement\":[{\"@type\":\"ListItem\",\"position\":1,\"name\":\"Accueil\",\"item\":\"https:\/\/www.africa-press.net\/benin\/\"},{\"@type\":\"ListItem\",\"position\":2,\"name\":\"M\u00e9diation en guin\u00e9e: les coulisses de la d\u00e9signation de Boni Yayi\"}]},{\"@type\":\"WebSite\",\"@id\":\"https:\/\/www.africa-press.net\/benin\/#website\",\"url\":\"https:\/\/www.africa-press.net\/benin\/\",\"name\":\"B\u00e9nin\",\"description\":\"Just another Africa News Agency Sites site\",\"potentialAction\":[{\"@type\":\"SearchAction\",\"target\":{\"@type\":\"EntryPoint\",\"urlTemplate\":\"https:\/\/www.africa-press.net\/benin\/?s={search_term_string}\"},\"query-input\":{\"@type\":\"PropertyValueSpecification\",\"valueRequired\":true,\"valueName\":\"search_term_string\"}}],\"inLanguage\":\"fr-FR\"},{\"@type\":\"Person\",\"@id\":\"https:\/\/www.africa-press.net\/benin\/#\/schema\/person\/2b1cf3cd81a31e3cd26889ca66d677f1\",\"name\":\"cfeditorfr\"}]}<\/script>\n<!-- \/ Yoast SEO Premium plugin. -->","yoast_head_json":{"title":"M\u00e9diation en guin\u00e9e: les coulisses de la d\u00e9signation de Boni Yayi - B\u00e9nin","description":"L\u2019ancien pr\u00e9sident du B\u00e9nin, Thomas Boni Yayi a \u00e9t\u00e9 d\u00e9sign\u00e9 M\u00e9diateur de la Communaut\u00e9 \u00e9conomique des \u00c9tats de l\u2019Afrique ...","robots":{"index":"index","follow":"follow","max-snippet":"max-snippet:-1","max-image-preview":"max-image-preview:large","max-video-preview":"max-video-preview:-1"},"canonical":"https:\/\/www.africa-press.net\/benin\/politique\/mediation-en-guinee-les-coulisses-de-la-designation-de-boni-yayi","og_locale":"fr_FR","og_type":"article","og_title":"M\u00e9diation en guin\u00e9e: les coulisses de la d\u00e9signation de Boni Yayi","og_description":"L\u2019ancien pr\u00e9sident du B\u00e9nin, Thomas Boni Yayi a \u00e9t\u00e9 d\u00e9sign\u00e9 M\u00e9diateur de la Communaut\u00e9 \u00e9conomique des \u00c9tats de l\u2019Afrique ...","og_url":"https:\/\/www.africa-press.net\/benin\/politique\/mediation-en-guinee-les-coulisses-de-la-designation-de-boni-yayi","og_site_name":"B\u00e9nin","article_published_time":"2022-08-03T20:00:15+00:00","article_modified_time":"2022-08-03T20:29:49+00:00","og_image":[{"width":1200,"height":720,"url":"https:\/\/static.africa-press.net\/benin\/sites\/46\/2022\/08\/postQueueImg_28.jpg","type":"image\/jpeg"}],"author":"cfeditorfr","twitter_card":"summary_large_image","twitter_misc":{"\u00c9crit par":"cfeditorfr","Dur\u00e9e de lecture estim\u00e9e":"2 minutes"},"schema":{"@context":"https:\/\/schema.org","@graph":[{"@type":"Article","@id":"https:\/\/www.africa-press.net\/benin\/politique\/mediation-en-guinee-les-coulisses-de-la-designation-de-boni-yayi#article","isPartOf":{"@id":"https:\/\/www.africa-press.net\/benin\/politique\/mediation-en-guinee-les-coulisses-de-la-designation-de-boni-yayi"},"author":{"name":"cfeditorfr","@id":"https:\/\/www.africa-press.net\/benin\/#\/schema\/person\/2b1cf3cd81a31e3cd26889ca66d677f1"},"headline":"M\u00e9diation en guin\u00e9e: les coulisses de la d\u00e9signation de Boni Yayi","datePublished":"2022-08-03T20:00:15+00:00","dateModified":"2022-08-03T20:29:49+00:00","mainEntityOfPage":{"@id":"https:\/\/www.africa-press.net\/benin\/politique\/mediation-en-guinee-les-coulisses-de-la-designation-de-boni-yayi"},"wordCount":374,"commentCount":0,"image":{"@id":"https:\/\/www.africa-press.net\/benin\/politique\/mediation-en-guinee-les-coulisses-de-la-designation-de-boni-yayi#primaryimage"},"thumbnailUrl":"https:\/\/static.africa-press.net\/benin\/sites\/46\/2022\/08\/postQueueImg_28.jpg","keywords":["Africa Press","Africa Press-Benin","B\u00e9nin"],"articleSection":["homepage-french","Politique","Top Nouvelles","Toutes les actualit\u00e9s"],"inLanguage":"fr-FR","potentialAction":[{"@type":"CommentAction","name":"Comment","target":["https:\/\/www.africa-press.net\/benin\/politique\/mediation-en-guinee-les-coulisses-de-la-designation-de-boni-yayi#respond"]}]},{"@type":"WebPage","@id":"https:\/\/www.africa-press.net\/benin\/politique\/mediation-en-guinee-les-coulisses-de-la-designation-de-boni-yayi","url":"https:\/\/www.africa-press.net\/benin\/politique\/mediation-en-guinee-les-coulisses-de-la-designation-de-boni-yayi","name":"M\u00e9diation en guin\u00e9e: les coulisses de la d\u00e9signation de Boni Yayi - B\u00e9nin","isPartOf":{"@id":"https:\/\/www.africa-press.net\/benin\/#website"},"primaryImageOfPage":{"@id":"https:\/\/www.africa-press.net\/benin\/politique\/mediation-en-guinee-les-coulisses-de-la-designation-de-boni-yayi#primaryimage"},"image":{"@id":"https:\/\/www.africa-press.net\/benin\/politique\/mediation-en-guinee-les-coulisses-de-la-designation-de-boni-yayi#primaryimage"},"thumbnailUrl":"https:\/\/static.africa-press.net\/benin\/sites\/46\/2022\/08\/postQueueImg_28.jpg","datePublished":"2022-08-03T20:00:15+00:00","dateModified":"2022-08-03T20:29:49+00:00","author":{"@id":"https:\/\/www.africa-press.net\/benin\/#\/schema\/person\/2b1cf3cd81a31e3cd26889ca66d677f1"},"description":"L\u2019ancien pr\u00e9sident du B\u00e9nin, Thomas Boni Yayi a \u00e9t\u00e9 d\u00e9sign\u00e9 M\u00e9diateur de la Communaut\u00e9 \u00e9conomique des \u00c9tats de l\u2019Afrique ...","breadcrumb":{"@id":"https:\/\/www.africa-press.net\/benin\/politique\/mediation-en-guinee-les-coulisses-de-la-designation-de-boni-yayi#breadcrumb"},"inLanguage":"fr-FR","potentialAction":[{"@type":"ReadAction","target":["https:\/\/www.africa-press.net\/benin\/politique\/mediation-en-guinee-les-coulisses-de-la-designation-de-boni-yayi"]}]},{"@type":"ImageObject","inLanguage":"fr-FR","@id":"https:\/\/www.africa-press.net\/benin\/politique\/mediation-en-guinee-les-coulisses-de-la-designation-de-boni-yayi#primaryimage","url":"https:\/\/static.africa-press.net\/benin\/sites\/46\/2022\/08\/postQueueImg_28.jpg","contentUrl":"https:\/\/static.africa-press.net\/benin\/sites\/46\/2022\/08\/postQueueImg_28.jpg","width":1200,"height":720,"caption":"M\u00e9diation en guin\u00e9e: les coulisses de la d\u00e9signation de Boni Yayi"},{"@type":"BreadcrumbList","@id":"https:\/\/www.africa-press.net\/benin\/politique\/mediation-en-guinee-les-coulisses-de-la-designation-de-boni-yayi#breadcrumb","itemListElement":[{"@type":"ListItem","position":1,"name":"Accueil","item":"https:\/\/www.africa-press.net\/benin\/"},{"@type":"ListItem","position":2,"name":"M\u00e9diation en guin\u00e9e: les coulisses de la d\u00e9signation de Boni Yayi"}]},{"@type":"WebSite","@id":"https:\/\/www.africa-press.net\/benin\/#website","url":"https:\/\/www.africa-press.net\/benin\/","name":"B\u00e9nin","description":"Just another Africa News Agency Sites site","potentialAction":[{"@type":"SearchAction","target":{"@type":"EntryPoint","urlTemplate":"https:\/\/www.africa-press.net\/benin\/?s={search_term_string}"},"query-input":{"@type":"PropertyValueSpecification","valueRequired":true,"valueName":"search_term_string"}}],"inLanguage":"fr-FR"},{"@type":"Person","@id":"https:\/\/www.africa-press.net\/benin\/#\/schema\/person\/2b1cf3cd81a31e3cd26889ca66d677f1","name":"cfeditorfr"}]}},"_links":{"self":[{"href":"https:\/\/www.africa-press.net\/benin\/wp-json\/wp\/v2\/posts\/7559","targetHints":{"allow":["GET"]}}],"collection":[{"href":"https:\/\/www.africa-press.net\/benin\/wp-json\/wp\/v2\/posts"}],"about":[{"href":"https:\/\/www.africa-press.net\/benin\/wp-json\/wp\/v2\/types\/post"}],"author":[{"embeddable":true,"href":"https:\/\/www.africa-press.net\/benin\/wp-json\/wp\/v2\/users\/82"}],"replies":[{"embeddable":true,"href":"https:\/\/www.africa-press.net\/benin\/wp-json\/wp\/v2\/comments?post=7559"}],"version-history":[{"count":0,"href":"https:\/\/www.africa-press.net\/benin\/wp-json\/wp\/v2\/posts\/7559\/revisions"}],"wp:featuredmedia":[{"embeddable":true,"href":"https:\/\/www.africa-press.net\/benin\/wp-json\/wp\/v2\/media\/7558"}],"wp:attachment":[{"href":"https:\/\/www.africa-press.net\/benin\/wp-json\/wp\/v2\/media?parent=7559"}],"wp:term":[{"taxonomy":"category","embeddable":true,"href":"https:\/\/www.africa-press.net\/benin\/wp-json\/wp\/v2\/categories?post=7559"},{"taxonomy":"post_tag","embeddable":true,"href":"https:\/\/www.africa-press.net\/benin\/wp-json\/wp\/v2\/tags?post=7559"}],"curies":[{"name":"wp","href":"https:\/\/api.w.org\/{rel}","templated":true}]}}