{"id":7565,"date":"2022-08-03T20:00:33","date_gmt":"2022-08-03T20:00:33","guid":{"rendered":"https:\/\/www.africa-press.net\/benin\/politique\/benin-les-membres-du-ca-de-loffice-du-bac-installes-dans-leurs-fonctions"},"modified":"2022-08-03T20:31:08","modified_gmt":"2022-08-03T20:31:08","slug":"benin-les-membres-du-ca-de-loffice-du-bac-installes-dans-leurs-fonctions","status":"publish","type":"post","link":"https:\/\/www.africa-press.net\/benin\/toutes-les-actualites\/benin-les-membres-du-ca-de-loffice-du-bac-installes-dans-leurs-fonctions","title":{"rendered":"B\u00e9nin : les membres du CA de l\u2019Office du bac install\u00e9s dans leurs fonctions"},"content":{"rendered":"<p><span style=\"color: #ff6600\"><strong>Africa-Press &#8211; Benin. <\/strong><\/span>Les membres du conseil d\u2019administration de l\u2019office du baccalaur\u00e9at nomm\u00e9s en Conseil des ministres le mercredi 27 juillet 2022, ont \u00e9t\u00e9 install\u00e9s le Mardi 02 Ao\u00fbt 2022 par le ministre de l\u2019enseignement sup\u00e9rieur et de la recherche scientifique, El\u00e9onore Yayi Lad\u00e9kan.<\/p>\n<p>Les membres du Conseil d\u2019administration de l\u2019Office du Baccalaur\u00e9at sont d\u00e9sormais install\u00e9s dans leurs fonctions. La c\u00e9r\u00e9monie ayant consacr\u00e9 leur installation a eu lieu le mardi 2 Ao\u00fbt 2022. Ils avaient \u00e9t\u00e9 nomm\u00e9s au cours du conseil des ministres du mercredi 27 Juillet 2022.<\/p>\n<p>Pour El\u00e9onore Yayi Lad\u00e9kan, ministre de l\u2019enseignement sup\u00e9rieur et de la recherche scientifique qui a pr\u00e9sid\u00e9 l\u2019installation, la mise en place de ce conseil d\u2019administration, une premi\u00e8re \u00e0 l\u2019office du Bac, est historique.<\/p>\n<p>Le conseil d\u2019administration ainsi install\u00e9 se chargera de d\u00e9finir la strat\u00e9gie g\u00e9n\u00e9rale de l\u2019Office du Baccalaur\u00e9at et de veiller \u00e0 sa mise en \u0153uvre; de d\u00e9terminer son mode d\u2019organisation par l\u2019adoption de son organigramme et de ses proc\u00e9dures; de contr\u00f4ler l\u2019action du Directeur g\u00e9n\u00e9ral et d\u2019informer le gouvernement de ses actions \u00e0 la diffusion des comptes rendus r\u00e9guliers par l\u2019appr\u00e9ciation du ministre de tutelle.<\/p>\n<p>\u00ab Je voudrais donc appeler votre attention l\u00e0-dessus et dire que c\u2019est ensemble avec tous les administrateurs que vous allez porter cette responsabilit\u00e9. Vous avez toutes les comp\u00e9tences n\u00e9cessaires. Je sais compter sur vous le pr\u00e9sident du Ca, sur votre sens de responsabilit\u00e9 et de management\u00ab , a indiqu\u00e9 El\u00e9onore Yayi Lad\u00e9kan en s\u2019adressant au pr\u00e9sident du conseil d\u2019administration.<\/p>\n<p>Un appel qui n\u2019est pas tomb\u00e9 dans des oreilles de sourds, puisque Gauthier Biaou, le pr\u00e9sident d\u2019administration de l\u2019office du baccalaur\u00e9at a pris l\u2019engagement d\u2019assurer ses charges selon le professionnalisme requis.<\/p>\n<p>\u00ab Soyez rassur\u00e9s de mon engagement au sein du Ca, \u00e0 participer et \u00e0 construire davantage l\u2019Office du Baccalaur\u00e9at afin qu\u2019il continue d\u2019\u00eatre une r\u00e9f\u00e9rence dans la sous-r\u00e9gion. C\u2019est avec une grande fiert\u00e9, humilit\u00e9, rigueur que j\u2019assumerai ma fonction de pr\u00e9sident du Conseil d\u2019administration de l\u2019Office\u00ab , a rassur\u00e9 ce dernier.<\/p>\n<p>La c\u00e9r\u00e9monie d\u2019installation des membres du conseil d\u2019administration de l\u2019office du baccalaur\u00e9at a \u00e9t\u00e9 couronn\u00e9e par la pr\u00e9sentation des meilleurs laur\u00e9ats \u00e0 la session de Juin 2022 du baccalaur\u00e9at.<\/p>\n<p>Pr\u00e9sentation des meilleurs candidats au BAC 2022<\/p>\n<p>Faisant d\u2019une pierre deux coups, la c\u00e9r\u00e9monie de l\u2019installation des membres du conseil d\u2019administration de l\u2019office du baccalaur\u00e9at a servi de cadre de pr\u00e9sentation des meilleurs candidats \u00e0 cet examen.<\/p>\n<p>Selon le point fait par le Directeur de l\u2019Office, les trois premiers au BAC session de Juin 2022 ont tous totalis\u00e9 une moyenne d\u2019au moins 18\/20. Il s\u2019agit:<\/p>\n<p><strong>Pour plus d&rsquo;informations et d&rsquo;analyses sur la <a href=\"https:\/\/www.africa-press.net\/benin\">Benin<\/a>, suivez <a href=\"https:\/\/www.africa-press.net\/\">Africa-Press<\/a><\/strong><\/p>\n","protected":false},"excerpt":{"rendered":"<p>Africa-Press &#8211; Benin. Les membres du conseil d\u2019administration de l\u2019office du baccalaur\u00e9at nomm\u00e9s en Conseil des ministres le mercredi 27 juillet 2022, ont \u00e9t\u00e9 install\u00e9s le Mardi 02 Ao\u00fbt 2022 par le ministre de l\u2019enseignement sup\u00e9rieur et de la recherche scientifique, El\u00e9onore Yayi Lad\u00e9kan. Les membres du Conseil d\u2019administration de l\u2019Office du Baccalaur\u00e9at sont d\u00e9sormais [&hellip;]<\/p>\n","protected":false},"author":82,"featured_media":7564,"comment_status":"open","ping_status":"closed","sticky":false,"template":"","format":"standard","meta":{"footnotes":""},"categories":[21,11,10],"tags":[36,50,45],"class_list":["post-7565","post","type-post","status-publish","format-standard","has-post-thumbnail","hentry","category-communaute","category-homepage-french","category-toutes-les-actualites","tag-africa-press","tag-africa-press-benin","tag-benin"],"yoast_head":"<!-- This site is optimized with the Yoast SEO Premium plugin v26.1 (Yoast SEO v27.0) - https:\/\/yoast.com\/product\/yoast-seo-premium-wordpress\/ -->\n<title>B\u00e9nin : les membres du CA de l\u2019Office du bac install\u00e9s dans leurs fonctions - B\u00e9nin<\/title>\n<meta name=\"description\" content=\"Les membres du conseil d\u2019administration de l\u2019office du baccalaur\u00e9at nomm\u00e9s en Conseil des ministres le mercredi 27 juill ...\" \/>\n<meta name=\"robots\" content=\"index, follow, max-snippet:-1, max-image-preview:large, max-video-preview:-1\" \/>\n<link rel=\"canonical\" href=\"https:\/\/www.africa-press.net\/benin\/toutes-les-actualites\/benin-les-membres-du-ca-de-loffice-du-bac-installes-dans-leurs-fonctions\" \/>\n<meta property=\"og:locale\" content=\"fr_FR\" \/>\n<meta property=\"og:type\" content=\"article\" \/>\n<meta property=\"og:title\" content=\"B\u00e9nin : les membres du CA de l\u2019Office du bac install\u00e9s dans leurs fonctions\" \/>\n<meta property=\"og:description\" content=\"Les membres du conseil d\u2019administration de l\u2019office du baccalaur\u00e9at nomm\u00e9s en Conseil des ministres le mercredi 27 juill ...\" \/>\n<meta property=\"og:url\" content=\"https:\/\/www.africa-press.net\/benin\/toutes-les-actualites\/benin-les-membres-du-ca-de-loffice-du-bac-installes-dans-leurs-fonctions\" \/>\n<meta property=\"og:site_name\" content=\"B\u00e9nin\" \/>\n<meta property=\"article:published_time\" content=\"2022-08-03T20:00:33+00:00\" \/>\n<meta property=\"article:modified_time\" content=\"2022-08-03T20:31:08+00:00\" \/>\n<meta property=\"og:image\" content=\"https:\/\/static.africa-press.net\/benin\/sites\/46\/2022\/08\/postQueueImg_30.jpg\" \/>\n\t<meta property=\"og:image:width\" content=\"1280\" \/>\n\t<meta property=\"og:image:height\" content=\"960\" \/>\n\t<meta property=\"og:image:type\" content=\"image\/jpeg\" \/>\n<meta name=\"author\" content=\"cfeditorfr\" \/>\n<meta name=\"twitter:card\" content=\"summary_large_image\" \/>\n<meta name=\"twitter:label1\" content=\"\u00c9crit par\" \/>\n\t<meta name=\"twitter:data1\" content=\"cfeditorfr\" \/>\n\t<meta name=\"twitter:label2\" content=\"Dur\u00e9e de lecture estim\u00e9e\" \/>\n\t<meta name=\"twitter:data2\" content=\"3 minutes\" \/>\n<script type=\"application\/ld+json\" class=\"yoast-schema-graph\">{\"@context\":\"https:\/\/schema.org\",\"@graph\":[{\"@type\":\"Article\",\"@id\":\"https:\/\/www.africa-press.net\/benin\/toutes-les-actualites\/benin-les-membres-du-ca-de-loffice-du-bac-installes-dans-leurs-fonctions#article\",\"isPartOf\":{\"@id\":\"https:\/\/www.africa-press.net\/benin\/toutes-les-actualites\/benin-les-membres-du-ca-de-loffice-du-bac-installes-dans-leurs-fonctions\"},\"author\":{\"name\":\"cfeditorfr\",\"@id\":\"https:\/\/www.africa-press.net\/benin\/#\/schema\/person\/2b1cf3cd81a31e3cd26889ca66d677f1\"},\"headline\":\"B\u00e9nin : les membres du CA de l\u2019Office du bac install\u00e9s dans leurs fonctions\",\"datePublished\":\"2022-08-03T20:00:33+00:00\",\"dateModified\":\"2022-08-03T20:31:08+00:00\",\"mainEntityOfPage\":{\"@id\":\"https:\/\/www.africa-press.net\/benin\/toutes-les-actualites\/benin-les-membres-du-ca-de-loffice-du-bac-installes-dans-leurs-fonctions\"},\"wordCount\":524,\"commentCount\":0,\"image\":{\"@id\":\"https:\/\/www.africa-press.net\/benin\/toutes-les-actualites\/benin-les-membres-du-ca-de-loffice-du-bac-installes-dans-leurs-fonctions#primaryimage\"},\"thumbnailUrl\":\"https:\/\/static.africa-press.net\/benin\/sites\/46\/2022\/08\/postQueueImg_30.jpg\",\"keywords\":[\"Africa Press\",\"Africa Press-Benin\",\"B\u00e9nin\"],\"articleSection\":[\"Communaut\u00e9\",\"homepage-french\",\"Toutes les actualit\u00e9s\"],\"inLanguage\":\"fr-FR\",\"potentialAction\":[{\"@type\":\"CommentAction\",\"name\":\"Comment\",\"target\":[\"https:\/\/www.africa-press.net\/benin\/toutes-les-actualites\/benin-les-membres-du-ca-de-loffice-du-bac-installes-dans-leurs-fonctions#respond\"]}]},{\"@type\":\"WebPage\",\"@id\":\"https:\/\/www.africa-press.net\/benin\/toutes-les-actualites\/benin-les-membres-du-ca-de-loffice-du-bac-installes-dans-leurs-fonctions\",\"url\":\"https:\/\/www.africa-press.net\/benin\/toutes-les-actualites\/benin-les-membres-du-ca-de-loffice-du-bac-installes-dans-leurs-fonctions\",\"name\":\"B\u00e9nin : les membres du CA de l\u2019Office du bac install\u00e9s dans leurs fonctions - B\u00e9nin\",\"isPartOf\":{\"@id\":\"https:\/\/www.africa-press.net\/benin\/#website\"},\"primaryImageOfPage\":{\"@id\":\"https:\/\/www.africa-press.net\/benin\/toutes-les-actualites\/benin-les-membres-du-ca-de-loffice-du-bac-installes-dans-leurs-fonctions#primaryimage\"},\"image\":{\"@id\":\"https:\/\/www.africa-press.net\/benin\/toutes-les-actualites\/benin-les-membres-du-ca-de-loffice-du-bac-installes-dans-leurs-fonctions#primaryimage\"},\"thumbnailUrl\":\"https:\/\/static.africa-press.net\/benin\/sites\/46\/2022\/08\/postQueueImg_30.jpg\",\"datePublished\":\"2022-08-03T20:00:33+00:00\",\"dateModified\":\"2022-08-03T20:31:08+00:00\",\"author\":{\"@id\":\"https:\/\/www.africa-press.net\/benin\/#\/schema\/person\/2b1cf3cd81a31e3cd26889ca66d677f1\"},\"description\":\"Les membres du conseil d\u2019administration de l\u2019office du baccalaur\u00e9at nomm\u00e9s en Conseil des ministres le mercredi 27 juill ...\",\"breadcrumb\":{\"@id\":\"https:\/\/www.africa-press.net\/benin\/toutes-les-actualites\/benin-les-membres-du-ca-de-loffice-du-bac-installes-dans-leurs-fonctions#breadcrumb\"},\"inLanguage\":\"fr-FR\",\"potentialAction\":[{\"@type\":\"ReadAction\",\"target\":[\"https:\/\/www.africa-press.net\/benin\/toutes-les-actualites\/benin-les-membres-du-ca-de-loffice-du-bac-installes-dans-leurs-fonctions\"]}]},{\"@type\":\"ImageObject\",\"inLanguage\":\"fr-FR\",\"@id\":\"https:\/\/www.africa-press.net\/benin\/toutes-les-actualites\/benin-les-membres-du-ca-de-loffice-du-bac-installes-dans-leurs-fonctions#primaryimage\",\"url\":\"https:\/\/static.africa-press.net\/benin\/sites\/46\/2022\/08\/postQueueImg_30.jpg\",\"contentUrl\":\"https:\/\/static.africa-press.net\/benin\/sites\/46\/2022\/08\/postQueueImg_30.jpg\",\"width\":1280,\"height\":960,\"caption\":\"B\u00e9nin : les membres du CA de l\u2019Office du bac install\u00e9s dans leurs fonctions\"},{\"@type\":\"BreadcrumbList\",\"@id\":\"https:\/\/www.africa-press.net\/benin\/toutes-les-actualites\/benin-les-membres-du-ca-de-loffice-du-bac-installes-dans-leurs-fonctions#breadcrumb\",\"itemListElement\":[{\"@type\":\"ListItem\",\"position\":1,\"name\":\"Accueil\",\"item\":\"https:\/\/www.africa-press.net\/benin\/\"},{\"@type\":\"ListItem\",\"position\":2,\"name\":\"B\u00e9nin : les membres du CA de l\u2019Office du bac install\u00e9s dans leurs fonctions\"}]},{\"@type\":\"WebSite\",\"@id\":\"https:\/\/www.africa-press.net\/benin\/#website\",\"url\":\"https:\/\/www.africa-press.net\/benin\/\",\"name\":\"B\u00e9nin\",\"description\":\"Just another Africa News Agency Sites site\",\"potentialAction\":[{\"@type\":\"SearchAction\",\"target\":{\"@type\":\"EntryPoint\",\"urlTemplate\":\"https:\/\/www.africa-press.net\/benin\/?s={search_term_string}\"},\"query-input\":{\"@type\":\"PropertyValueSpecification\",\"valueRequired\":true,\"valueName\":\"search_term_string\"}}],\"inLanguage\":\"fr-FR\"},{\"@type\":\"Person\",\"@id\":\"https:\/\/www.africa-press.net\/benin\/#\/schema\/person\/2b1cf3cd81a31e3cd26889ca66d677f1\",\"name\":\"cfeditorfr\"}]}<\/script>\n<!-- \/ Yoast SEO Premium plugin. -->","yoast_head_json":{"title":"B\u00e9nin : les membres du CA de l\u2019Office du bac install\u00e9s dans leurs fonctions - B\u00e9nin","description":"Les membres du conseil d\u2019administration de l\u2019office du baccalaur\u00e9at nomm\u00e9s en Conseil des ministres le mercredi 27 juill ...","robots":{"index":"index","follow":"follow","max-snippet":"max-snippet:-1","max-image-preview":"max-image-preview:large","max-video-preview":"max-video-preview:-1"},"canonical":"https:\/\/www.africa-press.net\/benin\/toutes-les-actualites\/benin-les-membres-du-ca-de-loffice-du-bac-installes-dans-leurs-fonctions","og_locale":"fr_FR","og_type":"article","og_title":"B\u00e9nin : les membres du CA de l\u2019Office du bac install\u00e9s dans leurs fonctions","og_description":"Les membres du conseil d\u2019administration de l\u2019office du baccalaur\u00e9at nomm\u00e9s en Conseil des ministres le mercredi 27 juill ...","og_url":"https:\/\/www.africa-press.net\/benin\/toutes-les-actualites\/benin-les-membres-du-ca-de-loffice-du-bac-installes-dans-leurs-fonctions","og_site_name":"B\u00e9nin","article_published_time":"2022-08-03T20:00:33+00:00","article_modified_time":"2022-08-03T20:31:08+00:00","og_image":[{"width":1280,"height":960,"url":"https:\/\/static.africa-press.net\/benin\/sites\/46\/2022\/08\/postQueueImg_30.jpg","type":"image\/jpeg"}],"author":"cfeditorfr","twitter_card":"summary_large_image","twitter_misc":{"\u00c9crit par":"cfeditorfr","Dur\u00e9e de lecture estim\u00e9e":"3 minutes"},"schema":{"@context":"https:\/\/schema.org","@graph":[{"@type":"Article","@id":"https:\/\/www.africa-press.net\/benin\/toutes-les-actualites\/benin-les-membres-du-ca-de-loffice-du-bac-installes-dans-leurs-fonctions#article","isPartOf":{"@id":"https:\/\/www.africa-press.net\/benin\/toutes-les-actualites\/benin-les-membres-du-ca-de-loffice-du-bac-installes-dans-leurs-fonctions"},"author":{"name":"cfeditorfr","@id":"https:\/\/www.africa-press.net\/benin\/#\/schema\/person\/2b1cf3cd81a31e3cd26889ca66d677f1"},"headline":"B\u00e9nin : les membres du CA de l\u2019Office du bac install\u00e9s dans leurs fonctions","datePublished":"2022-08-03T20:00:33+00:00","dateModified":"2022-08-03T20:31:08+00:00","mainEntityOfPage":{"@id":"https:\/\/www.africa-press.net\/benin\/toutes-les-actualites\/benin-les-membres-du-ca-de-loffice-du-bac-installes-dans-leurs-fonctions"},"wordCount":524,"commentCount":0,"image":{"@id":"https:\/\/www.africa-press.net\/benin\/toutes-les-actualites\/benin-les-membres-du-ca-de-loffice-du-bac-installes-dans-leurs-fonctions#primaryimage"},"thumbnailUrl":"https:\/\/static.africa-press.net\/benin\/sites\/46\/2022\/08\/postQueueImg_30.jpg","keywords":["Africa Press","Africa Press-Benin","B\u00e9nin"],"articleSection":["Communaut\u00e9","homepage-french","Toutes les actualit\u00e9s"],"inLanguage":"fr-FR","potentialAction":[{"@type":"CommentAction","name":"Comment","target":["https:\/\/www.africa-press.net\/benin\/toutes-les-actualites\/benin-les-membres-du-ca-de-loffice-du-bac-installes-dans-leurs-fonctions#respond"]}]},{"@type":"WebPage","@id":"https:\/\/www.africa-press.net\/benin\/toutes-les-actualites\/benin-les-membres-du-ca-de-loffice-du-bac-installes-dans-leurs-fonctions","url":"https:\/\/www.africa-press.net\/benin\/toutes-les-actualites\/benin-les-membres-du-ca-de-loffice-du-bac-installes-dans-leurs-fonctions","name":"B\u00e9nin : les membres du CA de l\u2019Office du bac install\u00e9s dans leurs fonctions - B\u00e9nin","isPartOf":{"@id":"https:\/\/www.africa-press.net\/benin\/#website"},"primaryImageOfPage":{"@id":"https:\/\/www.africa-press.net\/benin\/toutes-les-actualites\/benin-les-membres-du-ca-de-loffice-du-bac-installes-dans-leurs-fonctions#primaryimage"},"image":{"@id":"https:\/\/www.africa-press.net\/benin\/toutes-les-actualites\/benin-les-membres-du-ca-de-loffice-du-bac-installes-dans-leurs-fonctions#primaryimage"},"thumbnailUrl":"https:\/\/static.africa-press.net\/benin\/sites\/46\/2022\/08\/postQueueImg_30.jpg","datePublished":"2022-08-03T20:00:33+00:00","dateModified":"2022-08-03T20:31:08+00:00","author":{"@id":"https:\/\/www.africa-press.net\/benin\/#\/schema\/person\/2b1cf3cd81a31e3cd26889ca66d677f1"},"description":"Les membres du conseil d\u2019administration de l\u2019office du baccalaur\u00e9at nomm\u00e9s en Conseil des ministres le mercredi 27 juill ...","breadcrumb":{"@id":"https:\/\/www.africa-press.net\/benin\/toutes-les-actualites\/benin-les-membres-du-ca-de-loffice-du-bac-installes-dans-leurs-fonctions#breadcrumb"},"inLanguage":"fr-FR","potentialAction":[{"@type":"ReadAction","target":["https:\/\/www.africa-press.net\/benin\/toutes-les-actualites\/benin-les-membres-du-ca-de-loffice-du-bac-installes-dans-leurs-fonctions"]}]},{"@type":"ImageObject","inLanguage":"fr-FR","@id":"https:\/\/www.africa-press.net\/benin\/toutes-les-actualites\/benin-les-membres-du-ca-de-loffice-du-bac-installes-dans-leurs-fonctions#primaryimage","url":"https:\/\/static.africa-press.net\/benin\/sites\/46\/2022\/08\/postQueueImg_30.jpg","contentUrl":"https:\/\/static.africa-press.net\/benin\/sites\/46\/2022\/08\/postQueueImg_30.jpg","width":1280,"height":960,"caption":"B\u00e9nin : les membres du CA de l\u2019Office du bac install\u00e9s dans leurs fonctions"},{"@type":"BreadcrumbList","@id":"https:\/\/www.africa-press.net\/benin\/toutes-les-actualites\/benin-les-membres-du-ca-de-loffice-du-bac-installes-dans-leurs-fonctions#breadcrumb","itemListElement":[{"@type":"ListItem","position":1,"name":"Accueil","item":"https:\/\/www.africa-press.net\/benin\/"},{"@type":"ListItem","position":2,"name":"B\u00e9nin : les membres du CA de l\u2019Office du bac install\u00e9s dans leurs fonctions"}]},{"@type":"WebSite","@id":"https:\/\/www.africa-press.net\/benin\/#website","url":"https:\/\/www.africa-press.net\/benin\/","name":"B\u00e9nin","description":"Just another Africa News Agency Sites site","potentialAction":[{"@type":"SearchAction","target":{"@type":"EntryPoint","urlTemplate":"https:\/\/www.africa-press.net\/benin\/?s={search_term_string}"},"query-input":{"@type":"PropertyValueSpecification","valueRequired":true,"valueName":"search_term_string"}}],"inLanguage":"fr-FR"},{"@type":"Person","@id":"https:\/\/www.africa-press.net\/benin\/#\/schema\/person\/2b1cf3cd81a31e3cd26889ca66d677f1","name":"cfeditorfr"}]}},"_links":{"self":[{"href":"https:\/\/www.africa-press.net\/benin\/wp-json\/wp\/v2\/posts\/7565","targetHints":{"allow":["GET"]}}],"collection":[{"href":"https:\/\/www.africa-press.net\/benin\/wp-json\/wp\/v2\/posts"}],"about":[{"href":"https:\/\/www.africa-press.net\/benin\/wp-json\/wp\/v2\/types\/post"}],"author":[{"embeddable":true,"href":"https:\/\/www.africa-press.net\/benin\/wp-json\/wp\/v2\/users\/82"}],"replies":[{"embeddable":true,"href":"https:\/\/www.africa-press.net\/benin\/wp-json\/wp\/v2\/comments?post=7565"}],"version-history":[{"count":0,"href":"https:\/\/www.africa-press.net\/benin\/wp-json\/wp\/v2\/posts\/7565\/revisions"}],"wp:featuredmedia":[{"embeddable":true,"href":"https:\/\/www.africa-press.net\/benin\/wp-json\/wp\/v2\/media\/7564"}],"wp:attachment":[{"href":"https:\/\/www.africa-press.net\/benin\/wp-json\/wp\/v2\/media?parent=7565"}],"wp:term":[{"taxonomy":"category","embeddable":true,"href":"https:\/\/www.africa-press.net\/benin\/wp-json\/wp\/v2\/categories?post=7565"},{"taxonomy":"post_tag","embeddable":true,"href":"https:\/\/www.africa-press.net\/benin\/wp-json\/wp\/v2\/tags?post=7565"}],"curies":[{"name":"wp","href":"https:\/\/api.w.org\/{rel}","templated":true}]}}