{"id":7568,"date":"2022-08-03T20:00:43","date_gmt":"2022-08-03T20:00:43","guid":{"rendered":"https:\/\/www.africa-press.net\/benin\/politique\/benin-nicephore-dieudonne-attendu-en-france-pour-une-intervention-chirurgicale"},"modified":"2022-08-03T20:31:43","modified_gmt":"2022-08-03T20:31:43","slug":"benin-nicephore-dieudonne-attendu-en-france-pour-une-intervention-chirurgicale","status":"publish","type":"post","link":"https:\/\/www.africa-press.net\/benin\/toutes-les-actualites\/benin-nicephore-dieudonne-attendu-en-france-pour-une-intervention-chirurgicale","title":{"rendered":"B\u00e9nin: Nic\u00e9phore Dieudonn\u00e9 attendu en France pour une intervention chirurgicale"},"content":{"rendered":"<p><span style=\"color: #ff6600\"><strong>Africa-Press &#8211; Benin. <\/strong><\/span>L\u2019ancien pr\u00e9sident Nic\u00e9phore Dieudonn\u00e9 Soglo est attendu en France pour des raisons m\u00e9dicales. Il y \u00e9tait en juin dernier pour un bilan de sant\u00e9, mais cette fois-ci il s\u2019agit d\u2019une intervention chirurgicale.<\/p>\n<p>Nic\u00e9phore Dieudonn\u00e9 Soglo a tenu \u00e0 r\u00e9pondre pr\u00e9sent au d\u00e9fil\u00e9 militaire du 1er ao\u00fbt 2022 malgr\u00e9 son rendez-vous m\u00e9dical imminent. \u00ab Je dois \u00eatre op\u00e9r\u00e9 dans une dizaine de jours \u00e0 Paris \u00bb, a-t-il confi\u00e9 \u00e0 la fin du d\u00e9fil\u00e9. Il dit \u00eatre revenu au B\u00e9nin pour honorer la c\u00e9l\u00e9bration du 62e anniversaire de l\u2019accession du B\u00e9nin \u00e0 la souverainet\u00e9 internationale.<\/p>\n<p>Avec sa pr\u00e9sence \u00e0 la f\u00eate nationale, Nic\u00e9phore Dieudonn\u00e9 Soglo dit \u00eatre dans une logique d\u2019apaisement pour le retour \u00e0 la coh\u00e9sion. Mais \u00e0 son entendement, cela ne suffit pas. Pour un v\u00e9ritable retour \u00e0 la paix, l\u2019ancien maire de la ville de Cotonou pense qu\u2019il faut aller \u00e0 la lib\u00e9ration des \u00ab d\u00e9tenus politiques \u00bb et le \u00ab retour des exil\u00e9s politiques \u00bb.<\/p>\n<p>Lex-Chef d\u2019Etat n\u2019a pas donn\u00e9 de d\u00e9tails sur la cause de cette intervention chirurgicale en vue. Visiblement, il para\u00eet n\u00e9anmoins en forme sans grande difficult\u00e9 sanitaire.<\/p>\n<p><strong>Pour plus d&rsquo;informations et d&rsquo;analyses sur la <a href=\"https:\/\/www.africa-press.net\/benin\">Benin<\/a>, suivez <a href=\"https:\/\/www.africa-press.net\/\">Africa-Press<\/a><\/strong><\/p>\n","protected":false},"excerpt":{"rendered":"<p>Africa-Press &#8211; Benin. L\u2019ancien pr\u00e9sident Nic\u00e9phore Dieudonn\u00e9 Soglo est attendu en France pour des raisons m\u00e9dicales. Il y \u00e9tait en juin dernier pour un bilan de sant\u00e9, mais cette fois-ci il s\u2019agit d\u2019une intervention chirurgicale. Nic\u00e9phore Dieudonn\u00e9 Soglo a tenu \u00e0 r\u00e9pondre pr\u00e9sent au d\u00e9fil\u00e9 militaire du 1er ao\u00fbt 2022 malgr\u00e9 son rendez-vous m\u00e9dical imminent. [&hellip;]<\/p>\n","protected":false},"author":82,"featured_media":7567,"comment_status":"open","ping_status":"closed","sticky":false,"template":"","format":"standard","meta":{"footnotes":""},"categories":[21,11,10],"tags":[36,50,45],"class_list":["post-7568","post","type-post","status-publish","format-standard","has-post-thumbnail","hentry","category-communaute","category-homepage-french","category-toutes-les-actualites","tag-africa-press","tag-africa-press-benin","tag-benin"],"yoast_head":"<!-- This site is optimized with the Yoast SEO Premium plugin v26.1 (Yoast SEO v27.0) - https:\/\/yoast.com\/product\/yoast-seo-premium-wordpress\/ -->\n<title>B\u00e9nin: Nic\u00e9phore Dieudonn\u00e9 attendu en France pour une intervention chirurgicale - B\u00e9nin<\/title>\n<meta name=\"description\" content=\"L\u2019ancien pr\u00e9sident Nic\u00e9phore Dieudonn\u00e9 Soglo est attendu en France pour des raisons m\u00e9dicales. Il y \u00e9tait en juin dernie ...\" \/>\n<meta name=\"robots\" content=\"index, follow, max-snippet:-1, max-image-preview:large, max-video-preview:-1\" \/>\n<link rel=\"canonical\" href=\"https:\/\/www.africa-press.net\/benin\/toutes-les-actualites\/benin-nicephore-dieudonne-attendu-en-france-pour-une-intervention-chirurgicale\" \/>\n<meta property=\"og:locale\" content=\"fr_FR\" \/>\n<meta property=\"og:type\" content=\"article\" \/>\n<meta property=\"og:title\" content=\"B\u00e9nin: Nic\u00e9phore Dieudonn\u00e9 attendu en France pour une intervention chirurgicale\" \/>\n<meta property=\"og:description\" content=\"L\u2019ancien pr\u00e9sident Nic\u00e9phore Dieudonn\u00e9 Soglo est attendu en France pour des raisons m\u00e9dicales. Il y \u00e9tait en juin dernie ...\" \/>\n<meta property=\"og:url\" content=\"https:\/\/www.africa-press.net\/benin\/toutes-les-actualites\/benin-nicephore-dieudonne-attendu-en-france-pour-une-intervention-chirurgicale\" \/>\n<meta property=\"og:site_name\" content=\"B\u00e9nin\" \/>\n<meta property=\"article:published_time\" content=\"2022-08-03T20:00:43+00:00\" \/>\n<meta property=\"article:modified_time\" content=\"2022-08-03T20:31:43+00:00\" \/>\n<meta property=\"og:image\" content=\"https:\/\/static.africa-press.net\/benin\/sites\/46\/2022\/08\/postQueueImg_31.jpg\" \/>\n\t<meta property=\"og:image:width\" content=\"1300\" \/>\n\t<meta property=\"og:image:height\" content=\"700\" \/>\n\t<meta property=\"og:image:type\" content=\"image\/jpeg\" \/>\n<meta name=\"author\" content=\"cfeditorfr\" \/>\n<meta name=\"twitter:card\" content=\"summary_large_image\" \/>\n<meta name=\"twitter:label1\" content=\"\u00c9crit par\" \/>\n\t<meta name=\"twitter:data1\" content=\"cfeditorfr\" \/>\n\t<meta name=\"twitter:label2\" content=\"Dur\u00e9e de lecture estim\u00e9e\" \/>\n\t<meta name=\"twitter:data2\" content=\"1 minute\" \/>\n<script type=\"application\/ld+json\" class=\"yoast-schema-graph\">{\"@context\":\"https:\/\/schema.org\",\"@graph\":[{\"@type\":\"Article\",\"@id\":\"https:\/\/www.africa-press.net\/benin\/toutes-les-actualites\/benin-nicephore-dieudonne-attendu-en-france-pour-une-intervention-chirurgicale#article\",\"isPartOf\":{\"@id\":\"https:\/\/www.africa-press.net\/benin\/toutes-les-actualites\/benin-nicephore-dieudonne-attendu-en-france-pour-une-intervention-chirurgicale\"},\"author\":{\"name\":\"cfeditorfr\",\"@id\":\"https:\/\/www.africa-press.net\/benin\/#\/schema\/person\/2b1cf3cd81a31e3cd26889ca66d677f1\"},\"headline\":\"B\u00e9nin: Nic\u00e9phore Dieudonn\u00e9 attendu en France pour une intervention chirurgicale\",\"datePublished\":\"2022-08-03T20:00:43+00:00\",\"dateModified\":\"2022-08-03T20:31:43+00:00\",\"mainEntityOfPage\":{\"@id\":\"https:\/\/www.africa-press.net\/benin\/toutes-les-actualites\/benin-nicephore-dieudonne-attendu-en-france-pour-une-intervention-chirurgicale\"},\"wordCount\":229,\"commentCount\":0,\"image\":{\"@id\":\"https:\/\/www.africa-press.net\/benin\/toutes-les-actualites\/benin-nicephore-dieudonne-attendu-en-france-pour-une-intervention-chirurgicale#primaryimage\"},\"thumbnailUrl\":\"https:\/\/static.africa-press.net\/benin\/sites\/46\/2022\/08\/postQueueImg_31.jpg\",\"keywords\":[\"Africa Press\",\"Africa Press-Benin\",\"B\u00e9nin\"],\"articleSection\":[\"Communaut\u00e9\",\"homepage-french\",\"Toutes les actualit\u00e9s\"],\"inLanguage\":\"fr-FR\",\"potentialAction\":[{\"@type\":\"CommentAction\",\"name\":\"Comment\",\"target\":[\"https:\/\/www.africa-press.net\/benin\/toutes-les-actualites\/benin-nicephore-dieudonne-attendu-en-france-pour-une-intervention-chirurgicale#respond\"]}]},{\"@type\":\"WebPage\",\"@id\":\"https:\/\/www.africa-press.net\/benin\/toutes-les-actualites\/benin-nicephore-dieudonne-attendu-en-france-pour-une-intervention-chirurgicale\",\"url\":\"https:\/\/www.africa-press.net\/benin\/toutes-les-actualites\/benin-nicephore-dieudonne-attendu-en-france-pour-une-intervention-chirurgicale\",\"name\":\"B\u00e9nin: Nic\u00e9phore Dieudonn\u00e9 attendu en France pour une intervention chirurgicale - B\u00e9nin\",\"isPartOf\":{\"@id\":\"https:\/\/www.africa-press.net\/benin\/#website\"},\"primaryImageOfPage\":{\"@id\":\"https:\/\/www.africa-press.net\/benin\/toutes-les-actualites\/benin-nicephore-dieudonne-attendu-en-france-pour-une-intervention-chirurgicale#primaryimage\"},\"image\":{\"@id\":\"https:\/\/www.africa-press.net\/benin\/toutes-les-actualites\/benin-nicephore-dieudonne-attendu-en-france-pour-une-intervention-chirurgicale#primaryimage\"},\"thumbnailUrl\":\"https:\/\/static.africa-press.net\/benin\/sites\/46\/2022\/08\/postQueueImg_31.jpg\",\"datePublished\":\"2022-08-03T20:00:43+00:00\",\"dateModified\":\"2022-08-03T20:31:43+00:00\",\"author\":{\"@id\":\"https:\/\/www.africa-press.net\/benin\/#\/schema\/person\/2b1cf3cd81a31e3cd26889ca66d677f1\"},\"description\":\"L\u2019ancien pr\u00e9sident Nic\u00e9phore Dieudonn\u00e9 Soglo est attendu en France pour des raisons m\u00e9dicales. Il y \u00e9tait en juin dernie ...\",\"breadcrumb\":{\"@id\":\"https:\/\/www.africa-press.net\/benin\/toutes-les-actualites\/benin-nicephore-dieudonne-attendu-en-france-pour-une-intervention-chirurgicale#breadcrumb\"},\"inLanguage\":\"fr-FR\",\"potentialAction\":[{\"@type\":\"ReadAction\",\"target\":[\"https:\/\/www.africa-press.net\/benin\/toutes-les-actualites\/benin-nicephore-dieudonne-attendu-en-france-pour-une-intervention-chirurgicale\"]}]},{\"@type\":\"ImageObject\",\"inLanguage\":\"fr-FR\",\"@id\":\"https:\/\/www.africa-press.net\/benin\/toutes-les-actualites\/benin-nicephore-dieudonne-attendu-en-france-pour-une-intervention-chirurgicale#primaryimage\",\"url\":\"https:\/\/static.africa-press.net\/benin\/sites\/46\/2022\/08\/postQueueImg_31.jpg\",\"contentUrl\":\"https:\/\/static.africa-press.net\/benin\/sites\/46\/2022\/08\/postQueueImg_31.jpg\",\"width\":1300,\"height\":700,\"caption\":\"B\u00e9nin: Nic\u00e9phore Dieudonn\u00e9 attendu en France pour une intervention chirurgicale\"},{\"@type\":\"BreadcrumbList\",\"@id\":\"https:\/\/www.africa-press.net\/benin\/toutes-les-actualites\/benin-nicephore-dieudonne-attendu-en-france-pour-une-intervention-chirurgicale#breadcrumb\",\"itemListElement\":[{\"@type\":\"ListItem\",\"position\":1,\"name\":\"Accueil\",\"item\":\"https:\/\/www.africa-press.net\/benin\/\"},{\"@type\":\"ListItem\",\"position\":2,\"name\":\"B\u00e9nin: Nic\u00e9phore Dieudonn\u00e9 attendu en France pour une intervention chirurgicale\"}]},{\"@type\":\"WebSite\",\"@id\":\"https:\/\/www.africa-press.net\/benin\/#website\",\"url\":\"https:\/\/www.africa-press.net\/benin\/\",\"name\":\"B\u00e9nin\",\"description\":\"Just another Africa News Agency Sites site\",\"potentialAction\":[{\"@type\":\"SearchAction\",\"target\":{\"@type\":\"EntryPoint\",\"urlTemplate\":\"https:\/\/www.africa-press.net\/benin\/?s={search_term_string}\"},\"query-input\":{\"@type\":\"PropertyValueSpecification\",\"valueRequired\":true,\"valueName\":\"search_term_string\"}}],\"inLanguage\":\"fr-FR\"},{\"@type\":\"Person\",\"@id\":\"https:\/\/www.africa-press.net\/benin\/#\/schema\/person\/2b1cf3cd81a31e3cd26889ca66d677f1\",\"name\":\"cfeditorfr\"}]}<\/script>\n<!-- \/ Yoast SEO Premium plugin. -->","yoast_head_json":{"title":"B\u00e9nin: Nic\u00e9phore Dieudonn\u00e9 attendu en France pour une intervention chirurgicale - B\u00e9nin","description":"L\u2019ancien pr\u00e9sident Nic\u00e9phore Dieudonn\u00e9 Soglo est attendu en France pour des raisons m\u00e9dicales. Il y \u00e9tait en juin dernie ...","robots":{"index":"index","follow":"follow","max-snippet":"max-snippet:-1","max-image-preview":"max-image-preview:large","max-video-preview":"max-video-preview:-1"},"canonical":"https:\/\/www.africa-press.net\/benin\/toutes-les-actualites\/benin-nicephore-dieudonne-attendu-en-france-pour-une-intervention-chirurgicale","og_locale":"fr_FR","og_type":"article","og_title":"B\u00e9nin: Nic\u00e9phore Dieudonn\u00e9 attendu en France pour une intervention chirurgicale","og_description":"L\u2019ancien pr\u00e9sident Nic\u00e9phore Dieudonn\u00e9 Soglo est attendu en France pour des raisons m\u00e9dicales. Il y \u00e9tait en juin dernie ...","og_url":"https:\/\/www.africa-press.net\/benin\/toutes-les-actualites\/benin-nicephore-dieudonne-attendu-en-france-pour-une-intervention-chirurgicale","og_site_name":"B\u00e9nin","article_published_time":"2022-08-03T20:00:43+00:00","article_modified_time":"2022-08-03T20:31:43+00:00","og_image":[{"width":1300,"height":700,"url":"https:\/\/static.africa-press.net\/benin\/sites\/46\/2022\/08\/postQueueImg_31.jpg","type":"image\/jpeg"}],"author":"cfeditorfr","twitter_card":"summary_large_image","twitter_misc":{"\u00c9crit par":"cfeditorfr","Dur\u00e9e de lecture estim\u00e9e":"1 minute"},"schema":{"@context":"https:\/\/schema.org","@graph":[{"@type":"Article","@id":"https:\/\/www.africa-press.net\/benin\/toutes-les-actualites\/benin-nicephore-dieudonne-attendu-en-france-pour-une-intervention-chirurgicale#article","isPartOf":{"@id":"https:\/\/www.africa-press.net\/benin\/toutes-les-actualites\/benin-nicephore-dieudonne-attendu-en-france-pour-une-intervention-chirurgicale"},"author":{"name":"cfeditorfr","@id":"https:\/\/www.africa-press.net\/benin\/#\/schema\/person\/2b1cf3cd81a31e3cd26889ca66d677f1"},"headline":"B\u00e9nin: Nic\u00e9phore Dieudonn\u00e9 attendu en France pour une intervention chirurgicale","datePublished":"2022-08-03T20:00:43+00:00","dateModified":"2022-08-03T20:31:43+00:00","mainEntityOfPage":{"@id":"https:\/\/www.africa-press.net\/benin\/toutes-les-actualites\/benin-nicephore-dieudonne-attendu-en-france-pour-une-intervention-chirurgicale"},"wordCount":229,"commentCount":0,"image":{"@id":"https:\/\/www.africa-press.net\/benin\/toutes-les-actualites\/benin-nicephore-dieudonne-attendu-en-france-pour-une-intervention-chirurgicale#primaryimage"},"thumbnailUrl":"https:\/\/static.africa-press.net\/benin\/sites\/46\/2022\/08\/postQueueImg_31.jpg","keywords":["Africa Press","Africa Press-Benin","B\u00e9nin"],"articleSection":["Communaut\u00e9","homepage-french","Toutes les actualit\u00e9s"],"inLanguage":"fr-FR","potentialAction":[{"@type":"CommentAction","name":"Comment","target":["https:\/\/www.africa-press.net\/benin\/toutes-les-actualites\/benin-nicephore-dieudonne-attendu-en-france-pour-une-intervention-chirurgicale#respond"]}]},{"@type":"WebPage","@id":"https:\/\/www.africa-press.net\/benin\/toutes-les-actualites\/benin-nicephore-dieudonne-attendu-en-france-pour-une-intervention-chirurgicale","url":"https:\/\/www.africa-press.net\/benin\/toutes-les-actualites\/benin-nicephore-dieudonne-attendu-en-france-pour-une-intervention-chirurgicale","name":"B\u00e9nin: Nic\u00e9phore Dieudonn\u00e9 attendu en France pour une intervention chirurgicale - B\u00e9nin","isPartOf":{"@id":"https:\/\/www.africa-press.net\/benin\/#website"},"primaryImageOfPage":{"@id":"https:\/\/www.africa-press.net\/benin\/toutes-les-actualites\/benin-nicephore-dieudonne-attendu-en-france-pour-une-intervention-chirurgicale#primaryimage"},"image":{"@id":"https:\/\/www.africa-press.net\/benin\/toutes-les-actualites\/benin-nicephore-dieudonne-attendu-en-france-pour-une-intervention-chirurgicale#primaryimage"},"thumbnailUrl":"https:\/\/static.africa-press.net\/benin\/sites\/46\/2022\/08\/postQueueImg_31.jpg","datePublished":"2022-08-03T20:00:43+00:00","dateModified":"2022-08-03T20:31:43+00:00","author":{"@id":"https:\/\/www.africa-press.net\/benin\/#\/schema\/person\/2b1cf3cd81a31e3cd26889ca66d677f1"},"description":"L\u2019ancien pr\u00e9sident Nic\u00e9phore Dieudonn\u00e9 Soglo est attendu en France pour des raisons m\u00e9dicales. Il y \u00e9tait en juin dernie ...","breadcrumb":{"@id":"https:\/\/www.africa-press.net\/benin\/toutes-les-actualites\/benin-nicephore-dieudonne-attendu-en-france-pour-une-intervention-chirurgicale#breadcrumb"},"inLanguage":"fr-FR","potentialAction":[{"@type":"ReadAction","target":["https:\/\/www.africa-press.net\/benin\/toutes-les-actualites\/benin-nicephore-dieudonne-attendu-en-france-pour-une-intervention-chirurgicale"]}]},{"@type":"ImageObject","inLanguage":"fr-FR","@id":"https:\/\/www.africa-press.net\/benin\/toutes-les-actualites\/benin-nicephore-dieudonne-attendu-en-france-pour-une-intervention-chirurgicale#primaryimage","url":"https:\/\/static.africa-press.net\/benin\/sites\/46\/2022\/08\/postQueueImg_31.jpg","contentUrl":"https:\/\/static.africa-press.net\/benin\/sites\/46\/2022\/08\/postQueueImg_31.jpg","width":1300,"height":700,"caption":"B\u00e9nin: Nic\u00e9phore Dieudonn\u00e9 attendu en France pour une intervention chirurgicale"},{"@type":"BreadcrumbList","@id":"https:\/\/www.africa-press.net\/benin\/toutes-les-actualites\/benin-nicephore-dieudonne-attendu-en-france-pour-une-intervention-chirurgicale#breadcrumb","itemListElement":[{"@type":"ListItem","position":1,"name":"Accueil","item":"https:\/\/www.africa-press.net\/benin\/"},{"@type":"ListItem","position":2,"name":"B\u00e9nin: Nic\u00e9phore Dieudonn\u00e9 attendu en France pour une intervention chirurgicale"}]},{"@type":"WebSite","@id":"https:\/\/www.africa-press.net\/benin\/#website","url":"https:\/\/www.africa-press.net\/benin\/","name":"B\u00e9nin","description":"Just another Africa News Agency Sites site","potentialAction":[{"@type":"SearchAction","target":{"@type":"EntryPoint","urlTemplate":"https:\/\/www.africa-press.net\/benin\/?s={search_term_string}"},"query-input":{"@type":"PropertyValueSpecification","valueRequired":true,"valueName":"search_term_string"}}],"inLanguage":"fr-FR"},{"@type":"Person","@id":"https:\/\/www.africa-press.net\/benin\/#\/schema\/person\/2b1cf3cd81a31e3cd26889ca66d677f1","name":"cfeditorfr"}]}},"_links":{"self":[{"href":"https:\/\/www.africa-press.net\/benin\/wp-json\/wp\/v2\/posts\/7568","targetHints":{"allow":["GET"]}}],"collection":[{"href":"https:\/\/www.africa-press.net\/benin\/wp-json\/wp\/v2\/posts"}],"about":[{"href":"https:\/\/www.africa-press.net\/benin\/wp-json\/wp\/v2\/types\/post"}],"author":[{"embeddable":true,"href":"https:\/\/www.africa-press.net\/benin\/wp-json\/wp\/v2\/users\/82"}],"replies":[{"embeddable":true,"href":"https:\/\/www.africa-press.net\/benin\/wp-json\/wp\/v2\/comments?post=7568"}],"version-history":[{"count":0,"href":"https:\/\/www.africa-press.net\/benin\/wp-json\/wp\/v2\/posts\/7568\/revisions"}],"wp:featuredmedia":[{"embeddable":true,"href":"https:\/\/www.africa-press.net\/benin\/wp-json\/wp\/v2\/media\/7567"}],"wp:attachment":[{"href":"https:\/\/www.africa-press.net\/benin\/wp-json\/wp\/v2\/media?parent=7568"}],"wp:term":[{"taxonomy":"category","embeddable":true,"href":"https:\/\/www.africa-press.net\/benin\/wp-json\/wp\/v2\/categories?post=7568"},{"taxonomy":"post_tag","embeddable":true,"href":"https:\/\/www.africa-press.net\/benin\/wp-json\/wp\/v2\/tags?post=7568"}],"curies":[{"name":"wp","href":"https:\/\/api.w.org\/{rel}","templated":true}]}}