{"id":7571,"date":"2022-08-03T20:02:06","date_gmt":"2022-08-03T20:02:06","guid":{"rendered":"https:\/\/www.africa-press.net\/benin\/politique\/benin-compte-rendu-du-conseil-des-ministres-du-03-aout-2022"},"modified":"2022-08-03T20:32:53","modified_gmt":"2022-08-03T20:32:53","slug":"benin-compte-rendu-du-conseil-des-ministres-du-03-aout-2022","status":"publish","type":"post","link":"https:\/\/www.africa-press.net\/benin\/politique\/benin-compte-rendu-du-conseil-des-ministres-du-03-aout-2022","title":{"rendered":"B\u00e9nin: compte-rendu du Conseil des ministres du 03 ao\u00fbt 2022"},"content":{"rendered":"<p><span style=\"color: #ff6600\"><strong>Africa-Press &#8211; Benin. <\/strong><\/span>Le gouvernement s\u2019est r\u00e9uni ce mercredi 03 ao\u00fbt 2022 en session ordinaire du Conseil des ministres. La s\u00e9ance a \u00e9t\u00e9 pr\u00e9sid\u00e9e par le pr\u00e9sident de la R\u00e9publique. Retrouvez ci-dessous l\u2019int\u00e9gralit\u00e9 des d\u00e9cisions prises.<\/p>\n<p>I- MESURES NORMATIVES.<\/p>\n<p>La mise en \u0153uvre des dispositions de la loi n\u00b0 2021-14 du 20 d\u00e9cembre 2021 portant code de l\u2019administration territoriale en R\u00e9publique du B\u00e9nin implique une cat\u00e9gorisation des march\u00e9s de vente. Le pr\u00e9sent d\u00e9cret pris \u00e0 cet effet distingue ceux de niveau national, construits par l\u2019Etat au titre de son patrimoine immobilier, ceux r\u00e9gionaux, r\u00e9alis\u00e9s soit dans le cadre d\u2019une intercommunalit\u00e9, soit par l\u2019Etat ou avec son appui pour le compte du patrimoine immobilier d\u2019une commune, mais ayant vocation \u00e0 rayonner sur les communes limitrophes puis ceux communaux, construits soit sur fonds propres par une commune, soit avec l\u2019appui de ses partenaires ou avec celui de l\u2019Etat.<\/p>\n<p>Par ailleurs, au soutien de son programme de construction de 35 march\u00e9s modernes urbains et r\u00e9gionaux, il a \u00e9t\u00e9 \u00e9labor\u00e9 un cadre de gouvernance pour en assurer la gestion efficace, en concertation avec les communes d\u2019implantation.<\/p>\n<p>Conform\u00e9ment au sch\u00e9ma retenu, les march\u00e9s \u00e0 caract\u00e8re national seront transf\u00e9r\u00e9s \u00e0 la Soci\u00e9t\u00e9 des Patrimoines immobiliers de l\u2019Etat, ceux urbains et communaux des villes \u00e0 statut particulier confi\u00e9s \u00e0 des soci\u00e9t\u00e9s de patrimoine \u00e0 cr\u00e9er par les communes concern\u00e9es ; tandis que les autres march\u00e9s resteront dans le patrimoine des collectivit\u00e9s territoriales.<\/p>\n<p>Toutefois, la gestion de l\u2019ensemble des march\u00e9s rel\u00e8ve de l\u2019Agence nationale de Gestion des March\u00e9s dont les statuts ont \u00e9t\u00e9 adopt\u00e9s.<\/p>\n<p>Celle-ci est notamment charg\u00e9e de :<\/p>\n<p>II- COMMUNICATIONS.<\/p>\n<p>Ce plan s\u2019inscrit dans la logique du Programme d\u2019Action du Gouvernement. Il est port\u00e9 par la vision que ce minist\u00e8re : \u00ab en 2026, est une plateforme int\u00e9gr\u00e9e d\u2019offre et de facilitation des services de protection sociale et d\u2019inclusion financi\u00e8re, adapt\u00e9es aux besoins des couches vuln\u00e9rables de la population b\u00e9ninoise \u00bb.<\/p>\n<p>Il vise notamment \u00e0 promouvoir les syst\u00e8mes de protection sociale, les valeurs familiales, l\u2019\u00e9galit\u00e9 et l\u2019\u00e9quit\u00e9 entre sexes, l\u2019autonomisation \u00e9conomique des femmes de m\u00eame que l\u2019acc\u00e8s des couches \u00e9conomiquement faibles aux services financiers appropri\u00e9s.<\/p>\n<p>Sa mise en \u0153uvre n\u00e9cessitera des ressources \u00e0 hauteur de 495.524.021.000 FCFA sur la p\u00e9riode de r\u00e9f\u00e9rence et fera l\u2019objet d\u2019un suivi-\u00e9valuation ax\u00e9 sur un dispositif renforc\u00e9 et participatif.<\/p>\n<p>Une table-ronde sera organis\u00e9e \u00e0 cet effet sous l\u2019\u00e9gide du minist\u00e8re des Affaires Sociales et de la Microfinance afin de mobiliser tous les acteurs concern\u00e9s.<\/p>\n<p>En vue du d\u00e9roulement optimal de la prochaine ann\u00e9e scolaire, le Gouvernement a act\u00e9 le d\u00e9ploiement de nouveaux aspirants pour pouvoir tenir compte des besoins qui s\u2019expriment.<\/p>\n<p>Au nombre de ceux-ci, 2266 sont titulaires de dipl\u00f4mes professionnels. Les 2139 autres sont titulaires du baccalaur\u00e9at et b\u00e9n\u00e9ficieront au m\u00eame titre que les enseignants promus directeurs d\u2019\u00e9cole, avant leur prise de service, du renforcement de capacit\u00e9s qui leur permettra d\u2019\u00eatre \u00e0 m\u00eame de remplir efficacement leur mission.<\/p>\n<p>A ce jour, notre pays ne dispose pas d\u2019a\u00e9ronefs civils pour faire face aux situations d\u2019urgence d\u2019ordre sanitaire, m\u00e9dicale ou logistique. C\u2019est pour y rem\u00e9dier que le Conseil a marqu\u00e9 son accord pour l\u2019acquisition de deux appareils neufs de type TWIN OTTER s\u00e9ries 400.<\/p>\n<p>Il s\u2019agit d\u2019a\u00e9ronefs court courrier qui s\u2019adaptent bien aux n\u00e9cessit\u00e9s d\u2019assurer une liaison domestique que sous-r\u00e9gionale.<\/p>\n<p>En plus des garanties de s\u00e9curit\u00e9 qu\u2019offre le fabricant canadien, leurs sp\u00e9cificit\u00e9s permettront de r\u00e9pondre efficacement aux diff\u00e9rentes sollicitations de personnalisation, de tropicalisation et d\u2019optimisation des appareils sur demande des utilisateurs.<\/p>\n<p>Les cas de pathologies ophtalmologiques et cardiologiques figurent parmi les principales causes des \u00e9vacuations sanitaires vers l\u2019\u00e9tranger.<\/p>\n<p>Dans la perspective de leur prise en charge ad\u00e9quate sur le territoire national, en attendant l\u2019ach\u00e8vement des travaux de l\u2019h\u00f4pital de r\u00e9f\u00e9rence d\u2019Abomey-Calavi, mais aussi en vue de disposer localement de ressources humaines \u00e9prouv\u00e9es pour une offre de soins de haute qualit\u00e9, le Conseil a autoris\u00e9 la mise en place de partenariats \u00e0 ces fins.<\/p>\n<p>Ils favoriseront l\u2019int\u00e9gration des \u00e9quipements modernes d\u2019imagerie et de laser autant que la t\u00e9l\u00e9m\u00e9decine dans les prestations. Les partenaires retenus, l\u2019H\u00f4pital Fondation Ophtalmologique Adolphe de Rothschild et Heart Consultants\/Kofra MS, accompagneront le minist\u00e8re de la Sant\u00e9 pour la d\u00e9finition de strat\u00e9gies coh\u00e9rentes d\u2019\u00e9quipement correspondant aux besoins identifi\u00e9s \u00e0 travers le choix du mat\u00e9riel et son installation, son utilisation et sa maintenance, la mise en place d\u2019un dispositif de t\u00e9l\u00e9m\u00e9decine de m\u00eame que pour le renforcement des comp\u00e9tences des ressources humaines.<\/p>\n<p>En raison des difficult\u00e9s majeures ayant entrav\u00e9 la mise en \u0153uvre desdits contrats et accords, les deux Etats, le B\u00e9nin et le Niger, ont entrepris des discussions avec le partenaire, le groupe Bollor\u00e9, en vue de conclure un protocole de r\u00e9siliation conventionnelle.<\/p>\n<p>Les n\u00e9gociations ont abouti \u00e0 la signature dudit protocole le 22 juillet 2022 \u00e0 Niamey, \u00e0 la satisfaction de toutes les parties. Il pr\u00e9voit notamment la mise en \u0153uvre, par le groupe Bollor\u00e9, d\u2019un plan social au profit des 395 employ\u00e9s au B\u00e9nin, sur la base de la derni\u00e8re ann\u00e9e de salaire brut dans le respect des textes en vigueur.<\/p>\n<p>Les grandes conclusions du rapport qui en est issu font appara\u00eetre que la mesure de r\u00e9organisation des horaires de travail, entr\u00e9e en vigueur le 1er janvier 2021, a g\u00e9n\u00e9r\u00e9 des am\u00e9liorations dans le comportement des agents de l\u2019Etat.<\/p>\n<p>Ainsi, il ressort de l\u2019exploitation des donn\u00e9es transmises par les minist\u00e8res qu\u2019en ce qui concerne le retard les matins \u00e0 8h, le taux est de 9,05% contre 1,47% les apr\u00e8s-midis \u00e0 14h et de 5,98% les matins contre 2% les apr\u00e8s-midis au niveau des institutions de la R\u00e9publique.<\/p>\n<p>S\u2019agissant des absences, les donn\u00e9es r\u00e9v\u00e8lent des taux de 1,93% les matins et 1,21% les apr\u00e8s-midis dans les minist\u00e8res, contre respectivement 2,37% et 2,02% au niveau des institutions de la R\u00e9publique.<\/p>\n<p>Ces taux qui m\u00e9ritent d\u2019\u00eatre am\u00e9lior\u00e9s encore, consacrent toutefois une nette avanc\u00e9e puisque, compar\u00e9s aux ann\u00e9es ant\u00e9rieures, 35% des agents \u00e9taient en retard \u00e0 leurs postes en 2007 et 67,39% en 2012.<\/p>\n<p>Le Conseil a prescrit que les contr\u00f4les hi\u00e9rarchiques de pr\u00e9sence se poursuivent aux moyens d\u2019\u00e9quipements biom\u00e9triques dont la g\u00e9n\u00e9ralisation se fera progressivement \u00e0 tous les niveaux.<\/p>\n<p>III- RENCONTRES ET MANIFESTATIONS INTERNATIONALES.<\/p>\n<p>Sous cette rubrique, ont \u00e9t\u00e9 autoris\u00e9es la participation du B\u00e9nin :<\/p>\n<p>IV- MESURES INDIVIDUELLES.<\/p>\n<p>Les nominations suivantes ont \u00e9t\u00e9 prononc\u00e9es :<\/p>\n<p>Apr\u00e8s avis du Conseil sup\u00e9rieur de la Magistrature<\/p>\n<p>Dans les juridictions<\/p>\n<p>Fait \u00e0 Cotonou, le 3 ao\u00fbt 2022,<\/p>\n<p>Le Secr\u00e9taire G\u00e9n\u00e9ral du Gouvernement,<\/p>\n<p>Edouard OUIN-OURO.<\/p>\n<p><strong>Pour plus d&rsquo;informations et d&rsquo;analyses sur la <a href=\"https:\/\/www.africa-press.net\/benin\">Benin<\/a>, suivez <a href=\"https:\/\/www.africa-press.net\/\">Africa-Press<\/a><\/strong><\/p>\n","protected":false},"excerpt":{"rendered":"<p>Africa-Press &#8211; Benin. Le gouvernement s\u2019est r\u00e9uni ce mercredi 03 ao\u00fbt 2022 en session ordinaire du Conseil des ministres. La s\u00e9ance a \u00e9t\u00e9 pr\u00e9sid\u00e9e par le pr\u00e9sident de la R\u00e9publique. Retrouvez ci-dessous l\u2019int\u00e9gralit\u00e9 des d\u00e9cisions prises. I- MESURES NORMATIVES. La mise en \u0153uvre des dispositions de la loi n\u00b0 2021-14 du 20 d\u00e9cembre 2021 portant [&hellip;]<\/p>\n","protected":false},"author":82,"featured_media":7570,"comment_status":"open","ping_status":"closed","sticky":false,"template":"","format":"standard","meta":{"footnotes":""},"categories":[11,2,20,10],"tags":[36,50,45],"class_list":["post-7571","post","type-post","status-publish","format-standard","has-post-thumbnail","hentry","category-homepage-french","category-politique","category-top-nouvelles","category-toutes-les-actualites","tag-africa-press","tag-africa-press-benin","tag-benin"],"yoast_head":"<!-- This site is optimized with the Yoast SEO Premium plugin v26.1 (Yoast SEO v27.0) - https:\/\/yoast.com\/product\/yoast-seo-premium-wordpress\/ -->\n<title>B\u00e9nin: compte-rendu du Conseil des ministres du 03 ao\u00fbt 2022 - B\u00e9nin<\/title>\n<meta name=\"description\" content=\"Le gouvernement s\u2019est r\u00e9uni ce mercredi 03 ao\u00fbt 2022 en session ordinaire du Conseil des ministres. La s\u00e9ance a \u00e9t\u00e9 pr\u00e9s ...\" \/>\n<meta name=\"robots\" content=\"index, follow, max-snippet:-1, max-image-preview:large, max-video-preview:-1\" \/>\n<link rel=\"canonical\" href=\"https:\/\/www.africa-press.net\/benin\/politique\/benin-compte-rendu-du-conseil-des-ministres-du-03-aout-2022\" \/>\n<meta property=\"og:locale\" content=\"fr_FR\" \/>\n<meta property=\"og:type\" content=\"article\" \/>\n<meta property=\"og:title\" content=\"B\u00e9nin: compte-rendu du Conseil des ministres du 03 ao\u00fbt 2022\" \/>\n<meta property=\"og:description\" content=\"Le gouvernement s\u2019est r\u00e9uni ce mercredi 03 ao\u00fbt 2022 en session ordinaire du Conseil des ministres. La s\u00e9ance a \u00e9t\u00e9 pr\u00e9s ...\" \/>\n<meta property=\"og:url\" content=\"https:\/\/www.africa-press.net\/benin\/politique\/benin-compte-rendu-du-conseil-des-ministres-du-03-aout-2022\" \/>\n<meta property=\"og:site_name\" content=\"B\u00e9nin\" \/>\n<meta property=\"article:published_time\" content=\"2022-08-03T20:02:06+00:00\" \/>\n<meta property=\"article:modified_time\" content=\"2022-08-03T20:32:53+00:00\" \/>\n<meta property=\"og:image\" content=\"https:\/\/static.africa-press.net\/benin\/sites\/46\/2022\/08\/postQueueImg_33.jpg\" \/>\n\t<meta property=\"og:image:width\" content=\"1520\" \/>\n\t<meta property=\"og:image:height\" content=\"1013\" \/>\n\t<meta property=\"og:image:type\" content=\"image\/jpeg\" \/>\n<meta name=\"author\" content=\"cfeditorfr\" \/>\n<meta name=\"twitter:card\" content=\"summary_large_image\" \/>\n<meta name=\"twitter:label1\" content=\"\u00c9crit par\" \/>\n\t<meta name=\"twitter:data1\" content=\"cfeditorfr\" \/>\n\t<meta name=\"twitter:label2\" content=\"Dur\u00e9e de lecture estim\u00e9e\" \/>\n\t<meta name=\"twitter:data2\" content=\"6 minutes\" \/>\n<script type=\"application\/ld+json\" class=\"yoast-schema-graph\">{\"@context\":\"https:\/\/schema.org\",\"@graph\":[{\"@type\":\"Article\",\"@id\":\"https:\/\/www.africa-press.net\/benin\/politique\/benin-compte-rendu-du-conseil-des-ministres-du-03-aout-2022#article\",\"isPartOf\":{\"@id\":\"https:\/\/www.africa-press.net\/benin\/politique\/benin-compte-rendu-du-conseil-des-ministres-du-03-aout-2022\"},\"author\":{\"name\":\"cfeditorfr\",\"@id\":\"https:\/\/www.africa-press.net\/benin\/#\/schema\/person\/2b1cf3cd81a31e3cd26889ca66d677f1\"},\"headline\":\"B\u00e9nin: compte-rendu du Conseil des ministres du 03 ao\u00fbt 2022\",\"datePublished\":\"2022-08-03T20:02:06+00:00\",\"dateModified\":\"2022-08-03T20:32:53+00:00\",\"mainEntityOfPage\":{\"@id\":\"https:\/\/www.africa-press.net\/benin\/politique\/benin-compte-rendu-du-conseil-des-ministres-du-03-aout-2022\"},\"wordCount\":1222,\"commentCount\":0,\"image\":{\"@id\":\"https:\/\/www.africa-press.net\/benin\/politique\/benin-compte-rendu-du-conseil-des-ministres-du-03-aout-2022#primaryimage\"},\"thumbnailUrl\":\"https:\/\/static.africa-press.net\/benin\/sites\/46\/2022\/08\/postQueueImg_33.jpg\",\"keywords\":[\"Africa Press\",\"Africa Press-Benin\",\"B\u00e9nin\"],\"articleSection\":[\"homepage-french\",\"Politique\",\"Top Nouvelles\",\"Toutes les actualit\u00e9s\"],\"inLanguage\":\"fr-FR\",\"potentialAction\":[{\"@type\":\"CommentAction\",\"name\":\"Comment\",\"target\":[\"https:\/\/www.africa-press.net\/benin\/politique\/benin-compte-rendu-du-conseil-des-ministres-du-03-aout-2022#respond\"]}]},{\"@type\":\"WebPage\",\"@id\":\"https:\/\/www.africa-press.net\/benin\/politique\/benin-compte-rendu-du-conseil-des-ministres-du-03-aout-2022\",\"url\":\"https:\/\/www.africa-press.net\/benin\/politique\/benin-compte-rendu-du-conseil-des-ministres-du-03-aout-2022\",\"name\":\"B\u00e9nin: compte-rendu du Conseil des ministres du 03 ao\u00fbt 2022 - B\u00e9nin\",\"isPartOf\":{\"@id\":\"https:\/\/www.africa-press.net\/benin\/#website\"},\"primaryImageOfPage\":{\"@id\":\"https:\/\/www.africa-press.net\/benin\/politique\/benin-compte-rendu-du-conseil-des-ministres-du-03-aout-2022#primaryimage\"},\"image\":{\"@id\":\"https:\/\/www.africa-press.net\/benin\/politique\/benin-compte-rendu-du-conseil-des-ministres-du-03-aout-2022#primaryimage\"},\"thumbnailUrl\":\"https:\/\/static.africa-press.net\/benin\/sites\/46\/2022\/08\/postQueueImg_33.jpg\",\"datePublished\":\"2022-08-03T20:02:06+00:00\",\"dateModified\":\"2022-08-03T20:32:53+00:00\",\"author\":{\"@id\":\"https:\/\/www.africa-press.net\/benin\/#\/schema\/person\/2b1cf3cd81a31e3cd26889ca66d677f1\"},\"description\":\"Le gouvernement s\u2019est r\u00e9uni ce mercredi 03 ao\u00fbt 2022 en session ordinaire du Conseil des ministres. La s\u00e9ance a \u00e9t\u00e9 pr\u00e9s ...\",\"breadcrumb\":{\"@id\":\"https:\/\/www.africa-press.net\/benin\/politique\/benin-compte-rendu-du-conseil-des-ministres-du-03-aout-2022#breadcrumb\"},\"inLanguage\":\"fr-FR\",\"potentialAction\":[{\"@type\":\"ReadAction\",\"target\":[\"https:\/\/www.africa-press.net\/benin\/politique\/benin-compte-rendu-du-conseil-des-ministres-du-03-aout-2022\"]}]},{\"@type\":\"ImageObject\",\"inLanguage\":\"fr-FR\",\"@id\":\"https:\/\/www.africa-press.net\/benin\/politique\/benin-compte-rendu-du-conseil-des-ministres-du-03-aout-2022#primaryimage\",\"url\":\"https:\/\/static.africa-press.net\/benin\/sites\/46\/2022\/08\/postQueueImg_33.jpg\",\"contentUrl\":\"https:\/\/static.africa-press.net\/benin\/sites\/46\/2022\/08\/postQueueImg_33.jpg\",\"width\":1520,\"height\":1013,\"caption\":\"B\u00e9nin: compte-rendu du Conseil des ministres du 03 ao\u00fbt 2022\"},{\"@type\":\"BreadcrumbList\",\"@id\":\"https:\/\/www.africa-press.net\/benin\/politique\/benin-compte-rendu-du-conseil-des-ministres-du-03-aout-2022#breadcrumb\",\"itemListElement\":[{\"@type\":\"ListItem\",\"position\":1,\"name\":\"Accueil\",\"item\":\"https:\/\/www.africa-press.net\/benin\/\"},{\"@type\":\"ListItem\",\"position\":2,\"name\":\"B\u00e9nin: compte-rendu du Conseil des ministres du 03 ao\u00fbt 2022\"}]},{\"@type\":\"WebSite\",\"@id\":\"https:\/\/www.africa-press.net\/benin\/#website\",\"url\":\"https:\/\/www.africa-press.net\/benin\/\",\"name\":\"B\u00e9nin\",\"description\":\"Just another Africa News Agency Sites site\",\"potentialAction\":[{\"@type\":\"SearchAction\",\"target\":{\"@type\":\"EntryPoint\",\"urlTemplate\":\"https:\/\/www.africa-press.net\/benin\/?s={search_term_string}\"},\"query-input\":{\"@type\":\"PropertyValueSpecification\",\"valueRequired\":true,\"valueName\":\"search_term_string\"}}],\"inLanguage\":\"fr-FR\"},{\"@type\":\"Person\",\"@id\":\"https:\/\/www.africa-press.net\/benin\/#\/schema\/person\/2b1cf3cd81a31e3cd26889ca66d677f1\",\"name\":\"cfeditorfr\"}]}<\/script>\n<!-- \/ Yoast SEO Premium plugin. -->","yoast_head_json":{"title":"B\u00e9nin: compte-rendu du Conseil des ministres du 03 ao\u00fbt 2022 - B\u00e9nin","description":"Le gouvernement s\u2019est r\u00e9uni ce mercredi 03 ao\u00fbt 2022 en session ordinaire du Conseil des ministres. La s\u00e9ance a \u00e9t\u00e9 pr\u00e9s ...","robots":{"index":"index","follow":"follow","max-snippet":"max-snippet:-1","max-image-preview":"max-image-preview:large","max-video-preview":"max-video-preview:-1"},"canonical":"https:\/\/www.africa-press.net\/benin\/politique\/benin-compte-rendu-du-conseil-des-ministres-du-03-aout-2022","og_locale":"fr_FR","og_type":"article","og_title":"B\u00e9nin: compte-rendu du Conseil des ministres du 03 ao\u00fbt 2022","og_description":"Le gouvernement s\u2019est r\u00e9uni ce mercredi 03 ao\u00fbt 2022 en session ordinaire du Conseil des ministres. La s\u00e9ance a \u00e9t\u00e9 pr\u00e9s ...","og_url":"https:\/\/www.africa-press.net\/benin\/politique\/benin-compte-rendu-du-conseil-des-ministres-du-03-aout-2022","og_site_name":"B\u00e9nin","article_published_time":"2022-08-03T20:02:06+00:00","article_modified_time":"2022-08-03T20:32:53+00:00","og_image":[{"width":1520,"height":1013,"url":"https:\/\/static.africa-press.net\/benin\/sites\/46\/2022\/08\/postQueueImg_33.jpg","type":"image\/jpeg"}],"author":"cfeditorfr","twitter_card":"summary_large_image","twitter_misc":{"\u00c9crit par":"cfeditorfr","Dur\u00e9e de lecture estim\u00e9e":"6 minutes"},"schema":{"@context":"https:\/\/schema.org","@graph":[{"@type":"Article","@id":"https:\/\/www.africa-press.net\/benin\/politique\/benin-compte-rendu-du-conseil-des-ministres-du-03-aout-2022#article","isPartOf":{"@id":"https:\/\/www.africa-press.net\/benin\/politique\/benin-compte-rendu-du-conseil-des-ministres-du-03-aout-2022"},"author":{"name":"cfeditorfr","@id":"https:\/\/www.africa-press.net\/benin\/#\/schema\/person\/2b1cf3cd81a31e3cd26889ca66d677f1"},"headline":"B\u00e9nin: compte-rendu du Conseil des ministres du 03 ao\u00fbt 2022","datePublished":"2022-08-03T20:02:06+00:00","dateModified":"2022-08-03T20:32:53+00:00","mainEntityOfPage":{"@id":"https:\/\/www.africa-press.net\/benin\/politique\/benin-compte-rendu-du-conseil-des-ministres-du-03-aout-2022"},"wordCount":1222,"commentCount":0,"image":{"@id":"https:\/\/www.africa-press.net\/benin\/politique\/benin-compte-rendu-du-conseil-des-ministres-du-03-aout-2022#primaryimage"},"thumbnailUrl":"https:\/\/static.africa-press.net\/benin\/sites\/46\/2022\/08\/postQueueImg_33.jpg","keywords":["Africa Press","Africa Press-Benin","B\u00e9nin"],"articleSection":["homepage-french","Politique","Top Nouvelles","Toutes les actualit\u00e9s"],"inLanguage":"fr-FR","potentialAction":[{"@type":"CommentAction","name":"Comment","target":["https:\/\/www.africa-press.net\/benin\/politique\/benin-compte-rendu-du-conseil-des-ministres-du-03-aout-2022#respond"]}]},{"@type":"WebPage","@id":"https:\/\/www.africa-press.net\/benin\/politique\/benin-compte-rendu-du-conseil-des-ministres-du-03-aout-2022","url":"https:\/\/www.africa-press.net\/benin\/politique\/benin-compte-rendu-du-conseil-des-ministres-du-03-aout-2022","name":"B\u00e9nin: compte-rendu du Conseil des ministres du 03 ao\u00fbt 2022 - B\u00e9nin","isPartOf":{"@id":"https:\/\/www.africa-press.net\/benin\/#website"},"primaryImageOfPage":{"@id":"https:\/\/www.africa-press.net\/benin\/politique\/benin-compte-rendu-du-conseil-des-ministres-du-03-aout-2022#primaryimage"},"image":{"@id":"https:\/\/www.africa-press.net\/benin\/politique\/benin-compte-rendu-du-conseil-des-ministres-du-03-aout-2022#primaryimage"},"thumbnailUrl":"https:\/\/static.africa-press.net\/benin\/sites\/46\/2022\/08\/postQueueImg_33.jpg","datePublished":"2022-08-03T20:02:06+00:00","dateModified":"2022-08-03T20:32:53+00:00","author":{"@id":"https:\/\/www.africa-press.net\/benin\/#\/schema\/person\/2b1cf3cd81a31e3cd26889ca66d677f1"},"description":"Le gouvernement s\u2019est r\u00e9uni ce mercredi 03 ao\u00fbt 2022 en session ordinaire du Conseil des ministres. La s\u00e9ance a \u00e9t\u00e9 pr\u00e9s ...","breadcrumb":{"@id":"https:\/\/www.africa-press.net\/benin\/politique\/benin-compte-rendu-du-conseil-des-ministres-du-03-aout-2022#breadcrumb"},"inLanguage":"fr-FR","potentialAction":[{"@type":"ReadAction","target":["https:\/\/www.africa-press.net\/benin\/politique\/benin-compte-rendu-du-conseil-des-ministres-du-03-aout-2022"]}]},{"@type":"ImageObject","inLanguage":"fr-FR","@id":"https:\/\/www.africa-press.net\/benin\/politique\/benin-compte-rendu-du-conseil-des-ministres-du-03-aout-2022#primaryimage","url":"https:\/\/static.africa-press.net\/benin\/sites\/46\/2022\/08\/postQueueImg_33.jpg","contentUrl":"https:\/\/static.africa-press.net\/benin\/sites\/46\/2022\/08\/postQueueImg_33.jpg","width":1520,"height":1013,"caption":"B\u00e9nin: compte-rendu du Conseil des ministres du 03 ao\u00fbt 2022"},{"@type":"BreadcrumbList","@id":"https:\/\/www.africa-press.net\/benin\/politique\/benin-compte-rendu-du-conseil-des-ministres-du-03-aout-2022#breadcrumb","itemListElement":[{"@type":"ListItem","position":1,"name":"Accueil","item":"https:\/\/www.africa-press.net\/benin\/"},{"@type":"ListItem","position":2,"name":"B\u00e9nin: compte-rendu du Conseil des ministres du 03 ao\u00fbt 2022"}]},{"@type":"WebSite","@id":"https:\/\/www.africa-press.net\/benin\/#website","url":"https:\/\/www.africa-press.net\/benin\/","name":"B\u00e9nin","description":"Just another Africa News Agency Sites site","potentialAction":[{"@type":"SearchAction","target":{"@type":"EntryPoint","urlTemplate":"https:\/\/www.africa-press.net\/benin\/?s={search_term_string}"},"query-input":{"@type":"PropertyValueSpecification","valueRequired":true,"valueName":"search_term_string"}}],"inLanguage":"fr-FR"},{"@type":"Person","@id":"https:\/\/www.africa-press.net\/benin\/#\/schema\/person\/2b1cf3cd81a31e3cd26889ca66d677f1","name":"cfeditorfr"}]}},"_links":{"self":[{"href":"https:\/\/www.africa-press.net\/benin\/wp-json\/wp\/v2\/posts\/7571","targetHints":{"allow":["GET"]}}],"collection":[{"href":"https:\/\/www.africa-press.net\/benin\/wp-json\/wp\/v2\/posts"}],"about":[{"href":"https:\/\/www.africa-press.net\/benin\/wp-json\/wp\/v2\/types\/post"}],"author":[{"embeddable":true,"href":"https:\/\/www.africa-press.net\/benin\/wp-json\/wp\/v2\/users\/82"}],"replies":[{"embeddable":true,"href":"https:\/\/www.africa-press.net\/benin\/wp-json\/wp\/v2\/comments?post=7571"}],"version-history":[{"count":0,"href":"https:\/\/www.africa-press.net\/benin\/wp-json\/wp\/v2\/posts\/7571\/revisions"}],"wp:featuredmedia":[{"embeddable":true,"href":"https:\/\/www.africa-press.net\/benin\/wp-json\/wp\/v2\/media\/7570"}],"wp:attachment":[{"href":"https:\/\/www.africa-press.net\/benin\/wp-json\/wp\/v2\/media?parent=7571"}],"wp:term":[{"taxonomy":"category","embeddable":true,"href":"https:\/\/www.africa-press.net\/benin\/wp-json\/wp\/v2\/categories?post=7571"},{"taxonomy":"post_tag","embeddable":true,"href":"https:\/\/www.africa-press.net\/benin\/wp-json\/wp\/v2\/tags?post=7571"}],"curies":[{"name":"wp","href":"https:\/\/api.w.org\/{rel}","templated":true}]}}