{"id":7577,"date":"2022-08-03T20:02:43","date_gmt":"2022-08-03T20:02:43","guid":{"rendered":"https:\/\/www.africa-press.net\/benin\/politique\/benin-le-message-de-patrice-talon-aux-beninois-apres-la-fete-du-1er-aout"},"modified":"2022-08-03T20:33:53","modified_gmt":"2022-08-03T20:33:53","slug":"benin-le-message-de-patrice-talon-aux-beninois-apres-la-fete-du-1er-aout","status":"publish","type":"post","link":"https:\/\/www.africa-press.net\/benin\/toutes-les-actualites\/benin-le-message-de-patrice-talon-aux-beninois-apres-la-fete-du-1er-aout","title":{"rendered":"B\u00e9nin: le message de Patrice Talon aux b\u00e9ninois apr\u00e8s la f\u00eate du 1er Ao\u00fbt"},"content":{"rendered":"<p><span style=\"color: #ff6600\"><strong>Africa-Press &#8211; Benin. <\/strong><\/span>Quarante huit heures apr\u00e8s les manifestations officielles ayant marqu\u00e9 la comm\u00e9moration des 62 ans d\u2019ind\u00e9pendance du B\u00e9nin, le pr\u00e9sident Patrice Talon dans une adresse post\u00e9e sur sa Page Facebook a adress\u00e9 un message d\u2019esp\u00e9rance \u00e0 ses compatriotes.<\/p>\n<p>Dans son adresse, le chef de l\u2019Etat a fait savoir que l\u2019inauguration des monuments d\u00e9di\u00e9s aux h\u00e9ros Bio GUERA, les Amazones et les D\u00e9vou\u00e9s \u00e0 la Patrie et la c\u00e9l\u00e9bration de la F\u00eate nationale le 1er ao\u00fbt, a donn\u00e9 autant de preuves de la renaissance amorc\u00e9e du pays. \u00ab Ces moments d\u2019union et de concorde, marqu\u00e9s par un sentiment l\u00e9gitime de fiert\u00e9 collective, ach\u00e8vent de convaincre qu\u2019avec de la volont\u00e9 et de la rigueur, mus par notre nouvel \u00e9tat d\u2019esprit, nous sommes capables de faire de grandes et belles choses \u00bb, a indiqu\u00e9 le pr\u00e9sident Patrice Talon dans son message.<\/p>\n<p>Le chef de l\u2019Etat dit avoir la certitude que si cette dynamique est maintenue sans d\u00e9semparer en travaillant encore et encore et si la m\u00eame dose de patriotisme habite chacun, le meilleur serait \u00e0 la port\u00e9e et rien ne peut emp\u00eacher de l\u2019obtenir. \u00ab Oui, nous en voyons d\u00e9j\u00e0 les manifestations et il nous appartient de les amplifier\u00ab , a indiqu\u00e9 Patrice Talon dans son message.<\/p>\n<p>Le chef de l\u2019Etat affirme ne pas avoir de doute que d\u00e9sormais chacun de ses compatriotes, plus que par le pass\u00e9, fera preuve d\u2019un engagement sans faille au service du B\u00e9nin. \u00ab C\u2019est \u00e0 ce prix que nous le b\u00e2tirons de plus en plus grand, de plus en plus attrayant, offrant de meilleures conditions de vie \u00e0 toutes et \u00e0 tous\u00ab , pr\u00e9cise-t-il dans son adresse. Pour ce qui le concerne, il s\u2019engage \u00e0 rester d\u00e9terminer avec son gouvernement pour \u00e9crire avec le peuple b\u00e9ninois d\u2019ici \u00e0 2026, de plus belles pages encore de l\u2019histoire commune du pays.<\/p>\n<p><strong>Pour plus d&rsquo;informations et d&rsquo;analyses sur la <a href=\"https:\/\/www.africa-press.net\/benin\">Benin<\/a>, suivez <a href=\"https:\/\/www.africa-press.net\/\">Africa-Press<\/a><\/strong><\/p>\n","protected":false},"excerpt":{"rendered":"<p>Africa-Press &#8211; Benin. Quarante huit heures apr\u00e8s les manifestations officielles ayant marqu\u00e9 la comm\u00e9moration des 62 ans d\u2019ind\u00e9pendance du B\u00e9nin, le pr\u00e9sident Patrice Talon dans une adresse post\u00e9e sur sa Page Facebook a adress\u00e9 un message d\u2019esp\u00e9rance \u00e0 ses compatriotes. Dans son adresse, le chef de l\u2019Etat a fait savoir que l\u2019inauguration des monuments d\u00e9di\u00e9s [&hellip;]<\/p>\n","protected":false},"author":82,"featured_media":7576,"comment_status":"open","ping_status":"closed","sticky":false,"template":"","format":"standard","meta":{"footnotes":""},"categories":[21,11,10],"tags":[36,50,45],"class_list":["post-7577","post","type-post","status-publish","format-standard","has-post-thumbnail","hentry","category-communaute","category-homepage-french","category-toutes-les-actualites","tag-africa-press","tag-africa-press-benin","tag-benin"],"yoast_head":"<!-- This site is optimized with the Yoast SEO Premium plugin v26.1 (Yoast SEO v27.0) - https:\/\/yoast.com\/product\/yoast-seo-premium-wordpress\/ -->\n<title>B\u00e9nin: le message de Patrice Talon aux b\u00e9ninois apr\u00e8s la f\u00eate du 1er Ao\u00fbt - B\u00e9nin<\/title>\n<meta name=\"description\" content=\"Quarante huit heures apr\u00e8s les manifestations officielles ayant marqu\u00e9 la comm\u00e9moration des 62 ans d\u2019ind\u00e9pendance du B\u00e9n ...\" \/>\n<meta name=\"robots\" content=\"index, follow, max-snippet:-1, max-image-preview:large, max-video-preview:-1\" \/>\n<link rel=\"canonical\" href=\"https:\/\/www.africa-press.net\/benin\/toutes-les-actualites\/benin-le-message-de-patrice-talon-aux-beninois-apres-la-fete-du-1er-aout\" \/>\n<meta property=\"og:locale\" content=\"fr_FR\" \/>\n<meta property=\"og:type\" content=\"article\" \/>\n<meta property=\"og:title\" content=\"B\u00e9nin: le message de Patrice Talon aux b\u00e9ninois apr\u00e8s la f\u00eate du 1er Ao\u00fbt\" \/>\n<meta property=\"og:description\" content=\"Quarante huit heures apr\u00e8s les manifestations officielles ayant marqu\u00e9 la comm\u00e9moration des 62 ans d\u2019ind\u00e9pendance du B\u00e9n ...\" \/>\n<meta property=\"og:url\" content=\"https:\/\/www.africa-press.net\/benin\/toutes-les-actualites\/benin-le-message-de-patrice-talon-aux-beninois-apres-la-fete-du-1er-aout\" \/>\n<meta property=\"og:site_name\" content=\"B\u00e9nin\" \/>\n<meta property=\"article:published_time\" content=\"2022-08-03T20:02:43+00:00\" \/>\n<meta property=\"article:modified_time\" content=\"2022-08-03T20:33:53+00:00\" \/>\n<meta property=\"og:image\" content=\"https:\/\/static.africa-press.net\/benin\/sites\/46\/2022\/08\/postQueueImg_35.jpg\" \/>\n\t<meta property=\"og:image:width\" content=\"1280\" \/>\n\t<meta property=\"og:image:height\" content=\"720\" \/>\n\t<meta property=\"og:image:type\" content=\"image\/jpeg\" \/>\n<meta name=\"author\" content=\"cfeditorfr\" \/>\n<meta name=\"twitter:card\" content=\"summary_large_image\" \/>\n<meta name=\"twitter:label1\" content=\"\u00c9crit par\" \/>\n\t<meta name=\"twitter:data1\" content=\"cfeditorfr\" \/>\n\t<meta name=\"twitter:label2\" content=\"Dur\u00e9e de lecture estim\u00e9e\" \/>\n\t<meta name=\"twitter:data2\" content=\"2 minutes\" \/>\n<script type=\"application\/ld+json\" class=\"yoast-schema-graph\">{\"@context\":\"https:\/\/schema.org\",\"@graph\":[{\"@type\":\"Article\",\"@id\":\"https:\/\/www.africa-press.net\/benin\/toutes-les-actualites\/benin-le-message-de-patrice-talon-aux-beninois-apres-la-fete-du-1er-aout#article\",\"isPartOf\":{\"@id\":\"https:\/\/www.africa-press.net\/benin\/toutes-les-actualites\/benin-le-message-de-patrice-talon-aux-beninois-apres-la-fete-du-1er-aout\"},\"author\":{\"name\":\"cfeditorfr\",\"@id\":\"https:\/\/www.africa-press.net\/benin\/#\/schema\/person\/2b1cf3cd81a31e3cd26889ca66d677f1\"},\"headline\":\"B\u00e9nin: le message de Patrice Talon aux b\u00e9ninois apr\u00e8s la f\u00eate du 1er Ao\u00fbt\",\"datePublished\":\"2022-08-03T20:02:43+00:00\",\"dateModified\":\"2022-08-03T20:33:53+00:00\",\"mainEntityOfPage\":{\"@id\":\"https:\/\/www.africa-press.net\/benin\/toutes-les-actualites\/benin-le-message-de-patrice-talon-aux-beninois-apres-la-fete-du-1er-aout\"},\"wordCount\":366,\"commentCount\":0,\"image\":{\"@id\":\"https:\/\/www.africa-press.net\/benin\/toutes-les-actualites\/benin-le-message-de-patrice-talon-aux-beninois-apres-la-fete-du-1er-aout#primaryimage\"},\"thumbnailUrl\":\"https:\/\/static.africa-press.net\/benin\/sites\/46\/2022\/08\/postQueueImg_35.jpg\",\"keywords\":[\"Africa Press\",\"Africa Press-Benin\",\"B\u00e9nin\"],\"articleSection\":[\"Communaut\u00e9\",\"homepage-french\",\"Toutes les actualit\u00e9s\"],\"inLanguage\":\"fr-FR\",\"potentialAction\":[{\"@type\":\"CommentAction\",\"name\":\"Comment\",\"target\":[\"https:\/\/www.africa-press.net\/benin\/toutes-les-actualites\/benin-le-message-de-patrice-talon-aux-beninois-apres-la-fete-du-1er-aout#respond\"]}]},{\"@type\":\"WebPage\",\"@id\":\"https:\/\/www.africa-press.net\/benin\/toutes-les-actualites\/benin-le-message-de-patrice-talon-aux-beninois-apres-la-fete-du-1er-aout\",\"url\":\"https:\/\/www.africa-press.net\/benin\/toutes-les-actualites\/benin-le-message-de-patrice-talon-aux-beninois-apres-la-fete-du-1er-aout\",\"name\":\"B\u00e9nin: le message de Patrice Talon aux b\u00e9ninois apr\u00e8s la f\u00eate du 1er Ao\u00fbt - B\u00e9nin\",\"isPartOf\":{\"@id\":\"https:\/\/www.africa-press.net\/benin\/#website\"},\"primaryImageOfPage\":{\"@id\":\"https:\/\/www.africa-press.net\/benin\/toutes-les-actualites\/benin-le-message-de-patrice-talon-aux-beninois-apres-la-fete-du-1er-aout#primaryimage\"},\"image\":{\"@id\":\"https:\/\/www.africa-press.net\/benin\/toutes-les-actualites\/benin-le-message-de-patrice-talon-aux-beninois-apres-la-fete-du-1er-aout#primaryimage\"},\"thumbnailUrl\":\"https:\/\/static.africa-press.net\/benin\/sites\/46\/2022\/08\/postQueueImg_35.jpg\",\"datePublished\":\"2022-08-03T20:02:43+00:00\",\"dateModified\":\"2022-08-03T20:33:53+00:00\",\"author\":{\"@id\":\"https:\/\/www.africa-press.net\/benin\/#\/schema\/person\/2b1cf3cd81a31e3cd26889ca66d677f1\"},\"description\":\"Quarante huit heures apr\u00e8s les manifestations officielles ayant marqu\u00e9 la comm\u00e9moration des 62 ans d\u2019ind\u00e9pendance du B\u00e9n ...\",\"breadcrumb\":{\"@id\":\"https:\/\/www.africa-press.net\/benin\/toutes-les-actualites\/benin-le-message-de-patrice-talon-aux-beninois-apres-la-fete-du-1er-aout#breadcrumb\"},\"inLanguage\":\"fr-FR\",\"potentialAction\":[{\"@type\":\"ReadAction\",\"target\":[\"https:\/\/www.africa-press.net\/benin\/toutes-les-actualites\/benin-le-message-de-patrice-talon-aux-beninois-apres-la-fete-du-1er-aout\"]}]},{\"@type\":\"ImageObject\",\"inLanguage\":\"fr-FR\",\"@id\":\"https:\/\/www.africa-press.net\/benin\/toutes-les-actualites\/benin-le-message-de-patrice-talon-aux-beninois-apres-la-fete-du-1er-aout#primaryimage\",\"url\":\"https:\/\/static.africa-press.net\/benin\/sites\/46\/2022\/08\/postQueueImg_35.jpg\",\"contentUrl\":\"https:\/\/static.africa-press.net\/benin\/sites\/46\/2022\/08\/postQueueImg_35.jpg\",\"width\":1280,\"height\":720,\"caption\":\"B\u00e9nin: le message de Patrice Talon aux b\u00e9ninois apr\u00e8s la f\u00eate du 1er Ao\u00fbt\"},{\"@type\":\"BreadcrumbList\",\"@id\":\"https:\/\/www.africa-press.net\/benin\/toutes-les-actualites\/benin-le-message-de-patrice-talon-aux-beninois-apres-la-fete-du-1er-aout#breadcrumb\",\"itemListElement\":[{\"@type\":\"ListItem\",\"position\":1,\"name\":\"Accueil\",\"item\":\"https:\/\/www.africa-press.net\/benin\/\"},{\"@type\":\"ListItem\",\"position\":2,\"name\":\"B\u00e9nin: le message de Patrice Talon aux b\u00e9ninois apr\u00e8s la f\u00eate du 1er Ao\u00fbt\"}]},{\"@type\":\"WebSite\",\"@id\":\"https:\/\/www.africa-press.net\/benin\/#website\",\"url\":\"https:\/\/www.africa-press.net\/benin\/\",\"name\":\"B\u00e9nin\",\"description\":\"Just another Africa News Agency Sites site\",\"potentialAction\":[{\"@type\":\"SearchAction\",\"target\":{\"@type\":\"EntryPoint\",\"urlTemplate\":\"https:\/\/www.africa-press.net\/benin\/?s={search_term_string}\"},\"query-input\":{\"@type\":\"PropertyValueSpecification\",\"valueRequired\":true,\"valueName\":\"search_term_string\"}}],\"inLanguage\":\"fr-FR\"},{\"@type\":\"Person\",\"@id\":\"https:\/\/www.africa-press.net\/benin\/#\/schema\/person\/2b1cf3cd81a31e3cd26889ca66d677f1\",\"name\":\"cfeditorfr\"}]}<\/script>\n<!-- \/ Yoast SEO Premium plugin. -->","yoast_head_json":{"title":"B\u00e9nin: le message de Patrice Talon aux b\u00e9ninois apr\u00e8s la f\u00eate du 1er Ao\u00fbt - B\u00e9nin","description":"Quarante huit heures apr\u00e8s les manifestations officielles ayant marqu\u00e9 la comm\u00e9moration des 62 ans d\u2019ind\u00e9pendance du B\u00e9n ...","robots":{"index":"index","follow":"follow","max-snippet":"max-snippet:-1","max-image-preview":"max-image-preview:large","max-video-preview":"max-video-preview:-1"},"canonical":"https:\/\/www.africa-press.net\/benin\/toutes-les-actualites\/benin-le-message-de-patrice-talon-aux-beninois-apres-la-fete-du-1er-aout","og_locale":"fr_FR","og_type":"article","og_title":"B\u00e9nin: le message de Patrice Talon aux b\u00e9ninois apr\u00e8s la f\u00eate du 1er Ao\u00fbt","og_description":"Quarante huit heures apr\u00e8s les manifestations officielles ayant marqu\u00e9 la comm\u00e9moration des 62 ans d\u2019ind\u00e9pendance du B\u00e9n ...","og_url":"https:\/\/www.africa-press.net\/benin\/toutes-les-actualites\/benin-le-message-de-patrice-talon-aux-beninois-apres-la-fete-du-1er-aout","og_site_name":"B\u00e9nin","article_published_time":"2022-08-03T20:02:43+00:00","article_modified_time":"2022-08-03T20:33:53+00:00","og_image":[{"width":1280,"height":720,"url":"https:\/\/static.africa-press.net\/benin\/sites\/46\/2022\/08\/postQueueImg_35.jpg","type":"image\/jpeg"}],"author":"cfeditorfr","twitter_card":"summary_large_image","twitter_misc":{"\u00c9crit par":"cfeditorfr","Dur\u00e9e de lecture estim\u00e9e":"2 minutes"},"schema":{"@context":"https:\/\/schema.org","@graph":[{"@type":"Article","@id":"https:\/\/www.africa-press.net\/benin\/toutes-les-actualites\/benin-le-message-de-patrice-talon-aux-beninois-apres-la-fete-du-1er-aout#article","isPartOf":{"@id":"https:\/\/www.africa-press.net\/benin\/toutes-les-actualites\/benin-le-message-de-patrice-talon-aux-beninois-apres-la-fete-du-1er-aout"},"author":{"name":"cfeditorfr","@id":"https:\/\/www.africa-press.net\/benin\/#\/schema\/person\/2b1cf3cd81a31e3cd26889ca66d677f1"},"headline":"B\u00e9nin: le message de Patrice Talon aux b\u00e9ninois apr\u00e8s la f\u00eate du 1er Ao\u00fbt","datePublished":"2022-08-03T20:02:43+00:00","dateModified":"2022-08-03T20:33:53+00:00","mainEntityOfPage":{"@id":"https:\/\/www.africa-press.net\/benin\/toutes-les-actualites\/benin-le-message-de-patrice-talon-aux-beninois-apres-la-fete-du-1er-aout"},"wordCount":366,"commentCount":0,"image":{"@id":"https:\/\/www.africa-press.net\/benin\/toutes-les-actualites\/benin-le-message-de-patrice-talon-aux-beninois-apres-la-fete-du-1er-aout#primaryimage"},"thumbnailUrl":"https:\/\/static.africa-press.net\/benin\/sites\/46\/2022\/08\/postQueueImg_35.jpg","keywords":["Africa Press","Africa Press-Benin","B\u00e9nin"],"articleSection":["Communaut\u00e9","homepage-french","Toutes les actualit\u00e9s"],"inLanguage":"fr-FR","potentialAction":[{"@type":"CommentAction","name":"Comment","target":["https:\/\/www.africa-press.net\/benin\/toutes-les-actualites\/benin-le-message-de-patrice-talon-aux-beninois-apres-la-fete-du-1er-aout#respond"]}]},{"@type":"WebPage","@id":"https:\/\/www.africa-press.net\/benin\/toutes-les-actualites\/benin-le-message-de-patrice-talon-aux-beninois-apres-la-fete-du-1er-aout","url":"https:\/\/www.africa-press.net\/benin\/toutes-les-actualites\/benin-le-message-de-patrice-talon-aux-beninois-apres-la-fete-du-1er-aout","name":"B\u00e9nin: le message de Patrice Talon aux b\u00e9ninois apr\u00e8s la f\u00eate du 1er Ao\u00fbt - B\u00e9nin","isPartOf":{"@id":"https:\/\/www.africa-press.net\/benin\/#website"},"primaryImageOfPage":{"@id":"https:\/\/www.africa-press.net\/benin\/toutes-les-actualites\/benin-le-message-de-patrice-talon-aux-beninois-apres-la-fete-du-1er-aout#primaryimage"},"image":{"@id":"https:\/\/www.africa-press.net\/benin\/toutes-les-actualites\/benin-le-message-de-patrice-talon-aux-beninois-apres-la-fete-du-1er-aout#primaryimage"},"thumbnailUrl":"https:\/\/static.africa-press.net\/benin\/sites\/46\/2022\/08\/postQueueImg_35.jpg","datePublished":"2022-08-03T20:02:43+00:00","dateModified":"2022-08-03T20:33:53+00:00","author":{"@id":"https:\/\/www.africa-press.net\/benin\/#\/schema\/person\/2b1cf3cd81a31e3cd26889ca66d677f1"},"description":"Quarante huit heures apr\u00e8s les manifestations officielles ayant marqu\u00e9 la comm\u00e9moration des 62 ans d\u2019ind\u00e9pendance du B\u00e9n ...","breadcrumb":{"@id":"https:\/\/www.africa-press.net\/benin\/toutes-les-actualites\/benin-le-message-de-patrice-talon-aux-beninois-apres-la-fete-du-1er-aout#breadcrumb"},"inLanguage":"fr-FR","potentialAction":[{"@type":"ReadAction","target":["https:\/\/www.africa-press.net\/benin\/toutes-les-actualites\/benin-le-message-de-patrice-talon-aux-beninois-apres-la-fete-du-1er-aout"]}]},{"@type":"ImageObject","inLanguage":"fr-FR","@id":"https:\/\/www.africa-press.net\/benin\/toutes-les-actualites\/benin-le-message-de-patrice-talon-aux-beninois-apres-la-fete-du-1er-aout#primaryimage","url":"https:\/\/static.africa-press.net\/benin\/sites\/46\/2022\/08\/postQueueImg_35.jpg","contentUrl":"https:\/\/static.africa-press.net\/benin\/sites\/46\/2022\/08\/postQueueImg_35.jpg","width":1280,"height":720,"caption":"B\u00e9nin: le message de Patrice Talon aux b\u00e9ninois apr\u00e8s la f\u00eate du 1er Ao\u00fbt"},{"@type":"BreadcrumbList","@id":"https:\/\/www.africa-press.net\/benin\/toutes-les-actualites\/benin-le-message-de-patrice-talon-aux-beninois-apres-la-fete-du-1er-aout#breadcrumb","itemListElement":[{"@type":"ListItem","position":1,"name":"Accueil","item":"https:\/\/www.africa-press.net\/benin\/"},{"@type":"ListItem","position":2,"name":"B\u00e9nin: le message de Patrice Talon aux b\u00e9ninois apr\u00e8s la f\u00eate du 1er Ao\u00fbt"}]},{"@type":"WebSite","@id":"https:\/\/www.africa-press.net\/benin\/#website","url":"https:\/\/www.africa-press.net\/benin\/","name":"B\u00e9nin","description":"Just another Africa News Agency Sites site","potentialAction":[{"@type":"SearchAction","target":{"@type":"EntryPoint","urlTemplate":"https:\/\/www.africa-press.net\/benin\/?s={search_term_string}"},"query-input":{"@type":"PropertyValueSpecification","valueRequired":true,"valueName":"search_term_string"}}],"inLanguage":"fr-FR"},{"@type":"Person","@id":"https:\/\/www.africa-press.net\/benin\/#\/schema\/person\/2b1cf3cd81a31e3cd26889ca66d677f1","name":"cfeditorfr"}]}},"_links":{"self":[{"href":"https:\/\/www.africa-press.net\/benin\/wp-json\/wp\/v2\/posts\/7577","targetHints":{"allow":["GET"]}}],"collection":[{"href":"https:\/\/www.africa-press.net\/benin\/wp-json\/wp\/v2\/posts"}],"about":[{"href":"https:\/\/www.africa-press.net\/benin\/wp-json\/wp\/v2\/types\/post"}],"author":[{"embeddable":true,"href":"https:\/\/www.africa-press.net\/benin\/wp-json\/wp\/v2\/users\/82"}],"replies":[{"embeddable":true,"href":"https:\/\/www.africa-press.net\/benin\/wp-json\/wp\/v2\/comments?post=7577"}],"version-history":[{"count":0,"href":"https:\/\/www.africa-press.net\/benin\/wp-json\/wp\/v2\/posts\/7577\/revisions"}],"wp:featuredmedia":[{"embeddable":true,"href":"https:\/\/www.africa-press.net\/benin\/wp-json\/wp\/v2\/media\/7576"}],"wp:attachment":[{"href":"https:\/\/www.africa-press.net\/benin\/wp-json\/wp\/v2\/media?parent=7577"}],"wp:term":[{"taxonomy":"category","embeddable":true,"href":"https:\/\/www.africa-press.net\/benin\/wp-json\/wp\/v2\/categories?post=7577"},{"taxonomy":"post_tag","embeddable":true,"href":"https:\/\/www.africa-press.net\/benin\/wp-json\/wp\/v2\/tags?post=7577"}],"curies":[{"name":"wp","href":"https:\/\/api.w.org\/{rel}","templated":true}]}}