{"id":7580,"date":"2022-08-03T20:03:05","date_gmt":"2022-08-03T20:03:05","guid":{"rendered":"https:\/\/www.africa-press.net\/benin\/politique\/revendication-syndicale-la-cosi-benin-invite-a-la-reprise-des-negociations"},"modified":"2022-08-03T20:34:32","modified_gmt":"2022-08-03T20:34:32","slug":"revendication-syndicale-la-cosi-benin-invite-a-la-reprise-des-negociations","status":"publish","type":"post","link":"https:\/\/www.africa-press.net\/benin\/politique\/revendication-syndicale-la-cosi-benin-invite-a-la-reprise-des-negociations","title":{"rendered":"Revendication syndicale: la Cosi-B\u00e9nin invite \u00e0 la reprise des n\u00e9gociations"},"content":{"rendered":"<p><span style=\"color: #ff6600\"><strong>Africa-Press &#8211; Benin. <\/strong><\/span>Apr\u00e8s l\u2019euphorie des manifestations du 1er Ao\u00fbt, les b\u00e9ninois retombent \u00e0 nouveau dans la r\u00e9alit\u00e9 de la pr\u00e9carit\u00e9 qui caract\u00e9rise leur quotidien. Cette pr\u00e9carit\u00e9 aliment\u00e9e par la chert\u00e9 de la vie a conduit la Conf\u00e9d\u00e9ration des Organisations syndicales ind\u00e9pendantes du B\u00e9nin (COSI-BENIN) \u00e0 inviter le gouvernement \u00e0 la reprise des n\u00e9gociations afin de r\u00e9gler les questions existentielles des travailleurs.<\/p>\n<p>A travers une d\u00e9claration en date du 1er Ao\u00fbt 2022, la conf\u00e9d\u00e9ration des organisations syndicales ind\u00e9pendantes (Cosi-B\u00e9nin) a d\u00e9plor\u00e9 le blocus autour des n\u00e9gociations gouvernement-organisation syndicales. Dans la dite d\u00e9claration, l\u2019organisation syndicale de No\u00ebl Chadar\u00e9 exige du gouvernement la reprise des n\u00e9gociations afin de r\u00e9gler les revendications en attentes.<\/p>\n<p>La d\u00e9claration de la Cosi-B\u00e9nin intervient au moment o\u00f9 le monde scolaire se pr\u00e9pare pour une nouvelle rentr\u00e9e acad\u00e9mique alors que des questions essentielles telles que la signature des arr\u00eat\u00e9s de mise en formation, du d\u00e9marrage de la formation initiale des ACDPE des promotions 2012 et 2014, du paiement de 12 mois sur 12 aux Aspirants au m\u00e9tier d\u2019Enseignant (AME) au titre de l\u2019ann\u00e9e 2021-2022 et de leur recrutement en tant qu\u2019agent de l\u2019Etat au titre de l\u2019ann\u00e9e 2022-2023\u2026 ne soient abord\u00e9es.<\/p>\n<p>Une situation qui suscite chez les responsables de la Conf\u00e9d\u00e9ration des Organisations syndicales ind\u00e9pendantes du B\u00e9nin (COSI-BENIN) plusieurs interrogations \u00e0 savoir:<\/p>\n<p>Face \u00e0 toutes ces pr\u00e9occupations, la Conf\u00e9d\u00e9ration des Organisations syndicales ind\u00e9pendantes du B\u00e9nin (COSI-BENIN) pr\u00e9sente ses exigences au gouvernement.<\/p>\n<p>Les exigences de la Cosi-B\u00e9nin<\/p>\n<p>En r\u00e9action \u00e0 toutes ces situations auxquelles les travailleurs font face, la conf\u00e9d\u00e9ration des organisations syndicales ind\u00e9pendantes du B\u00e9nin (cosi-B\u00e9nin) adresse au gouvernement, les exigences ci-apr\u00e8s:<\/p>\n<p><strong>Pour plus d&rsquo;informations et d&rsquo;analyses sur la <a href=\"https:\/\/www.africa-press.net\/benin\">Benin<\/a>, suivez <a href=\"https:\/\/www.africa-press.net\/\">Africa-Press<\/a><\/strong><\/p>\n","protected":false},"excerpt":{"rendered":"<p>Africa-Press &#8211; Benin. Apr\u00e8s l\u2019euphorie des manifestations du 1er Ao\u00fbt, les b\u00e9ninois retombent \u00e0 nouveau dans la r\u00e9alit\u00e9 de la pr\u00e9carit\u00e9 qui caract\u00e9rise leur quotidien. Cette pr\u00e9carit\u00e9 aliment\u00e9e par la chert\u00e9 de la vie a conduit la Conf\u00e9d\u00e9ration des Organisations syndicales ind\u00e9pendantes du B\u00e9nin (COSI-BENIN) \u00e0 inviter le gouvernement \u00e0 la reprise des n\u00e9gociations afin [&hellip;]<\/p>\n","protected":false},"author":82,"featured_media":7579,"comment_status":"open","ping_status":"closed","sticky":false,"template":"","format":"standard","meta":{"footnotes":""},"categories":[11,2,10],"tags":[36,50,45],"class_list":["post-7580","post","type-post","status-publish","format-standard","has-post-thumbnail","hentry","category-homepage-french","category-politique","category-toutes-les-actualites","tag-africa-press","tag-africa-press-benin","tag-benin"],"yoast_head":"<!-- This site is optimized with the Yoast SEO Premium plugin v26.1 (Yoast SEO v27.0) - https:\/\/yoast.com\/product\/yoast-seo-premium-wordpress\/ -->\n<title>Revendication syndicale: la Cosi-B\u00e9nin invite \u00e0 la reprise des n\u00e9gociations - B\u00e9nin<\/title>\n<meta name=\"description\" content=\"Apr\u00e8s l\u2019euphorie des manifestations du 1er Ao\u00fbt, les b\u00e9ninois retombent \u00e0 nouveau dans la r\u00e9alit\u00e9 de la pr\u00e9carit\u00e9 qui ca ...\" \/>\n<meta name=\"robots\" content=\"index, follow, max-snippet:-1, max-image-preview:large, max-video-preview:-1\" \/>\n<link rel=\"canonical\" href=\"https:\/\/www.africa-press.net\/benin\/politique\/revendication-syndicale-la-cosi-benin-invite-a-la-reprise-des-negociations\" \/>\n<meta property=\"og:locale\" content=\"fr_FR\" \/>\n<meta property=\"og:type\" content=\"article\" \/>\n<meta property=\"og:title\" content=\"Revendication syndicale: la Cosi-B\u00e9nin invite \u00e0 la reprise des n\u00e9gociations\" \/>\n<meta property=\"og:description\" content=\"Apr\u00e8s l\u2019euphorie des manifestations du 1er Ao\u00fbt, les b\u00e9ninois retombent \u00e0 nouveau dans la r\u00e9alit\u00e9 de la pr\u00e9carit\u00e9 qui ca ...\" \/>\n<meta property=\"og:url\" content=\"https:\/\/www.africa-press.net\/benin\/politique\/revendication-syndicale-la-cosi-benin-invite-a-la-reprise-des-negociations\" \/>\n<meta property=\"og:site_name\" content=\"B\u00e9nin\" \/>\n<meta property=\"article:published_time\" content=\"2022-08-03T20:03:05+00:00\" \/>\n<meta property=\"article:modified_time\" content=\"2022-08-03T20:34:32+00:00\" \/>\n<meta property=\"og:image\" content=\"https:\/\/static.africa-press.net\/benin\/sites\/46\/2022\/08\/postQueueImg_36.jpg\" \/>\n\t<meta property=\"og:image:width\" content=\"1200\" \/>\n\t<meta property=\"og:image:height\" content=\"675\" \/>\n\t<meta property=\"og:image:type\" content=\"image\/jpeg\" \/>\n<meta name=\"author\" content=\"cfeditorfr\" \/>\n<meta name=\"twitter:card\" content=\"summary_large_image\" \/>\n<meta name=\"twitter:label1\" content=\"\u00c9crit par\" \/>\n\t<meta name=\"twitter:data1\" content=\"cfeditorfr\" \/>\n\t<meta name=\"twitter:label2\" content=\"Dur\u00e9e de lecture estim\u00e9e\" \/>\n\t<meta name=\"twitter:data2\" content=\"2 minutes\" \/>\n<script type=\"application\/ld+json\" class=\"yoast-schema-graph\">{\"@context\":\"https:\/\/schema.org\",\"@graph\":[{\"@type\":\"Article\",\"@id\":\"https:\/\/www.africa-press.net\/benin\/politique\/revendication-syndicale-la-cosi-benin-invite-a-la-reprise-des-negociations#article\",\"isPartOf\":{\"@id\":\"https:\/\/www.africa-press.net\/benin\/politique\/revendication-syndicale-la-cosi-benin-invite-a-la-reprise-des-negociations\"},\"author\":{\"name\":\"cfeditorfr\",\"@id\":\"https:\/\/www.africa-press.net\/benin\/#\/schema\/person\/2b1cf3cd81a31e3cd26889ca66d677f1\"},\"headline\":\"Revendication syndicale: la Cosi-B\u00e9nin invite \u00e0 la reprise des n\u00e9gociations\",\"datePublished\":\"2022-08-03T20:03:05+00:00\",\"dateModified\":\"2022-08-03T20:34:32+00:00\",\"mainEntityOfPage\":{\"@id\":\"https:\/\/www.africa-press.net\/benin\/politique\/revendication-syndicale-la-cosi-benin-invite-a-la-reprise-des-negociations\"},\"wordCount\":339,\"commentCount\":0,\"image\":{\"@id\":\"https:\/\/www.africa-press.net\/benin\/politique\/revendication-syndicale-la-cosi-benin-invite-a-la-reprise-des-negociations#primaryimage\"},\"thumbnailUrl\":\"https:\/\/static.africa-press.net\/benin\/sites\/46\/2022\/08\/postQueueImg_36.jpg\",\"keywords\":[\"Africa Press\",\"Africa Press-Benin\",\"B\u00e9nin\"],\"articleSection\":[\"homepage-french\",\"Politique\",\"Toutes les actualit\u00e9s\"],\"inLanguage\":\"fr-FR\",\"potentialAction\":[{\"@type\":\"CommentAction\",\"name\":\"Comment\",\"target\":[\"https:\/\/www.africa-press.net\/benin\/politique\/revendication-syndicale-la-cosi-benin-invite-a-la-reprise-des-negociations#respond\"]}]},{\"@type\":\"WebPage\",\"@id\":\"https:\/\/www.africa-press.net\/benin\/politique\/revendication-syndicale-la-cosi-benin-invite-a-la-reprise-des-negociations\",\"url\":\"https:\/\/www.africa-press.net\/benin\/politique\/revendication-syndicale-la-cosi-benin-invite-a-la-reprise-des-negociations\",\"name\":\"Revendication syndicale: la Cosi-B\u00e9nin invite \u00e0 la reprise des n\u00e9gociations - B\u00e9nin\",\"isPartOf\":{\"@id\":\"https:\/\/www.africa-press.net\/benin\/#website\"},\"primaryImageOfPage\":{\"@id\":\"https:\/\/www.africa-press.net\/benin\/politique\/revendication-syndicale-la-cosi-benin-invite-a-la-reprise-des-negociations#primaryimage\"},\"image\":{\"@id\":\"https:\/\/www.africa-press.net\/benin\/politique\/revendication-syndicale-la-cosi-benin-invite-a-la-reprise-des-negociations#primaryimage\"},\"thumbnailUrl\":\"https:\/\/static.africa-press.net\/benin\/sites\/46\/2022\/08\/postQueueImg_36.jpg\",\"datePublished\":\"2022-08-03T20:03:05+00:00\",\"dateModified\":\"2022-08-03T20:34:32+00:00\",\"author\":{\"@id\":\"https:\/\/www.africa-press.net\/benin\/#\/schema\/person\/2b1cf3cd81a31e3cd26889ca66d677f1\"},\"description\":\"Apr\u00e8s l\u2019euphorie des manifestations du 1er Ao\u00fbt, les b\u00e9ninois retombent \u00e0 nouveau dans la r\u00e9alit\u00e9 de la pr\u00e9carit\u00e9 qui ca ...\",\"breadcrumb\":{\"@id\":\"https:\/\/www.africa-press.net\/benin\/politique\/revendication-syndicale-la-cosi-benin-invite-a-la-reprise-des-negociations#breadcrumb\"},\"inLanguage\":\"fr-FR\",\"potentialAction\":[{\"@type\":\"ReadAction\",\"target\":[\"https:\/\/www.africa-press.net\/benin\/politique\/revendication-syndicale-la-cosi-benin-invite-a-la-reprise-des-negociations\"]}]},{\"@type\":\"ImageObject\",\"inLanguage\":\"fr-FR\",\"@id\":\"https:\/\/www.africa-press.net\/benin\/politique\/revendication-syndicale-la-cosi-benin-invite-a-la-reprise-des-negociations#primaryimage\",\"url\":\"https:\/\/static.africa-press.net\/benin\/sites\/46\/2022\/08\/postQueueImg_36.jpg\",\"contentUrl\":\"https:\/\/static.africa-press.net\/benin\/sites\/46\/2022\/08\/postQueueImg_36.jpg\",\"width\":1200,\"height\":675,\"caption\":\"Revendication syndicale: la Cosi-B\u00e9nin invite \u00e0 la reprise des n\u00e9gociations\"},{\"@type\":\"BreadcrumbList\",\"@id\":\"https:\/\/www.africa-press.net\/benin\/politique\/revendication-syndicale-la-cosi-benin-invite-a-la-reprise-des-negociations#breadcrumb\",\"itemListElement\":[{\"@type\":\"ListItem\",\"position\":1,\"name\":\"Accueil\",\"item\":\"https:\/\/www.africa-press.net\/benin\/\"},{\"@type\":\"ListItem\",\"position\":2,\"name\":\"Revendication syndicale: la Cosi-B\u00e9nin invite \u00e0 la reprise des n\u00e9gociations\"}]},{\"@type\":\"WebSite\",\"@id\":\"https:\/\/www.africa-press.net\/benin\/#website\",\"url\":\"https:\/\/www.africa-press.net\/benin\/\",\"name\":\"B\u00e9nin\",\"description\":\"Just another Africa News Agency Sites site\",\"potentialAction\":[{\"@type\":\"SearchAction\",\"target\":{\"@type\":\"EntryPoint\",\"urlTemplate\":\"https:\/\/www.africa-press.net\/benin\/?s={search_term_string}\"},\"query-input\":{\"@type\":\"PropertyValueSpecification\",\"valueRequired\":true,\"valueName\":\"search_term_string\"}}],\"inLanguage\":\"fr-FR\"},{\"@type\":\"Person\",\"@id\":\"https:\/\/www.africa-press.net\/benin\/#\/schema\/person\/2b1cf3cd81a31e3cd26889ca66d677f1\",\"name\":\"cfeditorfr\"}]}<\/script>\n<!-- \/ Yoast SEO Premium plugin. -->","yoast_head_json":{"title":"Revendication syndicale: la Cosi-B\u00e9nin invite \u00e0 la reprise des n\u00e9gociations - B\u00e9nin","description":"Apr\u00e8s l\u2019euphorie des manifestations du 1er Ao\u00fbt, les b\u00e9ninois retombent \u00e0 nouveau dans la r\u00e9alit\u00e9 de la pr\u00e9carit\u00e9 qui ca ...","robots":{"index":"index","follow":"follow","max-snippet":"max-snippet:-1","max-image-preview":"max-image-preview:large","max-video-preview":"max-video-preview:-1"},"canonical":"https:\/\/www.africa-press.net\/benin\/politique\/revendication-syndicale-la-cosi-benin-invite-a-la-reprise-des-negociations","og_locale":"fr_FR","og_type":"article","og_title":"Revendication syndicale: la Cosi-B\u00e9nin invite \u00e0 la reprise des n\u00e9gociations","og_description":"Apr\u00e8s l\u2019euphorie des manifestations du 1er Ao\u00fbt, les b\u00e9ninois retombent \u00e0 nouveau dans la r\u00e9alit\u00e9 de la pr\u00e9carit\u00e9 qui ca ...","og_url":"https:\/\/www.africa-press.net\/benin\/politique\/revendication-syndicale-la-cosi-benin-invite-a-la-reprise-des-negociations","og_site_name":"B\u00e9nin","article_published_time":"2022-08-03T20:03:05+00:00","article_modified_time":"2022-08-03T20:34:32+00:00","og_image":[{"width":1200,"height":675,"url":"https:\/\/static.africa-press.net\/benin\/sites\/46\/2022\/08\/postQueueImg_36.jpg","type":"image\/jpeg"}],"author":"cfeditorfr","twitter_card":"summary_large_image","twitter_misc":{"\u00c9crit par":"cfeditorfr","Dur\u00e9e de lecture estim\u00e9e":"2 minutes"},"schema":{"@context":"https:\/\/schema.org","@graph":[{"@type":"Article","@id":"https:\/\/www.africa-press.net\/benin\/politique\/revendication-syndicale-la-cosi-benin-invite-a-la-reprise-des-negociations#article","isPartOf":{"@id":"https:\/\/www.africa-press.net\/benin\/politique\/revendication-syndicale-la-cosi-benin-invite-a-la-reprise-des-negociations"},"author":{"name":"cfeditorfr","@id":"https:\/\/www.africa-press.net\/benin\/#\/schema\/person\/2b1cf3cd81a31e3cd26889ca66d677f1"},"headline":"Revendication syndicale: la Cosi-B\u00e9nin invite \u00e0 la reprise des n\u00e9gociations","datePublished":"2022-08-03T20:03:05+00:00","dateModified":"2022-08-03T20:34:32+00:00","mainEntityOfPage":{"@id":"https:\/\/www.africa-press.net\/benin\/politique\/revendication-syndicale-la-cosi-benin-invite-a-la-reprise-des-negociations"},"wordCount":339,"commentCount":0,"image":{"@id":"https:\/\/www.africa-press.net\/benin\/politique\/revendication-syndicale-la-cosi-benin-invite-a-la-reprise-des-negociations#primaryimage"},"thumbnailUrl":"https:\/\/static.africa-press.net\/benin\/sites\/46\/2022\/08\/postQueueImg_36.jpg","keywords":["Africa Press","Africa Press-Benin","B\u00e9nin"],"articleSection":["homepage-french","Politique","Toutes les actualit\u00e9s"],"inLanguage":"fr-FR","potentialAction":[{"@type":"CommentAction","name":"Comment","target":["https:\/\/www.africa-press.net\/benin\/politique\/revendication-syndicale-la-cosi-benin-invite-a-la-reprise-des-negociations#respond"]}]},{"@type":"WebPage","@id":"https:\/\/www.africa-press.net\/benin\/politique\/revendication-syndicale-la-cosi-benin-invite-a-la-reprise-des-negociations","url":"https:\/\/www.africa-press.net\/benin\/politique\/revendication-syndicale-la-cosi-benin-invite-a-la-reprise-des-negociations","name":"Revendication syndicale: la Cosi-B\u00e9nin invite \u00e0 la reprise des n\u00e9gociations - B\u00e9nin","isPartOf":{"@id":"https:\/\/www.africa-press.net\/benin\/#website"},"primaryImageOfPage":{"@id":"https:\/\/www.africa-press.net\/benin\/politique\/revendication-syndicale-la-cosi-benin-invite-a-la-reprise-des-negociations#primaryimage"},"image":{"@id":"https:\/\/www.africa-press.net\/benin\/politique\/revendication-syndicale-la-cosi-benin-invite-a-la-reprise-des-negociations#primaryimage"},"thumbnailUrl":"https:\/\/static.africa-press.net\/benin\/sites\/46\/2022\/08\/postQueueImg_36.jpg","datePublished":"2022-08-03T20:03:05+00:00","dateModified":"2022-08-03T20:34:32+00:00","author":{"@id":"https:\/\/www.africa-press.net\/benin\/#\/schema\/person\/2b1cf3cd81a31e3cd26889ca66d677f1"},"description":"Apr\u00e8s l\u2019euphorie des manifestations du 1er Ao\u00fbt, les b\u00e9ninois retombent \u00e0 nouveau dans la r\u00e9alit\u00e9 de la pr\u00e9carit\u00e9 qui ca ...","breadcrumb":{"@id":"https:\/\/www.africa-press.net\/benin\/politique\/revendication-syndicale-la-cosi-benin-invite-a-la-reprise-des-negociations#breadcrumb"},"inLanguage":"fr-FR","potentialAction":[{"@type":"ReadAction","target":["https:\/\/www.africa-press.net\/benin\/politique\/revendication-syndicale-la-cosi-benin-invite-a-la-reprise-des-negociations"]}]},{"@type":"ImageObject","inLanguage":"fr-FR","@id":"https:\/\/www.africa-press.net\/benin\/politique\/revendication-syndicale-la-cosi-benin-invite-a-la-reprise-des-negociations#primaryimage","url":"https:\/\/static.africa-press.net\/benin\/sites\/46\/2022\/08\/postQueueImg_36.jpg","contentUrl":"https:\/\/static.africa-press.net\/benin\/sites\/46\/2022\/08\/postQueueImg_36.jpg","width":1200,"height":675,"caption":"Revendication syndicale: la Cosi-B\u00e9nin invite \u00e0 la reprise des n\u00e9gociations"},{"@type":"BreadcrumbList","@id":"https:\/\/www.africa-press.net\/benin\/politique\/revendication-syndicale-la-cosi-benin-invite-a-la-reprise-des-negociations#breadcrumb","itemListElement":[{"@type":"ListItem","position":1,"name":"Accueil","item":"https:\/\/www.africa-press.net\/benin\/"},{"@type":"ListItem","position":2,"name":"Revendication syndicale: la Cosi-B\u00e9nin invite \u00e0 la reprise des n\u00e9gociations"}]},{"@type":"WebSite","@id":"https:\/\/www.africa-press.net\/benin\/#website","url":"https:\/\/www.africa-press.net\/benin\/","name":"B\u00e9nin","description":"Just another Africa News Agency Sites site","potentialAction":[{"@type":"SearchAction","target":{"@type":"EntryPoint","urlTemplate":"https:\/\/www.africa-press.net\/benin\/?s={search_term_string}"},"query-input":{"@type":"PropertyValueSpecification","valueRequired":true,"valueName":"search_term_string"}}],"inLanguage":"fr-FR"},{"@type":"Person","@id":"https:\/\/www.africa-press.net\/benin\/#\/schema\/person\/2b1cf3cd81a31e3cd26889ca66d677f1","name":"cfeditorfr"}]}},"_links":{"self":[{"href":"https:\/\/www.africa-press.net\/benin\/wp-json\/wp\/v2\/posts\/7580","targetHints":{"allow":["GET"]}}],"collection":[{"href":"https:\/\/www.africa-press.net\/benin\/wp-json\/wp\/v2\/posts"}],"about":[{"href":"https:\/\/www.africa-press.net\/benin\/wp-json\/wp\/v2\/types\/post"}],"author":[{"embeddable":true,"href":"https:\/\/www.africa-press.net\/benin\/wp-json\/wp\/v2\/users\/82"}],"replies":[{"embeddable":true,"href":"https:\/\/www.africa-press.net\/benin\/wp-json\/wp\/v2\/comments?post=7580"}],"version-history":[{"count":0,"href":"https:\/\/www.africa-press.net\/benin\/wp-json\/wp\/v2\/posts\/7580\/revisions"}],"wp:featuredmedia":[{"embeddable":true,"href":"https:\/\/www.africa-press.net\/benin\/wp-json\/wp\/v2\/media\/7579"}],"wp:attachment":[{"href":"https:\/\/www.africa-press.net\/benin\/wp-json\/wp\/v2\/media?parent=7580"}],"wp:term":[{"taxonomy":"category","embeddable":true,"href":"https:\/\/www.africa-press.net\/benin\/wp-json\/wp\/v2\/categories?post=7580"},{"taxonomy":"post_tag","embeddable":true,"href":"https:\/\/www.africa-press.net\/benin\/wp-json\/wp\/v2\/tags?post=7580"}],"curies":[{"name":"wp","href":"https:\/\/api.w.org\/{rel}","templated":true}]}}