{"id":7583,"date":"2022-08-03T20:03:19","date_gmt":"2022-08-03T20:03:19","guid":{"rendered":"https:\/\/www.africa-press.net\/benin\/politique\/benin-le-gouvernement-devoile-les-chiffres-sur-les-retards-et-absences-dans-le-service-public"},"modified":"2022-08-03T20:35:00","modified_gmt":"2022-08-03T20:35:00","slug":"benin-le-gouvernement-devoile-les-chiffres-sur-les-retards-et-absences-dans-le-service-public","status":"publish","type":"post","link":"https:\/\/www.africa-press.net\/benin\/politique\/benin-le-gouvernement-devoile-les-chiffres-sur-les-retards-et-absences-dans-le-service-public","title":{"rendered":"B\u00e9nin: le gouvernement d\u00e9voile les chiffres sur les retards et absences dans le service public"},"content":{"rendered":"<p><span style=\"color: #ff6600\"><strong>Africa-Press &#8211; Benin. <\/strong><\/span>Le Conseil des ministres de ce mercredi 03 ao\u00fbt 2022 a examin\u00e9 les rapports des minist\u00e8res sur le suivi des nouveaux horaires de travail dans l\u2019administration publique, sur la p\u00e9riode du 1er janvier au 30 septembre 2021. Le gouvernement s\u2019est f\u00e9licit\u00e9 des chiffres issus des rapports.<\/p>\n<p>Selon les donn\u00e9es transmises au Conseil par les minist\u00e8res, le retard les matins \u00e0 8h, est \u00e9valu\u00e9 \u00e0 taux de 9,05% contre 1,47% les apr\u00e8s-midis \u00e0 14h et de 5,98% les matins contre 2% les apr\u00e8s-midis au niveau des institutions de la R\u00e9publique.<\/p>\n<p>S\u2019agissant des absences, les donn\u00e9es r\u00e9v\u00e8lent des taux de 1,93% les matins et 1,21% les apr\u00e8s-midis dans les minist\u00e8res, contre respectivement 2,37% et 2,02% au niveau des institutions de la R\u00e9publique.<\/p>\n<p>Au regard des diff\u00e9rentes statistiques, le gouvernement constate que \u00ab la mesure de r\u00e9organisation des horaires de travail, entr\u00e9e en vigueur le 1er janvier 2021, a g\u00e9n\u00e9r\u00e9 des am\u00e9liorations dans le comportement des agents de l\u2019Etat \u00bb. Selon le gouvernement, ces chiffres, compar\u00e9s aux ann\u00e9es ant\u00e9rieures (35% des agents \u00e9taient en retard \u00e0 leurs postes en 2007 et 67,39% en 2012), sont en nette am\u00e9lioration.<\/p>\n<p>Par ailleurs, il invite les diff\u00e9rents acteurs \u00e0 s\u2019impliquer davantage dans la mise en application de ladite mesure pour plus d\u2019am\u00e9lioration. C\u2019est pourquoi, \u00ab le Conseil a prescrit que les contr\u00f4les hi\u00e9rarchiques de pr\u00e9sence se poursuivent aux moyens d\u2019\u00e9quipements biom\u00e9triques dont la g\u00e9n\u00e9ralisation se fera progressivement \u00e0 tous les niveaux \u00bb.<\/p>\n<p><strong>Pour plus d&rsquo;informations et d&rsquo;analyses sur la <a href=\"https:\/\/www.africa-press.net\/benin\">Benin<\/a>, suivez <a href=\"https:\/\/www.africa-press.net\/\">Africa-Press<\/a><\/strong><\/p>\n","protected":false},"excerpt":{"rendered":"<p>Africa-Press &#8211; Benin. Le Conseil des ministres de ce mercredi 03 ao\u00fbt 2022 a examin\u00e9 les rapports des minist\u00e8res sur le suivi des nouveaux horaires de travail dans l\u2019administration publique, sur la p\u00e9riode du 1er janvier au 30 septembre 2021. Le gouvernement s\u2019est f\u00e9licit\u00e9 des chiffres issus des rapports. Selon les donn\u00e9es transmises au Conseil [&hellip;]<\/p>\n","protected":false},"author":82,"featured_media":7582,"comment_status":"open","ping_status":"closed","sticky":false,"template":"","format":"standard","meta":{"footnotes":""},"categories":[11,2,10],"tags":[36,50,45],"class_list":["post-7583","post","type-post","status-publish","format-standard","has-post-thumbnail","hentry","category-homepage-french","category-politique","category-toutes-les-actualites","tag-africa-press","tag-africa-press-benin","tag-benin"],"yoast_head":"<!-- This site is optimized with the Yoast SEO Premium plugin v26.1 (Yoast SEO v27.0) - https:\/\/yoast.com\/product\/yoast-seo-premium-wordpress\/ -->\n<title>B\u00e9nin: le gouvernement d\u00e9voile les chiffres sur les retards et absences dans le service public - B\u00e9nin<\/title>\n<meta name=\"description\" content=\"Le Conseil des ministres de ce mercredi 03 ao\u00fbt 2022 a examin\u00e9 les rapports des minist\u00e8res sur le suivi des nouveaux hor ...\" \/>\n<meta name=\"robots\" content=\"index, follow, max-snippet:-1, max-image-preview:large, max-video-preview:-1\" \/>\n<link rel=\"canonical\" href=\"https:\/\/www.africa-press.net\/benin\/politique\/benin-le-gouvernement-devoile-les-chiffres-sur-les-retards-et-absences-dans-le-service-public\" \/>\n<meta property=\"og:locale\" content=\"fr_FR\" \/>\n<meta property=\"og:type\" content=\"article\" \/>\n<meta property=\"og:title\" content=\"B\u00e9nin: le gouvernement d\u00e9voile les chiffres sur les retards et absences dans le service public\" \/>\n<meta property=\"og:description\" content=\"Le Conseil des ministres de ce mercredi 03 ao\u00fbt 2022 a examin\u00e9 les rapports des minist\u00e8res sur le suivi des nouveaux hor ...\" \/>\n<meta property=\"og:url\" content=\"https:\/\/www.africa-press.net\/benin\/politique\/benin-le-gouvernement-devoile-les-chiffres-sur-les-retards-et-absences-dans-le-service-public\" \/>\n<meta property=\"og:site_name\" content=\"B\u00e9nin\" \/>\n<meta property=\"article:published_time\" content=\"2022-08-03T20:03:19+00:00\" \/>\n<meta property=\"article:modified_time\" content=\"2022-08-03T20:35:00+00:00\" \/>\n<meta property=\"og:image\" content=\"https:\/\/static.africa-press.net\/benin\/sites\/46\/2022\/08\/postQueueImg_37.jpg\" \/>\n\t<meta property=\"og:image:width\" content=\"1248\" \/>\n\t<meta property=\"og:image:height\" content=\"675\" \/>\n\t<meta property=\"og:image:type\" content=\"image\/jpeg\" \/>\n<meta name=\"author\" content=\"cfeditorfr\" \/>\n<meta name=\"twitter:card\" content=\"summary_large_image\" \/>\n<meta name=\"twitter:label1\" content=\"\u00c9crit par\" \/>\n\t<meta name=\"twitter:data1\" content=\"cfeditorfr\" \/>\n\t<meta name=\"twitter:label2\" content=\"Dur\u00e9e de lecture estim\u00e9e\" \/>\n\t<meta name=\"twitter:data2\" content=\"2 minutes\" \/>\n<script type=\"application\/ld+json\" class=\"yoast-schema-graph\">{\"@context\":\"https:\/\/schema.org\",\"@graph\":[{\"@type\":\"Article\",\"@id\":\"https:\/\/www.africa-press.net\/benin\/politique\/benin-le-gouvernement-devoile-les-chiffres-sur-les-retards-et-absences-dans-le-service-public#article\",\"isPartOf\":{\"@id\":\"https:\/\/www.africa-press.net\/benin\/politique\/benin-le-gouvernement-devoile-les-chiffres-sur-les-retards-et-absences-dans-le-service-public\"},\"author\":{\"name\":\"cfeditorfr\",\"@id\":\"https:\/\/www.africa-press.net\/benin\/#\/schema\/person\/2b1cf3cd81a31e3cd26889ca66d677f1\"},\"headline\":\"B\u00e9nin: le gouvernement d\u00e9voile les chiffres sur les retards et absences dans le service public\",\"datePublished\":\"2022-08-03T20:03:19+00:00\",\"dateModified\":\"2022-08-03T20:35:00+00:00\",\"mainEntityOfPage\":{\"@id\":\"https:\/\/www.africa-press.net\/benin\/politique\/benin-le-gouvernement-devoile-les-chiffres-sur-les-retards-et-absences-dans-le-service-public\"},\"wordCount\":282,\"commentCount\":0,\"image\":{\"@id\":\"https:\/\/www.africa-press.net\/benin\/politique\/benin-le-gouvernement-devoile-les-chiffres-sur-les-retards-et-absences-dans-le-service-public#primaryimage\"},\"thumbnailUrl\":\"https:\/\/static.africa-press.net\/benin\/sites\/46\/2022\/08\/postQueueImg_37.jpg\",\"keywords\":[\"Africa Press\",\"Africa Press-Benin\",\"B\u00e9nin\"],\"articleSection\":[\"homepage-french\",\"Politique\",\"Toutes les actualit\u00e9s\"],\"inLanguage\":\"fr-FR\",\"potentialAction\":[{\"@type\":\"CommentAction\",\"name\":\"Comment\",\"target\":[\"https:\/\/www.africa-press.net\/benin\/politique\/benin-le-gouvernement-devoile-les-chiffres-sur-les-retards-et-absences-dans-le-service-public#respond\"]}]},{\"@type\":\"WebPage\",\"@id\":\"https:\/\/www.africa-press.net\/benin\/politique\/benin-le-gouvernement-devoile-les-chiffres-sur-les-retards-et-absences-dans-le-service-public\",\"url\":\"https:\/\/www.africa-press.net\/benin\/politique\/benin-le-gouvernement-devoile-les-chiffres-sur-les-retards-et-absences-dans-le-service-public\",\"name\":\"B\u00e9nin: le gouvernement d\u00e9voile les chiffres sur les retards et absences dans le service public - B\u00e9nin\",\"isPartOf\":{\"@id\":\"https:\/\/www.africa-press.net\/benin\/#website\"},\"primaryImageOfPage\":{\"@id\":\"https:\/\/www.africa-press.net\/benin\/politique\/benin-le-gouvernement-devoile-les-chiffres-sur-les-retards-et-absences-dans-le-service-public#primaryimage\"},\"image\":{\"@id\":\"https:\/\/www.africa-press.net\/benin\/politique\/benin-le-gouvernement-devoile-les-chiffres-sur-les-retards-et-absences-dans-le-service-public#primaryimage\"},\"thumbnailUrl\":\"https:\/\/static.africa-press.net\/benin\/sites\/46\/2022\/08\/postQueueImg_37.jpg\",\"datePublished\":\"2022-08-03T20:03:19+00:00\",\"dateModified\":\"2022-08-03T20:35:00+00:00\",\"author\":{\"@id\":\"https:\/\/www.africa-press.net\/benin\/#\/schema\/person\/2b1cf3cd81a31e3cd26889ca66d677f1\"},\"description\":\"Le Conseil des ministres de ce mercredi 03 ao\u00fbt 2022 a examin\u00e9 les rapports des minist\u00e8res sur le suivi des nouveaux hor ...\",\"breadcrumb\":{\"@id\":\"https:\/\/www.africa-press.net\/benin\/politique\/benin-le-gouvernement-devoile-les-chiffres-sur-les-retards-et-absences-dans-le-service-public#breadcrumb\"},\"inLanguage\":\"fr-FR\",\"potentialAction\":[{\"@type\":\"ReadAction\",\"target\":[\"https:\/\/www.africa-press.net\/benin\/politique\/benin-le-gouvernement-devoile-les-chiffres-sur-les-retards-et-absences-dans-le-service-public\"]}]},{\"@type\":\"ImageObject\",\"inLanguage\":\"fr-FR\",\"@id\":\"https:\/\/www.africa-press.net\/benin\/politique\/benin-le-gouvernement-devoile-les-chiffres-sur-les-retards-et-absences-dans-le-service-public#primaryimage\",\"url\":\"https:\/\/static.africa-press.net\/benin\/sites\/46\/2022\/08\/postQueueImg_37.jpg\",\"contentUrl\":\"https:\/\/static.africa-press.net\/benin\/sites\/46\/2022\/08\/postQueueImg_37.jpg\",\"width\":1248,\"height\":675,\"caption\":\"B\u00e9nin: le gouvernement d\u00e9voile les chiffres sur les retards et absences dans le service public\"},{\"@type\":\"BreadcrumbList\",\"@id\":\"https:\/\/www.africa-press.net\/benin\/politique\/benin-le-gouvernement-devoile-les-chiffres-sur-les-retards-et-absences-dans-le-service-public#breadcrumb\",\"itemListElement\":[{\"@type\":\"ListItem\",\"position\":1,\"name\":\"Accueil\",\"item\":\"https:\/\/www.africa-press.net\/benin\/\"},{\"@type\":\"ListItem\",\"position\":2,\"name\":\"B\u00e9nin: le gouvernement d\u00e9voile les chiffres sur les retards et absences dans le service public\"}]},{\"@type\":\"WebSite\",\"@id\":\"https:\/\/www.africa-press.net\/benin\/#website\",\"url\":\"https:\/\/www.africa-press.net\/benin\/\",\"name\":\"B\u00e9nin\",\"description\":\"Just another Africa News Agency Sites site\",\"potentialAction\":[{\"@type\":\"SearchAction\",\"target\":{\"@type\":\"EntryPoint\",\"urlTemplate\":\"https:\/\/www.africa-press.net\/benin\/?s={search_term_string}\"},\"query-input\":{\"@type\":\"PropertyValueSpecification\",\"valueRequired\":true,\"valueName\":\"search_term_string\"}}],\"inLanguage\":\"fr-FR\"},{\"@type\":\"Person\",\"@id\":\"https:\/\/www.africa-press.net\/benin\/#\/schema\/person\/2b1cf3cd81a31e3cd26889ca66d677f1\",\"name\":\"cfeditorfr\"}]}<\/script>\n<!-- \/ Yoast SEO Premium plugin. -->","yoast_head_json":{"title":"B\u00e9nin: le gouvernement d\u00e9voile les chiffres sur les retards et absences dans le service public - B\u00e9nin","description":"Le Conseil des ministres de ce mercredi 03 ao\u00fbt 2022 a examin\u00e9 les rapports des minist\u00e8res sur le suivi des nouveaux hor ...","robots":{"index":"index","follow":"follow","max-snippet":"max-snippet:-1","max-image-preview":"max-image-preview:large","max-video-preview":"max-video-preview:-1"},"canonical":"https:\/\/www.africa-press.net\/benin\/politique\/benin-le-gouvernement-devoile-les-chiffres-sur-les-retards-et-absences-dans-le-service-public","og_locale":"fr_FR","og_type":"article","og_title":"B\u00e9nin: le gouvernement d\u00e9voile les chiffres sur les retards et absences dans le service public","og_description":"Le Conseil des ministres de ce mercredi 03 ao\u00fbt 2022 a examin\u00e9 les rapports des minist\u00e8res sur le suivi des nouveaux hor ...","og_url":"https:\/\/www.africa-press.net\/benin\/politique\/benin-le-gouvernement-devoile-les-chiffres-sur-les-retards-et-absences-dans-le-service-public","og_site_name":"B\u00e9nin","article_published_time":"2022-08-03T20:03:19+00:00","article_modified_time":"2022-08-03T20:35:00+00:00","og_image":[{"width":1248,"height":675,"url":"https:\/\/static.africa-press.net\/benin\/sites\/46\/2022\/08\/postQueueImg_37.jpg","type":"image\/jpeg"}],"author":"cfeditorfr","twitter_card":"summary_large_image","twitter_misc":{"\u00c9crit par":"cfeditorfr","Dur\u00e9e de lecture estim\u00e9e":"2 minutes"},"schema":{"@context":"https:\/\/schema.org","@graph":[{"@type":"Article","@id":"https:\/\/www.africa-press.net\/benin\/politique\/benin-le-gouvernement-devoile-les-chiffres-sur-les-retards-et-absences-dans-le-service-public#article","isPartOf":{"@id":"https:\/\/www.africa-press.net\/benin\/politique\/benin-le-gouvernement-devoile-les-chiffres-sur-les-retards-et-absences-dans-le-service-public"},"author":{"name":"cfeditorfr","@id":"https:\/\/www.africa-press.net\/benin\/#\/schema\/person\/2b1cf3cd81a31e3cd26889ca66d677f1"},"headline":"B\u00e9nin: le gouvernement d\u00e9voile les chiffres sur les retards et absences dans le service public","datePublished":"2022-08-03T20:03:19+00:00","dateModified":"2022-08-03T20:35:00+00:00","mainEntityOfPage":{"@id":"https:\/\/www.africa-press.net\/benin\/politique\/benin-le-gouvernement-devoile-les-chiffres-sur-les-retards-et-absences-dans-le-service-public"},"wordCount":282,"commentCount":0,"image":{"@id":"https:\/\/www.africa-press.net\/benin\/politique\/benin-le-gouvernement-devoile-les-chiffres-sur-les-retards-et-absences-dans-le-service-public#primaryimage"},"thumbnailUrl":"https:\/\/static.africa-press.net\/benin\/sites\/46\/2022\/08\/postQueueImg_37.jpg","keywords":["Africa Press","Africa Press-Benin","B\u00e9nin"],"articleSection":["homepage-french","Politique","Toutes les actualit\u00e9s"],"inLanguage":"fr-FR","potentialAction":[{"@type":"CommentAction","name":"Comment","target":["https:\/\/www.africa-press.net\/benin\/politique\/benin-le-gouvernement-devoile-les-chiffres-sur-les-retards-et-absences-dans-le-service-public#respond"]}]},{"@type":"WebPage","@id":"https:\/\/www.africa-press.net\/benin\/politique\/benin-le-gouvernement-devoile-les-chiffres-sur-les-retards-et-absences-dans-le-service-public","url":"https:\/\/www.africa-press.net\/benin\/politique\/benin-le-gouvernement-devoile-les-chiffres-sur-les-retards-et-absences-dans-le-service-public","name":"B\u00e9nin: le gouvernement d\u00e9voile les chiffres sur les retards et absences dans le service public - B\u00e9nin","isPartOf":{"@id":"https:\/\/www.africa-press.net\/benin\/#website"},"primaryImageOfPage":{"@id":"https:\/\/www.africa-press.net\/benin\/politique\/benin-le-gouvernement-devoile-les-chiffres-sur-les-retards-et-absences-dans-le-service-public#primaryimage"},"image":{"@id":"https:\/\/www.africa-press.net\/benin\/politique\/benin-le-gouvernement-devoile-les-chiffres-sur-les-retards-et-absences-dans-le-service-public#primaryimage"},"thumbnailUrl":"https:\/\/static.africa-press.net\/benin\/sites\/46\/2022\/08\/postQueueImg_37.jpg","datePublished":"2022-08-03T20:03:19+00:00","dateModified":"2022-08-03T20:35:00+00:00","author":{"@id":"https:\/\/www.africa-press.net\/benin\/#\/schema\/person\/2b1cf3cd81a31e3cd26889ca66d677f1"},"description":"Le Conseil des ministres de ce mercredi 03 ao\u00fbt 2022 a examin\u00e9 les rapports des minist\u00e8res sur le suivi des nouveaux hor ...","breadcrumb":{"@id":"https:\/\/www.africa-press.net\/benin\/politique\/benin-le-gouvernement-devoile-les-chiffres-sur-les-retards-et-absences-dans-le-service-public#breadcrumb"},"inLanguage":"fr-FR","potentialAction":[{"@type":"ReadAction","target":["https:\/\/www.africa-press.net\/benin\/politique\/benin-le-gouvernement-devoile-les-chiffres-sur-les-retards-et-absences-dans-le-service-public"]}]},{"@type":"ImageObject","inLanguage":"fr-FR","@id":"https:\/\/www.africa-press.net\/benin\/politique\/benin-le-gouvernement-devoile-les-chiffres-sur-les-retards-et-absences-dans-le-service-public#primaryimage","url":"https:\/\/static.africa-press.net\/benin\/sites\/46\/2022\/08\/postQueueImg_37.jpg","contentUrl":"https:\/\/static.africa-press.net\/benin\/sites\/46\/2022\/08\/postQueueImg_37.jpg","width":1248,"height":675,"caption":"B\u00e9nin: le gouvernement d\u00e9voile les chiffres sur les retards et absences dans le service public"},{"@type":"BreadcrumbList","@id":"https:\/\/www.africa-press.net\/benin\/politique\/benin-le-gouvernement-devoile-les-chiffres-sur-les-retards-et-absences-dans-le-service-public#breadcrumb","itemListElement":[{"@type":"ListItem","position":1,"name":"Accueil","item":"https:\/\/www.africa-press.net\/benin\/"},{"@type":"ListItem","position":2,"name":"B\u00e9nin: le gouvernement d\u00e9voile les chiffres sur les retards et absences dans le service public"}]},{"@type":"WebSite","@id":"https:\/\/www.africa-press.net\/benin\/#website","url":"https:\/\/www.africa-press.net\/benin\/","name":"B\u00e9nin","description":"Just another Africa News Agency Sites site","potentialAction":[{"@type":"SearchAction","target":{"@type":"EntryPoint","urlTemplate":"https:\/\/www.africa-press.net\/benin\/?s={search_term_string}"},"query-input":{"@type":"PropertyValueSpecification","valueRequired":true,"valueName":"search_term_string"}}],"inLanguage":"fr-FR"},{"@type":"Person","@id":"https:\/\/www.africa-press.net\/benin\/#\/schema\/person\/2b1cf3cd81a31e3cd26889ca66d677f1","name":"cfeditorfr"}]}},"_links":{"self":[{"href":"https:\/\/www.africa-press.net\/benin\/wp-json\/wp\/v2\/posts\/7583","targetHints":{"allow":["GET"]}}],"collection":[{"href":"https:\/\/www.africa-press.net\/benin\/wp-json\/wp\/v2\/posts"}],"about":[{"href":"https:\/\/www.africa-press.net\/benin\/wp-json\/wp\/v2\/types\/post"}],"author":[{"embeddable":true,"href":"https:\/\/www.africa-press.net\/benin\/wp-json\/wp\/v2\/users\/82"}],"replies":[{"embeddable":true,"href":"https:\/\/www.africa-press.net\/benin\/wp-json\/wp\/v2\/comments?post=7583"}],"version-history":[{"count":0,"href":"https:\/\/www.africa-press.net\/benin\/wp-json\/wp\/v2\/posts\/7583\/revisions"}],"wp:featuredmedia":[{"embeddable":true,"href":"https:\/\/www.africa-press.net\/benin\/wp-json\/wp\/v2\/media\/7582"}],"wp:attachment":[{"href":"https:\/\/www.africa-press.net\/benin\/wp-json\/wp\/v2\/media?parent=7583"}],"wp:term":[{"taxonomy":"category","embeddable":true,"href":"https:\/\/www.africa-press.net\/benin\/wp-json\/wp\/v2\/categories?post=7583"},{"taxonomy":"post_tag","embeddable":true,"href":"https:\/\/www.africa-press.net\/benin\/wp-json\/wp\/v2\/tags?post=7583"}],"curies":[{"name":"wp","href":"https:\/\/api.w.org\/{rel}","templated":true}]}}