{"id":7586,"date":"2022-08-03T20:03:28","date_gmt":"2022-08-03T20:03:28","guid":{"rendered":"https:\/\/www.africa-press.net\/benin\/politique\/benin-un-recours-de-komi-koutche-rejete-par-la-chambre-dappel-de-la-criet"},"modified":"2022-08-03T20:35:37","modified_gmt":"2022-08-03T20:35:37","slug":"benin-un-recours-de-komi-koutche-rejete-par-la-chambre-dappel-de-la-criet","status":"publish","type":"post","link":"https:\/\/www.africa-press.net\/benin\/politique\/benin-un-recours-de-komi-koutche-rejete-par-la-chambre-dappel-de-la-criet","title":{"rendered":"B\u00e9nin: un recours de Komi Koutch\u00e9 rejet\u00e9 par la chambre d\u2019appel de la CRIET"},"content":{"rendered":"<p><span style=\"color: #ff6600\"><strong>Africa-Press &#8211; Benin. <\/strong><\/span>Condamn\u00e9 \u00e0 20 ans de prison par la cour de r\u00e9pression des infractions \u00e9conomiques et du terrorisme, l\u2019ancien ministre de l\u2019\u00e9conomie et des finances, Komi Koutch\u00e9 a fait recours de la juridiction sp\u00e9cialis\u00e9e. Un recours jug\u00e9 irrecevable.<\/p>\n<p>Saisit dans le dossier de d\u00e9tournement de fonds et d\u2019abus de fonction dans lequel l\u2019ancien directeur g\u00e9n\u00e9ral du fonds national de la microfinance, Komi Koutch\u00e9 est condamn\u00e9 en premier ressort \u00e0 20 ans de prison, la chambre d\u2019appel de la cour de r\u00e9pression des infractions \u00e9conomiques et du terrorisme (CRIET) dans un arr\u00eat rendu le mardi 2 Ao\u00fbt 2022 a jug\u00e9 irrecevable l\u2019appel de l\u2019opposant en exil aux Etats Unis.<\/p>\n<p>L\u2019ancien ministre Komi Koutch\u00e9 a \u00e9t\u00e9 condamn\u00e9 par contumace le samedi 04 avril 2020 par la cour de r\u00e9pression des infractions \u00e9conomiques et du terrorisme. Poursuivi pour des faits de d\u00e9tournement de fonds et d\u2019abus de fonction, l\u2019ancien ministre de l\u2019\u00e9conomie et des finances de Boni Yayi a \u00e9t\u00e9 reconnu coupable par la juridiction sp\u00e9cialis\u00e9e qui l\u2019a condamn\u00e9 \u00e0 20 ans de prison et \u00e0 500 millions d\u2019amende pour les faits qui remonde \u00e0 sa gestion au FNM (2008-2013).<\/p>\n<p>Non satisfait de la d\u00e9cision rendue par la cour de r\u00e9pression des infractions \u00e9conomiques et du terrorisme, l\u2019ancien argentier national par le biais de ses conseils ont fait appel de la d\u00e9cision devant la chambre d\u2019appel de la juridiction sp\u00e9cialis\u00e9e. Un appel qui n\u2019a point prosp\u00e9r\u00e9.<\/p>\n<p><strong>Pour plus d&rsquo;informations et d&rsquo;analyses sur la <a href=\"https:\/\/www.africa-press.net\/benin\">Benin<\/a>, suivez <a href=\"https:\/\/www.africa-press.net\/\">Africa-Press<\/a><\/strong><\/p>\n","protected":false},"excerpt":{"rendered":"<p>Africa-Press &#8211; Benin. Condamn\u00e9 \u00e0 20 ans de prison par la cour de r\u00e9pression des infractions \u00e9conomiques et du terrorisme, l\u2019ancien ministre de l\u2019\u00e9conomie et des finances, Komi Koutch\u00e9 a fait recours de la juridiction sp\u00e9cialis\u00e9e. Un recours jug\u00e9 irrecevable. Saisit dans le dossier de d\u00e9tournement de fonds et d\u2019abus de fonction dans lequel l\u2019ancien [&hellip;]<\/p>\n","protected":false},"author":82,"featured_media":7585,"comment_status":"open","ping_status":"closed","sticky":false,"template":"","format":"standard","meta":{"footnotes":""},"categories":[11,2,10],"tags":[36,50,45],"class_list":["post-7586","post","type-post","status-publish","format-standard","has-post-thumbnail","hentry","category-homepage-french","category-politique","category-toutes-les-actualites","tag-africa-press","tag-africa-press-benin","tag-benin"],"yoast_head":"<!-- This site is optimized with the Yoast SEO Premium plugin v26.1 (Yoast SEO v27.0) - https:\/\/yoast.com\/product\/yoast-seo-premium-wordpress\/ -->\n<title>B\u00e9nin: un recours de Komi Koutch\u00e9 rejet\u00e9 par la chambre d\u2019appel de la CRIET - B\u00e9nin<\/title>\n<meta name=\"description\" content=\"Condamn\u00e9 \u00e0 20 ans de prison par la cour de r\u00e9pression des infractions \u00e9conomiques et du terrorisme, l\u2019ancien ministre de ...\" \/>\n<meta name=\"robots\" content=\"index, follow, max-snippet:-1, max-image-preview:large, max-video-preview:-1\" \/>\n<link rel=\"canonical\" href=\"https:\/\/www.africa-press.net\/benin\/politique\/benin-un-recours-de-komi-koutche-rejete-par-la-chambre-dappel-de-la-criet\" \/>\n<meta property=\"og:locale\" content=\"fr_FR\" \/>\n<meta property=\"og:type\" content=\"article\" \/>\n<meta property=\"og:title\" content=\"B\u00e9nin: un recours de Komi Koutch\u00e9 rejet\u00e9 par la chambre d\u2019appel de la CRIET\" \/>\n<meta property=\"og:description\" content=\"Condamn\u00e9 \u00e0 20 ans de prison par la cour de r\u00e9pression des infractions \u00e9conomiques et du terrorisme, l\u2019ancien ministre de ...\" \/>\n<meta property=\"og:url\" content=\"https:\/\/www.africa-press.net\/benin\/politique\/benin-un-recours-de-komi-koutche-rejete-par-la-chambre-dappel-de-la-criet\" \/>\n<meta property=\"og:site_name\" content=\"B\u00e9nin\" \/>\n<meta property=\"article:published_time\" content=\"2022-08-03T20:03:28+00:00\" \/>\n<meta property=\"article:modified_time\" content=\"2022-08-03T20:35:37+00:00\" \/>\n<meta property=\"og:image\" content=\"https:\/\/static.africa-press.net\/benin\/sites\/46\/2022\/08\/postQueueImg_38.jpg\" \/>\n\t<meta property=\"og:image:width\" content=\"1280\" \/>\n\t<meta property=\"og:image:height\" content=\"720\" \/>\n\t<meta property=\"og:image:type\" content=\"image\/jpeg\" \/>\n<meta name=\"author\" content=\"cfeditorfr\" \/>\n<meta name=\"twitter:card\" content=\"summary_large_image\" \/>\n<meta name=\"twitter:label1\" content=\"\u00c9crit par\" \/>\n\t<meta name=\"twitter:data1\" content=\"cfeditorfr\" \/>\n\t<meta name=\"twitter:label2\" content=\"Dur\u00e9e de lecture estim\u00e9e\" \/>\n\t<meta name=\"twitter:data2\" content=\"2 minutes\" \/>\n<script type=\"application\/ld+json\" class=\"yoast-schema-graph\">{\"@context\":\"https:\/\/schema.org\",\"@graph\":[{\"@type\":\"Article\",\"@id\":\"https:\/\/www.africa-press.net\/benin\/politique\/benin-un-recours-de-komi-koutche-rejete-par-la-chambre-dappel-de-la-criet#article\",\"isPartOf\":{\"@id\":\"https:\/\/www.africa-press.net\/benin\/politique\/benin-un-recours-de-komi-koutche-rejete-par-la-chambre-dappel-de-la-criet\"},\"author\":{\"name\":\"cfeditorfr\",\"@id\":\"https:\/\/www.africa-press.net\/benin\/#\/schema\/person\/2b1cf3cd81a31e3cd26889ca66d677f1\"},\"headline\":\"B\u00e9nin: un recours de Komi Koutch\u00e9 rejet\u00e9 par la chambre d\u2019appel de la CRIET\",\"datePublished\":\"2022-08-03T20:03:28+00:00\",\"dateModified\":\"2022-08-03T20:35:37+00:00\",\"mainEntityOfPage\":{\"@id\":\"https:\/\/www.africa-press.net\/benin\/politique\/benin-un-recours-de-komi-koutche-rejete-par-la-chambre-dappel-de-la-criet\"},\"wordCount\":285,\"commentCount\":0,\"image\":{\"@id\":\"https:\/\/www.africa-press.net\/benin\/politique\/benin-un-recours-de-komi-koutche-rejete-par-la-chambre-dappel-de-la-criet#primaryimage\"},\"thumbnailUrl\":\"https:\/\/static.africa-press.net\/benin\/sites\/46\/2022\/08\/postQueueImg_38.jpg\",\"keywords\":[\"Africa Press\",\"Africa Press-Benin\",\"B\u00e9nin\"],\"articleSection\":[\"homepage-french\",\"Politique\",\"Toutes les actualit\u00e9s\"],\"inLanguage\":\"fr-FR\",\"potentialAction\":[{\"@type\":\"CommentAction\",\"name\":\"Comment\",\"target\":[\"https:\/\/www.africa-press.net\/benin\/politique\/benin-un-recours-de-komi-koutche-rejete-par-la-chambre-dappel-de-la-criet#respond\"]}]},{\"@type\":\"WebPage\",\"@id\":\"https:\/\/www.africa-press.net\/benin\/politique\/benin-un-recours-de-komi-koutche-rejete-par-la-chambre-dappel-de-la-criet\",\"url\":\"https:\/\/www.africa-press.net\/benin\/politique\/benin-un-recours-de-komi-koutche-rejete-par-la-chambre-dappel-de-la-criet\",\"name\":\"B\u00e9nin: un recours de Komi Koutch\u00e9 rejet\u00e9 par la chambre d\u2019appel de la CRIET - B\u00e9nin\",\"isPartOf\":{\"@id\":\"https:\/\/www.africa-press.net\/benin\/#website\"},\"primaryImageOfPage\":{\"@id\":\"https:\/\/www.africa-press.net\/benin\/politique\/benin-un-recours-de-komi-koutche-rejete-par-la-chambre-dappel-de-la-criet#primaryimage\"},\"image\":{\"@id\":\"https:\/\/www.africa-press.net\/benin\/politique\/benin-un-recours-de-komi-koutche-rejete-par-la-chambre-dappel-de-la-criet#primaryimage\"},\"thumbnailUrl\":\"https:\/\/static.africa-press.net\/benin\/sites\/46\/2022\/08\/postQueueImg_38.jpg\",\"datePublished\":\"2022-08-03T20:03:28+00:00\",\"dateModified\":\"2022-08-03T20:35:37+00:00\",\"author\":{\"@id\":\"https:\/\/www.africa-press.net\/benin\/#\/schema\/person\/2b1cf3cd81a31e3cd26889ca66d677f1\"},\"description\":\"Condamn\u00e9 \u00e0 20 ans de prison par la cour de r\u00e9pression des infractions \u00e9conomiques et du terrorisme, l\u2019ancien ministre de ...\",\"breadcrumb\":{\"@id\":\"https:\/\/www.africa-press.net\/benin\/politique\/benin-un-recours-de-komi-koutche-rejete-par-la-chambre-dappel-de-la-criet#breadcrumb\"},\"inLanguage\":\"fr-FR\",\"potentialAction\":[{\"@type\":\"ReadAction\",\"target\":[\"https:\/\/www.africa-press.net\/benin\/politique\/benin-un-recours-de-komi-koutche-rejete-par-la-chambre-dappel-de-la-criet\"]}]},{\"@type\":\"ImageObject\",\"inLanguage\":\"fr-FR\",\"@id\":\"https:\/\/www.africa-press.net\/benin\/politique\/benin-un-recours-de-komi-koutche-rejete-par-la-chambre-dappel-de-la-criet#primaryimage\",\"url\":\"https:\/\/static.africa-press.net\/benin\/sites\/46\/2022\/08\/postQueueImg_38.jpg\",\"contentUrl\":\"https:\/\/static.africa-press.net\/benin\/sites\/46\/2022\/08\/postQueueImg_38.jpg\",\"width\":1280,\"height\":720,\"caption\":\"B\u00e9nin: un recours de Komi Koutch\u00e9 rejet\u00e9 par la chambre d\u2019appel de la CRIET\"},{\"@type\":\"BreadcrumbList\",\"@id\":\"https:\/\/www.africa-press.net\/benin\/politique\/benin-un-recours-de-komi-koutche-rejete-par-la-chambre-dappel-de-la-criet#breadcrumb\",\"itemListElement\":[{\"@type\":\"ListItem\",\"position\":1,\"name\":\"Accueil\",\"item\":\"https:\/\/www.africa-press.net\/benin\/\"},{\"@type\":\"ListItem\",\"position\":2,\"name\":\"B\u00e9nin: un recours de Komi Koutch\u00e9 rejet\u00e9 par la chambre d\u2019appel de la CRIET\"}]},{\"@type\":\"WebSite\",\"@id\":\"https:\/\/www.africa-press.net\/benin\/#website\",\"url\":\"https:\/\/www.africa-press.net\/benin\/\",\"name\":\"B\u00e9nin\",\"description\":\"Just another Africa News Agency Sites site\",\"potentialAction\":[{\"@type\":\"SearchAction\",\"target\":{\"@type\":\"EntryPoint\",\"urlTemplate\":\"https:\/\/www.africa-press.net\/benin\/?s={search_term_string}\"},\"query-input\":{\"@type\":\"PropertyValueSpecification\",\"valueRequired\":true,\"valueName\":\"search_term_string\"}}],\"inLanguage\":\"fr-FR\"},{\"@type\":\"Person\",\"@id\":\"https:\/\/www.africa-press.net\/benin\/#\/schema\/person\/2b1cf3cd81a31e3cd26889ca66d677f1\",\"name\":\"cfeditorfr\"}]}<\/script>\n<!-- \/ Yoast SEO Premium plugin. -->","yoast_head_json":{"title":"B\u00e9nin: un recours de Komi Koutch\u00e9 rejet\u00e9 par la chambre d\u2019appel de la CRIET - B\u00e9nin","description":"Condamn\u00e9 \u00e0 20 ans de prison par la cour de r\u00e9pression des infractions \u00e9conomiques et du terrorisme, l\u2019ancien ministre de ...","robots":{"index":"index","follow":"follow","max-snippet":"max-snippet:-1","max-image-preview":"max-image-preview:large","max-video-preview":"max-video-preview:-1"},"canonical":"https:\/\/www.africa-press.net\/benin\/politique\/benin-un-recours-de-komi-koutche-rejete-par-la-chambre-dappel-de-la-criet","og_locale":"fr_FR","og_type":"article","og_title":"B\u00e9nin: un recours de Komi Koutch\u00e9 rejet\u00e9 par la chambre d\u2019appel de la CRIET","og_description":"Condamn\u00e9 \u00e0 20 ans de prison par la cour de r\u00e9pression des infractions \u00e9conomiques et du terrorisme, l\u2019ancien ministre de ...","og_url":"https:\/\/www.africa-press.net\/benin\/politique\/benin-un-recours-de-komi-koutche-rejete-par-la-chambre-dappel-de-la-criet","og_site_name":"B\u00e9nin","article_published_time":"2022-08-03T20:03:28+00:00","article_modified_time":"2022-08-03T20:35:37+00:00","og_image":[{"width":1280,"height":720,"url":"https:\/\/static.africa-press.net\/benin\/sites\/46\/2022\/08\/postQueueImg_38.jpg","type":"image\/jpeg"}],"author":"cfeditorfr","twitter_card":"summary_large_image","twitter_misc":{"\u00c9crit par":"cfeditorfr","Dur\u00e9e de lecture estim\u00e9e":"2 minutes"},"schema":{"@context":"https:\/\/schema.org","@graph":[{"@type":"Article","@id":"https:\/\/www.africa-press.net\/benin\/politique\/benin-un-recours-de-komi-koutche-rejete-par-la-chambre-dappel-de-la-criet#article","isPartOf":{"@id":"https:\/\/www.africa-press.net\/benin\/politique\/benin-un-recours-de-komi-koutche-rejete-par-la-chambre-dappel-de-la-criet"},"author":{"name":"cfeditorfr","@id":"https:\/\/www.africa-press.net\/benin\/#\/schema\/person\/2b1cf3cd81a31e3cd26889ca66d677f1"},"headline":"B\u00e9nin: un recours de Komi Koutch\u00e9 rejet\u00e9 par la chambre d\u2019appel de la CRIET","datePublished":"2022-08-03T20:03:28+00:00","dateModified":"2022-08-03T20:35:37+00:00","mainEntityOfPage":{"@id":"https:\/\/www.africa-press.net\/benin\/politique\/benin-un-recours-de-komi-koutche-rejete-par-la-chambre-dappel-de-la-criet"},"wordCount":285,"commentCount":0,"image":{"@id":"https:\/\/www.africa-press.net\/benin\/politique\/benin-un-recours-de-komi-koutche-rejete-par-la-chambre-dappel-de-la-criet#primaryimage"},"thumbnailUrl":"https:\/\/static.africa-press.net\/benin\/sites\/46\/2022\/08\/postQueueImg_38.jpg","keywords":["Africa Press","Africa Press-Benin","B\u00e9nin"],"articleSection":["homepage-french","Politique","Toutes les actualit\u00e9s"],"inLanguage":"fr-FR","potentialAction":[{"@type":"CommentAction","name":"Comment","target":["https:\/\/www.africa-press.net\/benin\/politique\/benin-un-recours-de-komi-koutche-rejete-par-la-chambre-dappel-de-la-criet#respond"]}]},{"@type":"WebPage","@id":"https:\/\/www.africa-press.net\/benin\/politique\/benin-un-recours-de-komi-koutche-rejete-par-la-chambre-dappel-de-la-criet","url":"https:\/\/www.africa-press.net\/benin\/politique\/benin-un-recours-de-komi-koutche-rejete-par-la-chambre-dappel-de-la-criet","name":"B\u00e9nin: un recours de Komi Koutch\u00e9 rejet\u00e9 par la chambre d\u2019appel de la CRIET - B\u00e9nin","isPartOf":{"@id":"https:\/\/www.africa-press.net\/benin\/#website"},"primaryImageOfPage":{"@id":"https:\/\/www.africa-press.net\/benin\/politique\/benin-un-recours-de-komi-koutche-rejete-par-la-chambre-dappel-de-la-criet#primaryimage"},"image":{"@id":"https:\/\/www.africa-press.net\/benin\/politique\/benin-un-recours-de-komi-koutche-rejete-par-la-chambre-dappel-de-la-criet#primaryimage"},"thumbnailUrl":"https:\/\/static.africa-press.net\/benin\/sites\/46\/2022\/08\/postQueueImg_38.jpg","datePublished":"2022-08-03T20:03:28+00:00","dateModified":"2022-08-03T20:35:37+00:00","author":{"@id":"https:\/\/www.africa-press.net\/benin\/#\/schema\/person\/2b1cf3cd81a31e3cd26889ca66d677f1"},"description":"Condamn\u00e9 \u00e0 20 ans de prison par la cour de r\u00e9pression des infractions \u00e9conomiques et du terrorisme, l\u2019ancien ministre de ...","breadcrumb":{"@id":"https:\/\/www.africa-press.net\/benin\/politique\/benin-un-recours-de-komi-koutche-rejete-par-la-chambre-dappel-de-la-criet#breadcrumb"},"inLanguage":"fr-FR","potentialAction":[{"@type":"ReadAction","target":["https:\/\/www.africa-press.net\/benin\/politique\/benin-un-recours-de-komi-koutche-rejete-par-la-chambre-dappel-de-la-criet"]}]},{"@type":"ImageObject","inLanguage":"fr-FR","@id":"https:\/\/www.africa-press.net\/benin\/politique\/benin-un-recours-de-komi-koutche-rejete-par-la-chambre-dappel-de-la-criet#primaryimage","url":"https:\/\/static.africa-press.net\/benin\/sites\/46\/2022\/08\/postQueueImg_38.jpg","contentUrl":"https:\/\/static.africa-press.net\/benin\/sites\/46\/2022\/08\/postQueueImg_38.jpg","width":1280,"height":720,"caption":"B\u00e9nin: un recours de Komi Koutch\u00e9 rejet\u00e9 par la chambre d\u2019appel de la CRIET"},{"@type":"BreadcrumbList","@id":"https:\/\/www.africa-press.net\/benin\/politique\/benin-un-recours-de-komi-koutche-rejete-par-la-chambre-dappel-de-la-criet#breadcrumb","itemListElement":[{"@type":"ListItem","position":1,"name":"Accueil","item":"https:\/\/www.africa-press.net\/benin\/"},{"@type":"ListItem","position":2,"name":"B\u00e9nin: un recours de Komi Koutch\u00e9 rejet\u00e9 par la chambre d\u2019appel de la CRIET"}]},{"@type":"WebSite","@id":"https:\/\/www.africa-press.net\/benin\/#website","url":"https:\/\/www.africa-press.net\/benin\/","name":"B\u00e9nin","description":"Just another Africa News Agency Sites site","potentialAction":[{"@type":"SearchAction","target":{"@type":"EntryPoint","urlTemplate":"https:\/\/www.africa-press.net\/benin\/?s={search_term_string}"},"query-input":{"@type":"PropertyValueSpecification","valueRequired":true,"valueName":"search_term_string"}}],"inLanguage":"fr-FR"},{"@type":"Person","@id":"https:\/\/www.africa-press.net\/benin\/#\/schema\/person\/2b1cf3cd81a31e3cd26889ca66d677f1","name":"cfeditorfr"}]}},"_links":{"self":[{"href":"https:\/\/www.africa-press.net\/benin\/wp-json\/wp\/v2\/posts\/7586","targetHints":{"allow":["GET"]}}],"collection":[{"href":"https:\/\/www.africa-press.net\/benin\/wp-json\/wp\/v2\/posts"}],"about":[{"href":"https:\/\/www.africa-press.net\/benin\/wp-json\/wp\/v2\/types\/post"}],"author":[{"embeddable":true,"href":"https:\/\/www.africa-press.net\/benin\/wp-json\/wp\/v2\/users\/82"}],"replies":[{"embeddable":true,"href":"https:\/\/www.africa-press.net\/benin\/wp-json\/wp\/v2\/comments?post=7586"}],"version-history":[{"count":0,"href":"https:\/\/www.africa-press.net\/benin\/wp-json\/wp\/v2\/posts\/7586\/revisions"}],"wp:featuredmedia":[{"embeddable":true,"href":"https:\/\/www.africa-press.net\/benin\/wp-json\/wp\/v2\/media\/7585"}],"wp:attachment":[{"href":"https:\/\/www.africa-press.net\/benin\/wp-json\/wp\/v2\/media?parent=7586"}],"wp:term":[{"taxonomy":"category","embeddable":true,"href":"https:\/\/www.africa-press.net\/benin\/wp-json\/wp\/v2\/categories?post=7586"},{"taxonomy":"post_tag","embeddable":true,"href":"https:\/\/www.africa-press.net\/benin\/wp-json\/wp\/v2\/tags?post=7586"}],"curies":[{"name":"wp","href":"https:\/\/api.w.org\/{rel}","templated":true}]}}