{"id":7591,"date":"2022-08-03T20:03:37","date_gmt":"2022-08-03T20:03:37","guid":{"rendered":"https:\/\/www.africa-press.net\/benin\/politique\/benin-lappel-de-long-alcrer-aux-partis-politiques-pour-des-legislatives-apaisees"},"modified":"2022-08-03T20:36:15","modified_gmt":"2022-08-03T20:36:15","slug":"benin-lappel-de-long-alcrer-aux-partis-politiques-pour-des-legislatives-apaisees","status":"publish","type":"post","link":"https:\/\/www.africa-press.net\/benin\/politique\/benin-lappel-de-long-alcrer-aux-partis-politiques-pour-des-legislatives-apaisees","title":{"rendered":"B\u00e9nin: l\u2019appel de l\u2019ONG ALCRER aux partis politiques pour des l\u00e9gislatives apais\u00e9es"},"content":{"rendered":"<p><span style=\"color: #ff6600\"><strong>Africa-Press &#8211; Benin. <\/strong><\/span>A quelques mois des \u00e9lections l\u00e9gislatives du 08 janvier 2023, l\u2019ONG ALCRER de Martin Assogba lance un appel aux partis politiques pour des \u00e9lections apais\u00e9es.<\/p>\n<p>L\u2019organisation civile de Monsieur Marti Assogba est pr\u00e9occup\u00e9e des \u00e9lections l\u00e9gislatives de 2023. Dans une lettre ouverte adress\u00e9e aux partis politiques, l\u2019ONG ALCRER exhorte les responsables des partis politiques \u00e0 suivre les directives de la commission \u00e9lectorale nationale autonome (CENA) afin que les \u00e9lections l\u00e9gislatives prochaines soient apais\u00e9es.<\/p>\n<p>Dans sa lettre ouverte, Martin Assogba se fondant sur la derni\u00e8re d\u00e9cision de la CENA relative aux pi\u00e8ces constitutives du dossier de candidature, rappelle aux partis politiques que seuls ceux d\u2019entre-eux qui r\u00e9ussiront \u00e0 r\u00e9unir ses douze (12) pi\u00e8ces pourront participer \u00e0 la comp\u00e9tition.<\/p>\n<p>L\u2019ONG ALCRER invite donc les responsables de ces diff\u00e9rents partis politiques \u00e0 bien lire et saisir le contenu de la d\u00e9cision de la commission \u00e9lectorale nationale autonome (CENA) afin de ces respecter ces directives pour des l\u00e9gislatives qui r\u00e9haussent l\u2019image du pays.<\/p>\n<p>La d\u00e9cision de la CENA sur les pi\u00e8ces constitutives du dossier de candidature<\/p>\n<p><strong>Pour plus d&rsquo;informations et d&rsquo;analyses sur la <a href=\"https:\/\/www.africa-press.net\/benin\">Benin<\/a>, suivez <a href=\"https:\/\/www.africa-press.net\/\">Africa-Press<\/a><\/strong><\/p>\n","protected":false},"excerpt":{"rendered":"<p>Africa-Press &#8211; Benin. A quelques mois des \u00e9lections l\u00e9gislatives du 08 janvier 2023, l\u2019ONG ALCRER de Martin Assogba lance un appel aux partis politiques pour des \u00e9lections apais\u00e9es. L\u2019organisation civile de Monsieur Marti Assogba est pr\u00e9occup\u00e9e des \u00e9lections l\u00e9gislatives de 2023. Dans une lettre ouverte adress\u00e9e aux partis politiques, l\u2019ONG ALCRER exhorte les responsables des [&hellip;]<\/p>\n","protected":false},"author":82,"featured_media":7589,"comment_status":"open","ping_status":"closed","sticky":false,"template":"","format":"standard","meta":{"footnotes":""},"categories":[11,2,10],"tags":[36,50,45],"class_list":["post-7591","post","type-post","status-publish","format-standard","has-post-thumbnail","hentry","category-homepage-french","category-politique","category-toutes-les-actualites","tag-africa-press","tag-africa-press-benin","tag-benin"],"yoast_head":"<!-- This site is optimized with the Yoast SEO Premium plugin v26.1 (Yoast SEO v27.0) - https:\/\/yoast.com\/product\/yoast-seo-premium-wordpress\/ -->\n<title>B\u00e9nin: l\u2019appel de l\u2019ONG ALCRER aux partis politiques pour des l\u00e9gislatives apais\u00e9es - B\u00e9nin<\/title>\n<meta name=\"description\" content=\"A quelques mois des \u00e9lections l\u00e9gislatives du 08 janvier 2023, l\u2019ONG ALCRER de Martin Assogba lance un appel aux partis ...\" \/>\n<meta name=\"robots\" content=\"index, follow, max-snippet:-1, max-image-preview:large, max-video-preview:-1\" \/>\n<link rel=\"canonical\" href=\"https:\/\/www.africa-press.net\/benin\/politique\/benin-lappel-de-long-alcrer-aux-partis-politiques-pour-des-legislatives-apaisees\" \/>\n<meta property=\"og:locale\" content=\"fr_FR\" \/>\n<meta property=\"og:type\" content=\"article\" \/>\n<meta property=\"og:title\" content=\"B\u00e9nin: l\u2019appel de l\u2019ONG ALCRER aux partis politiques pour des l\u00e9gislatives apais\u00e9es\" \/>\n<meta property=\"og:description\" content=\"A quelques mois des \u00e9lections l\u00e9gislatives du 08 janvier 2023, l\u2019ONG ALCRER de Martin Assogba lance un appel aux partis ...\" \/>\n<meta property=\"og:url\" content=\"https:\/\/www.africa-press.net\/benin\/politique\/benin-lappel-de-long-alcrer-aux-partis-politiques-pour-des-legislatives-apaisees\" \/>\n<meta property=\"og:site_name\" content=\"B\u00e9nin\" \/>\n<meta property=\"article:published_time\" content=\"2022-08-03T20:03:37+00:00\" \/>\n<meta property=\"article:modified_time\" content=\"2022-08-03T20:36:15+00:00\" \/>\n<meta property=\"og:image\" content=\"https:\/\/static.africa-press.net\/benin\/sites\/46\/2022\/08\/postQueueImg_39.jpg\" \/>\n\t<meta property=\"og:image:width\" content=\"1200\" \/>\n\t<meta property=\"og:image:height\" content=\"675\" \/>\n\t<meta property=\"og:image:type\" content=\"image\/jpeg\" \/>\n<meta name=\"author\" content=\"cfeditorfr\" \/>\n<meta name=\"twitter:card\" content=\"summary_large_image\" \/>\n<meta name=\"twitter:label1\" content=\"\u00c9crit par\" \/>\n\t<meta name=\"twitter:data1\" content=\"cfeditorfr\" \/>\n\t<meta name=\"twitter:label2\" content=\"Dur\u00e9e de lecture estim\u00e9e\" \/>\n\t<meta name=\"twitter:data2\" content=\"1 minute\" \/>\n<script type=\"application\/ld+json\" class=\"yoast-schema-graph\">{\"@context\":\"https:\/\/schema.org\",\"@graph\":[{\"@type\":\"Article\",\"@id\":\"https:\/\/www.africa-press.net\/benin\/politique\/benin-lappel-de-long-alcrer-aux-partis-politiques-pour-des-legislatives-apaisees#article\",\"isPartOf\":{\"@id\":\"https:\/\/www.africa-press.net\/benin\/politique\/benin-lappel-de-long-alcrer-aux-partis-politiques-pour-des-legislatives-apaisees\"},\"author\":{\"name\":\"cfeditorfr\",\"@id\":\"https:\/\/www.africa-press.net\/benin\/#\/schema\/person\/2b1cf3cd81a31e3cd26889ca66d677f1\"},\"headline\":\"B\u00e9nin: l\u2019appel de l\u2019ONG ALCRER aux partis politiques pour des l\u00e9gislatives apais\u00e9es\",\"datePublished\":\"2022-08-03T20:03:37+00:00\",\"dateModified\":\"2022-08-03T20:36:15+00:00\",\"mainEntityOfPage\":{\"@id\":\"https:\/\/www.africa-press.net\/benin\/politique\/benin-lappel-de-long-alcrer-aux-partis-politiques-pour-des-legislatives-apaisees\"},\"wordCount\":223,\"commentCount\":0,\"image\":{\"@id\":\"https:\/\/www.africa-press.net\/benin\/politique\/benin-lappel-de-long-alcrer-aux-partis-politiques-pour-des-legislatives-apaisees#primaryimage\"},\"thumbnailUrl\":\"https:\/\/static.africa-press.net\/benin\/sites\/46\/2022\/08\/postQueueImg_39.jpg\",\"keywords\":[\"Africa Press\",\"Africa Press-Benin\",\"B\u00e9nin\"],\"articleSection\":[\"homepage-french\",\"Politique\",\"Toutes les actualit\u00e9s\"],\"inLanguage\":\"fr-FR\",\"potentialAction\":[{\"@type\":\"CommentAction\",\"name\":\"Comment\",\"target\":[\"https:\/\/www.africa-press.net\/benin\/politique\/benin-lappel-de-long-alcrer-aux-partis-politiques-pour-des-legislatives-apaisees#respond\"]}]},{\"@type\":\"WebPage\",\"@id\":\"https:\/\/www.africa-press.net\/benin\/politique\/benin-lappel-de-long-alcrer-aux-partis-politiques-pour-des-legislatives-apaisees\",\"url\":\"https:\/\/www.africa-press.net\/benin\/politique\/benin-lappel-de-long-alcrer-aux-partis-politiques-pour-des-legislatives-apaisees\",\"name\":\"B\u00e9nin: l\u2019appel de l\u2019ONG ALCRER aux partis politiques pour des l\u00e9gislatives apais\u00e9es - B\u00e9nin\",\"isPartOf\":{\"@id\":\"https:\/\/www.africa-press.net\/benin\/#website\"},\"primaryImageOfPage\":{\"@id\":\"https:\/\/www.africa-press.net\/benin\/politique\/benin-lappel-de-long-alcrer-aux-partis-politiques-pour-des-legislatives-apaisees#primaryimage\"},\"image\":{\"@id\":\"https:\/\/www.africa-press.net\/benin\/politique\/benin-lappel-de-long-alcrer-aux-partis-politiques-pour-des-legislatives-apaisees#primaryimage\"},\"thumbnailUrl\":\"https:\/\/static.africa-press.net\/benin\/sites\/46\/2022\/08\/postQueueImg_39.jpg\",\"datePublished\":\"2022-08-03T20:03:37+00:00\",\"dateModified\":\"2022-08-03T20:36:15+00:00\",\"author\":{\"@id\":\"https:\/\/www.africa-press.net\/benin\/#\/schema\/person\/2b1cf3cd81a31e3cd26889ca66d677f1\"},\"description\":\"A quelques mois des \u00e9lections l\u00e9gislatives du 08 janvier 2023, l\u2019ONG ALCRER de Martin Assogba lance un appel aux partis ...\",\"breadcrumb\":{\"@id\":\"https:\/\/www.africa-press.net\/benin\/politique\/benin-lappel-de-long-alcrer-aux-partis-politiques-pour-des-legislatives-apaisees#breadcrumb\"},\"inLanguage\":\"fr-FR\",\"potentialAction\":[{\"@type\":\"ReadAction\",\"target\":[\"https:\/\/www.africa-press.net\/benin\/politique\/benin-lappel-de-long-alcrer-aux-partis-politiques-pour-des-legislatives-apaisees\"]}]},{\"@type\":\"ImageObject\",\"inLanguage\":\"fr-FR\",\"@id\":\"https:\/\/www.africa-press.net\/benin\/politique\/benin-lappel-de-long-alcrer-aux-partis-politiques-pour-des-legislatives-apaisees#primaryimage\",\"url\":\"https:\/\/static.africa-press.net\/benin\/sites\/46\/2022\/08\/postQueueImg_39.jpg\",\"contentUrl\":\"https:\/\/static.africa-press.net\/benin\/sites\/46\/2022\/08\/postQueueImg_39.jpg\",\"width\":1200,\"height\":675,\"caption\":\"B\u00e9nin: l\u2019appel de l\u2019ONG ALCRER aux partis politiques pour des l\u00e9gislatives apais\u00e9es\"},{\"@type\":\"BreadcrumbList\",\"@id\":\"https:\/\/www.africa-press.net\/benin\/politique\/benin-lappel-de-long-alcrer-aux-partis-politiques-pour-des-legislatives-apaisees#breadcrumb\",\"itemListElement\":[{\"@type\":\"ListItem\",\"position\":1,\"name\":\"Accueil\",\"item\":\"https:\/\/www.africa-press.net\/benin\/\"},{\"@type\":\"ListItem\",\"position\":2,\"name\":\"B\u00e9nin: l\u2019appel de l\u2019ONG ALCRER aux partis politiques pour des l\u00e9gislatives apais\u00e9es\"}]},{\"@type\":\"WebSite\",\"@id\":\"https:\/\/www.africa-press.net\/benin\/#website\",\"url\":\"https:\/\/www.africa-press.net\/benin\/\",\"name\":\"B\u00e9nin\",\"description\":\"Just another Africa News Agency Sites site\",\"potentialAction\":[{\"@type\":\"SearchAction\",\"target\":{\"@type\":\"EntryPoint\",\"urlTemplate\":\"https:\/\/www.africa-press.net\/benin\/?s={search_term_string}\"},\"query-input\":{\"@type\":\"PropertyValueSpecification\",\"valueRequired\":true,\"valueName\":\"search_term_string\"}}],\"inLanguage\":\"fr-FR\"},{\"@type\":\"Person\",\"@id\":\"https:\/\/www.africa-press.net\/benin\/#\/schema\/person\/2b1cf3cd81a31e3cd26889ca66d677f1\",\"name\":\"cfeditorfr\"}]}<\/script>\n<!-- \/ Yoast SEO Premium plugin. -->","yoast_head_json":{"title":"B\u00e9nin: l\u2019appel de l\u2019ONG ALCRER aux partis politiques pour des l\u00e9gislatives apais\u00e9es - B\u00e9nin","description":"A quelques mois des \u00e9lections l\u00e9gislatives du 08 janvier 2023, l\u2019ONG ALCRER de Martin Assogba lance un appel aux partis ...","robots":{"index":"index","follow":"follow","max-snippet":"max-snippet:-1","max-image-preview":"max-image-preview:large","max-video-preview":"max-video-preview:-1"},"canonical":"https:\/\/www.africa-press.net\/benin\/politique\/benin-lappel-de-long-alcrer-aux-partis-politiques-pour-des-legislatives-apaisees","og_locale":"fr_FR","og_type":"article","og_title":"B\u00e9nin: l\u2019appel de l\u2019ONG ALCRER aux partis politiques pour des l\u00e9gislatives apais\u00e9es","og_description":"A quelques mois des \u00e9lections l\u00e9gislatives du 08 janvier 2023, l\u2019ONG ALCRER de Martin Assogba lance un appel aux partis ...","og_url":"https:\/\/www.africa-press.net\/benin\/politique\/benin-lappel-de-long-alcrer-aux-partis-politiques-pour-des-legislatives-apaisees","og_site_name":"B\u00e9nin","article_published_time":"2022-08-03T20:03:37+00:00","article_modified_time":"2022-08-03T20:36:15+00:00","og_image":[{"width":1200,"height":675,"url":"https:\/\/static.africa-press.net\/benin\/sites\/46\/2022\/08\/postQueueImg_39.jpg","type":"image\/jpeg"}],"author":"cfeditorfr","twitter_card":"summary_large_image","twitter_misc":{"\u00c9crit par":"cfeditorfr","Dur\u00e9e de lecture estim\u00e9e":"1 minute"},"schema":{"@context":"https:\/\/schema.org","@graph":[{"@type":"Article","@id":"https:\/\/www.africa-press.net\/benin\/politique\/benin-lappel-de-long-alcrer-aux-partis-politiques-pour-des-legislatives-apaisees#article","isPartOf":{"@id":"https:\/\/www.africa-press.net\/benin\/politique\/benin-lappel-de-long-alcrer-aux-partis-politiques-pour-des-legislatives-apaisees"},"author":{"name":"cfeditorfr","@id":"https:\/\/www.africa-press.net\/benin\/#\/schema\/person\/2b1cf3cd81a31e3cd26889ca66d677f1"},"headline":"B\u00e9nin: l\u2019appel de l\u2019ONG ALCRER aux partis politiques pour des l\u00e9gislatives apais\u00e9es","datePublished":"2022-08-03T20:03:37+00:00","dateModified":"2022-08-03T20:36:15+00:00","mainEntityOfPage":{"@id":"https:\/\/www.africa-press.net\/benin\/politique\/benin-lappel-de-long-alcrer-aux-partis-politiques-pour-des-legislatives-apaisees"},"wordCount":223,"commentCount":0,"image":{"@id":"https:\/\/www.africa-press.net\/benin\/politique\/benin-lappel-de-long-alcrer-aux-partis-politiques-pour-des-legislatives-apaisees#primaryimage"},"thumbnailUrl":"https:\/\/static.africa-press.net\/benin\/sites\/46\/2022\/08\/postQueueImg_39.jpg","keywords":["Africa Press","Africa Press-Benin","B\u00e9nin"],"articleSection":["homepage-french","Politique","Toutes les actualit\u00e9s"],"inLanguage":"fr-FR","potentialAction":[{"@type":"CommentAction","name":"Comment","target":["https:\/\/www.africa-press.net\/benin\/politique\/benin-lappel-de-long-alcrer-aux-partis-politiques-pour-des-legislatives-apaisees#respond"]}]},{"@type":"WebPage","@id":"https:\/\/www.africa-press.net\/benin\/politique\/benin-lappel-de-long-alcrer-aux-partis-politiques-pour-des-legislatives-apaisees","url":"https:\/\/www.africa-press.net\/benin\/politique\/benin-lappel-de-long-alcrer-aux-partis-politiques-pour-des-legislatives-apaisees","name":"B\u00e9nin: l\u2019appel de l\u2019ONG ALCRER aux partis politiques pour des l\u00e9gislatives apais\u00e9es - B\u00e9nin","isPartOf":{"@id":"https:\/\/www.africa-press.net\/benin\/#website"},"primaryImageOfPage":{"@id":"https:\/\/www.africa-press.net\/benin\/politique\/benin-lappel-de-long-alcrer-aux-partis-politiques-pour-des-legislatives-apaisees#primaryimage"},"image":{"@id":"https:\/\/www.africa-press.net\/benin\/politique\/benin-lappel-de-long-alcrer-aux-partis-politiques-pour-des-legislatives-apaisees#primaryimage"},"thumbnailUrl":"https:\/\/static.africa-press.net\/benin\/sites\/46\/2022\/08\/postQueueImg_39.jpg","datePublished":"2022-08-03T20:03:37+00:00","dateModified":"2022-08-03T20:36:15+00:00","author":{"@id":"https:\/\/www.africa-press.net\/benin\/#\/schema\/person\/2b1cf3cd81a31e3cd26889ca66d677f1"},"description":"A quelques mois des \u00e9lections l\u00e9gislatives du 08 janvier 2023, l\u2019ONG ALCRER de Martin Assogba lance un appel aux partis ...","breadcrumb":{"@id":"https:\/\/www.africa-press.net\/benin\/politique\/benin-lappel-de-long-alcrer-aux-partis-politiques-pour-des-legislatives-apaisees#breadcrumb"},"inLanguage":"fr-FR","potentialAction":[{"@type":"ReadAction","target":["https:\/\/www.africa-press.net\/benin\/politique\/benin-lappel-de-long-alcrer-aux-partis-politiques-pour-des-legislatives-apaisees"]}]},{"@type":"ImageObject","inLanguage":"fr-FR","@id":"https:\/\/www.africa-press.net\/benin\/politique\/benin-lappel-de-long-alcrer-aux-partis-politiques-pour-des-legislatives-apaisees#primaryimage","url":"https:\/\/static.africa-press.net\/benin\/sites\/46\/2022\/08\/postQueueImg_39.jpg","contentUrl":"https:\/\/static.africa-press.net\/benin\/sites\/46\/2022\/08\/postQueueImg_39.jpg","width":1200,"height":675,"caption":"B\u00e9nin: l\u2019appel de l\u2019ONG ALCRER aux partis politiques pour des l\u00e9gislatives apais\u00e9es"},{"@type":"BreadcrumbList","@id":"https:\/\/www.africa-press.net\/benin\/politique\/benin-lappel-de-long-alcrer-aux-partis-politiques-pour-des-legislatives-apaisees#breadcrumb","itemListElement":[{"@type":"ListItem","position":1,"name":"Accueil","item":"https:\/\/www.africa-press.net\/benin\/"},{"@type":"ListItem","position":2,"name":"B\u00e9nin: l\u2019appel de l\u2019ONG ALCRER aux partis politiques pour des l\u00e9gislatives apais\u00e9es"}]},{"@type":"WebSite","@id":"https:\/\/www.africa-press.net\/benin\/#website","url":"https:\/\/www.africa-press.net\/benin\/","name":"B\u00e9nin","description":"Just another Africa News Agency Sites site","potentialAction":[{"@type":"SearchAction","target":{"@type":"EntryPoint","urlTemplate":"https:\/\/www.africa-press.net\/benin\/?s={search_term_string}"},"query-input":{"@type":"PropertyValueSpecification","valueRequired":true,"valueName":"search_term_string"}}],"inLanguage":"fr-FR"},{"@type":"Person","@id":"https:\/\/www.africa-press.net\/benin\/#\/schema\/person\/2b1cf3cd81a31e3cd26889ca66d677f1","name":"cfeditorfr"}]}},"_links":{"self":[{"href":"https:\/\/www.africa-press.net\/benin\/wp-json\/wp\/v2\/posts\/7591","targetHints":{"allow":["GET"]}}],"collection":[{"href":"https:\/\/www.africa-press.net\/benin\/wp-json\/wp\/v2\/posts"}],"about":[{"href":"https:\/\/www.africa-press.net\/benin\/wp-json\/wp\/v2\/types\/post"}],"author":[{"embeddable":true,"href":"https:\/\/www.africa-press.net\/benin\/wp-json\/wp\/v2\/users\/82"}],"replies":[{"embeddable":true,"href":"https:\/\/www.africa-press.net\/benin\/wp-json\/wp\/v2\/comments?post=7591"}],"version-history":[{"count":0,"href":"https:\/\/www.africa-press.net\/benin\/wp-json\/wp\/v2\/posts\/7591\/revisions"}],"wp:featuredmedia":[{"embeddable":true,"href":"https:\/\/www.africa-press.net\/benin\/wp-json\/wp\/v2\/media\/7589"}],"wp:attachment":[{"href":"https:\/\/www.africa-press.net\/benin\/wp-json\/wp\/v2\/media?parent=7591"}],"wp:term":[{"taxonomy":"category","embeddable":true,"href":"https:\/\/www.africa-press.net\/benin\/wp-json\/wp\/v2\/categories?post=7591"},{"taxonomy":"post_tag","embeddable":true,"href":"https:\/\/www.africa-press.net\/benin\/wp-json\/wp\/v2\/tags?post=7591"}],"curies":[{"name":"wp","href":"https:\/\/api.w.org\/{rel}","templated":true}]}}