{"id":7657,"date":"2022-08-04T19:51:14","date_gmt":"2022-08-04T19:51:14","guid":{"rendered":"https:\/\/www.africa-press.net\/benin\/politique\/benin-dates-et-conditions-dacces-aux-concours-dentree-dans-les-ecoles"},"modified":"2022-08-04T20:10:29","modified_gmt":"2022-08-04T20:10:29","slug":"benin-dates-et-conditions-dacces-aux-concours-dentree-dans-les-ecoles","status":"publish","type":"post","link":"https:\/\/www.africa-press.net\/benin\/toutes-les-actualites\/benin-dates-et-conditions-dacces-aux-concours-dentree-dans-les-ecoles","title":{"rendered":"B\u00e9nin : dates et conditions d\u2019acc\u00e8s aux Concours d\u2019entr\u00e9e dans les \u00e9coles"},"content":{"rendered":"<p><span style=\"color: #ff6600\"><strong>Africa-Press &#8211; Benin. <\/strong><\/span>Les concours d\u2019entr\u00e9e dans les \u00e9coles des universit\u00e9s publiques sont lanc\u00e9s au profit des nouveaux bacheliers. C\u2019est par un communiqu\u00e9 radio en date du mercredi 03 Ao\u00fbt 2022, que le ministre de l\u2019enseignement sup\u00e9rieur et de la recherche scientifique a communiqu\u00e9 les dates et conditions d\u2019acc\u00e8s \u00e0 ces concours.<\/p>\n<p>Apr\u00e8s l\u2019obtention du baccalaur\u00e9at, le choix de la fili\u00e8re devient une autre \u00e9quation pour les nouveaux bacheliers. Faire les \u00e9coles des universit\u00e9s publiques devient le r\u00eave de beaucoup de parents. L\u2019acc\u00e8s \u00e0 ces \u00e9coles est souvent conditionn\u00e9 \u00e0 la participation \u00e0 une s\u00e9lection.<\/p>\n<p>A travers un communiqu\u00e9 rendu public ce mercredi, le ministre El\u00e9onore Yayi Ladekan annonce les dates et conditions pour participer \u00e0 la s\u00e9lection qui donne droit d\u2019entr\u00e9e dans les \u00e9coles des universit\u00e9s publiques.<\/p>\n<p>\u00ab Il est port\u00e9 \u00e0 l\u2019attention des nouveaux bacheliers de nationalit\u00e9 b\u00e9ninoise, \u00e2g\u00e9s de 21ans au plus au 31 d\u00e9cembre 2022, et ayant obtenu, au moins, la mention assez-bien au BAC session de 2021 ou de 2022, qu\u2019il se proc\u00e9d\u00e9 au recrutement sur concours afin d\u2019entrer en 1\u00e8re ann\u00e9e des Ecoles ou instituts des Universit\u00e9s publiques du B\u00e9nin\u00ab , peut-on lire dans le communiqu\u00e9 du ministre.<\/p>\n<p>La date limite de d\u00e9p\u00f4t des dossiers pour prendre part \u00e0 ces concours est fix\u00e9e au vendredi 12 ao\u00fbt 2022 \u00e0 17 heures pr\u00e9cises. Les dates de d\u00e9roulement desdits concours sont les suivantes :<\/p>\n<p>Par ailleurs, les candidats sont appel\u00e9s \u00e0 composer dans les villes ou centres de composition ci apr\u00e8s:<\/p>\n<p>Les candidats aux diff\u00e9rents concours sont pri\u00e9s de d\u00e9poser les dossiers de candidature \u00e0 l\u2019ENS Natitingou, l\u2019IFSIO Parakou, l\u2019ENSET Lokossa, l\u2019ENSTP Abomey, l\u2019INMeS de Cotonou et l\u2019ENS Porto-Novo. Trouvez ci-dessous les autres informations utiles pour ces concours.<\/p>\n<p>Concours d\u2019entr\u00e9e dans les \u00e9coles universitaires<\/p>\n<p><strong>Pour plus d&rsquo;informations et d&rsquo;analyses sur la <a href=\"https:\/\/www.africa-press.net\/benin\">Benin<\/a>, suivez <a href=\"https:\/\/www.africa-press.net\/\">Africa-Press<\/a><\/strong><\/p>\n","protected":false},"excerpt":{"rendered":"<p>Africa-Press &#8211; Benin. Les concours d\u2019entr\u00e9e dans les \u00e9coles des universit\u00e9s publiques sont lanc\u00e9s au profit des nouveaux bacheliers. C\u2019est par un communiqu\u00e9 radio en date du mercredi 03 Ao\u00fbt 2022, que le ministre de l\u2019enseignement sup\u00e9rieur et de la recherche scientifique a communiqu\u00e9 les dates et conditions d\u2019acc\u00e8s \u00e0 ces concours. Apr\u00e8s l\u2019obtention du [&hellip;]<\/p>\n","protected":false},"author":82,"featured_media":7656,"comment_status":"open","ping_status":"closed","sticky":false,"template":"","format":"standard","meta":{"footnotes":""},"categories":[21,11,10],"tags":[36,50,45],"class_list":["post-7657","post","type-post","status-publish","format-standard","has-post-thumbnail","hentry","category-communaute","category-homepage-french","category-toutes-les-actualites","tag-africa-press","tag-africa-press-benin","tag-benin"],"yoast_head":"<!-- This site is optimized with the Yoast SEO Premium plugin v26.1 (Yoast SEO v27.0) - https:\/\/yoast.com\/product\/yoast-seo-premium-wordpress\/ -->\n<title>B\u00e9nin : dates et conditions d\u2019acc\u00e8s aux Concours d\u2019entr\u00e9e dans les \u00e9coles - B\u00e9nin<\/title>\n<meta name=\"description\" content=\"Les concours d\u2019entr\u00e9e dans les \u00e9coles des universit\u00e9s publiques sont lanc\u00e9s au profit des nouveaux bacheliers. C\u2019est par ...\" \/>\n<meta name=\"robots\" content=\"index, follow, max-snippet:-1, max-image-preview:large, max-video-preview:-1\" \/>\n<link rel=\"canonical\" href=\"https:\/\/www.africa-press.net\/benin\/toutes-les-actualites\/benin-dates-et-conditions-dacces-aux-concours-dentree-dans-les-ecoles\" \/>\n<meta property=\"og:locale\" content=\"fr_FR\" \/>\n<meta property=\"og:type\" content=\"article\" \/>\n<meta property=\"og:title\" content=\"B\u00e9nin : dates et conditions d\u2019acc\u00e8s aux Concours d\u2019entr\u00e9e dans les \u00e9coles\" \/>\n<meta property=\"og:description\" content=\"Les concours d\u2019entr\u00e9e dans les \u00e9coles des universit\u00e9s publiques sont lanc\u00e9s au profit des nouveaux bacheliers. C\u2019est par ...\" \/>\n<meta property=\"og:url\" content=\"https:\/\/www.africa-press.net\/benin\/toutes-les-actualites\/benin-dates-et-conditions-dacces-aux-concours-dentree-dans-les-ecoles\" \/>\n<meta property=\"og:site_name\" content=\"B\u00e9nin\" \/>\n<meta property=\"article:published_time\" content=\"2022-08-04T19:51:14+00:00\" \/>\n<meta property=\"article:modified_time\" content=\"2022-08-04T20:10:29+00:00\" \/>\n<meta property=\"og:image\" content=\"https:\/\/static.africa-press.net\/benin\/sites\/46\/2022\/08\/postQueueImg_23-62ec27887b7e2.jpg\" \/>\n\t<meta property=\"og:image:width\" content=\"1300\" \/>\n\t<meta property=\"og:image:height\" content=\"869\" \/>\n\t<meta property=\"og:image:type\" content=\"image\/jpeg\" \/>\n<meta name=\"author\" content=\"cfeditorfr\" \/>\n<meta name=\"twitter:card\" content=\"summary_large_image\" \/>\n<meta name=\"twitter:label1\" content=\"\u00c9crit par\" \/>\n\t<meta name=\"twitter:data1\" content=\"cfeditorfr\" \/>\n\t<meta name=\"twitter:label2\" content=\"Dur\u00e9e de lecture estim\u00e9e\" \/>\n\t<meta name=\"twitter:data2\" content=\"2 minutes\" \/>\n<script type=\"application\/ld+json\" class=\"yoast-schema-graph\">{\"@context\":\"https:\/\/schema.org\",\"@graph\":[{\"@type\":\"Article\",\"@id\":\"https:\/\/www.africa-press.net\/benin\/toutes-les-actualites\/benin-dates-et-conditions-dacces-aux-concours-dentree-dans-les-ecoles#article\",\"isPartOf\":{\"@id\":\"https:\/\/www.africa-press.net\/benin\/toutes-les-actualites\/benin-dates-et-conditions-dacces-aux-concours-dentree-dans-les-ecoles\"},\"author\":{\"name\":\"cfeditorfr\",\"@id\":\"https:\/\/www.africa-press.net\/benin\/#\/schema\/person\/2b1cf3cd81a31e3cd26889ca66d677f1\"},\"headline\":\"B\u00e9nin : dates et conditions d\u2019acc\u00e8s aux Concours d\u2019entr\u00e9e dans les \u00e9coles\",\"datePublished\":\"2022-08-04T19:51:14+00:00\",\"dateModified\":\"2022-08-04T20:10:29+00:00\",\"mainEntityOfPage\":{\"@id\":\"https:\/\/www.africa-press.net\/benin\/toutes-les-actualites\/benin-dates-et-conditions-dacces-aux-concours-dentree-dans-les-ecoles\"},\"wordCount\":347,\"commentCount\":1,\"image\":{\"@id\":\"https:\/\/www.africa-press.net\/benin\/toutes-les-actualites\/benin-dates-et-conditions-dacces-aux-concours-dentree-dans-les-ecoles#primaryimage\"},\"thumbnailUrl\":\"https:\/\/static.africa-press.net\/benin\/sites\/46\/2022\/08\/postQueueImg_23-62ec27887b7e2.jpg\",\"keywords\":[\"Africa Press\",\"Africa Press-Benin\",\"B\u00e9nin\"],\"articleSection\":[\"Communaut\u00e9\",\"homepage-french\",\"Toutes les actualit\u00e9s\"],\"inLanguage\":\"fr-FR\",\"potentialAction\":[{\"@type\":\"CommentAction\",\"name\":\"Comment\",\"target\":[\"https:\/\/www.africa-press.net\/benin\/toutes-les-actualites\/benin-dates-et-conditions-dacces-aux-concours-dentree-dans-les-ecoles#respond\"]}]},{\"@type\":\"WebPage\",\"@id\":\"https:\/\/www.africa-press.net\/benin\/toutes-les-actualites\/benin-dates-et-conditions-dacces-aux-concours-dentree-dans-les-ecoles\",\"url\":\"https:\/\/www.africa-press.net\/benin\/toutes-les-actualites\/benin-dates-et-conditions-dacces-aux-concours-dentree-dans-les-ecoles\",\"name\":\"B\u00e9nin : dates et conditions d\u2019acc\u00e8s aux Concours d\u2019entr\u00e9e dans les \u00e9coles - B\u00e9nin\",\"isPartOf\":{\"@id\":\"https:\/\/www.africa-press.net\/benin\/#website\"},\"primaryImageOfPage\":{\"@id\":\"https:\/\/www.africa-press.net\/benin\/toutes-les-actualites\/benin-dates-et-conditions-dacces-aux-concours-dentree-dans-les-ecoles#primaryimage\"},\"image\":{\"@id\":\"https:\/\/www.africa-press.net\/benin\/toutes-les-actualites\/benin-dates-et-conditions-dacces-aux-concours-dentree-dans-les-ecoles#primaryimage\"},\"thumbnailUrl\":\"https:\/\/static.africa-press.net\/benin\/sites\/46\/2022\/08\/postQueueImg_23-62ec27887b7e2.jpg\",\"datePublished\":\"2022-08-04T19:51:14+00:00\",\"dateModified\":\"2022-08-04T20:10:29+00:00\",\"author\":{\"@id\":\"https:\/\/www.africa-press.net\/benin\/#\/schema\/person\/2b1cf3cd81a31e3cd26889ca66d677f1\"},\"description\":\"Les concours d\u2019entr\u00e9e dans les \u00e9coles des universit\u00e9s publiques sont lanc\u00e9s au profit des nouveaux bacheliers. C\u2019est par ...\",\"breadcrumb\":{\"@id\":\"https:\/\/www.africa-press.net\/benin\/toutes-les-actualites\/benin-dates-et-conditions-dacces-aux-concours-dentree-dans-les-ecoles#breadcrumb\"},\"inLanguage\":\"fr-FR\",\"potentialAction\":[{\"@type\":\"ReadAction\",\"target\":[\"https:\/\/www.africa-press.net\/benin\/toutes-les-actualites\/benin-dates-et-conditions-dacces-aux-concours-dentree-dans-les-ecoles\"]}]},{\"@type\":\"ImageObject\",\"inLanguage\":\"fr-FR\",\"@id\":\"https:\/\/www.africa-press.net\/benin\/toutes-les-actualites\/benin-dates-et-conditions-dacces-aux-concours-dentree-dans-les-ecoles#primaryimage\",\"url\":\"https:\/\/static.africa-press.net\/benin\/sites\/46\/2022\/08\/postQueueImg_23-62ec27887b7e2.jpg\",\"contentUrl\":\"https:\/\/static.africa-press.net\/benin\/sites\/46\/2022\/08\/postQueueImg_23-62ec27887b7e2.jpg\",\"width\":1300,\"height\":869,\"caption\":\"B\u00e9nin : dates et conditions d\u2019acc\u00e8s aux Concours d\u2019entr\u00e9e dans les \u00e9coles\"},{\"@type\":\"BreadcrumbList\",\"@id\":\"https:\/\/www.africa-press.net\/benin\/toutes-les-actualites\/benin-dates-et-conditions-dacces-aux-concours-dentree-dans-les-ecoles#breadcrumb\",\"itemListElement\":[{\"@type\":\"ListItem\",\"position\":1,\"name\":\"Accueil\",\"item\":\"https:\/\/www.africa-press.net\/benin\/\"},{\"@type\":\"ListItem\",\"position\":2,\"name\":\"B\u00e9nin : dates et conditions d\u2019acc\u00e8s aux Concours d\u2019entr\u00e9e dans les \u00e9coles\"}]},{\"@type\":\"WebSite\",\"@id\":\"https:\/\/www.africa-press.net\/benin\/#website\",\"url\":\"https:\/\/www.africa-press.net\/benin\/\",\"name\":\"B\u00e9nin\",\"description\":\"Just another Africa News Agency Sites site\",\"potentialAction\":[{\"@type\":\"SearchAction\",\"target\":{\"@type\":\"EntryPoint\",\"urlTemplate\":\"https:\/\/www.africa-press.net\/benin\/?s={search_term_string}\"},\"query-input\":{\"@type\":\"PropertyValueSpecification\",\"valueRequired\":true,\"valueName\":\"search_term_string\"}}],\"inLanguage\":\"fr-FR\"},{\"@type\":\"Person\",\"@id\":\"https:\/\/www.africa-press.net\/benin\/#\/schema\/person\/2b1cf3cd81a31e3cd26889ca66d677f1\",\"name\":\"cfeditorfr\"}]}<\/script>\n<!-- \/ Yoast SEO Premium plugin. -->","yoast_head_json":{"title":"B\u00e9nin : dates et conditions d\u2019acc\u00e8s aux Concours d\u2019entr\u00e9e dans les \u00e9coles - B\u00e9nin","description":"Les concours d\u2019entr\u00e9e dans les \u00e9coles des universit\u00e9s publiques sont lanc\u00e9s au profit des nouveaux bacheliers. C\u2019est par ...","robots":{"index":"index","follow":"follow","max-snippet":"max-snippet:-1","max-image-preview":"max-image-preview:large","max-video-preview":"max-video-preview:-1"},"canonical":"https:\/\/www.africa-press.net\/benin\/toutes-les-actualites\/benin-dates-et-conditions-dacces-aux-concours-dentree-dans-les-ecoles","og_locale":"fr_FR","og_type":"article","og_title":"B\u00e9nin : dates et conditions d\u2019acc\u00e8s aux Concours d\u2019entr\u00e9e dans les \u00e9coles","og_description":"Les concours d\u2019entr\u00e9e dans les \u00e9coles des universit\u00e9s publiques sont lanc\u00e9s au profit des nouveaux bacheliers. C\u2019est par ...","og_url":"https:\/\/www.africa-press.net\/benin\/toutes-les-actualites\/benin-dates-et-conditions-dacces-aux-concours-dentree-dans-les-ecoles","og_site_name":"B\u00e9nin","article_published_time":"2022-08-04T19:51:14+00:00","article_modified_time":"2022-08-04T20:10:29+00:00","og_image":[{"width":1300,"height":869,"url":"https:\/\/static.africa-press.net\/benin\/sites\/46\/2022\/08\/postQueueImg_23-62ec27887b7e2.jpg","type":"image\/jpeg"}],"author":"cfeditorfr","twitter_card":"summary_large_image","twitter_misc":{"\u00c9crit par":"cfeditorfr","Dur\u00e9e de lecture estim\u00e9e":"2 minutes"},"schema":{"@context":"https:\/\/schema.org","@graph":[{"@type":"Article","@id":"https:\/\/www.africa-press.net\/benin\/toutes-les-actualites\/benin-dates-et-conditions-dacces-aux-concours-dentree-dans-les-ecoles#article","isPartOf":{"@id":"https:\/\/www.africa-press.net\/benin\/toutes-les-actualites\/benin-dates-et-conditions-dacces-aux-concours-dentree-dans-les-ecoles"},"author":{"name":"cfeditorfr","@id":"https:\/\/www.africa-press.net\/benin\/#\/schema\/person\/2b1cf3cd81a31e3cd26889ca66d677f1"},"headline":"B\u00e9nin : dates et conditions d\u2019acc\u00e8s aux Concours d\u2019entr\u00e9e dans les \u00e9coles","datePublished":"2022-08-04T19:51:14+00:00","dateModified":"2022-08-04T20:10:29+00:00","mainEntityOfPage":{"@id":"https:\/\/www.africa-press.net\/benin\/toutes-les-actualites\/benin-dates-et-conditions-dacces-aux-concours-dentree-dans-les-ecoles"},"wordCount":347,"commentCount":1,"image":{"@id":"https:\/\/www.africa-press.net\/benin\/toutes-les-actualites\/benin-dates-et-conditions-dacces-aux-concours-dentree-dans-les-ecoles#primaryimage"},"thumbnailUrl":"https:\/\/static.africa-press.net\/benin\/sites\/46\/2022\/08\/postQueueImg_23-62ec27887b7e2.jpg","keywords":["Africa Press","Africa Press-Benin","B\u00e9nin"],"articleSection":["Communaut\u00e9","homepage-french","Toutes les actualit\u00e9s"],"inLanguage":"fr-FR","potentialAction":[{"@type":"CommentAction","name":"Comment","target":["https:\/\/www.africa-press.net\/benin\/toutes-les-actualites\/benin-dates-et-conditions-dacces-aux-concours-dentree-dans-les-ecoles#respond"]}]},{"@type":"WebPage","@id":"https:\/\/www.africa-press.net\/benin\/toutes-les-actualites\/benin-dates-et-conditions-dacces-aux-concours-dentree-dans-les-ecoles","url":"https:\/\/www.africa-press.net\/benin\/toutes-les-actualites\/benin-dates-et-conditions-dacces-aux-concours-dentree-dans-les-ecoles","name":"B\u00e9nin : dates et conditions d\u2019acc\u00e8s aux Concours d\u2019entr\u00e9e dans les \u00e9coles - B\u00e9nin","isPartOf":{"@id":"https:\/\/www.africa-press.net\/benin\/#website"},"primaryImageOfPage":{"@id":"https:\/\/www.africa-press.net\/benin\/toutes-les-actualites\/benin-dates-et-conditions-dacces-aux-concours-dentree-dans-les-ecoles#primaryimage"},"image":{"@id":"https:\/\/www.africa-press.net\/benin\/toutes-les-actualites\/benin-dates-et-conditions-dacces-aux-concours-dentree-dans-les-ecoles#primaryimage"},"thumbnailUrl":"https:\/\/static.africa-press.net\/benin\/sites\/46\/2022\/08\/postQueueImg_23-62ec27887b7e2.jpg","datePublished":"2022-08-04T19:51:14+00:00","dateModified":"2022-08-04T20:10:29+00:00","author":{"@id":"https:\/\/www.africa-press.net\/benin\/#\/schema\/person\/2b1cf3cd81a31e3cd26889ca66d677f1"},"description":"Les concours d\u2019entr\u00e9e dans les \u00e9coles des universit\u00e9s publiques sont lanc\u00e9s au profit des nouveaux bacheliers. C\u2019est par ...","breadcrumb":{"@id":"https:\/\/www.africa-press.net\/benin\/toutes-les-actualites\/benin-dates-et-conditions-dacces-aux-concours-dentree-dans-les-ecoles#breadcrumb"},"inLanguage":"fr-FR","potentialAction":[{"@type":"ReadAction","target":["https:\/\/www.africa-press.net\/benin\/toutes-les-actualites\/benin-dates-et-conditions-dacces-aux-concours-dentree-dans-les-ecoles"]}]},{"@type":"ImageObject","inLanguage":"fr-FR","@id":"https:\/\/www.africa-press.net\/benin\/toutes-les-actualites\/benin-dates-et-conditions-dacces-aux-concours-dentree-dans-les-ecoles#primaryimage","url":"https:\/\/static.africa-press.net\/benin\/sites\/46\/2022\/08\/postQueueImg_23-62ec27887b7e2.jpg","contentUrl":"https:\/\/static.africa-press.net\/benin\/sites\/46\/2022\/08\/postQueueImg_23-62ec27887b7e2.jpg","width":1300,"height":869,"caption":"B\u00e9nin : dates et conditions d\u2019acc\u00e8s aux Concours d\u2019entr\u00e9e dans les \u00e9coles"},{"@type":"BreadcrumbList","@id":"https:\/\/www.africa-press.net\/benin\/toutes-les-actualites\/benin-dates-et-conditions-dacces-aux-concours-dentree-dans-les-ecoles#breadcrumb","itemListElement":[{"@type":"ListItem","position":1,"name":"Accueil","item":"https:\/\/www.africa-press.net\/benin\/"},{"@type":"ListItem","position":2,"name":"B\u00e9nin : dates et conditions d\u2019acc\u00e8s aux Concours d\u2019entr\u00e9e dans les \u00e9coles"}]},{"@type":"WebSite","@id":"https:\/\/www.africa-press.net\/benin\/#website","url":"https:\/\/www.africa-press.net\/benin\/","name":"B\u00e9nin","description":"Just another Africa News Agency Sites site","potentialAction":[{"@type":"SearchAction","target":{"@type":"EntryPoint","urlTemplate":"https:\/\/www.africa-press.net\/benin\/?s={search_term_string}"},"query-input":{"@type":"PropertyValueSpecification","valueRequired":true,"valueName":"search_term_string"}}],"inLanguage":"fr-FR"},{"@type":"Person","@id":"https:\/\/www.africa-press.net\/benin\/#\/schema\/person\/2b1cf3cd81a31e3cd26889ca66d677f1","name":"cfeditorfr"}]}},"_links":{"self":[{"href":"https:\/\/www.africa-press.net\/benin\/wp-json\/wp\/v2\/posts\/7657","targetHints":{"allow":["GET"]}}],"collection":[{"href":"https:\/\/www.africa-press.net\/benin\/wp-json\/wp\/v2\/posts"}],"about":[{"href":"https:\/\/www.africa-press.net\/benin\/wp-json\/wp\/v2\/types\/post"}],"author":[{"embeddable":true,"href":"https:\/\/www.africa-press.net\/benin\/wp-json\/wp\/v2\/users\/82"}],"replies":[{"embeddable":true,"href":"https:\/\/www.africa-press.net\/benin\/wp-json\/wp\/v2\/comments?post=7657"}],"version-history":[{"count":0,"href":"https:\/\/www.africa-press.net\/benin\/wp-json\/wp\/v2\/posts\/7657\/revisions"}],"wp:featuredmedia":[{"embeddable":true,"href":"https:\/\/www.africa-press.net\/benin\/wp-json\/wp\/v2\/media\/7656"}],"wp:attachment":[{"href":"https:\/\/www.africa-press.net\/benin\/wp-json\/wp\/v2\/media?parent=7657"}],"wp:term":[{"taxonomy":"category","embeddable":true,"href":"https:\/\/www.africa-press.net\/benin\/wp-json\/wp\/v2\/categories?post=7657"},{"taxonomy":"post_tag","embeddable":true,"href":"https:\/\/www.africa-press.net\/benin\/wp-json\/wp\/v2\/tags?post=7657"}],"curies":[{"name":"wp","href":"https:\/\/api.w.org\/{rel}","templated":true}]}}