{"id":7660,"date":"2022-08-04T19:51:20","date_gmt":"2022-08-04T19:51:20","guid":{"rendered":"https:\/\/www.africa-press.net\/benin\/politique\/assemblee-nationale-la-1ere-session-extraordinaire-de-2022-souvre-ce-jeudi"},"modified":"2022-08-04T20:11:06","modified_gmt":"2022-08-04T20:11:06","slug":"assemblee-nationale-la-1ere-session-extraordinaire-de-2022-souvre-ce-jeudi","status":"publish","type":"post","link":"https:\/\/www.africa-press.net\/benin\/politique\/assemblee-nationale-la-1ere-session-extraordinaire-de-2022-souvre-ce-jeudi","title":{"rendered":"Assembl\u00e9e nationale: la 1\u00e8re session extraordinaire de 2022 s\u2019ouvre ce jeudi"},"content":{"rendered":"<p><span style=\"color: #ff6600\"><strong>Africa-Press &#8211; Benin. <\/strong><\/span>Apr\u00e8s une courte vacance parlementaire, les d\u00e9put\u00e9s de la huiti\u00e8me l\u00e9gislature reprennent ce jeudi 4 Ao\u00fbt 2022 le chemin de l\u2019h\u00e9micycle o\u00f9 s\u2019ouvre la premi\u00e8re session extraordinaire de l\u2019ann\u00e9e en cours.<\/p>\n<p>Le pr\u00e9sident de l\u2019assembl\u00e9e nationale, Louis Vlavonou a \u00e9court\u00e9 les vacances parlementaires de ses coll\u00e8gues. A travers une invitation, il convoque ses coll\u00e8gues \u00e0 se pr\u00e9senter \u00e0 l\u2019h\u00e9micycle ce jeudi dans le cadre de l\u2019ouverture de la premi\u00e8re session parlementaire de l\u2019ann\u00e9e 2022.<\/p>\n<p>Selon le communiqu\u00e9 sign\u00e9 le 29 Juillet dernier par la deuxi\u00e8me personnalit\u00e9 de l\u2019Etat, l\u2019honorable Louis Vlavonou, l\u2019ordre du jour de cette session extraordinaire porte sur l\u2019examen de la proposition de loi modifiant et compl\u00e9tant la loi N\u00b02013-09 du 03 Septembre 2013 portant d\u00e9termination de la carte \u00e9lectorale et fixation des centres de vote en r\u00e9publique du B\u00e9nin.<\/p>\n<p>Quid des sessions parlementaires ?<\/p>\n<p>La session d\u00e9signe la p\u00e9riode de l\u2019ann\u00e9e pendant laquelle le Parlement se r\u00e9unit pour d\u00e9lib\u00e9rer en s\u00e9ance pl\u00e9ni\u00e8re. Chaque ann\u00e9e, l\u2019Assembl\u00e9e Nationale du B\u00e9nin se r\u00e9unit en deux sessions ordinaires, en avril et en octobre.<\/p>\n<p>Chacune des sessions ne peut exc\u00e9der trois mois. Si \u00e0 l\u2019ouverture d\u2019une session, le quorum de la moiti\u00e9 plus un des membres n\u2019est pas atteint, la s\u00e9ance est renvoy\u00e9e au troisi\u00e8me jour qui suit. Les d\u00e9lib\u00e9rations sont alors valables, quel que soit le quorum. Les s\u00e9ances doivent se tenir au lieu ordinaire de ses sessions, sauf cas de force majeure d\u00fbment constat\u00e9 par la cour constitutionnelle.<\/p>\n<p>L\u2019Assembl\u00e9e nationale peut \u00eatre convoqu\u00e9e en session extraordinaire par son pr\u00e9sident \u00e0 la demande du pr\u00e9sident de la R\u00e9publique ou de la majorit\u00e9 absolue des d\u00e9put\u00e9s. La dur\u00e9e d\u2019une session extraordinaire est fonction de l\u2019ordre du jour fix\u00e9 mais ne peut exc\u00e9der 15 jours.<\/p>\n<p><strong>Pour plus d&rsquo;informations et d&rsquo;analyses sur la <a href=\"https:\/\/www.africa-press.net\/benin\">Benin<\/a>, suivez <a href=\"https:\/\/www.africa-press.net\/\">Africa-Press<\/a><\/strong><\/p>\n","protected":false},"excerpt":{"rendered":"<p>Africa-Press &#8211; Benin. Apr\u00e8s une courte vacance parlementaire, les d\u00e9put\u00e9s de la huiti\u00e8me l\u00e9gislature reprennent ce jeudi 4 Ao\u00fbt 2022 le chemin de l\u2019h\u00e9micycle o\u00f9 s\u2019ouvre la premi\u00e8re session extraordinaire de l\u2019ann\u00e9e en cours. Le pr\u00e9sident de l\u2019assembl\u00e9e nationale, Louis Vlavonou a \u00e9court\u00e9 les vacances parlementaires de ses coll\u00e8gues. A travers une invitation, il convoque [&hellip;]<\/p>\n","protected":false},"author":82,"featured_media":7659,"comment_status":"open","ping_status":"closed","sticky":false,"template":"","format":"standard","meta":{"footnotes":""},"categories":[11,2,20,10],"tags":[36,50,45],"class_list":["post-7660","post","type-post","status-publish","format-standard","has-post-thumbnail","hentry","category-homepage-french","category-politique","category-top-nouvelles","category-toutes-les-actualites","tag-africa-press","tag-africa-press-benin","tag-benin"],"yoast_head":"<!-- This site is optimized with the Yoast SEO Premium plugin v26.1 (Yoast SEO v27.0) - https:\/\/yoast.com\/product\/yoast-seo-premium-wordpress\/ -->\n<title>Assembl\u00e9e nationale: la 1\u00e8re session extraordinaire de 2022 s\u2019ouvre ce jeudi - B\u00e9nin<\/title>\n<meta name=\"description\" content=\"Apr\u00e8s une courte vacance parlementaire, les d\u00e9put\u00e9s de la huiti\u00e8me l\u00e9gislature reprennent ce jeudi 4 Ao\u00fbt 2022 le chemin ...\" \/>\n<meta name=\"robots\" content=\"index, follow, max-snippet:-1, max-image-preview:large, max-video-preview:-1\" \/>\n<link rel=\"canonical\" href=\"https:\/\/www.africa-press.net\/benin\/politique\/assemblee-nationale-la-1ere-session-extraordinaire-de-2022-souvre-ce-jeudi\" \/>\n<meta property=\"og:locale\" content=\"fr_FR\" \/>\n<meta property=\"og:type\" content=\"article\" \/>\n<meta property=\"og:title\" content=\"Assembl\u00e9e nationale: la 1\u00e8re session extraordinaire de 2022 s\u2019ouvre ce jeudi\" \/>\n<meta property=\"og:description\" content=\"Apr\u00e8s une courte vacance parlementaire, les d\u00e9put\u00e9s de la huiti\u00e8me l\u00e9gislature reprennent ce jeudi 4 Ao\u00fbt 2022 le chemin ...\" \/>\n<meta property=\"og:url\" content=\"https:\/\/www.africa-press.net\/benin\/politique\/assemblee-nationale-la-1ere-session-extraordinaire-de-2022-souvre-ce-jeudi\" \/>\n<meta property=\"og:site_name\" content=\"B\u00e9nin\" \/>\n<meta property=\"article:published_time\" content=\"2022-08-04T19:51:20+00:00\" \/>\n<meta property=\"article:modified_time\" content=\"2022-08-04T20:11:06+00:00\" \/>\n<meta property=\"og:image\" content=\"https:\/\/static.africa-press.net\/benin\/sites\/46\/2022\/08\/postQueueImg_24-62ec27b9b48a6.jpg\" \/>\n\t<meta property=\"og:image:width\" content=\"1280\" \/>\n\t<meta property=\"og:image:height\" content=\"791\" \/>\n\t<meta property=\"og:image:type\" content=\"image\/jpeg\" \/>\n<meta name=\"author\" content=\"cfeditorfr\" \/>\n<meta name=\"twitter:card\" content=\"summary_large_image\" \/>\n<meta name=\"twitter:label1\" content=\"\u00c9crit par\" \/>\n\t<meta name=\"twitter:data1\" content=\"cfeditorfr\" \/>\n\t<meta name=\"twitter:label2\" content=\"Dur\u00e9e de lecture estim\u00e9e\" \/>\n\t<meta name=\"twitter:data2\" content=\"2 minutes\" \/>\n<script type=\"application\/ld+json\" class=\"yoast-schema-graph\">{\"@context\":\"https:\/\/schema.org\",\"@graph\":[{\"@type\":\"Article\",\"@id\":\"https:\/\/www.africa-press.net\/benin\/politique\/assemblee-nationale-la-1ere-session-extraordinaire-de-2022-souvre-ce-jeudi#article\",\"isPartOf\":{\"@id\":\"https:\/\/www.africa-press.net\/benin\/politique\/assemblee-nationale-la-1ere-session-extraordinaire-de-2022-souvre-ce-jeudi\"},\"author\":{\"name\":\"cfeditorfr\",\"@id\":\"https:\/\/www.africa-press.net\/benin\/#\/schema\/person\/2b1cf3cd81a31e3cd26889ca66d677f1\"},\"headline\":\"Assembl\u00e9e nationale: la 1\u00e8re session extraordinaire de 2022 s\u2019ouvre ce jeudi\",\"datePublished\":\"2022-08-04T19:51:20+00:00\",\"dateModified\":\"2022-08-04T20:11:06+00:00\",\"mainEntityOfPage\":{\"@id\":\"https:\/\/www.africa-press.net\/benin\/politique\/assemblee-nationale-la-1ere-session-extraordinaire-de-2022-souvre-ce-jeudi\"},\"wordCount\":369,\"commentCount\":0,\"image\":{\"@id\":\"https:\/\/www.africa-press.net\/benin\/politique\/assemblee-nationale-la-1ere-session-extraordinaire-de-2022-souvre-ce-jeudi#primaryimage\"},\"thumbnailUrl\":\"https:\/\/static.africa-press.net\/benin\/sites\/46\/2022\/08\/postQueueImg_24-62ec27b9b48a6.jpg\",\"keywords\":[\"Africa Press\",\"Africa Press-Benin\",\"B\u00e9nin\"],\"articleSection\":[\"homepage-french\",\"Politique\",\"Top Nouvelles\",\"Toutes les actualit\u00e9s\"],\"inLanguage\":\"fr-FR\",\"potentialAction\":[{\"@type\":\"CommentAction\",\"name\":\"Comment\",\"target\":[\"https:\/\/www.africa-press.net\/benin\/politique\/assemblee-nationale-la-1ere-session-extraordinaire-de-2022-souvre-ce-jeudi#respond\"]}]},{\"@type\":\"WebPage\",\"@id\":\"https:\/\/www.africa-press.net\/benin\/politique\/assemblee-nationale-la-1ere-session-extraordinaire-de-2022-souvre-ce-jeudi\",\"url\":\"https:\/\/www.africa-press.net\/benin\/politique\/assemblee-nationale-la-1ere-session-extraordinaire-de-2022-souvre-ce-jeudi\",\"name\":\"Assembl\u00e9e nationale: la 1\u00e8re session extraordinaire de 2022 s\u2019ouvre ce jeudi - B\u00e9nin\",\"isPartOf\":{\"@id\":\"https:\/\/www.africa-press.net\/benin\/#website\"},\"primaryImageOfPage\":{\"@id\":\"https:\/\/www.africa-press.net\/benin\/politique\/assemblee-nationale-la-1ere-session-extraordinaire-de-2022-souvre-ce-jeudi#primaryimage\"},\"image\":{\"@id\":\"https:\/\/www.africa-press.net\/benin\/politique\/assemblee-nationale-la-1ere-session-extraordinaire-de-2022-souvre-ce-jeudi#primaryimage\"},\"thumbnailUrl\":\"https:\/\/static.africa-press.net\/benin\/sites\/46\/2022\/08\/postQueueImg_24-62ec27b9b48a6.jpg\",\"datePublished\":\"2022-08-04T19:51:20+00:00\",\"dateModified\":\"2022-08-04T20:11:06+00:00\",\"author\":{\"@id\":\"https:\/\/www.africa-press.net\/benin\/#\/schema\/person\/2b1cf3cd81a31e3cd26889ca66d677f1\"},\"description\":\"Apr\u00e8s une courte vacance parlementaire, les d\u00e9put\u00e9s de la huiti\u00e8me l\u00e9gislature reprennent ce jeudi 4 Ao\u00fbt 2022 le chemin ...\",\"breadcrumb\":{\"@id\":\"https:\/\/www.africa-press.net\/benin\/politique\/assemblee-nationale-la-1ere-session-extraordinaire-de-2022-souvre-ce-jeudi#breadcrumb\"},\"inLanguage\":\"fr-FR\",\"potentialAction\":[{\"@type\":\"ReadAction\",\"target\":[\"https:\/\/www.africa-press.net\/benin\/politique\/assemblee-nationale-la-1ere-session-extraordinaire-de-2022-souvre-ce-jeudi\"]}]},{\"@type\":\"ImageObject\",\"inLanguage\":\"fr-FR\",\"@id\":\"https:\/\/www.africa-press.net\/benin\/politique\/assemblee-nationale-la-1ere-session-extraordinaire-de-2022-souvre-ce-jeudi#primaryimage\",\"url\":\"https:\/\/static.africa-press.net\/benin\/sites\/46\/2022\/08\/postQueueImg_24-62ec27b9b48a6.jpg\",\"contentUrl\":\"https:\/\/static.africa-press.net\/benin\/sites\/46\/2022\/08\/postQueueImg_24-62ec27b9b48a6.jpg\",\"width\":1280,\"height\":791,\"caption\":\"Assembl\u00e9e nationale: la 1\u00e8re session extraordinaire de 2022 s\u2019ouvre ce jeudi\"},{\"@type\":\"BreadcrumbList\",\"@id\":\"https:\/\/www.africa-press.net\/benin\/politique\/assemblee-nationale-la-1ere-session-extraordinaire-de-2022-souvre-ce-jeudi#breadcrumb\",\"itemListElement\":[{\"@type\":\"ListItem\",\"position\":1,\"name\":\"Accueil\",\"item\":\"https:\/\/www.africa-press.net\/benin\/\"},{\"@type\":\"ListItem\",\"position\":2,\"name\":\"Assembl\u00e9e nationale: la 1\u00e8re session extraordinaire de 2022 s\u2019ouvre ce jeudi\"}]},{\"@type\":\"WebSite\",\"@id\":\"https:\/\/www.africa-press.net\/benin\/#website\",\"url\":\"https:\/\/www.africa-press.net\/benin\/\",\"name\":\"B\u00e9nin\",\"description\":\"Just another Africa News Agency Sites site\",\"potentialAction\":[{\"@type\":\"SearchAction\",\"target\":{\"@type\":\"EntryPoint\",\"urlTemplate\":\"https:\/\/www.africa-press.net\/benin\/?s={search_term_string}\"},\"query-input\":{\"@type\":\"PropertyValueSpecification\",\"valueRequired\":true,\"valueName\":\"search_term_string\"}}],\"inLanguage\":\"fr-FR\"},{\"@type\":\"Person\",\"@id\":\"https:\/\/www.africa-press.net\/benin\/#\/schema\/person\/2b1cf3cd81a31e3cd26889ca66d677f1\",\"name\":\"cfeditorfr\"}]}<\/script>\n<!-- \/ Yoast SEO Premium plugin. -->","yoast_head_json":{"title":"Assembl\u00e9e nationale: la 1\u00e8re session extraordinaire de 2022 s\u2019ouvre ce jeudi - B\u00e9nin","description":"Apr\u00e8s une courte vacance parlementaire, les d\u00e9put\u00e9s de la huiti\u00e8me l\u00e9gislature reprennent ce jeudi 4 Ao\u00fbt 2022 le chemin ...","robots":{"index":"index","follow":"follow","max-snippet":"max-snippet:-1","max-image-preview":"max-image-preview:large","max-video-preview":"max-video-preview:-1"},"canonical":"https:\/\/www.africa-press.net\/benin\/politique\/assemblee-nationale-la-1ere-session-extraordinaire-de-2022-souvre-ce-jeudi","og_locale":"fr_FR","og_type":"article","og_title":"Assembl\u00e9e nationale: la 1\u00e8re session extraordinaire de 2022 s\u2019ouvre ce jeudi","og_description":"Apr\u00e8s une courte vacance parlementaire, les d\u00e9put\u00e9s de la huiti\u00e8me l\u00e9gislature reprennent ce jeudi 4 Ao\u00fbt 2022 le chemin ...","og_url":"https:\/\/www.africa-press.net\/benin\/politique\/assemblee-nationale-la-1ere-session-extraordinaire-de-2022-souvre-ce-jeudi","og_site_name":"B\u00e9nin","article_published_time":"2022-08-04T19:51:20+00:00","article_modified_time":"2022-08-04T20:11:06+00:00","og_image":[{"width":1280,"height":791,"url":"https:\/\/static.africa-press.net\/benin\/sites\/46\/2022\/08\/postQueueImg_24-62ec27b9b48a6.jpg","type":"image\/jpeg"}],"author":"cfeditorfr","twitter_card":"summary_large_image","twitter_misc":{"\u00c9crit par":"cfeditorfr","Dur\u00e9e de lecture estim\u00e9e":"2 minutes"},"schema":{"@context":"https:\/\/schema.org","@graph":[{"@type":"Article","@id":"https:\/\/www.africa-press.net\/benin\/politique\/assemblee-nationale-la-1ere-session-extraordinaire-de-2022-souvre-ce-jeudi#article","isPartOf":{"@id":"https:\/\/www.africa-press.net\/benin\/politique\/assemblee-nationale-la-1ere-session-extraordinaire-de-2022-souvre-ce-jeudi"},"author":{"name":"cfeditorfr","@id":"https:\/\/www.africa-press.net\/benin\/#\/schema\/person\/2b1cf3cd81a31e3cd26889ca66d677f1"},"headline":"Assembl\u00e9e nationale: la 1\u00e8re session extraordinaire de 2022 s\u2019ouvre ce jeudi","datePublished":"2022-08-04T19:51:20+00:00","dateModified":"2022-08-04T20:11:06+00:00","mainEntityOfPage":{"@id":"https:\/\/www.africa-press.net\/benin\/politique\/assemblee-nationale-la-1ere-session-extraordinaire-de-2022-souvre-ce-jeudi"},"wordCount":369,"commentCount":0,"image":{"@id":"https:\/\/www.africa-press.net\/benin\/politique\/assemblee-nationale-la-1ere-session-extraordinaire-de-2022-souvre-ce-jeudi#primaryimage"},"thumbnailUrl":"https:\/\/static.africa-press.net\/benin\/sites\/46\/2022\/08\/postQueueImg_24-62ec27b9b48a6.jpg","keywords":["Africa Press","Africa Press-Benin","B\u00e9nin"],"articleSection":["homepage-french","Politique","Top Nouvelles","Toutes les actualit\u00e9s"],"inLanguage":"fr-FR","potentialAction":[{"@type":"CommentAction","name":"Comment","target":["https:\/\/www.africa-press.net\/benin\/politique\/assemblee-nationale-la-1ere-session-extraordinaire-de-2022-souvre-ce-jeudi#respond"]}]},{"@type":"WebPage","@id":"https:\/\/www.africa-press.net\/benin\/politique\/assemblee-nationale-la-1ere-session-extraordinaire-de-2022-souvre-ce-jeudi","url":"https:\/\/www.africa-press.net\/benin\/politique\/assemblee-nationale-la-1ere-session-extraordinaire-de-2022-souvre-ce-jeudi","name":"Assembl\u00e9e nationale: la 1\u00e8re session extraordinaire de 2022 s\u2019ouvre ce jeudi - B\u00e9nin","isPartOf":{"@id":"https:\/\/www.africa-press.net\/benin\/#website"},"primaryImageOfPage":{"@id":"https:\/\/www.africa-press.net\/benin\/politique\/assemblee-nationale-la-1ere-session-extraordinaire-de-2022-souvre-ce-jeudi#primaryimage"},"image":{"@id":"https:\/\/www.africa-press.net\/benin\/politique\/assemblee-nationale-la-1ere-session-extraordinaire-de-2022-souvre-ce-jeudi#primaryimage"},"thumbnailUrl":"https:\/\/static.africa-press.net\/benin\/sites\/46\/2022\/08\/postQueueImg_24-62ec27b9b48a6.jpg","datePublished":"2022-08-04T19:51:20+00:00","dateModified":"2022-08-04T20:11:06+00:00","author":{"@id":"https:\/\/www.africa-press.net\/benin\/#\/schema\/person\/2b1cf3cd81a31e3cd26889ca66d677f1"},"description":"Apr\u00e8s une courte vacance parlementaire, les d\u00e9put\u00e9s de la huiti\u00e8me l\u00e9gislature reprennent ce jeudi 4 Ao\u00fbt 2022 le chemin ...","breadcrumb":{"@id":"https:\/\/www.africa-press.net\/benin\/politique\/assemblee-nationale-la-1ere-session-extraordinaire-de-2022-souvre-ce-jeudi#breadcrumb"},"inLanguage":"fr-FR","potentialAction":[{"@type":"ReadAction","target":["https:\/\/www.africa-press.net\/benin\/politique\/assemblee-nationale-la-1ere-session-extraordinaire-de-2022-souvre-ce-jeudi"]}]},{"@type":"ImageObject","inLanguage":"fr-FR","@id":"https:\/\/www.africa-press.net\/benin\/politique\/assemblee-nationale-la-1ere-session-extraordinaire-de-2022-souvre-ce-jeudi#primaryimage","url":"https:\/\/static.africa-press.net\/benin\/sites\/46\/2022\/08\/postQueueImg_24-62ec27b9b48a6.jpg","contentUrl":"https:\/\/static.africa-press.net\/benin\/sites\/46\/2022\/08\/postQueueImg_24-62ec27b9b48a6.jpg","width":1280,"height":791,"caption":"Assembl\u00e9e nationale: la 1\u00e8re session extraordinaire de 2022 s\u2019ouvre ce jeudi"},{"@type":"BreadcrumbList","@id":"https:\/\/www.africa-press.net\/benin\/politique\/assemblee-nationale-la-1ere-session-extraordinaire-de-2022-souvre-ce-jeudi#breadcrumb","itemListElement":[{"@type":"ListItem","position":1,"name":"Accueil","item":"https:\/\/www.africa-press.net\/benin\/"},{"@type":"ListItem","position":2,"name":"Assembl\u00e9e nationale: la 1\u00e8re session extraordinaire de 2022 s\u2019ouvre ce jeudi"}]},{"@type":"WebSite","@id":"https:\/\/www.africa-press.net\/benin\/#website","url":"https:\/\/www.africa-press.net\/benin\/","name":"B\u00e9nin","description":"Just another Africa News Agency Sites site","potentialAction":[{"@type":"SearchAction","target":{"@type":"EntryPoint","urlTemplate":"https:\/\/www.africa-press.net\/benin\/?s={search_term_string}"},"query-input":{"@type":"PropertyValueSpecification","valueRequired":true,"valueName":"search_term_string"}}],"inLanguage":"fr-FR"},{"@type":"Person","@id":"https:\/\/www.africa-press.net\/benin\/#\/schema\/person\/2b1cf3cd81a31e3cd26889ca66d677f1","name":"cfeditorfr"}]}},"_links":{"self":[{"href":"https:\/\/www.africa-press.net\/benin\/wp-json\/wp\/v2\/posts\/7660","targetHints":{"allow":["GET"]}}],"collection":[{"href":"https:\/\/www.africa-press.net\/benin\/wp-json\/wp\/v2\/posts"}],"about":[{"href":"https:\/\/www.africa-press.net\/benin\/wp-json\/wp\/v2\/types\/post"}],"author":[{"embeddable":true,"href":"https:\/\/www.africa-press.net\/benin\/wp-json\/wp\/v2\/users\/82"}],"replies":[{"embeddable":true,"href":"https:\/\/www.africa-press.net\/benin\/wp-json\/wp\/v2\/comments?post=7660"}],"version-history":[{"count":0,"href":"https:\/\/www.africa-press.net\/benin\/wp-json\/wp\/v2\/posts\/7660\/revisions"}],"wp:featuredmedia":[{"embeddable":true,"href":"https:\/\/www.africa-press.net\/benin\/wp-json\/wp\/v2\/media\/7659"}],"wp:attachment":[{"href":"https:\/\/www.africa-press.net\/benin\/wp-json\/wp\/v2\/media?parent=7660"}],"wp:term":[{"taxonomy":"category","embeddable":true,"href":"https:\/\/www.africa-press.net\/benin\/wp-json\/wp\/v2\/categories?post=7660"},{"taxonomy":"post_tag","embeddable":true,"href":"https:\/\/www.africa-press.net\/benin\/wp-json\/wp\/v2\/tags?post=7660"}],"curies":[{"name":"wp","href":"https:\/\/api.w.org\/{rel}","templated":true}]}}