{"id":7663,"date":"2022-08-04T19:51:37","date_gmt":"2022-08-04T19:51:37","guid":{"rendered":"https:\/\/www.africa-press.net\/benin\/politique\/rentree-scolaire-2022-2023-une-liste-dinscription-ouverte-aux-aspirants-non-deployes"},"modified":"2022-08-04T20:11:48","modified_gmt":"2022-08-04T20:11:48","slug":"rentree-scolaire-2022-2023-une-liste-dinscription-ouverte-aux-aspirants-non-deployes","status":"publish","type":"post","link":"https:\/\/www.africa-press.net\/benin\/toutes-les-actualites\/rentree-scolaire-2022-2023-une-liste-dinscription-ouverte-aux-aspirants-non-deployes","title":{"rendered":"Rentr\u00e9e scolaire 2022-2023: une liste d\u2019inscription ouverte aux aspirants non d\u00e9ploy\u00e9s"},"content":{"rendered":"<p><span style=\"color: #ff6600\"><strong>Africa-Press &#8211; Benin. <\/strong><\/span>Les aspirants au m\u00e9tier de l\u2019enseignement admis dans la base de comp\u00e9tences et non encore d\u00e9ploy\u00e9s peuvent se pr\u00e9parer pour la rentrer scolaire 2022-2023. Une liste d\u2019inscription en ligne est mise \u00e0 leur disposition pour leur recrutement.<\/p>\n<p>Les aspirants au m\u00e9tier de l\u2019enseignant admis dans la base de comp\u00e9tences et non encore d\u00e9ploy\u00e9s peuvent disposer d\u2019une chance pour la prochaine rentr\u00e9e des classes. En effet, \u00e0 travers un communiqu\u00e9, le minist\u00e8re des enseignements maternel et primaire porte \u00e0 leur connaissance qu\u2019une liste d\u2019inscription est ouverte \u00e0 leur intention \u00e0 compter de ce jeudi 04 Ao\u00fbt 2022 pour officier dans une \u00e9cole primaire publique \u00e0 la rentr\u00e9e scolaire 2022-2023.<\/p>\n<p>Selon le communiqu\u00e9 sign\u00e9 du secr\u00e9taire g\u00e9n\u00e9ral du minist\u00e8re des Enseignements Maternel et primaire, Alain Dossou Hounl\u00e9yi, l\u2019inscription se fera en ligne sur l\u2019adresse https:\/\/www.infre-benin.org\/actualites\/inscription-ame-2022.html<\/p>\n<p>Il est par ailleurs demand\u00e9 aux aspirants concern\u00e9s par cette inscription d\u2019indiquer trois circonscriptions scolaires par ordre de pr\u00e9f\u00e9rence. La date de cl\u00f4ture des inscriptions est fix\u00e9e au mercredi 10 ao\u00fbt 2022 \u00e0 17H00, pr\u00e9cise le communiqu\u00e9.<\/p>\n<p><strong>Pour plus d&rsquo;informations et d&rsquo;analyses sur la <a href=\"https:\/\/www.africa-press.net\/benin\">Benin<\/a>, suivez <a href=\"https:\/\/www.africa-press.net\/\">Africa-Press<\/a><\/strong><\/p>\n","protected":false},"excerpt":{"rendered":"<p>Africa-Press &#8211; Benin. Les aspirants au m\u00e9tier de l\u2019enseignement admis dans la base de comp\u00e9tences et non encore d\u00e9ploy\u00e9s peuvent se pr\u00e9parer pour la rentrer scolaire 2022-2023. Une liste d\u2019inscription en ligne est mise \u00e0 leur disposition pour leur recrutement. Les aspirants au m\u00e9tier de l\u2019enseignant admis dans la base de comp\u00e9tences et non encore [&hellip;]<\/p>\n","protected":false},"author":82,"featured_media":7662,"comment_status":"open","ping_status":"closed","sticky":false,"template":"","format":"standard","meta":{"footnotes":""},"categories":[21,11,10],"tags":[36,50,45],"class_list":["post-7663","post","type-post","status-publish","format-standard","has-post-thumbnail","hentry","category-communaute","category-homepage-french","category-toutes-les-actualites","tag-africa-press","tag-africa-press-benin","tag-benin"],"yoast_head":"<!-- This site is optimized with the Yoast SEO Premium plugin v26.1 (Yoast SEO v27.0) - https:\/\/yoast.com\/product\/yoast-seo-premium-wordpress\/ -->\n<title>Rentr\u00e9e scolaire 2022-2023: une liste d\u2019inscription ouverte aux aspirants non d\u00e9ploy\u00e9s - B\u00e9nin<\/title>\n<meta name=\"description\" content=\"Les aspirants au m\u00e9tier de l\u2019enseignement admis dans la base de comp\u00e9tences et non encore d\u00e9ploy\u00e9s peuvent se pr\u00e9parer p ...\" \/>\n<meta name=\"robots\" content=\"index, follow, max-snippet:-1, max-image-preview:large, max-video-preview:-1\" \/>\n<link rel=\"canonical\" href=\"https:\/\/www.africa-press.net\/benin\/toutes-les-actualites\/rentree-scolaire-2022-2023-une-liste-dinscription-ouverte-aux-aspirants-non-deployes\" \/>\n<meta property=\"og:locale\" content=\"fr_FR\" \/>\n<meta property=\"og:type\" content=\"article\" \/>\n<meta property=\"og:title\" content=\"Rentr\u00e9e scolaire 2022-2023: une liste d\u2019inscription ouverte aux aspirants non d\u00e9ploy\u00e9s\" \/>\n<meta property=\"og:description\" content=\"Les aspirants au m\u00e9tier de l\u2019enseignement admis dans la base de comp\u00e9tences et non encore d\u00e9ploy\u00e9s peuvent se pr\u00e9parer p ...\" \/>\n<meta property=\"og:url\" content=\"https:\/\/www.africa-press.net\/benin\/toutes-les-actualites\/rentree-scolaire-2022-2023-une-liste-dinscription-ouverte-aux-aspirants-non-deployes\" \/>\n<meta property=\"og:site_name\" content=\"B\u00e9nin\" \/>\n<meta property=\"article:published_time\" content=\"2022-08-04T19:51:37+00:00\" \/>\n<meta property=\"article:modified_time\" content=\"2022-08-04T20:11:48+00:00\" \/>\n<meta property=\"og:image\" content=\"https:\/\/static.africa-press.net\/benin\/sites\/46\/2022\/08\/postQueueImg_25-62ec27e26433f.jpg\" \/>\n\t<meta property=\"og:image:width\" content=\"1401\" \/>\n\t<meta property=\"og:image:height\" content=\"992\" \/>\n\t<meta property=\"og:image:type\" content=\"image\/jpeg\" \/>\n<meta name=\"author\" content=\"cfeditorfr\" \/>\n<meta name=\"twitter:card\" content=\"summary_large_image\" \/>\n<meta name=\"twitter:label1\" content=\"\u00c9crit par\" \/>\n\t<meta name=\"twitter:data1\" content=\"cfeditorfr\" \/>\n\t<meta name=\"twitter:label2\" content=\"Dur\u00e9e de lecture estim\u00e9e\" \/>\n\t<meta name=\"twitter:data2\" content=\"1 minute\" \/>\n<script type=\"application\/ld+json\" class=\"yoast-schema-graph\">{\"@context\":\"https:\/\/schema.org\",\"@graph\":[{\"@type\":\"Article\",\"@id\":\"https:\/\/www.africa-press.net\/benin\/toutes-les-actualites\/rentree-scolaire-2022-2023-une-liste-dinscription-ouverte-aux-aspirants-non-deployes#article\",\"isPartOf\":{\"@id\":\"https:\/\/www.africa-press.net\/benin\/toutes-les-actualites\/rentree-scolaire-2022-2023-une-liste-dinscription-ouverte-aux-aspirants-non-deployes\"},\"author\":{\"name\":\"cfeditorfr\",\"@id\":\"https:\/\/www.africa-press.net\/benin\/#\/schema\/person\/2b1cf3cd81a31e3cd26889ca66d677f1\"},\"headline\":\"Rentr\u00e9e scolaire 2022-2023: une liste d\u2019inscription ouverte aux aspirants non d\u00e9ploy\u00e9s\",\"datePublished\":\"2022-08-04T19:51:37+00:00\",\"dateModified\":\"2022-08-04T20:11:48+00:00\",\"mainEntityOfPage\":{\"@id\":\"https:\/\/www.africa-press.net\/benin\/toutes-les-actualites\/rentree-scolaire-2022-2023-une-liste-dinscription-ouverte-aux-aspirants-non-deployes\"},\"wordCount\":229,\"commentCount\":0,\"image\":{\"@id\":\"https:\/\/www.africa-press.net\/benin\/toutes-les-actualites\/rentree-scolaire-2022-2023-une-liste-dinscription-ouverte-aux-aspirants-non-deployes#primaryimage\"},\"thumbnailUrl\":\"https:\/\/static.africa-press.net\/benin\/sites\/46\/2022\/08\/postQueueImg_25-62ec27e26433f.jpg\",\"keywords\":[\"Africa Press\",\"Africa Press-Benin\",\"B\u00e9nin\"],\"articleSection\":[\"Communaut\u00e9\",\"homepage-french\",\"Toutes les actualit\u00e9s\"],\"inLanguage\":\"fr-FR\",\"potentialAction\":[{\"@type\":\"CommentAction\",\"name\":\"Comment\",\"target\":[\"https:\/\/www.africa-press.net\/benin\/toutes-les-actualites\/rentree-scolaire-2022-2023-une-liste-dinscription-ouverte-aux-aspirants-non-deployes#respond\"]}]},{\"@type\":\"WebPage\",\"@id\":\"https:\/\/www.africa-press.net\/benin\/toutes-les-actualites\/rentree-scolaire-2022-2023-une-liste-dinscription-ouverte-aux-aspirants-non-deployes\",\"url\":\"https:\/\/www.africa-press.net\/benin\/toutes-les-actualites\/rentree-scolaire-2022-2023-une-liste-dinscription-ouverte-aux-aspirants-non-deployes\",\"name\":\"Rentr\u00e9e scolaire 2022-2023: une liste d\u2019inscription ouverte aux aspirants non d\u00e9ploy\u00e9s - B\u00e9nin\",\"isPartOf\":{\"@id\":\"https:\/\/www.africa-press.net\/benin\/#website\"},\"primaryImageOfPage\":{\"@id\":\"https:\/\/www.africa-press.net\/benin\/toutes-les-actualites\/rentree-scolaire-2022-2023-une-liste-dinscription-ouverte-aux-aspirants-non-deployes#primaryimage\"},\"image\":{\"@id\":\"https:\/\/www.africa-press.net\/benin\/toutes-les-actualites\/rentree-scolaire-2022-2023-une-liste-dinscription-ouverte-aux-aspirants-non-deployes#primaryimage\"},\"thumbnailUrl\":\"https:\/\/static.africa-press.net\/benin\/sites\/46\/2022\/08\/postQueueImg_25-62ec27e26433f.jpg\",\"datePublished\":\"2022-08-04T19:51:37+00:00\",\"dateModified\":\"2022-08-04T20:11:48+00:00\",\"author\":{\"@id\":\"https:\/\/www.africa-press.net\/benin\/#\/schema\/person\/2b1cf3cd81a31e3cd26889ca66d677f1\"},\"description\":\"Les aspirants au m\u00e9tier de l\u2019enseignement admis dans la base de comp\u00e9tences et non encore d\u00e9ploy\u00e9s peuvent se pr\u00e9parer p ...\",\"breadcrumb\":{\"@id\":\"https:\/\/www.africa-press.net\/benin\/toutes-les-actualites\/rentree-scolaire-2022-2023-une-liste-dinscription-ouverte-aux-aspirants-non-deployes#breadcrumb\"},\"inLanguage\":\"fr-FR\",\"potentialAction\":[{\"@type\":\"ReadAction\",\"target\":[\"https:\/\/www.africa-press.net\/benin\/toutes-les-actualites\/rentree-scolaire-2022-2023-une-liste-dinscription-ouverte-aux-aspirants-non-deployes\"]}]},{\"@type\":\"ImageObject\",\"inLanguage\":\"fr-FR\",\"@id\":\"https:\/\/www.africa-press.net\/benin\/toutes-les-actualites\/rentree-scolaire-2022-2023-une-liste-dinscription-ouverte-aux-aspirants-non-deployes#primaryimage\",\"url\":\"https:\/\/static.africa-press.net\/benin\/sites\/46\/2022\/08\/postQueueImg_25-62ec27e26433f.jpg\",\"contentUrl\":\"https:\/\/static.africa-press.net\/benin\/sites\/46\/2022\/08\/postQueueImg_25-62ec27e26433f.jpg\",\"width\":1401,\"height\":992,\"caption\":\"Rentr\u00e9e scolaire 2022-2023: une liste d\u2019inscription ouverte aux aspirants non d\u00e9ploy\u00e9s\"},{\"@type\":\"BreadcrumbList\",\"@id\":\"https:\/\/www.africa-press.net\/benin\/toutes-les-actualites\/rentree-scolaire-2022-2023-une-liste-dinscription-ouverte-aux-aspirants-non-deployes#breadcrumb\",\"itemListElement\":[{\"@type\":\"ListItem\",\"position\":1,\"name\":\"Accueil\",\"item\":\"https:\/\/www.africa-press.net\/benin\/\"},{\"@type\":\"ListItem\",\"position\":2,\"name\":\"Rentr\u00e9e scolaire 2022-2023: une liste d\u2019inscription ouverte aux aspirants non d\u00e9ploy\u00e9s\"}]},{\"@type\":\"WebSite\",\"@id\":\"https:\/\/www.africa-press.net\/benin\/#website\",\"url\":\"https:\/\/www.africa-press.net\/benin\/\",\"name\":\"B\u00e9nin\",\"description\":\"Just another Africa News Agency Sites site\",\"potentialAction\":[{\"@type\":\"SearchAction\",\"target\":{\"@type\":\"EntryPoint\",\"urlTemplate\":\"https:\/\/www.africa-press.net\/benin\/?s={search_term_string}\"},\"query-input\":{\"@type\":\"PropertyValueSpecification\",\"valueRequired\":true,\"valueName\":\"search_term_string\"}}],\"inLanguage\":\"fr-FR\"},{\"@type\":\"Person\",\"@id\":\"https:\/\/www.africa-press.net\/benin\/#\/schema\/person\/2b1cf3cd81a31e3cd26889ca66d677f1\",\"name\":\"cfeditorfr\"}]}<\/script>\n<!-- \/ Yoast SEO Premium plugin. -->","yoast_head_json":{"title":"Rentr\u00e9e scolaire 2022-2023: une liste d\u2019inscription ouverte aux aspirants non d\u00e9ploy\u00e9s - B\u00e9nin","description":"Les aspirants au m\u00e9tier de l\u2019enseignement admis dans la base de comp\u00e9tences et non encore d\u00e9ploy\u00e9s peuvent se pr\u00e9parer p ...","robots":{"index":"index","follow":"follow","max-snippet":"max-snippet:-1","max-image-preview":"max-image-preview:large","max-video-preview":"max-video-preview:-1"},"canonical":"https:\/\/www.africa-press.net\/benin\/toutes-les-actualites\/rentree-scolaire-2022-2023-une-liste-dinscription-ouverte-aux-aspirants-non-deployes","og_locale":"fr_FR","og_type":"article","og_title":"Rentr\u00e9e scolaire 2022-2023: une liste d\u2019inscription ouverte aux aspirants non d\u00e9ploy\u00e9s","og_description":"Les aspirants au m\u00e9tier de l\u2019enseignement admis dans la base de comp\u00e9tences et non encore d\u00e9ploy\u00e9s peuvent se pr\u00e9parer p ...","og_url":"https:\/\/www.africa-press.net\/benin\/toutes-les-actualites\/rentree-scolaire-2022-2023-une-liste-dinscription-ouverte-aux-aspirants-non-deployes","og_site_name":"B\u00e9nin","article_published_time":"2022-08-04T19:51:37+00:00","article_modified_time":"2022-08-04T20:11:48+00:00","og_image":[{"width":1401,"height":992,"url":"https:\/\/static.africa-press.net\/benin\/sites\/46\/2022\/08\/postQueueImg_25-62ec27e26433f.jpg","type":"image\/jpeg"}],"author":"cfeditorfr","twitter_card":"summary_large_image","twitter_misc":{"\u00c9crit par":"cfeditorfr","Dur\u00e9e de lecture estim\u00e9e":"1 minute"},"schema":{"@context":"https:\/\/schema.org","@graph":[{"@type":"Article","@id":"https:\/\/www.africa-press.net\/benin\/toutes-les-actualites\/rentree-scolaire-2022-2023-une-liste-dinscription-ouverte-aux-aspirants-non-deployes#article","isPartOf":{"@id":"https:\/\/www.africa-press.net\/benin\/toutes-les-actualites\/rentree-scolaire-2022-2023-une-liste-dinscription-ouverte-aux-aspirants-non-deployes"},"author":{"name":"cfeditorfr","@id":"https:\/\/www.africa-press.net\/benin\/#\/schema\/person\/2b1cf3cd81a31e3cd26889ca66d677f1"},"headline":"Rentr\u00e9e scolaire 2022-2023: une liste d\u2019inscription ouverte aux aspirants non d\u00e9ploy\u00e9s","datePublished":"2022-08-04T19:51:37+00:00","dateModified":"2022-08-04T20:11:48+00:00","mainEntityOfPage":{"@id":"https:\/\/www.africa-press.net\/benin\/toutes-les-actualites\/rentree-scolaire-2022-2023-une-liste-dinscription-ouverte-aux-aspirants-non-deployes"},"wordCount":229,"commentCount":0,"image":{"@id":"https:\/\/www.africa-press.net\/benin\/toutes-les-actualites\/rentree-scolaire-2022-2023-une-liste-dinscription-ouverte-aux-aspirants-non-deployes#primaryimage"},"thumbnailUrl":"https:\/\/static.africa-press.net\/benin\/sites\/46\/2022\/08\/postQueueImg_25-62ec27e26433f.jpg","keywords":["Africa Press","Africa Press-Benin","B\u00e9nin"],"articleSection":["Communaut\u00e9","homepage-french","Toutes les actualit\u00e9s"],"inLanguage":"fr-FR","potentialAction":[{"@type":"CommentAction","name":"Comment","target":["https:\/\/www.africa-press.net\/benin\/toutes-les-actualites\/rentree-scolaire-2022-2023-une-liste-dinscription-ouverte-aux-aspirants-non-deployes#respond"]}]},{"@type":"WebPage","@id":"https:\/\/www.africa-press.net\/benin\/toutes-les-actualites\/rentree-scolaire-2022-2023-une-liste-dinscription-ouverte-aux-aspirants-non-deployes","url":"https:\/\/www.africa-press.net\/benin\/toutes-les-actualites\/rentree-scolaire-2022-2023-une-liste-dinscription-ouverte-aux-aspirants-non-deployes","name":"Rentr\u00e9e scolaire 2022-2023: une liste d\u2019inscription ouverte aux aspirants non d\u00e9ploy\u00e9s - B\u00e9nin","isPartOf":{"@id":"https:\/\/www.africa-press.net\/benin\/#website"},"primaryImageOfPage":{"@id":"https:\/\/www.africa-press.net\/benin\/toutes-les-actualites\/rentree-scolaire-2022-2023-une-liste-dinscription-ouverte-aux-aspirants-non-deployes#primaryimage"},"image":{"@id":"https:\/\/www.africa-press.net\/benin\/toutes-les-actualites\/rentree-scolaire-2022-2023-une-liste-dinscription-ouverte-aux-aspirants-non-deployes#primaryimage"},"thumbnailUrl":"https:\/\/static.africa-press.net\/benin\/sites\/46\/2022\/08\/postQueueImg_25-62ec27e26433f.jpg","datePublished":"2022-08-04T19:51:37+00:00","dateModified":"2022-08-04T20:11:48+00:00","author":{"@id":"https:\/\/www.africa-press.net\/benin\/#\/schema\/person\/2b1cf3cd81a31e3cd26889ca66d677f1"},"description":"Les aspirants au m\u00e9tier de l\u2019enseignement admis dans la base de comp\u00e9tences et non encore d\u00e9ploy\u00e9s peuvent se pr\u00e9parer p ...","breadcrumb":{"@id":"https:\/\/www.africa-press.net\/benin\/toutes-les-actualites\/rentree-scolaire-2022-2023-une-liste-dinscription-ouverte-aux-aspirants-non-deployes#breadcrumb"},"inLanguage":"fr-FR","potentialAction":[{"@type":"ReadAction","target":["https:\/\/www.africa-press.net\/benin\/toutes-les-actualites\/rentree-scolaire-2022-2023-une-liste-dinscription-ouverte-aux-aspirants-non-deployes"]}]},{"@type":"ImageObject","inLanguage":"fr-FR","@id":"https:\/\/www.africa-press.net\/benin\/toutes-les-actualites\/rentree-scolaire-2022-2023-une-liste-dinscription-ouverte-aux-aspirants-non-deployes#primaryimage","url":"https:\/\/static.africa-press.net\/benin\/sites\/46\/2022\/08\/postQueueImg_25-62ec27e26433f.jpg","contentUrl":"https:\/\/static.africa-press.net\/benin\/sites\/46\/2022\/08\/postQueueImg_25-62ec27e26433f.jpg","width":1401,"height":992,"caption":"Rentr\u00e9e scolaire 2022-2023: une liste d\u2019inscription ouverte aux aspirants non d\u00e9ploy\u00e9s"},{"@type":"BreadcrumbList","@id":"https:\/\/www.africa-press.net\/benin\/toutes-les-actualites\/rentree-scolaire-2022-2023-une-liste-dinscription-ouverte-aux-aspirants-non-deployes#breadcrumb","itemListElement":[{"@type":"ListItem","position":1,"name":"Accueil","item":"https:\/\/www.africa-press.net\/benin\/"},{"@type":"ListItem","position":2,"name":"Rentr\u00e9e scolaire 2022-2023: une liste d\u2019inscription ouverte aux aspirants non d\u00e9ploy\u00e9s"}]},{"@type":"WebSite","@id":"https:\/\/www.africa-press.net\/benin\/#website","url":"https:\/\/www.africa-press.net\/benin\/","name":"B\u00e9nin","description":"Just another Africa News Agency Sites site","potentialAction":[{"@type":"SearchAction","target":{"@type":"EntryPoint","urlTemplate":"https:\/\/www.africa-press.net\/benin\/?s={search_term_string}"},"query-input":{"@type":"PropertyValueSpecification","valueRequired":true,"valueName":"search_term_string"}}],"inLanguage":"fr-FR"},{"@type":"Person","@id":"https:\/\/www.africa-press.net\/benin\/#\/schema\/person\/2b1cf3cd81a31e3cd26889ca66d677f1","name":"cfeditorfr"}]}},"_links":{"self":[{"href":"https:\/\/www.africa-press.net\/benin\/wp-json\/wp\/v2\/posts\/7663","targetHints":{"allow":["GET"]}}],"collection":[{"href":"https:\/\/www.africa-press.net\/benin\/wp-json\/wp\/v2\/posts"}],"about":[{"href":"https:\/\/www.africa-press.net\/benin\/wp-json\/wp\/v2\/types\/post"}],"author":[{"embeddable":true,"href":"https:\/\/www.africa-press.net\/benin\/wp-json\/wp\/v2\/users\/82"}],"replies":[{"embeddable":true,"href":"https:\/\/www.africa-press.net\/benin\/wp-json\/wp\/v2\/comments?post=7663"}],"version-history":[{"count":0,"href":"https:\/\/www.africa-press.net\/benin\/wp-json\/wp\/v2\/posts\/7663\/revisions"}],"wp:featuredmedia":[{"embeddable":true,"href":"https:\/\/www.africa-press.net\/benin\/wp-json\/wp\/v2\/media\/7662"}],"wp:attachment":[{"href":"https:\/\/www.africa-press.net\/benin\/wp-json\/wp\/v2\/media?parent=7663"}],"wp:term":[{"taxonomy":"category","embeddable":true,"href":"https:\/\/www.africa-press.net\/benin\/wp-json\/wp\/v2\/categories?post=7663"},{"taxonomy":"post_tag","embeddable":true,"href":"https:\/\/www.africa-press.net\/benin\/wp-json\/wp\/v2\/tags?post=7663"}],"curies":[{"name":"wp","href":"https:\/\/api.w.org\/{rel}","templated":true}]}}