{"id":7667,"date":"2022-08-04T19:52:34","date_gmt":"2022-08-04T19:52:34","guid":{"rendered":"https:\/\/www.africa-press.net\/benin\/politique\/benin-le-gouvernement-salue-la-performance-de-laurence-gbaye-1ere-des-filles-au-bac-2022"},"modified":"2022-08-04T20:12:30","modified_gmt":"2022-08-04T20:12:30","slug":"benin-le-gouvernement-salue-la-performance-de-laurence-gbaye-1ere-des-filles-au-bac-2022","status":"publish","type":"post","link":"https:\/\/www.africa-press.net\/benin\/toutes-les-actualites\/benin-le-gouvernement-salue-la-performance-de-laurence-gbaye-1ere-des-filles-au-bac-2022","title":{"rendered":"B\u00e9nin: le gouvernement salue la performance de Laurence Gbay\u00e9, 1\u00e8re des filles au BAC 2022"},"content":{"rendered":"<p><span style=\"color: #ff6600\"><strong>Africa-Press &#8211; Benin. <\/strong><\/span>Laurence Evania Gbay\u00e9, premi\u00e8re des filles au Baccalaur\u00e9at 2022 a \u00e9t\u00e9 honor\u00e9e par le gouvernement \u00e0 travers trois ministres. Elle a re\u00e7u les f\u00e9licitations et encouragements de V\u00e9ronique Tognifod\u00e9, Ministre des Affaires Sociales et de la Microfinance et ses coll\u00e8gues \u00c9l\u00e9onore Yayi Lad\u00e9kan, Ministre de l\u2019Enseignement Sup\u00e9rieur et de la Recherche Scientifique et Kouaro Yves Chabi, Ministre de l\u2019Enseignement secondaire, de la Formation Technique et Professionnelle.<\/p>\n<p>Class\u00e9e premi\u00e8re des filles au BAC 2022 avec une moyenne g\u00e9n\u00e9rale de 18,22, Laurence Evania Gbay\u00e9 a suscit\u00e9 l\u2019administration des ministres V\u00e9ronique Tognifod\u00e9, \u00c9l\u00e9onore Yayi Lad\u00e9kan et Kouaro Yves Chabi. Ils sont fiers de la performance de la jeune fille de 16 ans et estiment que cela conforte \u00ab le Gouvernement dans ses actions de promotion et de valorisation des filles, femmes de demain \u00bb.<\/p>\n<p>Laurence Evania Gbay\u00e9 est la preuve que les filles ont aussi leur place sur les bancs d\u2019\u00e9cole. Le gouvernement l\u2019a compris et compte intensifier ses actions en faveur de la scolarisation des filles. Selon la ministre El\u00e9onore Yayi Lad\u00e9kan, le \u00ab gouvernement continuera de mettre en place les m\u00e9canismes n\u00e9cessaires pour faciliter la scolarisation, le maintien et l\u2019excellence des filles \u00e0 l\u2019\u00e9cole \u00bb. Elle a d\u2019ailleurs promis que des dispositions seront prises pour assurer des opportunit\u00e9s de bourses \u00e0 la jeune bacheli\u00e8re.<\/p>\n<p>Il faut souligner que Laurence Evania Gbay\u00e9 a pass\u00e9 le Baccalaur\u00e9at s\u00e9rie C. Elle est originaire de Bant\u00e8, une commune du d\u00e9partement des Collines.<\/p>\n<p><strong>Pour plus d&rsquo;informations et d&rsquo;analyses sur la <a href=\"https:\/\/www.africa-press.net\/benin\">Benin<\/a>, suivez <a href=\"https:\/\/www.africa-press.net\/\">Africa-Press<\/a><\/strong><\/p>\n","protected":false},"excerpt":{"rendered":"<p>Africa-Press &#8211; Benin. Laurence Evania Gbay\u00e9, premi\u00e8re des filles au Baccalaur\u00e9at 2022 a \u00e9t\u00e9 honor\u00e9e par le gouvernement \u00e0 travers trois ministres. Elle a re\u00e7u les f\u00e9licitations et encouragements de V\u00e9ronique Tognifod\u00e9, Ministre des Affaires Sociales et de la Microfinance et ses coll\u00e8gues \u00c9l\u00e9onore Yayi Lad\u00e9kan, Ministre de l\u2019Enseignement Sup\u00e9rieur et de la Recherche Scientifique [&hellip;]<\/p>\n","protected":false},"author":82,"featured_media":7665,"comment_status":"open","ping_status":"closed","sticky":false,"template":"","format":"standard","meta":{"footnotes":""},"categories":[21,11,10],"tags":[36,50,45],"class_list":["post-7667","post","type-post","status-publish","format-standard","has-post-thumbnail","hentry","category-communaute","category-homepage-french","category-toutes-les-actualites","tag-africa-press","tag-africa-press-benin","tag-benin"],"yoast_head":"<!-- This site is optimized with the Yoast SEO Premium plugin v26.1 (Yoast SEO v27.0) - https:\/\/yoast.com\/product\/yoast-seo-premium-wordpress\/ -->\n<title>B\u00e9nin: le gouvernement salue la performance de Laurence Gbay\u00e9, 1\u00e8re des filles au BAC 2022 - B\u00e9nin<\/title>\n<meta name=\"description\" content=\"Laurence Evania Gbay\u00e9, premi\u00e8re des filles au Baccalaur\u00e9at 2022 a \u00e9t\u00e9 honor\u00e9e par le gouvernement \u00e0 travers trois minist ...\" \/>\n<meta name=\"robots\" content=\"index, follow, max-snippet:-1, max-image-preview:large, max-video-preview:-1\" \/>\n<link rel=\"canonical\" href=\"https:\/\/www.africa-press.net\/benin\/toutes-les-actualites\/benin-le-gouvernement-salue-la-performance-de-laurence-gbaye-1ere-des-filles-au-bac-2022\" \/>\n<meta property=\"og:locale\" content=\"fr_FR\" \/>\n<meta property=\"og:type\" content=\"article\" \/>\n<meta property=\"og:title\" content=\"B\u00e9nin: le gouvernement salue la performance de Laurence Gbay\u00e9, 1\u00e8re des filles au BAC 2022\" \/>\n<meta property=\"og:description\" content=\"Laurence Evania Gbay\u00e9, premi\u00e8re des filles au Baccalaur\u00e9at 2022 a \u00e9t\u00e9 honor\u00e9e par le gouvernement \u00e0 travers trois minist ...\" \/>\n<meta property=\"og:url\" content=\"https:\/\/www.africa-press.net\/benin\/toutes-les-actualites\/benin-le-gouvernement-salue-la-performance-de-laurence-gbaye-1ere-des-filles-au-bac-2022\" \/>\n<meta property=\"og:site_name\" content=\"B\u00e9nin\" \/>\n<meta property=\"article:published_time\" content=\"2022-08-04T19:52:34+00:00\" \/>\n<meta property=\"article:modified_time\" content=\"2022-08-04T20:12:30+00:00\" \/>\n<meta property=\"og:image\" content=\"https:\/\/static.africa-press.net\/benin\/sites\/46\/2022\/08\/postQueueImg_26-62ec280ad79a5.jpg\" \/>\n\t<meta property=\"og:image:width\" content=\"1200\" \/>\n\t<meta property=\"og:image:height\" content=\"675\" \/>\n\t<meta property=\"og:image:type\" content=\"image\/jpeg\" \/>\n<meta name=\"author\" content=\"cfeditorfr\" \/>\n<meta name=\"twitter:card\" content=\"summary_large_image\" \/>\n<meta name=\"twitter:label1\" content=\"\u00c9crit par\" \/>\n\t<meta name=\"twitter:data1\" content=\"cfeditorfr\" \/>\n\t<meta name=\"twitter:label2\" content=\"Dur\u00e9e de lecture estim\u00e9e\" \/>\n\t<meta name=\"twitter:data2\" content=\"2 minutes\" \/>\n<script type=\"application\/ld+json\" class=\"yoast-schema-graph\">{\"@context\":\"https:\/\/schema.org\",\"@graph\":[{\"@type\":\"Article\",\"@id\":\"https:\/\/www.africa-press.net\/benin\/toutes-les-actualites\/benin-le-gouvernement-salue-la-performance-de-laurence-gbaye-1ere-des-filles-au-bac-2022#article\",\"isPartOf\":{\"@id\":\"https:\/\/www.africa-press.net\/benin\/toutes-les-actualites\/benin-le-gouvernement-salue-la-performance-de-laurence-gbaye-1ere-des-filles-au-bac-2022\"},\"author\":{\"name\":\"cfeditorfr\",\"@id\":\"https:\/\/www.africa-press.net\/benin\/#\/schema\/person\/2b1cf3cd81a31e3cd26889ca66d677f1\"},\"headline\":\"B\u00e9nin: le gouvernement salue la performance de Laurence Gbay\u00e9, 1\u00e8re des filles au BAC 2022\",\"datePublished\":\"2022-08-04T19:52:34+00:00\",\"dateModified\":\"2022-08-04T20:12:30+00:00\",\"mainEntityOfPage\":{\"@id\":\"https:\/\/www.africa-press.net\/benin\/toutes-les-actualites\/benin-le-gouvernement-salue-la-performance-de-laurence-gbaye-1ere-des-filles-au-bac-2022\"},\"wordCount\":290,\"commentCount\":0,\"image\":{\"@id\":\"https:\/\/www.africa-press.net\/benin\/toutes-les-actualites\/benin-le-gouvernement-salue-la-performance-de-laurence-gbaye-1ere-des-filles-au-bac-2022#primaryimage\"},\"thumbnailUrl\":\"https:\/\/static.africa-press.net\/benin\/sites\/46\/2022\/08\/postQueueImg_26-62ec280ad79a5.jpg\",\"keywords\":[\"Africa Press\",\"Africa Press-Benin\",\"B\u00e9nin\"],\"articleSection\":[\"Communaut\u00e9\",\"homepage-french\",\"Toutes les actualit\u00e9s\"],\"inLanguage\":\"fr-FR\",\"potentialAction\":[{\"@type\":\"CommentAction\",\"name\":\"Comment\",\"target\":[\"https:\/\/www.africa-press.net\/benin\/toutes-les-actualites\/benin-le-gouvernement-salue-la-performance-de-laurence-gbaye-1ere-des-filles-au-bac-2022#respond\"]}]},{\"@type\":\"WebPage\",\"@id\":\"https:\/\/www.africa-press.net\/benin\/toutes-les-actualites\/benin-le-gouvernement-salue-la-performance-de-laurence-gbaye-1ere-des-filles-au-bac-2022\",\"url\":\"https:\/\/www.africa-press.net\/benin\/toutes-les-actualites\/benin-le-gouvernement-salue-la-performance-de-laurence-gbaye-1ere-des-filles-au-bac-2022\",\"name\":\"B\u00e9nin: le gouvernement salue la performance de Laurence Gbay\u00e9, 1\u00e8re des filles au BAC 2022 - B\u00e9nin\",\"isPartOf\":{\"@id\":\"https:\/\/www.africa-press.net\/benin\/#website\"},\"primaryImageOfPage\":{\"@id\":\"https:\/\/www.africa-press.net\/benin\/toutes-les-actualites\/benin-le-gouvernement-salue-la-performance-de-laurence-gbaye-1ere-des-filles-au-bac-2022#primaryimage\"},\"image\":{\"@id\":\"https:\/\/www.africa-press.net\/benin\/toutes-les-actualites\/benin-le-gouvernement-salue-la-performance-de-laurence-gbaye-1ere-des-filles-au-bac-2022#primaryimage\"},\"thumbnailUrl\":\"https:\/\/static.africa-press.net\/benin\/sites\/46\/2022\/08\/postQueueImg_26-62ec280ad79a5.jpg\",\"datePublished\":\"2022-08-04T19:52:34+00:00\",\"dateModified\":\"2022-08-04T20:12:30+00:00\",\"author\":{\"@id\":\"https:\/\/www.africa-press.net\/benin\/#\/schema\/person\/2b1cf3cd81a31e3cd26889ca66d677f1\"},\"description\":\"Laurence Evania Gbay\u00e9, premi\u00e8re des filles au Baccalaur\u00e9at 2022 a \u00e9t\u00e9 honor\u00e9e par le gouvernement \u00e0 travers trois minist ...\",\"breadcrumb\":{\"@id\":\"https:\/\/www.africa-press.net\/benin\/toutes-les-actualites\/benin-le-gouvernement-salue-la-performance-de-laurence-gbaye-1ere-des-filles-au-bac-2022#breadcrumb\"},\"inLanguage\":\"fr-FR\",\"potentialAction\":[{\"@type\":\"ReadAction\",\"target\":[\"https:\/\/www.africa-press.net\/benin\/toutes-les-actualites\/benin-le-gouvernement-salue-la-performance-de-laurence-gbaye-1ere-des-filles-au-bac-2022\"]}]},{\"@type\":\"ImageObject\",\"inLanguage\":\"fr-FR\",\"@id\":\"https:\/\/www.africa-press.net\/benin\/toutes-les-actualites\/benin-le-gouvernement-salue-la-performance-de-laurence-gbaye-1ere-des-filles-au-bac-2022#primaryimage\",\"url\":\"https:\/\/static.africa-press.net\/benin\/sites\/46\/2022\/08\/postQueueImg_26-62ec280ad79a5.jpg\",\"contentUrl\":\"https:\/\/static.africa-press.net\/benin\/sites\/46\/2022\/08\/postQueueImg_26-62ec280ad79a5.jpg\",\"width\":1200,\"height\":675,\"caption\":\"B\u00e9nin: le gouvernement salue la performance de Laurence Gbay\u00e9, 1\u00e8re des filles au BAC 2022\"},{\"@type\":\"BreadcrumbList\",\"@id\":\"https:\/\/www.africa-press.net\/benin\/toutes-les-actualites\/benin-le-gouvernement-salue-la-performance-de-laurence-gbaye-1ere-des-filles-au-bac-2022#breadcrumb\",\"itemListElement\":[{\"@type\":\"ListItem\",\"position\":1,\"name\":\"Accueil\",\"item\":\"https:\/\/www.africa-press.net\/benin\/\"},{\"@type\":\"ListItem\",\"position\":2,\"name\":\"B\u00e9nin: le gouvernement salue la performance de Laurence Gbay\u00e9, 1\u00e8re des filles au BAC 2022\"}]},{\"@type\":\"WebSite\",\"@id\":\"https:\/\/www.africa-press.net\/benin\/#website\",\"url\":\"https:\/\/www.africa-press.net\/benin\/\",\"name\":\"B\u00e9nin\",\"description\":\"Just another Africa News Agency Sites site\",\"potentialAction\":[{\"@type\":\"SearchAction\",\"target\":{\"@type\":\"EntryPoint\",\"urlTemplate\":\"https:\/\/www.africa-press.net\/benin\/?s={search_term_string}\"},\"query-input\":{\"@type\":\"PropertyValueSpecification\",\"valueRequired\":true,\"valueName\":\"search_term_string\"}}],\"inLanguage\":\"fr-FR\"},{\"@type\":\"Person\",\"@id\":\"https:\/\/www.africa-press.net\/benin\/#\/schema\/person\/2b1cf3cd81a31e3cd26889ca66d677f1\",\"name\":\"cfeditorfr\"}]}<\/script>\n<!-- \/ Yoast SEO Premium plugin. -->","yoast_head_json":{"title":"B\u00e9nin: le gouvernement salue la performance de Laurence Gbay\u00e9, 1\u00e8re des filles au BAC 2022 - B\u00e9nin","description":"Laurence Evania Gbay\u00e9, premi\u00e8re des filles au Baccalaur\u00e9at 2022 a \u00e9t\u00e9 honor\u00e9e par le gouvernement \u00e0 travers trois minist ...","robots":{"index":"index","follow":"follow","max-snippet":"max-snippet:-1","max-image-preview":"max-image-preview:large","max-video-preview":"max-video-preview:-1"},"canonical":"https:\/\/www.africa-press.net\/benin\/toutes-les-actualites\/benin-le-gouvernement-salue-la-performance-de-laurence-gbaye-1ere-des-filles-au-bac-2022","og_locale":"fr_FR","og_type":"article","og_title":"B\u00e9nin: le gouvernement salue la performance de Laurence Gbay\u00e9, 1\u00e8re des filles au BAC 2022","og_description":"Laurence Evania Gbay\u00e9, premi\u00e8re des filles au Baccalaur\u00e9at 2022 a \u00e9t\u00e9 honor\u00e9e par le gouvernement \u00e0 travers trois minist ...","og_url":"https:\/\/www.africa-press.net\/benin\/toutes-les-actualites\/benin-le-gouvernement-salue-la-performance-de-laurence-gbaye-1ere-des-filles-au-bac-2022","og_site_name":"B\u00e9nin","article_published_time":"2022-08-04T19:52:34+00:00","article_modified_time":"2022-08-04T20:12:30+00:00","og_image":[{"width":1200,"height":675,"url":"https:\/\/static.africa-press.net\/benin\/sites\/46\/2022\/08\/postQueueImg_26-62ec280ad79a5.jpg","type":"image\/jpeg"}],"author":"cfeditorfr","twitter_card":"summary_large_image","twitter_misc":{"\u00c9crit par":"cfeditorfr","Dur\u00e9e de lecture estim\u00e9e":"2 minutes"},"schema":{"@context":"https:\/\/schema.org","@graph":[{"@type":"Article","@id":"https:\/\/www.africa-press.net\/benin\/toutes-les-actualites\/benin-le-gouvernement-salue-la-performance-de-laurence-gbaye-1ere-des-filles-au-bac-2022#article","isPartOf":{"@id":"https:\/\/www.africa-press.net\/benin\/toutes-les-actualites\/benin-le-gouvernement-salue-la-performance-de-laurence-gbaye-1ere-des-filles-au-bac-2022"},"author":{"name":"cfeditorfr","@id":"https:\/\/www.africa-press.net\/benin\/#\/schema\/person\/2b1cf3cd81a31e3cd26889ca66d677f1"},"headline":"B\u00e9nin: le gouvernement salue la performance de Laurence Gbay\u00e9, 1\u00e8re des filles au BAC 2022","datePublished":"2022-08-04T19:52:34+00:00","dateModified":"2022-08-04T20:12:30+00:00","mainEntityOfPage":{"@id":"https:\/\/www.africa-press.net\/benin\/toutes-les-actualites\/benin-le-gouvernement-salue-la-performance-de-laurence-gbaye-1ere-des-filles-au-bac-2022"},"wordCount":290,"commentCount":0,"image":{"@id":"https:\/\/www.africa-press.net\/benin\/toutes-les-actualites\/benin-le-gouvernement-salue-la-performance-de-laurence-gbaye-1ere-des-filles-au-bac-2022#primaryimage"},"thumbnailUrl":"https:\/\/static.africa-press.net\/benin\/sites\/46\/2022\/08\/postQueueImg_26-62ec280ad79a5.jpg","keywords":["Africa Press","Africa Press-Benin","B\u00e9nin"],"articleSection":["Communaut\u00e9","homepage-french","Toutes les actualit\u00e9s"],"inLanguage":"fr-FR","potentialAction":[{"@type":"CommentAction","name":"Comment","target":["https:\/\/www.africa-press.net\/benin\/toutes-les-actualites\/benin-le-gouvernement-salue-la-performance-de-laurence-gbaye-1ere-des-filles-au-bac-2022#respond"]}]},{"@type":"WebPage","@id":"https:\/\/www.africa-press.net\/benin\/toutes-les-actualites\/benin-le-gouvernement-salue-la-performance-de-laurence-gbaye-1ere-des-filles-au-bac-2022","url":"https:\/\/www.africa-press.net\/benin\/toutes-les-actualites\/benin-le-gouvernement-salue-la-performance-de-laurence-gbaye-1ere-des-filles-au-bac-2022","name":"B\u00e9nin: le gouvernement salue la performance de Laurence Gbay\u00e9, 1\u00e8re des filles au BAC 2022 - B\u00e9nin","isPartOf":{"@id":"https:\/\/www.africa-press.net\/benin\/#website"},"primaryImageOfPage":{"@id":"https:\/\/www.africa-press.net\/benin\/toutes-les-actualites\/benin-le-gouvernement-salue-la-performance-de-laurence-gbaye-1ere-des-filles-au-bac-2022#primaryimage"},"image":{"@id":"https:\/\/www.africa-press.net\/benin\/toutes-les-actualites\/benin-le-gouvernement-salue-la-performance-de-laurence-gbaye-1ere-des-filles-au-bac-2022#primaryimage"},"thumbnailUrl":"https:\/\/static.africa-press.net\/benin\/sites\/46\/2022\/08\/postQueueImg_26-62ec280ad79a5.jpg","datePublished":"2022-08-04T19:52:34+00:00","dateModified":"2022-08-04T20:12:30+00:00","author":{"@id":"https:\/\/www.africa-press.net\/benin\/#\/schema\/person\/2b1cf3cd81a31e3cd26889ca66d677f1"},"description":"Laurence Evania Gbay\u00e9, premi\u00e8re des filles au Baccalaur\u00e9at 2022 a \u00e9t\u00e9 honor\u00e9e par le gouvernement \u00e0 travers trois minist ...","breadcrumb":{"@id":"https:\/\/www.africa-press.net\/benin\/toutes-les-actualites\/benin-le-gouvernement-salue-la-performance-de-laurence-gbaye-1ere-des-filles-au-bac-2022#breadcrumb"},"inLanguage":"fr-FR","potentialAction":[{"@type":"ReadAction","target":["https:\/\/www.africa-press.net\/benin\/toutes-les-actualites\/benin-le-gouvernement-salue-la-performance-de-laurence-gbaye-1ere-des-filles-au-bac-2022"]}]},{"@type":"ImageObject","inLanguage":"fr-FR","@id":"https:\/\/www.africa-press.net\/benin\/toutes-les-actualites\/benin-le-gouvernement-salue-la-performance-de-laurence-gbaye-1ere-des-filles-au-bac-2022#primaryimage","url":"https:\/\/static.africa-press.net\/benin\/sites\/46\/2022\/08\/postQueueImg_26-62ec280ad79a5.jpg","contentUrl":"https:\/\/static.africa-press.net\/benin\/sites\/46\/2022\/08\/postQueueImg_26-62ec280ad79a5.jpg","width":1200,"height":675,"caption":"B\u00e9nin: le gouvernement salue la performance de Laurence Gbay\u00e9, 1\u00e8re des filles au BAC 2022"},{"@type":"BreadcrumbList","@id":"https:\/\/www.africa-press.net\/benin\/toutes-les-actualites\/benin-le-gouvernement-salue-la-performance-de-laurence-gbaye-1ere-des-filles-au-bac-2022#breadcrumb","itemListElement":[{"@type":"ListItem","position":1,"name":"Accueil","item":"https:\/\/www.africa-press.net\/benin\/"},{"@type":"ListItem","position":2,"name":"B\u00e9nin: le gouvernement salue la performance de Laurence Gbay\u00e9, 1\u00e8re des filles au BAC 2022"}]},{"@type":"WebSite","@id":"https:\/\/www.africa-press.net\/benin\/#website","url":"https:\/\/www.africa-press.net\/benin\/","name":"B\u00e9nin","description":"Just another Africa News Agency Sites site","potentialAction":[{"@type":"SearchAction","target":{"@type":"EntryPoint","urlTemplate":"https:\/\/www.africa-press.net\/benin\/?s={search_term_string}"},"query-input":{"@type":"PropertyValueSpecification","valueRequired":true,"valueName":"search_term_string"}}],"inLanguage":"fr-FR"},{"@type":"Person","@id":"https:\/\/www.africa-press.net\/benin\/#\/schema\/person\/2b1cf3cd81a31e3cd26889ca66d677f1","name":"cfeditorfr"}]}},"_links":{"self":[{"href":"https:\/\/www.africa-press.net\/benin\/wp-json\/wp\/v2\/posts\/7667","targetHints":{"allow":["GET"]}}],"collection":[{"href":"https:\/\/www.africa-press.net\/benin\/wp-json\/wp\/v2\/posts"}],"about":[{"href":"https:\/\/www.africa-press.net\/benin\/wp-json\/wp\/v2\/types\/post"}],"author":[{"embeddable":true,"href":"https:\/\/www.africa-press.net\/benin\/wp-json\/wp\/v2\/users\/82"}],"replies":[{"embeddable":true,"href":"https:\/\/www.africa-press.net\/benin\/wp-json\/wp\/v2\/comments?post=7667"}],"version-history":[{"count":0,"href":"https:\/\/www.africa-press.net\/benin\/wp-json\/wp\/v2\/posts\/7667\/revisions"}],"wp:featuredmedia":[{"embeddable":true,"href":"https:\/\/www.africa-press.net\/benin\/wp-json\/wp\/v2\/media\/7665"}],"wp:attachment":[{"href":"https:\/\/www.africa-press.net\/benin\/wp-json\/wp\/v2\/media?parent=7667"}],"wp:term":[{"taxonomy":"category","embeddable":true,"href":"https:\/\/www.africa-press.net\/benin\/wp-json\/wp\/v2\/categories?post=7667"},{"taxonomy":"post_tag","embeddable":true,"href":"https:\/\/www.africa-press.net\/benin\/wp-json\/wp\/v2\/tags?post=7667"}],"curies":[{"name":"wp","href":"https:\/\/api.w.org\/{rel}","templated":true}]}}