{"id":7681,"date":"2022-08-04T19:53:22","date_gmt":"2022-08-04T19:53:22","guid":{"rendered":"https:\/\/www.africa-press.net\/benin\/politique\/le-chemin-est-en-train-detre-deblaye-pour-des-questions-qui-fachent-joel-atayi-guedegbe"},"modified":"2022-08-04T20:15:02","modified_gmt":"2022-08-04T20:15:02","slug":"le-chemin-est-en-train-detre-deblaye-pour-des-questions-qui-fachent-joel-atayi-guedegbe","status":"publish","type":"post","link":"https:\/\/www.africa-press.net\/benin\/politique\/le-chemin-est-en-train-detre-deblaye-pour-des-questions-qui-fachent-joel-atayi-guedegbe","title":{"rendered":"\u00ab\u00a0Le chemin est en train d\u2019\u00eatre d\u00e9blay\u00e9 pour des questions qui f\u00e2chent\u00a0\u00bb, Jo\u00eal Atayi-Gu\u00e8d\u00e8gb\u00e9"},"content":{"rendered":"<p><span style=\"color: #ff6600\"><strong>Africa-Press &#8211; Benin. <\/strong><\/span>L\u2019unit\u00e9 retrouv\u00e9e autour du pr\u00e9sident Patrice Talon lors de la f\u00eate du 1er Ao\u00fbt 2022 continue de nourrir les commentaires. Appr\u00e9ciant la pr\u00e9sence des opposants et des anciens pr\u00e9sidents de la R\u00e9publique au Boulevard de La Marina, Jo\u00ebl Atayi-Gu\u00e8d\u00e8gb\u00e9 affirme que le chemin est entrain d\u2019\u00eatre d\u00e9blay\u00e9 pour des questions qui f\u00e2chent.<\/p>\n<p>Apr\u00e8s deux ans de pause pour des raisons li\u00e9es \u00e0 la pand\u00e9mie de la Covid19, le B\u00e9nin a renou\u00e9 le 1er Ao\u00fbt 2022 avec les manifestations officielles entrant dans le cadre de la comm\u00e9moration de l\u2019accession du pays \u00e0 la souverainet\u00e9 internationale. La sp\u00e9cificit\u00e9 de l\u2019\u00e9dition 2022 de la f\u00eate nationale du B\u00e9nin est la pr\u00e9sence des leaders de l\u2019opposition au r\u00e9gime du pr\u00e9sident Patrice Talon et surtout la pr\u00e9sence des deux anciens chef d\u2019Etat, Nic\u00e9phore Soglo et Thomas Boni Yayi qui avaient boycott\u00e9 l\u2019invitation du chef de l\u2019Etat lors des \u00e9ditions pr\u00e9c\u00e9dentes.<\/p>\n<p>Sur Frissons radio le mardi 2 Ao\u00fbt 2022, l\u2019expert en gouvernance, Jo\u00ebl Atayi-Gu\u00e8d\u00e8gb\u00e9 revient sur les images pr\u00e9sentant le chef de l\u2019Etat saluant chaleureusement les anciens pr\u00e9sidents de la R\u00e9publique et des leaders de l\u2019opposition notamment le pr\u00e9sident des d\u00e9mocrates, Eric Hound\u00e9t\u00e9.<\/p>\n<p>Pour lui, ces images semblent \u00eatre des signes pr\u00e9curseurs de la d\u00e9crispation politique tant souhait\u00e9e par l\u2019ensemble du peuple b\u00e9ninois. En tout cas pour Jo\u00ebl Atayi-Gu\u00e8d\u00e8gb\u00e9, la ferveur suscit\u00e9e par les manifestations officielles, le 1er Ao\u00fbt dernier, d\u00e9montre que les b\u00e9ninois sont d\u00e9sormais loin des \u00e9v\u00e9nements de 2019 (les violences et les casses suscit\u00e9es par les l\u00e9gislatives de 2019 \u2013 Ndlr).<\/p>\n<p>\u00ab \u2026le chemin est en train d\u2019\u00eatre d\u00e9blay\u00e9 pour des questions qui f\u00e2chent en vue des prochaines \u00e9lections l\u00e9gislatives\u00ab , affirme Jo\u00ebl Atayi-Gu\u00e8d\u00e8gb\u00e9 au regard de l\u2019unit\u00e9 qui s\u2019est retrouv\u00e9e autour du pr\u00e9sident de la R\u00e9publique. Pour en arriver \u00e0 cette ambiance, l\u2019acteur de la soci\u00e9t\u00e9 civile estime que des efforts ont d\u00fb \u00eatre consentis de part et d\u2019autre pour permettre cette ouverture qui annonce un cheminement vers une cohabitation plus apais\u00e9e.<\/p>\n<p>Les prisonniers et exil\u00e9s politiques, l\u2019\u00e9quation \u00e0 r\u00e9soudre\u2026<\/p>\n<p>Si l\u2019acteur de la soci\u00e9t\u00e9 civile a reconnu qu\u2019un pas a \u00e9t\u00e9 fait dans le sens de la d\u00e9crispation, il reconnait que le plus difficile est la situation des prisonniers et exil\u00e9s politiques; ceux-l\u00e0 qui ont \u00e9t\u00e9 condamn\u00e9e \u00e0 de lourdes peine ou qui ont quitt\u00e9 le pays et que le chef de l\u2019Etat invite \u00e0 r\u00e9pondre de leurs actes devant les juridictions. A l\u2019endroit de ceux-l\u00e0 aussi, Jo\u00ebl Atayi-Gu\u00e8d\u00e8gb\u00e9 entrevoit des possibilit\u00e9s \u00e0 travers le dialogue politique. Pour lui, personne n\u2019oublie qu\u2019il y a des possibilit\u00e9s \u00e0 travers des n\u00e9gociations qui ne se d\u00e9roulement pas sur la place publique.<\/p>\n<p>L\u2019acteur de la soci\u00e9t\u00e9 civile a \u00e9galement \u00e9voqu\u00e9 la gr\u00e2ce pr\u00e9sidentielle et la prise d\u2019une loi d\u2019amnistie par l\u2019assembl\u00e9e nationale qui sont entre autres des voies possibles de d\u00e9crispation de la tension politique.<\/p>\n<p><strong>Pour plus d&rsquo;informations et d&rsquo;analyses sur la <a href=\"https:\/\/www.africa-press.net\/benin\">Benin<\/a>, suivez <a href=\"https:\/\/www.africa-press.net\/\">Africa-Press<\/a><\/strong><\/p>\n","protected":false},"excerpt":{"rendered":"<p>Africa-Press &#8211; Benin. L\u2019unit\u00e9 retrouv\u00e9e autour du pr\u00e9sident Patrice Talon lors de la f\u00eate du 1er Ao\u00fbt 2022 continue de nourrir les commentaires. Appr\u00e9ciant la pr\u00e9sence des opposants et des anciens pr\u00e9sidents de la R\u00e9publique au Boulevard de La Marina, Jo\u00ebl Atayi-Gu\u00e8d\u00e8gb\u00e9 affirme que le chemin est entrain d\u2019\u00eatre d\u00e9blay\u00e9 pour des questions qui f\u00e2chent. [&hellip;]<\/p>\n","protected":false},"author":82,"featured_media":7680,"comment_status":"open","ping_status":"closed","sticky":false,"template":"","format":"standard","meta":{"footnotes":""},"categories":[11,2,10],"tags":[36,50,45],"class_list":["post-7681","post","type-post","status-publish","format-standard","has-post-thumbnail","hentry","category-homepage-french","category-politique","category-toutes-les-actualites","tag-africa-press","tag-africa-press-benin","tag-benin"],"yoast_head":"<!-- This site is optimized with the Yoast SEO Premium plugin v26.1 (Yoast SEO v27.0) - https:\/\/yoast.com\/product\/yoast-seo-premium-wordpress\/ -->\n<title>\u00ab\u00a0Le chemin est en train d\u2019\u00eatre d\u00e9blay\u00e9 pour des questions qui f\u00e2chent\u00a0\u00bb, Jo\u00eal Atayi-Gu\u00e8d\u00e8gb\u00e9 - B\u00e9nin<\/title>\n<meta name=\"description\" content=\"L\u2019unit\u00e9 retrouv\u00e9e autour du pr\u00e9sident Patrice Talon lors de la f\u00eate du 1er Ao\u00fbt 2022 continue de nourrir les commentaire ...\" \/>\n<meta name=\"robots\" content=\"index, follow, max-snippet:-1, max-image-preview:large, max-video-preview:-1\" \/>\n<link rel=\"canonical\" href=\"https:\/\/www.africa-press.net\/benin\/politique\/le-chemin-est-en-train-detre-deblaye-pour-des-questions-qui-fachent-joel-atayi-guedegbe\" \/>\n<meta property=\"og:locale\" content=\"fr_FR\" \/>\n<meta property=\"og:type\" content=\"article\" \/>\n<meta property=\"og:title\" content=\"\u00ab\u00a0Le chemin est en train d\u2019\u00eatre d\u00e9blay\u00e9 pour des questions qui f\u00e2chent\u00a0\u00bb, Jo\u00eal Atayi-Gu\u00e8d\u00e8gb\u00e9\" \/>\n<meta property=\"og:description\" content=\"L\u2019unit\u00e9 retrouv\u00e9e autour du pr\u00e9sident Patrice Talon lors de la f\u00eate du 1er Ao\u00fbt 2022 continue de nourrir les commentaire ...\" \/>\n<meta property=\"og:url\" content=\"https:\/\/www.africa-press.net\/benin\/politique\/le-chemin-est-en-train-detre-deblaye-pour-des-questions-qui-fachent-joel-atayi-guedegbe\" \/>\n<meta property=\"og:site_name\" content=\"B\u00e9nin\" \/>\n<meta property=\"article:published_time\" content=\"2022-08-04T19:53:22+00:00\" \/>\n<meta property=\"article:modified_time\" content=\"2022-08-04T20:15:02+00:00\" \/>\n<meta property=\"og:image\" content=\"https:\/\/static.africa-press.net\/benin\/sites\/46\/2022\/08\/postQueueImg_29-62ec28a1585ff.jpg\" \/>\n\t<meta property=\"og:image:width\" content=\"1200\" \/>\n\t<meta property=\"og:image:height\" content=\"675\" \/>\n\t<meta property=\"og:image:type\" content=\"image\/jpeg\" \/>\n<meta name=\"author\" content=\"cfeditorfr\" \/>\n<meta name=\"twitter:card\" content=\"summary_large_image\" \/>\n<meta name=\"twitter:label1\" content=\"\u00c9crit par\" \/>\n\t<meta name=\"twitter:data1\" content=\"cfeditorfr\" \/>\n\t<meta name=\"twitter:label2\" content=\"Dur\u00e9e de lecture estim\u00e9e\" \/>\n\t<meta name=\"twitter:data2\" content=\"3 minutes\" \/>\n<script type=\"application\/ld+json\" class=\"yoast-schema-graph\">{\"@context\":\"https:\/\/schema.org\",\"@graph\":[{\"@type\":\"Article\",\"@id\":\"https:\/\/www.africa-press.net\/benin\/politique\/le-chemin-est-en-train-detre-deblaye-pour-des-questions-qui-fachent-joel-atayi-guedegbe#article\",\"isPartOf\":{\"@id\":\"https:\/\/www.africa-press.net\/benin\/politique\/le-chemin-est-en-train-detre-deblaye-pour-des-questions-qui-fachent-joel-atayi-guedegbe\"},\"author\":{\"name\":\"cfeditorfr\",\"@id\":\"https:\/\/www.africa-press.net\/benin\/#\/schema\/person\/2b1cf3cd81a31e3cd26889ca66d677f1\"},\"headline\":\"\u00ab\u00a0Le chemin est en train d\u2019\u00eatre d\u00e9blay\u00e9 pour des questions qui f\u00e2chent\u00a0\u00bb, Jo\u00eal Atayi-Gu\u00e8d\u00e8gb\u00e9\",\"datePublished\":\"2022-08-04T19:53:22+00:00\",\"dateModified\":\"2022-08-04T20:15:02+00:00\",\"mainEntityOfPage\":{\"@id\":\"https:\/\/www.africa-press.net\/benin\/politique\/le-chemin-est-en-train-detre-deblaye-pour-des-questions-qui-fachent-joel-atayi-guedegbe\"},\"wordCount\":590,\"commentCount\":0,\"image\":{\"@id\":\"https:\/\/www.africa-press.net\/benin\/politique\/le-chemin-est-en-train-detre-deblaye-pour-des-questions-qui-fachent-joel-atayi-guedegbe#primaryimage\"},\"thumbnailUrl\":\"https:\/\/static.africa-press.net\/benin\/sites\/46\/2022\/08\/postQueueImg_29-62ec28a1585ff.jpg\",\"keywords\":[\"Africa Press\",\"Africa Press-Benin\",\"B\u00e9nin\"],\"articleSection\":[\"homepage-french\",\"Politique\",\"Toutes les actualit\u00e9s\"],\"inLanguage\":\"fr-FR\",\"potentialAction\":[{\"@type\":\"CommentAction\",\"name\":\"Comment\",\"target\":[\"https:\/\/www.africa-press.net\/benin\/politique\/le-chemin-est-en-train-detre-deblaye-pour-des-questions-qui-fachent-joel-atayi-guedegbe#respond\"]}]},{\"@type\":\"WebPage\",\"@id\":\"https:\/\/www.africa-press.net\/benin\/politique\/le-chemin-est-en-train-detre-deblaye-pour-des-questions-qui-fachent-joel-atayi-guedegbe\",\"url\":\"https:\/\/www.africa-press.net\/benin\/politique\/le-chemin-est-en-train-detre-deblaye-pour-des-questions-qui-fachent-joel-atayi-guedegbe\",\"name\":\"\u00ab\u00a0Le chemin est en train d\u2019\u00eatre d\u00e9blay\u00e9 pour des questions qui f\u00e2chent\u00a0\u00bb, Jo\u00eal Atayi-Gu\u00e8d\u00e8gb\u00e9 - B\u00e9nin\",\"isPartOf\":{\"@id\":\"https:\/\/www.africa-press.net\/benin\/#website\"},\"primaryImageOfPage\":{\"@id\":\"https:\/\/www.africa-press.net\/benin\/politique\/le-chemin-est-en-train-detre-deblaye-pour-des-questions-qui-fachent-joel-atayi-guedegbe#primaryimage\"},\"image\":{\"@id\":\"https:\/\/www.africa-press.net\/benin\/politique\/le-chemin-est-en-train-detre-deblaye-pour-des-questions-qui-fachent-joel-atayi-guedegbe#primaryimage\"},\"thumbnailUrl\":\"https:\/\/static.africa-press.net\/benin\/sites\/46\/2022\/08\/postQueueImg_29-62ec28a1585ff.jpg\",\"datePublished\":\"2022-08-04T19:53:22+00:00\",\"dateModified\":\"2022-08-04T20:15:02+00:00\",\"author\":{\"@id\":\"https:\/\/www.africa-press.net\/benin\/#\/schema\/person\/2b1cf3cd81a31e3cd26889ca66d677f1\"},\"description\":\"L\u2019unit\u00e9 retrouv\u00e9e autour du pr\u00e9sident Patrice Talon lors de la f\u00eate du 1er Ao\u00fbt 2022 continue de nourrir les commentaire ...\",\"breadcrumb\":{\"@id\":\"https:\/\/www.africa-press.net\/benin\/politique\/le-chemin-est-en-train-detre-deblaye-pour-des-questions-qui-fachent-joel-atayi-guedegbe#breadcrumb\"},\"inLanguage\":\"fr-FR\",\"potentialAction\":[{\"@type\":\"ReadAction\",\"target\":[\"https:\/\/www.africa-press.net\/benin\/politique\/le-chemin-est-en-train-detre-deblaye-pour-des-questions-qui-fachent-joel-atayi-guedegbe\"]}]},{\"@type\":\"ImageObject\",\"inLanguage\":\"fr-FR\",\"@id\":\"https:\/\/www.africa-press.net\/benin\/politique\/le-chemin-est-en-train-detre-deblaye-pour-des-questions-qui-fachent-joel-atayi-guedegbe#primaryimage\",\"url\":\"https:\/\/static.africa-press.net\/benin\/sites\/46\/2022\/08\/postQueueImg_29-62ec28a1585ff.jpg\",\"contentUrl\":\"https:\/\/static.africa-press.net\/benin\/sites\/46\/2022\/08\/postQueueImg_29-62ec28a1585ff.jpg\",\"width\":1200,\"height\":675,\"caption\":\"\u00ab\u00a0Le chemin est en train d\u2019\u00eatre d\u00e9blay\u00e9 pour des questions qui f\u00e2chent\u00a0\u00bb, Jo\u00eal Atayi-Gu\u00e8d\u00e8gb\u00e9\"},{\"@type\":\"BreadcrumbList\",\"@id\":\"https:\/\/www.africa-press.net\/benin\/politique\/le-chemin-est-en-train-detre-deblaye-pour-des-questions-qui-fachent-joel-atayi-guedegbe#breadcrumb\",\"itemListElement\":[{\"@type\":\"ListItem\",\"position\":1,\"name\":\"Accueil\",\"item\":\"https:\/\/www.africa-press.net\/benin\/\"},{\"@type\":\"ListItem\",\"position\":2,\"name\":\"\u00ab\u00a0Le chemin est en train d\u2019\u00eatre d\u00e9blay\u00e9 pour des questions qui f\u00e2chent\u00a0\u00bb, Jo\u00eal Atayi-Gu\u00e8d\u00e8gb\u00e9\"}]},{\"@type\":\"WebSite\",\"@id\":\"https:\/\/www.africa-press.net\/benin\/#website\",\"url\":\"https:\/\/www.africa-press.net\/benin\/\",\"name\":\"B\u00e9nin\",\"description\":\"Just another Africa News Agency Sites site\",\"potentialAction\":[{\"@type\":\"SearchAction\",\"target\":{\"@type\":\"EntryPoint\",\"urlTemplate\":\"https:\/\/www.africa-press.net\/benin\/?s={search_term_string}\"},\"query-input\":{\"@type\":\"PropertyValueSpecification\",\"valueRequired\":true,\"valueName\":\"search_term_string\"}}],\"inLanguage\":\"fr-FR\"},{\"@type\":\"Person\",\"@id\":\"https:\/\/www.africa-press.net\/benin\/#\/schema\/person\/2b1cf3cd81a31e3cd26889ca66d677f1\",\"name\":\"cfeditorfr\"}]}<\/script>\n<!-- \/ Yoast SEO Premium plugin. -->","yoast_head_json":{"title":"\u00ab\u00a0Le chemin est en train d\u2019\u00eatre d\u00e9blay\u00e9 pour des questions qui f\u00e2chent\u00a0\u00bb, Jo\u00eal Atayi-Gu\u00e8d\u00e8gb\u00e9 - B\u00e9nin","description":"L\u2019unit\u00e9 retrouv\u00e9e autour du pr\u00e9sident Patrice Talon lors de la f\u00eate du 1er Ao\u00fbt 2022 continue de nourrir les commentaire ...","robots":{"index":"index","follow":"follow","max-snippet":"max-snippet:-1","max-image-preview":"max-image-preview:large","max-video-preview":"max-video-preview:-1"},"canonical":"https:\/\/www.africa-press.net\/benin\/politique\/le-chemin-est-en-train-detre-deblaye-pour-des-questions-qui-fachent-joel-atayi-guedegbe","og_locale":"fr_FR","og_type":"article","og_title":"\u00ab\u00a0Le chemin est en train d\u2019\u00eatre d\u00e9blay\u00e9 pour des questions qui f\u00e2chent\u00a0\u00bb, Jo\u00eal Atayi-Gu\u00e8d\u00e8gb\u00e9","og_description":"L\u2019unit\u00e9 retrouv\u00e9e autour du pr\u00e9sident Patrice Talon lors de la f\u00eate du 1er Ao\u00fbt 2022 continue de nourrir les commentaire ...","og_url":"https:\/\/www.africa-press.net\/benin\/politique\/le-chemin-est-en-train-detre-deblaye-pour-des-questions-qui-fachent-joel-atayi-guedegbe","og_site_name":"B\u00e9nin","article_published_time":"2022-08-04T19:53:22+00:00","article_modified_time":"2022-08-04T20:15:02+00:00","og_image":[{"width":1200,"height":675,"url":"https:\/\/static.africa-press.net\/benin\/sites\/46\/2022\/08\/postQueueImg_29-62ec28a1585ff.jpg","type":"image\/jpeg"}],"author":"cfeditorfr","twitter_card":"summary_large_image","twitter_misc":{"\u00c9crit par":"cfeditorfr","Dur\u00e9e de lecture estim\u00e9e":"3 minutes"},"schema":{"@context":"https:\/\/schema.org","@graph":[{"@type":"Article","@id":"https:\/\/www.africa-press.net\/benin\/politique\/le-chemin-est-en-train-detre-deblaye-pour-des-questions-qui-fachent-joel-atayi-guedegbe#article","isPartOf":{"@id":"https:\/\/www.africa-press.net\/benin\/politique\/le-chemin-est-en-train-detre-deblaye-pour-des-questions-qui-fachent-joel-atayi-guedegbe"},"author":{"name":"cfeditorfr","@id":"https:\/\/www.africa-press.net\/benin\/#\/schema\/person\/2b1cf3cd81a31e3cd26889ca66d677f1"},"headline":"\u00ab\u00a0Le chemin est en train d\u2019\u00eatre d\u00e9blay\u00e9 pour des questions qui f\u00e2chent\u00a0\u00bb, Jo\u00eal Atayi-Gu\u00e8d\u00e8gb\u00e9","datePublished":"2022-08-04T19:53:22+00:00","dateModified":"2022-08-04T20:15:02+00:00","mainEntityOfPage":{"@id":"https:\/\/www.africa-press.net\/benin\/politique\/le-chemin-est-en-train-detre-deblaye-pour-des-questions-qui-fachent-joel-atayi-guedegbe"},"wordCount":590,"commentCount":0,"image":{"@id":"https:\/\/www.africa-press.net\/benin\/politique\/le-chemin-est-en-train-detre-deblaye-pour-des-questions-qui-fachent-joel-atayi-guedegbe#primaryimage"},"thumbnailUrl":"https:\/\/static.africa-press.net\/benin\/sites\/46\/2022\/08\/postQueueImg_29-62ec28a1585ff.jpg","keywords":["Africa Press","Africa Press-Benin","B\u00e9nin"],"articleSection":["homepage-french","Politique","Toutes les actualit\u00e9s"],"inLanguage":"fr-FR","potentialAction":[{"@type":"CommentAction","name":"Comment","target":["https:\/\/www.africa-press.net\/benin\/politique\/le-chemin-est-en-train-detre-deblaye-pour-des-questions-qui-fachent-joel-atayi-guedegbe#respond"]}]},{"@type":"WebPage","@id":"https:\/\/www.africa-press.net\/benin\/politique\/le-chemin-est-en-train-detre-deblaye-pour-des-questions-qui-fachent-joel-atayi-guedegbe","url":"https:\/\/www.africa-press.net\/benin\/politique\/le-chemin-est-en-train-detre-deblaye-pour-des-questions-qui-fachent-joel-atayi-guedegbe","name":"\u00ab\u00a0Le chemin est en train d\u2019\u00eatre d\u00e9blay\u00e9 pour des questions qui f\u00e2chent\u00a0\u00bb, Jo\u00eal Atayi-Gu\u00e8d\u00e8gb\u00e9 - B\u00e9nin","isPartOf":{"@id":"https:\/\/www.africa-press.net\/benin\/#website"},"primaryImageOfPage":{"@id":"https:\/\/www.africa-press.net\/benin\/politique\/le-chemin-est-en-train-detre-deblaye-pour-des-questions-qui-fachent-joel-atayi-guedegbe#primaryimage"},"image":{"@id":"https:\/\/www.africa-press.net\/benin\/politique\/le-chemin-est-en-train-detre-deblaye-pour-des-questions-qui-fachent-joel-atayi-guedegbe#primaryimage"},"thumbnailUrl":"https:\/\/static.africa-press.net\/benin\/sites\/46\/2022\/08\/postQueueImg_29-62ec28a1585ff.jpg","datePublished":"2022-08-04T19:53:22+00:00","dateModified":"2022-08-04T20:15:02+00:00","author":{"@id":"https:\/\/www.africa-press.net\/benin\/#\/schema\/person\/2b1cf3cd81a31e3cd26889ca66d677f1"},"description":"L\u2019unit\u00e9 retrouv\u00e9e autour du pr\u00e9sident Patrice Talon lors de la f\u00eate du 1er Ao\u00fbt 2022 continue de nourrir les commentaire ...","breadcrumb":{"@id":"https:\/\/www.africa-press.net\/benin\/politique\/le-chemin-est-en-train-detre-deblaye-pour-des-questions-qui-fachent-joel-atayi-guedegbe#breadcrumb"},"inLanguage":"fr-FR","potentialAction":[{"@type":"ReadAction","target":["https:\/\/www.africa-press.net\/benin\/politique\/le-chemin-est-en-train-detre-deblaye-pour-des-questions-qui-fachent-joel-atayi-guedegbe"]}]},{"@type":"ImageObject","inLanguage":"fr-FR","@id":"https:\/\/www.africa-press.net\/benin\/politique\/le-chemin-est-en-train-detre-deblaye-pour-des-questions-qui-fachent-joel-atayi-guedegbe#primaryimage","url":"https:\/\/static.africa-press.net\/benin\/sites\/46\/2022\/08\/postQueueImg_29-62ec28a1585ff.jpg","contentUrl":"https:\/\/static.africa-press.net\/benin\/sites\/46\/2022\/08\/postQueueImg_29-62ec28a1585ff.jpg","width":1200,"height":675,"caption":"\u00ab\u00a0Le chemin est en train d\u2019\u00eatre d\u00e9blay\u00e9 pour des questions qui f\u00e2chent\u00a0\u00bb, Jo\u00eal Atayi-Gu\u00e8d\u00e8gb\u00e9"},{"@type":"BreadcrumbList","@id":"https:\/\/www.africa-press.net\/benin\/politique\/le-chemin-est-en-train-detre-deblaye-pour-des-questions-qui-fachent-joel-atayi-guedegbe#breadcrumb","itemListElement":[{"@type":"ListItem","position":1,"name":"Accueil","item":"https:\/\/www.africa-press.net\/benin\/"},{"@type":"ListItem","position":2,"name":"\u00ab\u00a0Le chemin est en train d\u2019\u00eatre d\u00e9blay\u00e9 pour des questions qui f\u00e2chent\u00a0\u00bb, Jo\u00eal Atayi-Gu\u00e8d\u00e8gb\u00e9"}]},{"@type":"WebSite","@id":"https:\/\/www.africa-press.net\/benin\/#website","url":"https:\/\/www.africa-press.net\/benin\/","name":"B\u00e9nin","description":"Just another Africa News Agency Sites site","potentialAction":[{"@type":"SearchAction","target":{"@type":"EntryPoint","urlTemplate":"https:\/\/www.africa-press.net\/benin\/?s={search_term_string}"},"query-input":{"@type":"PropertyValueSpecification","valueRequired":true,"valueName":"search_term_string"}}],"inLanguage":"fr-FR"},{"@type":"Person","@id":"https:\/\/www.africa-press.net\/benin\/#\/schema\/person\/2b1cf3cd81a31e3cd26889ca66d677f1","name":"cfeditorfr"}]}},"_links":{"self":[{"href":"https:\/\/www.africa-press.net\/benin\/wp-json\/wp\/v2\/posts\/7681","targetHints":{"allow":["GET"]}}],"collection":[{"href":"https:\/\/www.africa-press.net\/benin\/wp-json\/wp\/v2\/posts"}],"about":[{"href":"https:\/\/www.africa-press.net\/benin\/wp-json\/wp\/v2\/types\/post"}],"author":[{"embeddable":true,"href":"https:\/\/www.africa-press.net\/benin\/wp-json\/wp\/v2\/users\/82"}],"replies":[{"embeddable":true,"href":"https:\/\/www.africa-press.net\/benin\/wp-json\/wp\/v2\/comments?post=7681"}],"version-history":[{"count":0,"href":"https:\/\/www.africa-press.net\/benin\/wp-json\/wp\/v2\/posts\/7681\/revisions"}],"wp:featuredmedia":[{"embeddable":true,"href":"https:\/\/www.africa-press.net\/benin\/wp-json\/wp\/v2\/media\/7680"}],"wp:attachment":[{"href":"https:\/\/www.africa-press.net\/benin\/wp-json\/wp\/v2\/media?parent=7681"}],"wp:term":[{"taxonomy":"category","embeddable":true,"href":"https:\/\/www.africa-press.net\/benin\/wp-json\/wp\/v2\/categories?post=7681"},{"taxonomy":"post_tag","embeddable":true,"href":"https:\/\/www.africa-press.net\/benin\/wp-json\/wp\/v2\/tags?post=7681"}],"curies":[{"name":"wp","href":"https:\/\/api.w.org\/{rel}","templated":true}]}}