{"id":7740,"date":"2022-08-05T19:03:44","date_gmt":"2022-08-05T19:03:44","guid":{"rendered":"https:\/\/www.africa-press.net\/benin\/politique\/benin-le-parti-social-liberal-sactive-pour-sa-mise-en-conformite-au-misp"},"modified":"2022-08-05T19:14:12","modified_gmt":"2022-08-05T19:14:12","slug":"benin-le-parti-social-liberal-sactive-pour-sa-mise-en-conformite-au-misp","status":"publish","type":"post","link":"https:\/\/www.africa-press.net\/benin\/politique\/benin-le-parti-social-liberal-sactive-pour-sa-mise-en-conformite-au-misp","title":{"rendered":"B\u00e9nin: le Parti Social Lib\u00e9ral s\u2019active pour sa mise en conformit\u00e9 au MISP"},"content":{"rendered":"<p><span style=\"color: #ff6600\"><strong>Africa-Press &#8211; Benin. <\/strong><\/span>Le Parti Social Lib\u00e9ral (PSL) a tenu un congr\u00e8s extraordinaire le lundi 1er ao\u00fbt 2022. Cette rencontre a \u00e9t\u00e9 consacr\u00e9e au lancement de la proc\u00e9dure de mise en conformit\u00e9 du parti dirig\u00e9 par Henri M\u00e9drid, au Minist\u00e8re de l\u2019Int\u00e9rieur et de la S\u00e9curit\u00e9 Publique (MISP).<\/p>\n<p>Le Parti Social Lib\u00e9ral compte se conformer \u00e0 la charte des partis politiques mise en vigueur \u00e0 la suite de la r\u00e9forme du syst\u00e8me partisan. C\u2019est dans ce cadre, qu\u2019il a tenu lundi dernier un congr\u00e8s extraordinaire auquel les membres ont \u00e9t\u00e9 convi\u00e9s, notamment les membres fondateurs.<\/p>\n<p>A l\u2019issue du congr\u00e8s, les dossiers des 1 155 membres fondateurs ont \u00e9t\u00e9 valid\u00e9s et autoris\u00e9s \u00e0 \u00eatre d\u00e9pos\u00e9s au Minist\u00e8re de l\u2019Int\u00e9rieur et de la S\u00e9curit\u00e9 Publique dans le cadre de l\u2019enregistrement du parti, conform\u00e9ment \u00e0 la nouvelle charte des partis politiques. Le parti est donc pr\u00eat pour franchir cette \u00e9tape cruciale de mise en conformit\u00e9 pour une existence l\u00e9gale sur l\u2019\u00e9chiquier politique.<\/p>\n<p>Le PSL en soutien aux actions du pr\u00e9sident Patrice Talon<\/p>\n<p>Le Parti Social Lib\u00e9ral (PSL) se positionne en tant que centriste, mais se dit pr\u00eat \u00e0 accompagner les actions du gouvernement de Patrice Talon. \u00ab Le Parti Social Lib\u00e9ral (PSL) soutient la droite c\u2019est-\u00e0-dire les actions du Pr\u00e9sident Patrice Talon et cela ne signifie en aucun cas que le Parti Social Lib\u00e9ral (PSL) se dissoudra dans l\u2019un des partis de la mouvance, parce qu\u2019\u00e9tant centriste, le Parti Social Lib\u00e9ral (PSL) garde son id\u00e9al \u00bb, lit-on dans le PV du congr\u00e8s.<\/p>\n<p>Le PSL ambitionne de se repr\u00e9senter aux prochaines \u00e9lections l\u00e9gislatives. A cet effet, il promet de positionner \u00ab 50% hommes et 50% femmes sur sa liste de candidats \u00bb.<\/p>\n<p><strong>Pour plus d&rsquo;informations et d&rsquo;analyses sur la <a href=\"https:\/\/www.africa-press.net\/benin\">Benin<\/a>, suivez <a href=\"https:\/\/www.africa-press.net\/\">Africa-Press<\/a><\/strong><\/p>\n","protected":false},"excerpt":{"rendered":"<p>Africa-Press &#8211; Benin. Le Parti Social Lib\u00e9ral (PSL) a tenu un congr\u00e8s extraordinaire le lundi 1er ao\u00fbt 2022. Cette rencontre a \u00e9t\u00e9 consacr\u00e9e au lancement de la proc\u00e9dure de mise en conformit\u00e9 du parti dirig\u00e9 par Henri M\u00e9drid, au Minist\u00e8re de l\u2019Int\u00e9rieur et de la S\u00e9curit\u00e9 Publique (MISP). Le Parti Social Lib\u00e9ral compte se conformer [&hellip;]<\/p>\n","protected":false},"author":82,"featured_media":7739,"comment_status":"open","ping_status":"closed","sticky":false,"template":"","format":"standard","meta":{"footnotes":""},"categories":[11,2,10],"tags":[36,50,45],"class_list":["post-7740","post","type-post","status-publish","format-standard","has-post-thumbnail","hentry","category-homepage-french","category-politique","category-toutes-les-actualites","tag-africa-press","tag-africa-press-benin","tag-benin"],"yoast_head":"<!-- This site is optimized with the Yoast SEO Premium plugin v26.1 (Yoast SEO v27.0) - https:\/\/yoast.com\/product\/yoast-seo-premium-wordpress\/ -->\n<title>B\u00e9nin: le Parti Social Lib\u00e9ral s\u2019active pour sa mise en conformit\u00e9 au MISP - B\u00e9nin<\/title>\n<meta name=\"description\" content=\"Le Parti Social Lib\u00e9ral (PSL) a tenu un congr\u00e8s extraordinaire le lundi 1er ao\u00fbt 2022. Cette rencontre a \u00e9t\u00e9 consacr\u00e9e a ...\" \/>\n<meta name=\"robots\" content=\"index, follow, max-snippet:-1, max-image-preview:large, max-video-preview:-1\" \/>\n<link rel=\"canonical\" href=\"https:\/\/www.africa-press.net\/benin\/politique\/benin-le-parti-social-liberal-sactive-pour-sa-mise-en-conformite-au-misp\" \/>\n<meta property=\"og:locale\" content=\"fr_FR\" \/>\n<meta property=\"og:type\" content=\"article\" \/>\n<meta property=\"og:title\" content=\"B\u00e9nin: le Parti Social Lib\u00e9ral s\u2019active pour sa mise en conformit\u00e9 au MISP\" \/>\n<meta property=\"og:description\" content=\"Le Parti Social Lib\u00e9ral (PSL) a tenu un congr\u00e8s extraordinaire le lundi 1er ao\u00fbt 2022. Cette rencontre a \u00e9t\u00e9 consacr\u00e9e a ...\" \/>\n<meta property=\"og:url\" content=\"https:\/\/www.africa-press.net\/benin\/politique\/benin-le-parti-social-liberal-sactive-pour-sa-mise-en-conformite-au-misp\" \/>\n<meta property=\"og:site_name\" content=\"B\u00e9nin\" \/>\n<meta property=\"article:published_time\" content=\"2022-08-05T19:03:44+00:00\" \/>\n<meta property=\"article:modified_time\" content=\"2022-08-05T19:14:12+00:00\" \/>\n<meta property=\"og:image\" content=\"https:\/\/static.africa-press.net\/benin\/sites\/46\/2022\/08\/postQueueImg_11-62ed6bdd424e1.jpg\" \/>\n\t<meta property=\"og:image:width\" content=\"864\" \/>\n\t<meta property=\"og:image:height\" content=\"553\" \/>\n\t<meta property=\"og:image:type\" content=\"image\/jpeg\" \/>\n<meta name=\"author\" content=\"cfeditorfr\" \/>\n<meta name=\"twitter:card\" content=\"summary_large_image\" \/>\n<meta name=\"twitter:label1\" content=\"\u00c9crit par\" \/>\n\t<meta name=\"twitter:data1\" content=\"cfeditorfr\" \/>\n\t<meta name=\"twitter:label2\" content=\"Dur\u00e9e de lecture estim\u00e9e\" \/>\n\t<meta name=\"twitter:data2\" content=\"2 minutes\" \/>\n<script type=\"application\/ld+json\" class=\"yoast-schema-graph\">{\"@context\":\"https:\/\/schema.org\",\"@graph\":[{\"@type\":\"Article\",\"@id\":\"https:\/\/www.africa-press.net\/benin\/politique\/benin-le-parti-social-liberal-sactive-pour-sa-mise-en-conformite-au-misp#article\",\"isPartOf\":{\"@id\":\"https:\/\/www.africa-press.net\/benin\/politique\/benin-le-parti-social-liberal-sactive-pour-sa-mise-en-conformite-au-misp\"},\"author\":{\"name\":\"cfeditorfr\",\"@id\":\"https:\/\/www.africa-press.net\/benin\/#\/schema\/person\/2b1cf3cd81a31e3cd26889ca66d677f1\"},\"headline\":\"B\u00e9nin: le Parti Social Lib\u00e9ral s\u2019active pour sa mise en conformit\u00e9 au MISP\",\"datePublished\":\"2022-08-05T19:03:44+00:00\",\"dateModified\":\"2022-08-05T19:14:12+00:00\",\"mainEntityOfPage\":{\"@id\":\"https:\/\/www.africa-press.net\/benin\/politique\/benin-le-parti-social-liberal-sactive-pour-sa-mise-en-conformite-au-misp\"},\"wordCount\":339,\"commentCount\":0,\"image\":{\"@id\":\"https:\/\/www.africa-press.net\/benin\/politique\/benin-le-parti-social-liberal-sactive-pour-sa-mise-en-conformite-au-misp#primaryimage\"},\"thumbnailUrl\":\"https:\/\/static.africa-press.net\/benin\/sites\/46\/2022\/08\/postQueueImg_11-62ed6bdd424e1.jpg\",\"keywords\":[\"Africa Press\",\"Africa Press-Benin\",\"B\u00e9nin\"],\"articleSection\":[\"homepage-french\",\"Politique\",\"Toutes les actualit\u00e9s\"],\"inLanguage\":\"fr-FR\",\"potentialAction\":[{\"@type\":\"CommentAction\",\"name\":\"Comment\",\"target\":[\"https:\/\/www.africa-press.net\/benin\/politique\/benin-le-parti-social-liberal-sactive-pour-sa-mise-en-conformite-au-misp#respond\"]}]},{\"@type\":\"WebPage\",\"@id\":\"https:\/\/www.africa-press.net\/benin\/politique\/benin-le-parti-social-liberal-sactive-pour-sa-mise-en-conformite-au-misp\",\"url\":\"https:\/\/www.africa-press.net\/benin\/politique\/benin-le-parti-social-liberal-sactive-pour-sa-mise-en-conformite-au-misp\",\"name\":\"B\u00e9nin: le Parti Social Lib\u00e9ral s\u2019active pour sa mise en conformit\u00e9 au MISP - B\u00e9nin\",\"isPartOf\":{\"@id\":\"https:\/\/www.africa-press.net\/benin\/#website\"},\"primaryImageOfPage\":{\"@id\":\"https:\/\/www.africa-press.net\/benin\/politique\/benin-le-parti-social-liberal-sactive-pour-sa-mise-en-conformite-au-misp#primaryimage\"},\"image\":{\"@id\":\"https:\/\/www.africa-press.net\/benin\/politique\/benin-le-parti-social-liberal-sactive-pour-sa-mise-en-conformite-au-misp#primaryimage\"},\"thumbnailUrl\":\"https:\/\/static.africa-press.net\/benin\/sites\/46\/2022\/08\/postQueueImg_11-62ed6bdd424e1.jpg\",\"datePublished\":\"2022-08-05T19:03:44+00:00\",\"dateModified\":\"2022-08-05T19:14:12+00:00\",\"author\":{\"@id\":\"https:\/\/www.africa-press.net\/benin\/#\/schema\/person\/2b1cf3cd81a31e3cd26889ca66d677f1\"},\"description\":\"Le Parti Social Lib\u00e9ral (PSL) a tenu un congr\u00e8s extraordinaire le lundi 1er ao\u00fbt 2022. Cette rencontre a \u00e9t\u00e9 consacr\u00e9e a ...\",\"breadcrumb\":{\"@id\":\"https:\/\/www.africa-press.net\/benin\/politique\/benin-le-parti-social-liberal-sactive-pour-sa-mise-en-conformite-au-misp#breadcrumb\"},\"inLanguage\":\"fr-FR\",\"potentialAction\":[{\"@type\":\"ReadAction\",\"target\":[\"https:\/\/www.africa-press.net\/benin\/politique\/benin-le-parti-social-liberal-sactive-pour-sa-mise-en-conformite-au-misp\"]}]},{\"@type\":\"ImageObject\",\"inLanguage\":\"fr-FR\",\"@id\":\"https:\/\/www.africa-press.net\/benin\/politique\/benin-le-parti-social-liberal-sactive-pour-sa-mise-en-conformite-au-misp#primaryimage\",\"url\":\"https:\/\/static.africa-press.net\/benin\/sites\/46\/2022\/08\/postQueueImg_11-62ed6bdd424e1.jpg\",\"contentUrl\":\"https:\/\/static.africa-press.net\/benin\/sites\/46\/2022\/08\/postQueueImg_11-62ed6bdd424e1.jpg\",\"width\":864,\"height\":553,\"caption\":\"B\u00e9nin: le Parti Social Lib\u00e9ral s\u2019active pour sa mise en conformit\u00e9 au MISP\"},{\"@type\":\"BreadcrumbList\",\"@id\":\"https:\/\/www.africa-press.net\/benin\/politique\/benin-le-parti-social-liberal-sactive-pour-sa-mise-en-conformite-au-misp#breadcrumb\",\"itemListElement\":[{\"@type\":\"ListItem\",\"position\":1,\"name\":\"Accueil\",\"item\":\"https:\/\/www.africa-press.net\/benin\/\"},{\"@type\":\"ListItem\",\"position\":2,\"name\":\"B\u00e9nin: le Parti Social Lib\u00e9ral s\u2019active pour sa mise en conformit\u00e9 au MISP\"}]},{\"@type\":\"WebSite\",\"@id\":\"https:\/\/www.africa-press.net\/benin\/#website\",\"url\":\"https:\/\/www.africa-press.net\/benin\/\",\"name\":\"B\u00e9nin\",\"description\":\"Just another Africa News Agency Sites site\",\"potentialAction\":[{\"@type\":\"SearchAction\",\"target\":{\"@type\":\"EntryPoint\",\"urlTemplate\":\"https:\/\/www.africa-press.net\/benin\/?s={search_term_string}\"},\"query-input\":{\"@type\":\"PropertyValueSpecification\",\"valueRequired\":true,\"valueName\":\"search_term_string\"}}],\"inLanguage\":\"fr-FR\"},{\"@type\":\"Person\",\"@id\":\"https:\/\/www.africa-press.net\/benin\/#\/schema\/person\/2b1cf3cd81a31e3cd26889ca66d677f1\",\"name\":\"cfeditorfr\"}]}<\/script>\n<!-- \/ Yoast SEO Premium plugin. -->","yoast_head_json":{"title":"B\u00e9nin: le Parti Social Lib\u00e9ral s\u2019active pour sa mise en conformit\u00e9 au MISP - B\u00e9nin","description":"Le Parti Social Lib\u00e9ral (PSL) a tenu un congr\u00e8s extraordinaire le lundi 1er ao\u00fbt 2022. Cette rencontre a \u00e9t\u00e9 consacr\u00e9e a ...","robots":{"index":"index","follow":"follow","max-snippet":"max-snippet:-1","max-image-preview":"max-image-preview:large","max-video-preview":"max-video-preview:-1"},"canonical":"https:\/\/www.africa-press.net\/benin\/politique\/benin-le-parti-social-liberal-sactive-pour-sa-mise-en-conformite-au-misp","og_locale":"fr_FR","og_type":"article","og_title":"B\u00e9nin: le Parti Social Lib\u00e9ral s\u2019active pour sa mise en conformit\u00e9 au MISP","og_description":"Le Parti Social Lib\u00e9ral (PSL) a tenu un congr\u00e8s extraordinaire le lundi 1er ao\u00fbt 2022. Cette rencontre a \u00e9t\u00e9 consacr\u00e9e a ...","og_url":"https:\/\/www.africa-press.net\/benin\/politique\/benin-le-parti-social-liberal-sactive-pour-sa-mise-en-conformite-au-misp","og_site_name":"B\u00e9nin","article_published_time":"2022-08-05T19:03:44+00:00","article_modified_time":"2022-08-05T19:14:12+00:00","og_image":[{"width":864,"height":553,"url":"https:\/\/static.africa-press.net\/benin\/sites\/46\/2022\/08\/postQueueImg_11-62ed6bdd424e1.jpg","type":"image\/jpeg"}],"author":"cfeditorfr","twitter_card":"summary_large_image","twitter_misc":{"\u00c9crit par":"cfeditorfr","Dur\u00e9e de lecture estim\u00e9e":"2 minutes"},"schema":{"@context":"https:\/\/schema.org","@graph":[{"@type":"Article","@id":"https:\/\/www.africa-press.net\/benin\/politique\/benin-le-parti-social-liberal-sactive-pour-sa-mise-en-conformite-au-misp#article","isPartOf":{"@id":"https:\/\/www.africa-press.net\/benin\/politique\/benin-le-parti-social-liberal-sactive-pour-sa-mise-en-conformite-au-misp"},"author":{"name":"cfeditorfr","@id":"https:\/\/www.africa-press.net\/benin\/#\/schema\/person\/2b1cf3cd81a31e3cd26889ca66d677f1"},"headline":"B\u00e9nin: le Parti Social Lib\u00e9ral s\u2019active pour sa mise en conformit\u00e9 au MISP","datePublished":"2022-08-05T19:03:44+00:00","dateModified":"2022-08-05T19:14:12+00:00","mainEntityOfPage":{"@id":"https:\/\/www.africa-press.net\/benin\/politique\/benin-le-parti-social-liberal-sactive-pour-sa-mise-en-conformite-au-misp"},"wordCount":339,"commentCount":0,"image":{"@id":"https:\/\/www.africa-press.net\/benin\/politique\/benin-le-parti-social-liberal-sactive-pour-sa-mise-en-conformite-au-misp#primaryimage"},"thumbnailUrl":"https:\/\/static.africa-press.net\/benin\/sites\/46\/2022\/08\/postQueueImg_11-62ed6bdd424e1.jpg","keywords":["Africa Press","Africa Press-Benin","B\u00e9nin"],"articleSection":["homepage-french","Politique","Toutes les actualit\u00e9s"],"inLanguage":"fr-FR","potentialAction":[{"@type":"CommentAction","name":"Comment","target":["https:\/\/www.africa-press.net\/benin\/politique\/benin-le-parti-social-liberal-sactive-pour-sa-mise-en-conformite-au-misp#respond"]}]},{"@type":"WebPage","@id":"https:\/\/www.africa-press.net\/benin\/politique\/benin-le-parti-social-liberal-sactive-pour-sa-mise-en-conformite-au-misp","url":"https:\/\/www.africa-press.net\/benin\/politique\/benin-le-parti-social-liberal-sactive-pour-sa-mise-en-conformite-au-misp","name":"B\u00e9nin: le Parti Social Lib\u00e9ral s\u2019active pour sa mise en conformit\u00e9 au MISP - B\u00e9nin","isPartOf":{"@id":"https:\/\/www.africa-press.net\/benin\/#website"},"primaryImageOfPage":{"@id":"https:\/\/www.africa-press.net\/benin\/politique\/benin-le-parti-social-liberal-sactive-pour-sa-mise-en-conformite-au-misp#primaryimage"},"image":{"@id":"https:\/\/www.africa-press.net\/benin\/politique\/benin-le-parti-social-liberal-sactive-pour-sa-mise-en-conformite-au-misp#primaryimage"},"thumbnailUrl":"https:\/\/static.africa-press.net\/benin\/sites\/46\/2022\/08\/postQueueImg_11-62ed6bdd424e1.jpg","datePublished":"2022-08-05T19:03:44+00:00","dateModified":"2022-08-05T19:14:12+00:00","author":{"@id":"https:\/\/www.africa-press.net\/benin\/#\/schema\/person\/2b1cf3cd81a31e3cd26889ca66d677f1"},"description":"Le Parti Social Lib\u00e9ral (PSL) a tenu un congr\u00e8s extraordinaire le lundi 1er ao\u00fbt 2022. Cette rencontre a \u00e9t\u00e9 consacr\u00e9e a ...","breadcrumb":{"@id":"https:\/\/www.africa-press.net\/benin\/politique\/benin-le-parti-social-liberal-sactive-pour-sa-mise-en-conformite-au-misp#breadcrumb"},"inLanguage":"fr-FR","potentialAction":[{"@type":"ReadAction","target":["https:\/\/www.africa-press.net\/benin\/politique\/benin-le-parti-social-liberal-sactive-pour-sa-mise-en-conformite-au-misp"]}]},{"@type":"ImageObject","inLanguage":"fr-FR","@id":"https:\/\/www.africa-press.net\/benin\/politique\/benin-le-parti-social-liberal-sactive-pour-sa-mise-en-conformite-au-misp#primaryimage","url":"https:\/\/static.africa-press.net\/benin\/sites\/46\/2022\/08\/postQueueImg_11-62ed6bdd424e1.jpg","contentUrl":"https:\/\/static.africa-press.net\/benin\/sites\/46\/2022\/08\/postQueueImg_11-62ed6bdd424e1.jpg","width":864,"height":553,"caption":"B\u00e9nin: le Parti Social Lib\u00e9ral s\u2019active pour sa mise en conformit\u00e9 au MISP"},{"@type":"BreadcrumbList","@id":"https:\/\/www.africa-press.net\/benin\/politique\/benin-le-parti-social-liberal-sactive-pour-sa-mise-en-conformite-au-misp#breadcrumb","itemListElement":[{"@type":"ListItem","position":1,"name":"Accueil","item":"https:\/\/www.africa-press.net\/benin\/"},{"@type":"ListItem","position":2,"name":"B\u00e9nin: le Parti Social Lib\u00e9ral s\u2019active pour sa mise en conformit\u00e9 au MISP"}]},{"@type":"WebSite","@id":"https:\/\/www.africa-press.net\/benin\/#website","url":"https:\/\/www.africa-press.net\/benin\/","name":"B\u00e9nin","description":"Just another Africa News Agency Sites site","potentialAction":[{"@type":"SearchAction","target":{"@type":"EntryPoint","urlTemplate":"https:\/\/www.africa-press.net\/benin\/?s={search_term_string}"},"query-input":{"@type":"PropertyValueSpecification","valueRequired":true,"valueName":"search_term_string"}}],"inLanguage":"fr-FR"},{"@type":"Person","@id":"https:\/\/www.africa-press.net\/benin\/#\/schema\/person\/2b1cf3cd81a31e3cd26889ca66d677f1","name":"cfeditorfr"}]}},"_links":{"self":[{"href":"https:\/\/www.africa-press.net\/benin\/wp-json\/wp\/v2\/posts\/7740","targetHints":{"allow":["GET"]}}],"collection":[{"href":"https:\/\/www.africa-press.net\/benin\/wp-json\/wp\/v2\/posts"}],"about":[{"href":"https:\/\/www.africa-press.net\/benin\/wp-json\/wp\/v2\/types\/post"}],"author":[{"embeddable":true,"href":"https:\/\/www.africa-press.net\/benin\/wp-json\/wp\/v2\/users\/82"}],"replies":[{"embeddable":true,"href":"https:\/\/www.africa-press.net\/benin\/wp-json\/wp\/v2\/comments?post=7740"}],"version-history":[{"count":0,"href":"https:\/\/www.africa-press.net\/benin\/wp-json\/wp\/v2\/posts\/7740\/revisions"}],"wp:featuredmedia":[{"embeddable":true,"href":"https:\/\/www.africa-press.net\/benin\/wp-json\/wp\/v2\/media\/7739"}],"wp:attachment":[{"href":"https:\/\/www.africa-press.net\/benin\/wp-json\/wp\/v2\/media?parent=7740"}],"wp:term":[{"taxonomy":"category","embeddable":true,"href":"https:\/\/www.africa-press.net\/benin\/wp-json\/wp\/v2\/categories?post=7740"},{"taxonomy":"post_tag","embeddable":true,"href":"https:\/\/www.africa-press.net\/benin\/wp-json\/wp\/v2\/tags?post=7740"}],"curies":[{"name":"wp","href":"https:\/\/api.w.org\/{rel}","templated":true}]}}