{"id":7749,"date":"2022-08-05T19:05:43","date_gmt":"2022-08-05T19:05:43","guid":{"rendered":"https:\/\/www.africa-press.net\/benin\/politique\/patrice-talon-sest-veritablement-revele-au-peuple-beninois-maxime-houedjissin"},"modified":"2022-08-05T19:15:47","modified_gmt":"2022-08-05T19:15:47","slug":"patrice-talon-sest-veritablement-revele-au-peuple-beninois-maxime-houedjissin","status":"publish","type":"post","link":"https:\/\/www.africa-press.net\/benin\/politique\/patrice-talon-sest-veritablement-revele-au-peuple-beninois-maxime-houedjissin","title":{"rendered":"\u00ab\u00a0Patrice Talon s\u2019est v\u00e9ritablement r\u00e9v\u00e9l\u00e9\u00a0au peuple b\u00e9ninois\u2026\u00a0\u00bb, Maxime Hou\u00e9djissin"},"content":{"rendered":"<p><span style=\"color: #ff6600\"><strong>Africa-Press &#8211; Benin. <\/strong><\/span>Au B\u00e9nin, les images de la f\u00eate nationale officiellement c\u00e9l\u00e9br\u00e9e au boulevard de la Marina sur l\u2019esplanade des amazones continuent de faire son \u00e9chos au sein de la classe politique. Dans une d\u00e9claration, l\u2019ancien questeur de l\u2019assembl\u00e9e nationale, Maxime Hou\u00e9djissin souhaite que les actes qui vont suivre le 1er Ao\u00fbt puissent traduire ce qui est projet\u00e9 au monde.<\/p>\n<p>Le B\u00e9nin semble avoir retrouv\u00e9 sa coh\u00e9sion et son unit\u00e9 avec la comm\u00e9moration des 62 ans de l\u2019accession du pays \u00e0 la souverainet\u00e9 internationale. C\u2019est du moins ce que l\u2019on pourrait dire au regard de l\u2019unit\u00e9 scell\u00e9e autour du chef de l\u2019Etat par des personnalit\u00e9s politiques auparavant tr\u00e8s hostiles au pouvoir de la rupture.<\/p>\n<p>En tout cas, c\u2019est cette image que retient l\u2019ancien questeur de l\u2019assembl\u00e9e nationale, Maxime Hou\u00e9djissin qui, dans une d\u00e9claration souhaite que cette convivialit\u00e9 retrouv\u00e9e entre ces personnalit\u00e9s politiques puisse profiter \u00e0 tout le monde m\u00eame \u00e0 ceux qui sont en prison ou en exil.<\/p>\n<p>\u00ab Je pense et je souhaite que ces images iront dans le m\u00eame sens que celui de la conf\u00e9rence nationale des forces vives de la nation de 1990 qui, je rappelle, s\u2019\u00e9tait tenue dans le m\u00eame conteste et les m\u00eames conditions que les images qui nous sont parvenues. Alors, je souhaite que cela profite \u00e0 tous les B\u00e9ninois, \u00e0 ceux qui sont en prison politique, \u00e0 ceux qui sont en prison \u00e0 ciel ouvert, \u00e0 ceux qui sont en exil et \u00e0 ceux qui sont victimes de l\u2019injustice sociale et politique\u00ab , confie l\u2019ex cadre de l\u2019ex parti de la renaissance du B\u00e9nin.<\/p>\n<p>L\u2019ancien directeur g\u00e9n\u00e9ral du projet ARCHA invite donc les dirigeants actuels \u00e0 traduire dans les actes les messages v\u00e9hicul\u00e9s par l\u2019image qui est projet\u00e9e au monde lors des manifestations officielles du 1er Ao\u00fbt.<\/p>\n<p>Je souhaite vraiment, indique Maxime Hou\u00e9djissin dans ses d\u00e9clarations \u00ab que ces images puissent aller \u00e0 leur profit, \u00e0 notre profit \u00e9galement et \u00e0 celui du peuple b\u00e9ninois tout entier. Je ne souhaite pas que ces images que nous avons tous appr\u00e9ci\u00e9es soient des effets-annonce o\u00f9 qu\u2019elles profitent \u00e0 quelques-uns \u00bb.<\/p>\n<p>Le pr\u00e9sident Patrice Talon s\u2019est v\u00e9ritablement r\u00e9v\u00e9l\u00e9 au peuple b\u00e9ninois et au monde entier<\/p>\n<p>Pour l\u2019ancien questeur de l\u2019assembl\u00e9e nationale, ce qui a si bien commenc\u00e9 le 1er Ao\u00fbt dernier doit se poursuivre. Le cas \u00e9ch\u00e9ant, pr\u00e9cise-t-il, ce ne serait pas une bonne chose. Elles seront tout simplement \u00e9ph\u00e9m\u00e8res.<\/p>\n<p>\u00ab Je voudrais dire que le pr\u00e9sident Patrice Talon s\u2019est v\u00e9ritablement r\u00e9v\u00e9l\u00e9 au peuple b\u00e9ninois et au monde entier notamment en ce qui concerne le d\u00e9veloppement de notre pays, du point de vue de l\u2019esth\u00e9tique urbaine et d\u2019embellissement des villes de notre pays. Je crois qu\u2019on peut lui donner un bon point\u00ab , reconnait l\u2019opposant au r\u00e9gime de la rupture.<\/p>\n<p>Consid\u00e9rant les \u00e9v\u00e9nements du 1er Ao\u00fbt 2022 comme une conf\u00e9rence nationale qui ne dit pas son nom, l\u2019acteur politique souhaite que le chef de l\u2019Etat puisse parvenir \u00e0 la m\u00eame conclusion que 1990 (le retour aux acquis d\u00e9mocratiques \u2013 Ndlr).<\/p>\n<p>\u00ab J\u2019attends et je crois que \u00e7a ira dans ce sens-l\u00e0. Car, nous sommes tous des fr\u00e8res et nous sommes tous des hommes. Nous sommes tous issus d\u2019un m\u00eame univers, d\u2019un m\u00eame Dieu. Je crois que nous devons nous abandonner \u00e0 l\u2019\u00c9ternel et savoir nous remettre en cause pour recevoir en retour, sa gr\u00e2ce\u00ab , a conclu l\u2019ancien membre de la renaissance du B\u00e9nin.<\/p>\n<p><strong>Pour plus d&rsquo;informations et d&rsquo;analyses sur la <a href=\"https:\/\/www.africa-press.net\/benin\">Benin<\/a>, suivez <a href=\"https:\/\/www.africa-press.net\/\">Africa-Press<\/a><\/strong><\/p>\n","protected":false},"excerpt":{"rendered":"<p>Africa-Press &#8211; Benin. Au B\u00e9nin, les images de la f\u00eate nationale officiellement c\u00e9l\u00e9br\u00e9e au boulevard de la Marina sur l\u2019esplanade des amazones continuent de faire son \u00e9chos au sein de la classe politique. Dans une d\u00e9claration, l\u2019ancien questeur de l\u2019assembl\u00e9e nationale, Maxime Hou\u00e9djissin souhaite que les actes qui vont suivre le 1er Ao\u00fbt puissent traduire [&hellip;]<\/p>\n","protected":false},"author":82,"featured_media":7747,"comment_status":"open","ping_status":"closed","sticky":false,"template":"","format":"standard","meta":{"footnotes":""},"categories":[11,2,20,10],"tags":[36,50,45],"class_list":["post-7749","post","type-post","status-publish","format-standard","has-post-thumbnail","hentry","category-homepage-french","category-politique","category-top-nouvelles","category-toutes-les-actualites","tag-africa-press","tag-africa-press-benin","tag-benin"],"yoast_head":"<!-- This site is optimized with the Yoast SEO Premium plugin v26.1 (Yoast SEO v27.0) - https:\/\/yoast.com\/product\/yoast-seo-premium-wordpress\/ -->\n<title>\u00ab\u00a0Patrice Talon s\u2019est v\u00e9ritablement r\u00e9v\u00e9l\u00e9\u00a0au peuple b\u00e9ninois\u2026\u00a0\u00bb, Maxime Hou\u00e9djissin - B\u00e9nin<\/title>\n<meta name=\"description\" content=\"Au B\u00e9nin, les images de la f\u00eate nationale officiellement c\u00e9l\u00e9br\u00e9e au boulevard de la Marina sur l\u2019esplanade des amazones ...\" \/>\n<meta name=\"robots\" content=\"index, follow, max-snippet:-1, max-image-preview:large, max-video-preview:-1\" \/>\n<link rel=\"canonical\" href=\"https:\/\/www.africa-press.net\/benin\/politique\/patrice-talon-sest-veritablement-revele-au-peuple-beninois-maxime-houedjissin\" \/>\n<meta property=\"og:locale\" content=\"fr_FR\" \/>\n<meta property=\"og:type\" content=\"article\" \/>\n<meta property=\"og:title\" content=\"\u00ab\u00a0Patrice Talon s\u2019est v\u00e9ritablement r\u00e9v\u00e9l\u00e9\u00a0au peuple b\u00e9ninois\u2026\u00a0\u00bb, Maxime Hou\u00e9djissin\" \/>\n<meta property=\"og:description\" content=\"Au B\u00e9nin, les images de la f\u00eate nationale officiellement c\u00e9l\u00e9br\u00e9e au boulevard de la Marina sur l\u2019esplanade des amazones ...\" \/>\n<meta property=\"og:url\" content=\"https:\/\/www.africa-press.net\/benin\/politique\/patrice-talon-sest-veritablement-revele-au-peuple-beninois-maxime-houedjissin\" \/>\n<meta property=\"og:site_name\" content=\"B\u00e9nin\" \/>\n<meta property=\"article:published_time\" content=\"2022-08-05T19:05:43+00:00\" \/>\n<meta property=\"article:modified_time\" content=\"2022-08-05T19:15:47+00:00\" \/>\n<meta property=\"og:image\" content=\"https:\/\/static.africa-press.net\/benin\/sites\/46\/2022\/08\/postQueueImg_13-62ed6c399a9ca.jpg\" \/>\n\t<meta property=\"og:image:width\" content=\"1518\" \/>\n\t<meta property=\"og:image:height\" content=\"675\" \/>\n\t<meta property=\"og:image:type\" content=\"image\/jpeg\" \/>\n<meta name=\"author\" content=\"cfeditorfr\" \/>\n<meta name=\"twitter:card\" content=\"summary_large_image\" \/>\n<meta name=\"twitter:label1\" content=\"\u00c9crit par\" \/>\n\t<meta name=\"twitter:data1\" content=\"cfeditorfr\" \/>\n\t<meta name=\"twitter:label2\" content=\"Dur\u00e9e de lecture estim\u00e9e\" \/>\n\t<meta name=\"twitter:data2\" content=\"3 minutes\" \/>\n<script type=\"application\/ld+json\" class=\"yoast-schema-graph\">{\"@context\":\"https:\/\/schema.org\",\"@graph\":[{\"@type\":\"Article\",\"@id\":\"https:\/\/www.africa-press.net\/benin\/politique\/patrice-talon-sest-veritablement-revele-au-peuple-beninois-maxime-houedjissin#article\",\"isPartOf\":{\"@id\":\"https:\/\/www.africa-press.net\/benin\/politique\/patrice-talon-sest-veritablement-revele-au-peuple-beninois-maxime-houedjissin\"},\"author\":{\"name\":\"cfeditorfr\",\"@id\":\"https:\/\/www.africa-press.net\/benin\/#\/schema\/person\/2b1cf3cd81a31e3cd26889ca66d677f1\"},\"headline\":\"\u00ab\u00a0Patrice Talon s\u2019est v\u00e9ritablement r\u00e9v\u00e9l\u00e9\u00a0au peuple b\u00e9ninois\u2026\u00a0\u00bb, Maxime Hou\u00e9djissin\",\"datePublished\":\"2022-08-05T19:05:43+00:00\",\"dateModified\":\"2022-08-05T19:15:47+00:00\",\"mainEntityOfPage\":{\"@id\":\"https:\/\/www.africa-press.net\/benin\/politique\/patrice-talon-sest-veritablement-revele-au-peuple-beninois-maxime-houedjissin\"},\"wordCount\":659,\"commentCount\":0,\"image\":{\"@id\":\"https:\/\/www.africa-press.net\/benin\/politique\/patrice-talon-sest-veritablement-revele-au-peuple-beninois-maxime-houedjissin#primaryimage\"},\"thumbnailUrl\":\"https:\/\/static.africa-press.net\/benin\/sites\/46\/2022\/08\/postQueueImg_13-62ed6c399a9ca.jpg\",\"keywords\":[\"Africa Press\",\"Africa Press-Benin\",\"B\u00e9nin\"],\"articleSection\":[\"homepage-french\",\"Politique\",\"Top Nouvelles\",\"Toutes les actualit\u00e9s\"],\"inLanguage\":\"fr-FR\",\"potentialAction\":[{\"@type\":\"CommentAction\",\"name\":\"Comment\",\"target\":[\"https:\/\/www.africa-press.net\/benin\/politique\/patrice-talon-sest-veritablement-revele-au-peuple-beninois-maxime-houedjissin#respond\"]}]},{\"@type\":\"WebPage\",\"@id\":\"https:\/\/www.africa-press.net\/benin\/politique\/patrice-talon-sest-veritablement-revele-au-peuple-beninois-maxime-houedjissin\",\"url\":\"https:\/\/www.africa-press.net\/benin\/politique\/patrice-talon-sest-veritablement-revele-au-peuple-beninois-maxime-houedjissin\",\"name\":\"\u00ab\u00a0Patrice Talon s\u2019est v\u00e9ritablement r\u00e9v\u00e9l\u00e9\u00a0au peuple b\u00e9ninois\u2026\u00a0\u00bb, Maxime Hou\u00e9djissin - B\u00e9nin\",\"isPartOf\":{\"@id\":\"https:\/\/www.africa-press.net\/benin\/#website\"},\"primaryImageOfPage\":{\"@id\":\"https:\/\/www.africa-press.net\/benin\/politique\/patrice-talon-sest-veritablement-revele-au-peuple-beninois-maxime-houedjissin#primaryimage\"},\"image\":{\"@id\":\"https:\/\/www.africa-press.net\/benin\/politique\/patrice-talon-sest-veritablement-revele-au-peuple-beninois-maxime-houedjissin#primaryimage\"},\"thumbnailUrl\":\"https:\/\/static.africa-press.net\/benin\/sites\/46\/2022\/08\/postQueueImg_13-62ed6c399a9ca.jpg\",\"datePublished\":\"2022-08-05T19:05:43+00:00\",\"dateModified\":\"2022-08-05T19:15:47+00:00\",\"author\":{\"@id\":\"https:\/\/www.africa-press.net\/benin\/#\/schema\/person\/2b1cf3cd81a31e3cd26889ca66d677f1\"},\"description\":\"Au B\u00e9nin, les images de la f\u00eate nationale officiellement c\u00e9l\u00e9br\u00e9e au boulevard de la Marina sur l\u2019esplanade des amazones ...\",\"breadcrumb\":{\"@id\":\"https:\/\/www.africa-press.net\/benin\/politique\/patrice-talon-sest-veritablement-revele-au-peuple-beninois-maxime-houedjissin#breadcrumb\"},\"inLanguage\":\"fr-FR\",\"potentialAction\":[{\"@type\":\"ReadAction\",\"target\":[\"https:\/\/www.africa-press.net\/benin\/politique\/patrice-talon-sest-veritablement-revele-au-peuple-beninois-maxime-houedjissin\"]}]},{\"@type\":\"ImageObject\",\"inLanguage\":\"fr-FR\",\"@id\":\"https:\/\/www.africa-press.net\/benin\/politique\/patrice-talon-sest-veritablement-revele-au-peuple-beninois-maxime-houedjissin#primaryimage\",\"url\":\"https:\/\/static.africa-press.net\/benin\/sites\/46\/2022\/08\/postQueueImg_13-62ed6c399a9ca.jpg\",\"contentUrl\":\"https:\/\/static.africa-press.net\/benin\/sites\/46\/2022\/08\/postQueueImg_13-62ed6c399a9ca.jpg\",\"width\":1518,\"height\":675,\"caption\":\"\u00ab\u00a0Patrice Talon s\u2019est v\u00e9ritablement r\u00e9v\u00e9l\u00e9\u00a0au peuple b\u00e9ninois\u2026\u00a0\u00bb, Maxime Hou\u00e9djissin\"},{\"@type\":\"BreadcrumbList\",\"@id\":\"https:\/\/www.africa-press.net\/benin\/politique\/patrice-talon-sest-veritablement-revele-au-peuple-beninois-maxime-houedjissin#breadcrumb\",\"itemListElement\":[{\"@type\":\"ListItem\",\"position\":1,\"name\":\"Accueil\",\"item\":\"https:\/\/www.africa-press.net\/benin\/\"},{\"@type\":\"ListItem\",\"position\":2,\"name\":\"\u00ab\u00a0Patrice Talon s\u2019est v\u00e9ritablement r\u00e9v\u00e9l\u00e9\u00a0au peuple b\u00e9ninois\u2026\u00a0\u00bb, Maxime Hou\u00e9djissin\"}]},{\"@type\":\"WebSite\",\"@id\":\"https:\/\/www.africa-press.net\/benin\/#website\",\"url\":\"https:\/\/www.africa-press.net\/benin\/\",\"name\":\"B\u00e9nin\",\"description\":\"Just another Africa News Agency Sites site\",\"potentialAction\":[{\"@type\":\"SearchAction\",\"target\":{\"@type\":\"EntryPoint\",\"urlTemplate\":\"https:\/\/www.africa-press.net\/benin\/?s={search_term_string}\"},\"query-input\":{\"@type\":\"PropertyValueSpecification\",\"valueRequired\":true,\"valueName\":\"search_term_string\"}}],\"inLanguage\":\"fr-FR\"},{\"@type\":\"Person\",\"@id\":\"https:\/\/www.africa-press.net\/benin\/#\/schema\/person\/2b1cf3cd81a31e3cd26889ca66d677f1\",\"name\":\"cfeditorfr\"}]}<\/script>\n<!-- \/ Yoast SEO Premium plugin. -->","yoast_head_json":{"title":"\u00ab\u00a0Patrice Talon s\u2019est v\u00e9ritablement r\u00e9v\u00e9l\u00e9\u00a0au peuple b\u00e9ninois\u2026\u00a0\u00bb, Maxime Hou\u00e9djissin - B\u00e9nin","description":"Au B\u00e9nin, les images de la f\u00eate nationale officiellement c\u00e9l\u00e9br\u00e9e au boulevard de la Marina sur l\u2019esplanade des amazones ...","robots":{"index":"index","follow":"follow","max-snippet":"max-snippet:-1","max-image-preview":"max-image-preview:large","max-video-preview":"max-video-preview:-1"},"canonical":"https:\/\/www.africa-press.net\/benin\/politique\/patrice-talon-sest-veritablement-revele-au-peuple-beninois-maxime-houedjissin","og_locale":"fr_FR","og_type":"article","og_title":"\u00ab\u00a0Patrice Talon s\u2019est v\u00e9ritablement r\u00e9v\u00e9l\u00e9\u00a0au peuple b\u00e9ninois\u2026\u00a0\u00bb, Maxime Hou\u00e9djissin","og_description":"Au B\u00e9nin, les images de la f\u00eate nationale officiellement c\u00e9l\u00e9br\u00e9e au boulevard de la Marina sur l\u2019esplanade des amazones ...","og_url":"https:\/\/www.africa-press.net\/benin\/politique\/patrice-talon-sest-veritablement-revele-au-peuple-beninois-maxime-houedjissin","og_site_name":"B\u00e9nin","article_published_time":"2022-08-05T19:05:43+00:00","article_modified_time":"2022-08-05T19:15:47+00:00","og_image":[{"width":1518,"height":675,"url":"https:\/\/static.africa-press.net\/benin\/sites\/46\/2022\/08\/postQueueImg_13-62ed6c399a9ca.jpg","type":"image\/jpeg"}],"author":"cfeditorfr","twitter_card":"summary_large_image","twitter_misc":{"\u00c9crit par":"cfeditorfr","Dur\u00e9e de lecture estim\u00e9e":"3 minutes"},"schema":{"@context":"https:\/\/schema.org","@graph":[{"@type":"Article","@id":"https:\/\/www.africa-press.net\/benin\/politique\/patrice-talon-sest-veritablement-revele-au-peuple-beninois-maxime-houedjissin#article","isPartOf":{"@id":"https:\/\/www.africa-press.net\/benin\/politique\/patrice-talon-sest-veritablement-revele-au-peuple-beninois-maxime-houedjissin"},"author":{"name":"cfeditorfr","@id":"https:\/\/www.africa-press.net\/benin\/#\/schema\/person\/2b1cf3cd81a31e3cd26889ca66d677f1"},"headline":"\u00ab\u00a0Patrice Talon s\u2019est v\u00e9ritablement r\u00e9v\u00e9l\u00e9\u00a0au peuple b\u00e9ninois\u2026\u00a0\u00bb, Maxime Hou\u00e9djissin","datePublished":"2022-08-05T19:05:43+00:00","dateModified":"2022-08-05T19:15:47+00:00","mainEntityOfPage":{"@id":"https:\/\/www.africa-press.net\/benin\/politique\/patrice-talon-sest-veritablement-revele-au-peuple-beninois-maxime-houedjissin"},"wordCount":659,"commentCount":0,"image":{"@id":"https:\/\/www.africa-press.net\/benin\/politique\/patrice-talon-sest-veritablement-revele-au-peuple-beninois-maxime-houedjissin#primaryimage"},"thumbnailUrl":"https:\/\/static.africa-press.net\/benin\/sites\/46\/2022\/08\/postQueueImg_13-62ed6c399a9ca.jpg","keywords":["Africa Press","Africa Press-Benin","B\u00e9nin"],"articleSection":["homepage-french","Politique","Top Nouvelles","Toutes les actualit\u00e9s"],"inLanguage":"fr-FR","potentialAction":[{"@type":"CommentAction","name":"Comment","target":["https:\/\/www.africa-press.net\/benin\/politique\/patrice-talon-sest-veritablement-revele-au-peuple-beninois-maxime-houedjissin#respond"]}]},{"@type":"WebPage","@id":"https:\/\/www.africa-press.net\/benin\/politique\/patrice-talon-sest-veritablement-revele-au-peuple-beninois-maxime-houedjissin","url":"https:\/\/www.africa-press.net\/benin\/politique\/patrice-talon-sest-veritablement-revele-au-peuple-beninois-maxime-houedjissin","name":"\u00ab\u00a0Patrice Talon s\u2019est v\u00e9ritablement r\u00e9v\u00e9l\u00e9\u00a0au peuple b\u00e9ninois\u2026\u00a0\u00bb, Maxime Hou\u00e9djissin - B\u00e9nin","isPartOf":{"@id":"https:\/\/www.africa-press.net\/benin\/#website"},"primaryImageOfPage":{"@id":"https:\/\/www.africa-press.net\/benin\/politique\/patrice-talon-sest-veritablement-revele-au-peuple-beninois-maxime-houedjissin#primaryimage"},"image":{"@id":"https:\/\/www.africa-press.net\/benin\/politique\/patrice-talon-sest-veritablement-revele-au-peuple-beninois-maxime-houedjissin#primaryimage"},"thumbnailUrl":"https:\/\/static.africa-press.net\/benin\/sites\/46\/2022\/08\/postQueueImg_13-62ed6c399a9ca.jpg","datePublished":"2022-08-05T19:05:43+00:00","dateModified":"2022-08-05T19:15:47+00:00","author":{"@id":"https:\/\/www.africa-press.net\/benin\/#\/schema\/person\/2b1cf3cd81a31e3cd26889ca66d677f1"},"description":"Au B\u00e9nin, les images de la f\u00eate nationale officiellement c\u00e9l\u00e9br\u00e9e au boulevard de la Marina sur l\u2019esplanade des amazones ...","breadcrumb":{"@id":"https:\/\/www.africa-press.net\/benin\/politique\/patrice-talon-sest-veritablement-revele-au-peuple-beninois-maxime-houedjissin#breadcrumb"},"inLanguage":"fr-FR","potentialAction":[{"@type":"ReadAction","target":["https:\/\/www.africa-press.net\/benin\/politique\/patrice-talon-sest-veritablement-revele-au-peuple-beninois-maxime-houedjissin"]}]},{"@type":"ImageObject","inLanguage":"fr-FR","@id":"https:\/\/www.africa-press.net\/benin\/politique\/patrice-talon-sest-veritablement-revele-au-peuple-beninois-maxime-houedjissin#primaryimage","url":"https:\/\/static.africa-press.net\/benin\/sites\/46\/2022\/08\/postQueueImg_13-62ed6c399a9ca.jpg","contentUrl":"https:\/\/static.africa-press.net\/benin\/sites\/46\/2022\/08\/postQueueImg_13-62ed6c399a9ca.jpg","width":1518,"height":675,"caption":"\u00ab\u00a0Patrice Talon s\u2019est v\u00e9ritablement r\u00e9v\u00e9l\u00e9\u00a0au peuple b\u00e9ninois\u2026\u00a0\u00bb, Maxime Hou\u00e9djissin"},{"@type":"BreadcrumbList","@id":"https:\/\/www.africa-press.net\/benin\/politique\/patrice-talon-sest-veritablement-revele-au-peuple-beninois-maxime-houedjissin#breadcrumb","itemListElement":[{"@type":"ListItem","position":1,"name":"Accueil","item":"https:\/\/www.africa-press.net\/benin\/"},{"@type":"ListItem","position":2,"name":"\u00ab\u00a0Patrice Talon s\u2019est v\u00e9ritablement r\u00e9v\u00e9l\u00e9\u00a0au peuple b\u00e9ninois\u2026\u00a0\u00bb, Maxime Hou\u00e9djissin"}]},{"@type":"WebSite","@id":"https:\/\/www.africa-press.net\/benin\/#website","url":"https:\/\/www.africa-press.net\/benin\/","name":"B\u00e9nin","description":"Just another Africa News Agency Sites site","potentialAction":[{"@type":"SearchAction","target":{"@type":"EntryPoint","urlTemplate":"https:\/\/www.africa-press.net\/benin\/?s={search_term_string}"},"query-input":{"@type":"PropertyValueSpecification","valueRequired":true,"valueName":"search_term_string"}}],"inLanguage":"fr-FR"},{"@type":"Person","@id":"https:\/\/www.africa-press.net\/benin\/#\/schema\/person\/2b1cf3cd81a31e3cd26889ca66d677f1","name":"cfeditorfr"}]}},"_links":{"self":[{"href":"https:\/\/www.africa-press.net\/benin\/wp-json\/wp\/v2\/posts\/7749","targetHints":{"allow":["GET"]}}],"collection":[{"href":"https:\/\/www.africa-press.net\/benin\/wp-json\/wp\/v2\/posts"}],"about":[{"href":"https:\/\/www.africa-press.net\/benin\/wp-json\/wp\/v2\/types\/post"}],"author":[{"embeddable":true,"href":"https:\/\/www.africa-press.net\/benin\/wp-json\/wp\/v2\/users\/82"}],"replies":[{"embeddable":true,"href":"https:\/\/www.africa-press.net\/benin\/wp-json\/wp\/v2\/comments?post=7749"}],"version-history":[{"count":0,"href":"https:\/\/www.africa-press.net\/benin\/wp-json\/wp\/v2\/posts\/7749\/revisions"}],"wp:featuredmedia":[{"embeddable":true,"href":"https:\/\/www.africa-press.net\/benin\/wp-json\/wp\/v2\/media\/7747"}],"wp:attachment":[{"href":"https:\/\/www.africa-press.net\/benin\/wp-json\/wp\/v2\/media?parent=7749"}],"wp:term":[{"taxonomy":"category","embeddable":true,"href":"https:\/\/www.africa-press.net\/benin\/wp-json\/wp\/v2\/categories?post=7749"},{"taxonomy":"post_tag","embeddable":true,"href":"https:\/\/www.africa-press.net\/benin\/wp-json\/wp\/v2\/tags?post=7749"}],"curies":[{"name":"wp","href":"https:\/\/api.w.org\/{rel}","templated":true}]}}