{"id":7755,"date":"2022-08-05T19:07:08","date_gmt":"2022-08-05T19:07:08","guid":{"rendered":"https:\/\/www.africa-press.net\/benin\/politique\/benin-nom-et-details-sur-le-nouveau-parti-qui-naitra-de-la-fusion-up-prd"},"modified":"2022-08-05T19:16:57","modified_gmt":"2022-08-05T19:16:57","slug":"benin-nom-et-details-sur-le-nouveau-parti-qui-naitra-de-la-fusion-up-prd","status":"publish","type":"post","link":"https:\/\/www.africa-press.net\/benin\/parties\/benin-nom-et-details-sur-le-nouveau-parti-qui-naitra-de-la-fusion-up-prd","title":{"rendered":"B\u00e9nin: nom et d\u00e9tails sur le nouveau parti qui naitra de la fusion UP-PRD"},"content":{"rendered":"<p><span style=\"color: #ff6600\"><strong>Africa-Press &#8211; Benin. <\/strong><\/span>Le parti Union Progressiste conduit par le professeur Joseph Djogb\u00e9nou et le Parti du Renouveau D\u00e9mocratique de Me Adrien Houngb\u00e9dji vont d\u00e9sormais se mettre ensemble. L\u2019annonce sera officiellement faite demain samedi 6 Ao\u00fbt 2022.<\/p>\n<p>Les responsables des partis Union Progressistes et ceux du Parti du Renouveau D\u00e9mocratique se donnent la main pour mener ensemble les prochains combats politiques. Le bruit de couloir sur leur fusion prochaine sera en effet effectif ce samedi 6 Ao\u00fbt. La d\u00e9claration officielle de la naissance du nouveau parti politique sous les cendres de l\u2019union progressiste et du parti du renouveau d\u00e9mocratique sera faite \u00e0 Porto Novo au domicile de l\u2019ancien pr\u00e9sident de l\u2019assembl\u00e9e nationale, Me Adrien Houngb\u00e9dji.<\/p>\n<p>Vers la cr\u00e9ation d\u2019un nouveau parti et non d\u2019une fusion d\u2019un parti dans l\u2019autre<\/p>\n<p>Selon les indiscr\u00e9tions sur ce projet, le parti du renouveau d\u00e9mocratique ne va pas disparaitre dans les entrailles du baobab g\u00e9ant et ce dernier ne sera pas absorb\u00e9 par le parti arc-en-ciel. Il s\u2019agit plut\u00f4t d\u2019un processus de cr\u00e9ation d\u2019un nouveau parti politique qui pr\u00e9servera les attributs essentiels du PRD et de l\u2019UP.<\/p>\n<p>Le nouveau parti qui naitra du rapprochement UP-PRD aura selon les indiscr\u00e9tions pour d\u00e9nomination \u00bb UPPRD \u00bb avec les logos originels des deux formations politiques. Une porte de sortie certainement pour le PRD de mettre Adrien Houngb\u00e9dji totalement fragilis\u00e9 et qui peine \u00e0 entamer la remontada annonc\u00e9e.<\/p>\n<p>Dans le cadres des joutes \u00e9lectorales qui s\u2019annoncent, les deux formations politiques bien que ensemble \u00e9laboreront de fa\u00e7on ind\u00e9pendante leur liste et conserveront leur fief respectif.<\/p>\n<p><strong>Pour plus d&rsquo;informations et d&rsquo;analyses sur la <a href=\"https:\/\/www.africa-press.net\/benin\">Benin<\/a>, suivez <a href=\"https:\/\/www.africa-press.net\/\">Africa-Press<\/a><\/strong><\/p>\n","protected":false},"excerpt":{"rendered":"<p>Africa-Press &#8211; Benin. Le parti Union Progressiste conduit par le professeur Joseph Djogb\u00e9nou et le Parti du Renouveau D\u00e9mocratique de Me Adrien Houngb\u00e9dji vont d\u00e9sormais se mettre ensemble. L\u2019annonce sera officiellement faite demain samedi 6 Ao\u00fbt 2022. Les responsables des partis Union Progressistes et ceux du Parti du Renouveau D\u00e9mocratique se donnent la main pour [&hellip;]<\/p>\n","protected":false},"author":82,"featured_media":7754,"comment_status":"open","ping_status":"closed","sticky":false,"template":"","format":"standard","meta":{"footnotes":""},"categories":[11,4,10],"tags":[36,50,45],"class_list":["post-7755","post","type-post","status-publish","format-standard","has-post-thumbnail","hentry","category-homepage-french","category-parties","category-toutes-les-actualites","tag-africa-press","tag-africa-press-benin","tag-benin"],"yoast_head":"<!-- This site is optimized with the Yoast SEO Premium plugin v26.1 (Yoast SEO v27.0) - https:\/\/yoast.com\/product\/yoast-seo-premium-wordpress\/ -->\n<title>B\u00e9nin: nom et d\u00e9tails sur le nouveau parti qui naitra de la fusion UP-PRD - B\u00e9nin<\/title>\n<meta name=\"description\" content=\"Le parti Union Progressiste conduit par le professeur Joseph Djogb\u00e9nou et le Parti du Renouveau D\u00e9mocratique de Me Adrie ...\" \/>\n<meta name=\"robots\" content=\"index, follow, max-snippet:-1, max-image-preview:large, max-video-preview:-1\" \/>\n<link rel=\"canonical\" href=\"https:\/\/www.africa-press.net\/benin\/parties\/benin-nom-et-details-sur-le-nouveau-parti-qui-naitra-de-la-fusion-up-prd\" \/>\n<meta property=\"og:locale\" content=\"fr_FR\" \/>\n<meta property=\"og:type\" content=\"article\" \/>\n<meta property=\"og:title\" content=\"B\u00e9nin: nom et d\u00e9tails sur le nouveau parti qui naitra de la fusion UP-PRD\" \/>\n<meta property=\"og:description\" content=\"Le parti Union Progressiste conduit par le professeur Joseph Djogb\u00e9nou et le Parti du Renouveau D\u00e9mocratique de Me Adrie ...\" \/>\n<meta property=\"og:url\" content=\"https:\/\/www.africa-press.net\/benin\/parties\/benin-nom-et-details-sur-le-nouveau-parti-qui-naitra-de-la-fusion-up-prd\" \/>\n<meta property=\"og:site_name\" content=\"B\u00e9nin\" \/>\n<meta property=\"article:published_time\" content=\"2022-08-05T19:07:08+00:00\" \/>\n<meta property=\"article:modified_time\" content=\"2022-08-05T19:16:57+00:00\" \/>\n<meta property=\"og:image\" content=\"https:\/\/static.africa-press.net\/benin\/sites\/46\/2022\/08\/postQueueImg_15-62ed6c9045f7b.jpg\" \/>\n\t<meta property=\"og:image:width\" content=\"1200\" \/>\n\t<meta property=\"og:image:height\" content=\"798\" \/>\n\t<meta property=\"og:image:type\" content=\"image\/jpeg\" \/>\n<meta name=\"author\" content=\"cfeditorfr\" \/>\n<meta name=\"twitter:card\" content=\"summary_large_image\" \/>\n<meta name=\"twitter:label1\" content=\"\u00c9crit par\" \/>\n\t<meta name=\"twitter:data1\" content=\"cfeditorfr\" \/>\n\t<meta name=\"twitter:label2\" content=\"Dur\u00e9e de lecture estim\u00e9e\" \/>\n\t<meta name=\"twitter:data2\" content=\"2 minutes\" \/>\n<script type=\"application\/ld+json\" class=\"yoast-schema-graph\">{\"@context\":\"https:\/\/schema.org\",\"@graph\":[{\"@type\":\"Article\",\"@id\":\"https:\/\/www.africa-press.net\/benin\/parties\/benin-nom-et-details-sur-le-nouveau-parti-qui-naitra-de-la-fusion-up-prd#article\",\"isPartOf\":{\"@id\":\"https:\/\/www.africa-press.net\/benin\/parties\/benin-nom-et-details-sur-le-nouveau-parti-qui-naitra-de-la-fusion-up-prd\"},\"author\":{\"name\":\"cfeditorfr\",\"@id\":\"https:\/\/www.africa-press.net\/benin\/#\/schema\/person\/2b1cf3cd81a31e3cd26889ca66d677f1\"},\"headline\":\"B\u00e9nin: nom et d\u00e9tails sur le nouveau parti qui naitra de la fusion UP-PRD\",\"datePublished\":\"2022-08-05T19:07:08+00:00\",\"dateModified\":\"2022-08-05T19:16:57+00:00\",\"mainEntityOfPage\":{\"@id\":\"https:\/\/www.africa-press.net\/benin\/parties\/benin-nom-et-details-sur-le-nouveau-parti-qui-naitra-de-la-fusion-up-prd\"},\"wordCount\":314,\"commentCount\":0,\"image\":{\"@id\":\"https:\/\/www.africa-press.net\/benin\/parties\/benin-nom-et-details-sur-le-nouveau-parti-qui-naitra-de-la-fusion-up-prd#primaryimage\"},\"thumbnailUrl\":\"https:\/\/static.africa-press.net\/benin\/sites\/46\/2022\/08\/postQueueImg_15-62ed6c9045f7b.jpg\",\"keywords\":[\"Africa Press\",\"Africa Press-Benin\",\"B\u00e9nin\"],\"articleSection\":[\"homepage-french\",\"Parties\",\"Toutes les actualit\u00e9s\"],\"inLanguage\":\"fr-FR\",\"potentialAction\":[{\"@type\":\"CommentAction\",\"name\":\"Comment\",\"target\":[\"https:\/\/www.africa-press.net\/benin\/parties\/benin-nom-et-details-sur-le-nouveau-parti-qui-naitra-de-la-fusion-up-prd#respond\"]}]},{\"@type\":\"WebPage\",\"@id\":\"https:\/\/www.africa-press.net\/benin\/parties\/benin-nom-et-details-sur-le-nouveau-parti-qui-naitra-de-la-fusion-up-prd\",\"url\":\"https:\/\/www.africa-press.net\/benin\/parties\/benin-nom-et-details-sur-le-nouveau-parti-qui-naitra-de-la-fusion-up-prd\",\"name\":\"B\u00e9nin: nom et d\u00e9tails sur le nouveau parti qui naitra de la fusion UP-PRD - B\u00e9nin\",\"isPartOf\":{\"@id\":\"https:\/\/www.africa-press.net\/benin\/#website\"},\"primaryImageOfPage\":{\"@id\":\"https:\/\/www.africa-press.net\/benin\/parties\/benin-nom-et-details-sur-le-nouveau-parti-qui-naitra-de-la-fusion-up-prd#primaryimage\"},\"image\":{\"@id\":\"https:\/\/www.africa-press.net\/benin\/parties\/benin-nom-et-details-sur-le-nouveau-parti-qui-naitra-de-la-fusion-up-prd#primaryimage\"},\"thumbnailUrl\":\"https:\/\/static.africa-press.net\/benin\/sites\/46\/2022\/08\/postQueueImg_15-62ed6c9045f7b.jpg\",\"datePublished\":\"2022-08-05T19:07:08+00:00\",\"dateModified\":\"2022-08-05T19:16:57+00:00\",\"author\":{\"@id\":\"https:\/\/www.africa-press.net\/benin\/#\/schema\/person\/2b1cf3cd81a31e3cd26889ca66d677f1\"},\"description\":\"Le parti Union Progressiste conduit par le professeur Joseph Djogb\u00e9nou et le Parti du Renouveau D\u00e9mocratique de Me Adrie ...\",\"breadcrumb\":{\"@id\":\"https:\/\/www.africa-press.net\/benin\/parties\/benin-nom-et-details-sur-le-nouveau-parti-qui-naitra-de-la-fusion-up-prd#breadcrumb\"},\"inLanguage\":\"fr-FR\",\"potentialAction\":[{\"@type\":\"ReadAction\",\"target\":[\"https:\/\/www.africa-press.net\/benin\/parties\/benin-nom-et-details-sur-le-nouveau-parti-qui-naitra-de-la-fusion-up-prd\"]}]},{\"@type\":\"ImageObject\",\"inLanguage\":\"fr-FR\",\"@id\":\"https:\/\/www.africa-press.net\/benin\/parties\/benin-nom-et-details-sur-le-nouveau-parti-qui-naitra-de-la-fusion-up-prd#primaryimage\",\"url\":\"https:\/\/static.africa-press.net\/benin\/sites\/46\/2022\/08\/postQueueImg_15-62ed6c9045f7b.jpg\",\"contentUrl\":\"https:\/\/static.africa-press.net\/benin\/sites\/46\/2022\/08\/postQueueImg_15-62ed6c9045f7b.jpg\",\"width\":1200,\"height\":798,\"caption\":\"B\u00e9nin: nom et d\u00e9tails sur le nouveau parti qui naitra de la fusion UP-PRD\"},{\"@type\":\"BreadcrumbList\",\"@id\":\"https:\/\/www.africa-press.net\/benin\/parties\/benin-nom-et-details-sur-le-nouveau-parti-qui-naitra-de-la-fusion-up-prd#breadcrumb\",\"itemListElement\":[{\"@type\":\"ListItem\",\"position\":1,\"name\":\"Accueil\",\"item\":\"https:\/\/www.africa-press.net\/benin\/\"},{\"@type\":\"ListItem\",\"position\":2,\"name\":\"B\u00e9nin: nom et d\u00e9tails sur le nouveau parti qui naitra de la fusion UP-PRD\"}]},{\"@type\":\"WebSite\",\"@id\":\"https:\/\/www.africa-press.net\/benin\/#website\",\"url\":\"https:\/\/www.africa-press.net\/benin\/\",\"name\":\"B\u00e9nin\",\"description\":\"Just another Africa News Agency Sites site\",\"potentialAction\":[{\"@type\":\"SearchAction\",\"target\":{\"@type\":\"EntryPoint\",\"urlTemplate\":\"https:\/\/www.africa-press.net\/benin\/?s={search_term_string}\"},\"query-input\":{\"@type\":\"PropertyValueSpecification\",\"valueRequired\":true,\"valueName\":\"search_term_string\"}}],\"inLanguage\":\"fr-FR\"},{\"@type\":\"Person\",\"@id\":\"https:\/\/www.africa-press.net\/benin\/#\/schema\/person\/2b1cf3cd81a31e3cd26889ca66d677f1\",\"name\":\"cfeditorfr\"}]}<\/script>\n<!-- \/ Yoast SEO Premium plugin. -->","yoast_head_json":{"title":"B\u00e9nin: nom et d\u00e9tails sur le nouveau parti qui naitra de la fusion UP-PRD - B\u00e9nin","description":"Le parti Union Progressiste conduit par le professeur Joseph Djogb\u00e9nou et le Parti du Renouveau D\u00e9mocratique de Me Adrie ...","robots":{"index":"index","follow":"follow","max-snippet":"max-snippet:-1","max-image-preview":"max-image-preview:large","max-video-preview":"max-video-preview:-1"},"canonical":"https:\/\/www.africa-press.net\/benin\/parties\/benin-nom-et-details-sur-le-nouveau-parti-qui-naitra-de-la-fusion-up-prd","og_locale":"fr_FR","og_type":"article","og_title":"B\u00e9nin: nom et d\u00e9tails sur le nouveau parti qui naitra de la fusion UP-PRD","og_description":"Le parti Union Progressiste conduit par le professeur Joseph Djogb\u00e9nou et le Parti du Renouveau D\u00e9mocratique de Me Adrie ...","og_url":"https:\/\/www.africa-press.net\/benin\/parties\/benin-nom-et-details-sur-le-nouveau-parti-qui-naitra-de-la-fusion-up-prd","og_site_name":"B\u00e9nin","article_published_time":"2022-08-05T19:07:08+00:00","article_modified_time":"2022-08-05T19:16:57+00:00","og_image":[{"width":1200,"height":798,"url":"https:\/\/static.africa-press.net\/benin\/sites\/46\/2022\/08\/postQueueImg_15-62ed6c9045f7b.jpg","type":"image\/jpeg"}],"author":"cfeditorfr","twitter_card":"summary_large_image","twitter_misc":{"\u00c9crit par":"cfeditorfr","Dur\u00e9e de lecture estim\u00e9e":"2 minutes"},"schema":{"@context":"https:\/\/schema.org","@graph":[{"@type":"Article","@id":"https:\/\/www.africa-press.net\/benin\/parties\/benin-nom-et-details-sur-le-nouveau-parti-qui-naitra-de-la-fusion-up-prd#article","isPartOf":{"@id":"https:\/\/www.africa-press.net\/benin\/parties\/benin-nom-et-details-sur-le-nouveau-parti-qui-naitra-de-la-fusion-up-prd"},"author":{"name":"cfeditorfr","@id":"https:\/\/www.africa-press.net\/benin\/#\/schema\/person\/2b1cf3cd81a31e3cd26889ca66d677f1"},"headline":"B\u00e9nin: nom et d\u00e9tails sur le nouveau parti qui naitra de la fusion UP-PRD","datePublished":"2022-08-05T19:07:08+00:00","dateModified":"2022-08-05T19:16:57+00:00","mainEntityOfPage":{"@id":"https:\/\/www.africa-press.net\/benin\/parties\/benin-nom-et-details-sur-le-nouveau-parti-qui-naitra-de-la-fusion-up-prd"},"wordCount":314,"commentCount":0,"image":{"@id":"https:\/\/www.africa-press.net\/benin\/parties\/benin-nom-et-details-sur-le-nouveau-parti-qui-naitra-de-la-fusion-up-prd#primaryimage"},"thumbnailUrl":"https:\/\/static.africa-press.net\/benin\/sites\/46\/2022\/08\/postQueueImg_15-62ed6c9045f7b.jpg","keywords":["Africa Press","Africa Press-Benin","B\u00e9nin"],"articleSection":["homepage-french","Parties","Toutes les actualit\u00e9s"],"inLanguage":"fr-FR","potentialAction":[{"@type":"CommentAction","name":"Comment","target":["https:\/\/www.africa-press.net\/benin\/parties\/benin-nom-et-details-sur-le-nouveau-parti-qui-naitra-de-la-fusion-up-prd#respond"]}]},{"@type":"WebPage","@id":"https:\/\/www.africa-press.net\/benin\/parties\/benin-nom-et-details-sur-le-nouveau-parti-qui-naitra-de-la-fusion-up-prd","url":"https:\/\/www.africa-press.net\/benin\/parties\/benin-nom-et-details-sur-le-nouveau-parti-qui-naitra-de-la-fusion-up-prd","name":"B\u00e9nin: nom et d\u00e9tails sur le nouveau parti qui naitra de la fusion UP-PRD - B\u00e9nin","isPartOf":{"@id":"https:\/\/www.africa-press.net\/benin\/#website"},"primaryImageOfPage":{"@id":"https:\/\/www.africa-press.net\/benin\/parties\/benin-nom-et-details-sur-le-nouveau-parti-qui-naitra-de-la-fusion-up-prd#primaryimage"},"image":{"@id":"https:\/\/www.africa-press.net\/benin\/parties\/benin-nom-et-details-sur-le-nouveau-parti-qui-naitra-de-la-fusion-up-prd#primaryimage"},"thumbnailUrl":"https:\/\/static.africa-press.net\/benin\/sites\/46\/2022\/08\/postQueueImg_15-62ed6c9045f7b.jpg","datePublished":"2022-08-05T19:07:08+00:00","dateModified":"2022-08-05T19:16:57+00:00","author":{"@id":"https:\/\/www.africa-press.net\/benin\/#\/schema\/person\/2b1cf3cd81a31e3cd26889ca66d677f1"},"description":"Le parti Union Progressiste conduit par le professeur Joseph Djogb\u00e9nou et le Parti du Renouveau D\u00e9mocratique de Me Adrie ...","breadcrumb":{"@id":"https:\/\/www.africa-press.net\/benin\/parties\/benin-nom-et-details-sur-le-nouveau-parti-qui-naitra-de-la-fusion-up-prd#breadcrumb"},"inLanguage":"fr-FR","potentialAction":[{"@type":"ReadAction","target":["https:\/\/www.africa-press.net\/benin\/parties\/benin-nom-et-details-sur-le-nouveau-parti-qui-naitra-de-la-fusion-up-prd"]}]},{"@type":"ImageObject","inLanguage":"fr-FR","@id":"https:\/\/www.africa-press.net\/benin\/parties\/benin-nom-et-details-sur-le-nouveau-parti-qui-naitra-de-la-fusion-up-prd#primaryimage","url":"https:\/\/static.africa-press.net\/benin\/sites\/46\/2022\/08\/postQueueImg_15-62ed6c9045f7b.jpg","contentUrl":"https:\/\/static.africa-press.net\/benin\/sites\/46\/2022\/08\/postQueueImg_15-62ed6c9045f7b.jpg","width":1200,"height":798,"caption":"B\u00e9nin: nom et d\u00e9tails sur le nouveau parti qui naitra de la fusion UP-PRD"},{"@type":"BreadcrumbList","@id":"https:\/\/www.africa-press.net\/benin\/parties\/benin-nom-et-details-sur-le-nouveau-parti-qui-naitra-de-la-fusion-up-prd#breadcrumb","itemListElement":[{"@type":"ListItem","position":1,"name":"Accueil","item":"https:\/\/www.africa-press.net\/benin\/"},{"@type":"ListItem","position":2,"name":"B\u00e9nin: nom et d\u00e9tails sur le nouveau parti qui naitra de la fusion UP-PRD"}]},{"@type":"WebSite","@id":"https:\/\/www.africa-press.net\/benin\/#website","url":"https:\/\/www.africa-press.net\/benin\/","name":"B\u00e9nin","description":"Just another Africa News Agency Sites site","potentialAction":[{"@type":"SearchAction","target":{"@type":"EntryPoint","urlTemplate":"https:\/\/www.africa-press.net\/benin\/?s={search_term_string}"},"query-input":{"@type":"PropertyValueSpecification","valueRequired":true,"valueName":"search_term_string"}}],"inLanguage":"fr-FR"},{"@type":"Person","@id":"https:\/\/www.africa-press.net\/benin\/#\/schema\/person\/2b1cf3cd81a31e3cd26889ca66d677f1","name":"cfeditorfr"}]}},"_links":{"self":[{"href":"https:\/\/www.africa-press.net\/benin\/wp-json\/wp\/v2\/posts\/7755","targetHints":{"allow":["GET"]}}],"collection":[{"href":"https:\/\/www.africa-press.net\/benin\/wp-json\/wp\/v2\/posts"}],"about":[{"href":"https:\/\/www.africa-press.net\/benin\/wp-json\/wp\/v2\/types\/post"}],"author":[{"embeddable":true,"href":"https:\/\/www.africa-press.net\/benin\/wp-json\/wp\/v2\/users\/82"}],"replies":[{"embeddable":true,"href":"https:\/\/www.africa-press.net\/benin\/wp-json\/wp\/v2\/comments?post=7755"}],"version-history":[{"count":0,"href":"https:\/\/www.africa-press.net\/benin\/wp-json\/wp\/v2\/posts\/7755\/revisions"}],"wp:featuredmedia":[{"embeddable":true,"href":"https:\/\/www.africa-press.net\/benin\/wp-json\/wp\/v2\/media\/7754"}],"wp:attachment":[{"href":"https:\/\/www.africa-press.net\/benin\/wp-json\/wp\/v2\/media?parent=7755"}],"wp:term":[{"taxonomy":"category","embeddable":true,"href":"https:\/\/www.africa-press.net\/benin\/wp-json\/wp\/v2\/categories?post=7755"},{"taxonomy":"post_tag","embeddable":true,"href":"https:\/\/www.africa-press.net\/benin\/wp-json\/wp\/v2\/tags?post=7755"}],"curies":[{"name":"wp","href":"https:\/\/api.w.org\/{rel}","templated":true}]}}