{"id":7758,"date":"2022-08-05T19:07:19","date_gmt":"2022-08-05T19:07:19","guid":{"rendered":"https:\/\/www.africa-press.net\/benin\/politique\/terrorisme-au-benin-a-ce-jour-aucune-de-nos-positions-na-ete-prise-wilfried-leandre-houngbedji"},"modified":"2022-08-05T19:17:29","modified_gmt":"2022-08-05T19:17:29","slug":"terrorisme-au-benin-a-ce-jour-aucune-de-nos-positions-na-ete-prise-wilfried-leandre-houngbedji","status":"publish","type":"post","link":"https:\/\/www.africa-press.net\/benin\/politique\/terrorisme-au-benin-a-ce-jour-aucune-de-nos-positions-na-ete-prise-wilfried-leandre-houngbedji","title":{"rendered":"Terrorisme au B\u00e9nin: \u00ab\u00a0\u00e0 ce jour, aucune de nos positions n\u2019a \u00e9t\u00e9 prise\u00a0\u00bb, Wilfried L\u00e9andre Houngb\u00e9dji"},"content":{"rendered":"<p><span style=\"color: #ff6600\"><strong>Africa-Press &#8211; Benin. <\/strong><\/span>Le porte-parole du gouvernement, Wilfried L\u00e9andre Houngb\u00e9dji a anim\u00e9 une conf\u00e9rence de presse ce vendredi 05 ao\u00fbt 2022 pour d\u00e9crypter l\u2019actualit\u00e9. Dans son intervention, il a abord\u00e9 la question du terrorisme en rassurant de la qualit\u00e9 du travail que fait l\u2019arm\u00e9e sur le terrain.<\/p>\n<p>Le terrorisme fait rage au B\u00e9nin depuis quelques mois, mas l\u2019arm\u00e9e reste debout et fait efficacement face. C\u2019est ce qu\u2019il convient de retenir des propos du porte-parole du gouvernement qui salue la bravoure des Forces de D\u00e9fense et de S\u00e9curit\u00e9 (FDS) contre les terroristes.<\/p>\n<p>Nous avons d\u00e9ploy\u00e9 nos soldats depuis pour pr\u00e9munir notre pays de ces incursions djihadistes. Il faut les saluer parce qu\u2019ils remportent des victoires int\u00e9ressantes sur l\u2019adversaire. Ils les mettent en d\u00e9route. Leur engagement, leur professionnalisme font que, \u00e0 ce jour, aucune de nos positions n\u2019a \u00e9t\u00e9 prise.<\/p>\n<p>Selon le porte-parole du gouvernement, l\u2019ex\u00e9cutif reste tr\u00e8s attentif aux conditions de travail des soldats d\u00e9ploy\u00e9s dans les zones vuln\u00e9rables aux attaques terroristes.<\/p>\n<p>Pour renforcer la performance des militaires, le B\u00e9nin s\u2019est investi depuis peu dans l\u2019acquisition de mat\u00e9riels de pointe. Lors de sa visite de travail \u00e0 Cotonou en juillet dernier, le pr\u00e9sident Fran\u00e7ais a promis que son pays fera diligence pour accompagner le B\u00e9nin dans cette action.<\/p>\n<p><strong>Pour plus d&rsquo;informations et d&rsquo;analyses sur la <a href=\"https:\/\/www.africa-press.net\/benin\">Benin<\/a>, suivez <a href=\"https:\/\/www.africa-press.net\/\">Africa-Press<\/a><\/strong><\/p>\n","protected":false},"excerpt":{"rendered":"<p>Africa-Press &#8211; Benin. Le porte-parole du gouvernement, Wilfried L\u00e9andre Houngb\u00e9dji a anim\u00e9 une conf\u00e9rence de presse ce vendredi 05 ao\u00fbt 2022 pour d\u00e9crypter l\u2019actualit\u00e9. Dans son intervention, il a abord\u00e9 la question du terrorisme en rassurant de la qualit\u00e9 du travail que fait l\u2019arm\u00e9e sur le terrain. Le terrorisme fait rage au B\u00e9nin depuis quelques [&hellip;]<\/p>\n","protected":false},"author":82,"featured_media":7757,"comment_status":"open","ping_status":"closed","sticky":false,"template":"","format":"standard","meta":{"footnotes":""},"categories":[11,2,20,10],"tags":[36,50,45],"class_list":["post-7758","post","type-post","status-publish","format-standard","has-post-thumbnail","hentry","category-homepage-french","category-politique","category-top-nouvelles","category-toutes-les-actualites","tag-africa-press","tag-africa-press-benin","tag-benin"],"yoast_head":"<!-- This site is optimized with the Yoast SEO Premium plugin v26.1 (Yoast SEO v27.0) - https:\/\/yoast.com\/product\/yoast-seo-premium-wordpress\/ -->\n<title>Terrorisme au B\u00e9nin: \u00ab\u00a0\u00e0 ce jour, aucune de nos positions n\u2019a \u00e9t\u00e9 prise\u00a0\u00bb, Wilfried L\u00e9andre Houngb\u00e9dji - B\u00e9nin<\/title>\n<meta name=\"description\" content=\"Le porte-parole du gouvernement, Wilfried L\u00e9andre Houngb\u00e9dji a anim\u00e9 une conf\u00e9rence de presse ce vendredi 05 ao\u00fbt 2022 p ...\" \/>\n<meta name=\"robots\" content=\"index, follow, max-snippet:-1, max-image-preview:large, max-video-preview:-1\" \/>\n<link rel=\"canonical\" href=\"https:\/\/www.africa-press.net\/benin\/politique\/terrorisme-au-benin-a-ce-jour-aucune-de-nos-positions-na-ete-prise-wilfried-leandre-houngbedji\" \/>\n<meta property=\"og:locale\" content=\"fr_FR\" \/>\n<meta property=\"og:type\" content=\"article\" \/>\n<meta property=\"og:title\" content=\"Terrorisme au B\u00e9nin: \u00ab\u00a0\u00e0 ce jour, aucune de nos positions n\u2019a \u00e9t\u00e9 prise\u00a0\u00bb, Wilfried L\u00e9andre Houngb\u00e9dji\" \/>\n<meta property=\"og:description\" content=\"Le porte-parole du gouvernement, Wilfried L\u00e9andre Houngb\u00e9dji a anim\u00e9 une conf\u00e9rence de presse ce vendredi 05 ao\u00fbt 2022 p ...\" \/>\n<meta property=\"og:url\" content=\"https:\/\/www.africa-press.net\/benin\/politique\/terrorisme-au-benin-a-ce-jour-aucune-de-nos-positions-na-ete-prise-wilfried-leandre-houngbedji\" \/>\n<meta property=\"og:site_name\" content=\"B\u00e9nin\" \/>\n<meta property=\"article:published_time\" content=\"2022-08-05T19:07:19+00:00\" \/>\n<meta property=\"article:modified_time\" content=\"2022-08-05T19:17:29+00:00\" \/>\n<meta property=\"og:image\" content=\"https:\/\/static.africa-press.net\/benin\/sites\/46\/2022\/08\/postQueueImg_16-62ed6cae286a3.jpg\" \/>\n\t<meta property=\"og:image:width\" content=\"1280\" \/>\n\t<meta property=\"og:image:height\" content=\"720\" \/>\n\t<meta property=\"og:image:type\" content=\"image\/jpeg\" \/>\n<meta name=\"author\" content=\"cfeditorfr\" \/>\n<meta name=\"twitter:card\" content=\"summary_large_image\" \/>\n<meta name=\"twitter:label1\" content=\"\u00c9crit par\" \/>\n\t<meta name=\"twitter:data1\" content=\"cfeditorfr\" \/>\n\t<meta name=\"twitter:label2\" content=\"Dur\u00e9e de lecture estim\u00e9e\" \/>\n\t<meta name=\"twitter:data2\" content=\"2 minutes\" \/>\n<script type=\"application\/ld+json\" class=\"yoast-schema-graph\">{\"@context\":\"https:\/\/schema.org\",\"@graph\":[{\"@type\":\"Article\",\"@id\":\"https:\/\/www.africa-press.net\/benin\/politique\/terrorisme-au-benin-a-ce-jour-aucune-de-nos-positions-na-ete-prise-wilfried-leandre-houngbedji#article\",\"isPartOf\":{\"@id\":\"https:\/\/www.africa-press.net\/benin\/politique\/terrorisme-au-benin-a-ce-jour-aucune-de-nos-positions-na-ete-prise-wilfried-leandre-houngbedji\"},\"author\":{\"name\":\"cfeditorfr\",\"@id\":\"https:\/\/www.africa-press.net\/benin\/#\/schema\/person\/2b1cf3cd81a31e3cd26889ca66d677f1\"},\"headline\":\"Terrorisme au B\u00e9nin: \u00ab\u00a0\u00e0 ce jour, aucune de nos positions n\u2019a \u00e9t\u00e9 prise\u00a0\u00bb, Wilfried L\u00e9andre Houngb\u00e9dji\",\"datePublished\":\"2022-08-05T19:07:19+00:00\",\"dateModified\":\"2022-08-05T19:17:29+00:00\",\"mainEntityOfPage\":{\"@id\":\"https:\/\/www.africa-press.net\/benin\/politique\/terrorisme-au-benin-a-ce-jour-aucune-de-nos-positions-na-ete-prise-wilfried-leandre-houngbedji\"},\"wordCount\":269,\"commentCount\":0,\"image\":{\"@id\":\"https:\/\/www.africa-press.net\/benin\/politique\/terrorisme-au-benin-a-ce-jour-aucune-de-nos-positions-na-ete-prise-wilfried-leandre-houngbedji#primaryimage\"},\"thumbnailUrl\":\"https:\/\/static.africa-press.net\/benin\/sites\/46\/2022\/08\/postQueueImg_16-62ed6cae286a3.jpg\",\"keywords\":[\"Africa Press\",\"Africa Press-Benin\",\"B\u00e9nin\"],\"articleSection\":[\"homepage-french\",\"Politique\",\"Top Nouvelles\",\"Toutes les actualit\u00e9s\"],\"inLanguage\":\"fr-FR\",\"potentialAction\":[{\"@type\":\"CommentAction\",\"name\":\"Comment\",\"target\":[\"https:\/\/www.africa-press.net\/benin\/politique\/terrorisme-au-benin-a-ce-jour-aucune-de-nos-positions-na-ete-prise-wilfried-leandre-houngbedji#respond\"]}]},{\"@type\":\"WebPage\",\"@id\":\"https:\/\/www.africa-press.net\/benin\/politique\/terrorisme-au-benin-a-ce-jour-aucune-de-nos-positions-na-ete-prise-wilfried-leandre-houngbedji\",\"url\":\"https:\/\/www.africa-press.net\/benin\/politique\/terrorisme-au-benin-a-ce-jour-aucune-de-nos-positions-na-ete-prise-wilfried-leandre-houngbedji\",\"name\":\"Terrorisme au B\u00e9nin: \u00ab\u00a0\u00e0 ce jour, aucune de nos positions n\u2019a \u00e9t\u00e9 prise\u00a0\u00bb, Wilfried L\u00e9andre Houngb\u00e9dji - B\u00e9nin\",\"isPartOf\":{\"@id\":\"https:\/\/www.africa-press.net\/benin\/#website\"},\"primaryImageOfPage\":{\"@id\":\"https:\/\/www.africa-press.net\/benin\/politique\/terrorisme-au-benin-a-ce-jour-aucune-de-nos-positions-na-ete-prise-wilfried-leandre-houngbedji#primaryimage\"},\"image\":{\"@id\":\"https:\/\/www.africa-press.net\/benin\/politique\/terrorisme-au-benin-a-ce-jour-aucune-de-nos-positions-na-ete-prise-wilfried-leandre-houngbedji#primaryimage\"},\"thumbnailUrl\":\"https:\/\/static.africa-press.net\/benin\/sites\/46\/2022\/08\/postQueueImg_16-62ed6cae286a3.jpg\",\"datePublished\":\"2022-08-05T19:07:19+00:00\",\"dateModified\":\"2022-08-05T19:17:29+00:00\",\"author\":{\"@id\":\"https:\/\/www.africa-press.net\/benin\/#\/schema\/person\/2b1cf3cd81a31e3cd26889ca66d677f1\"},\"description\":\"Le porte-parole du gouvernement, Wilfried L\u00e9andre Houngb\u00e9dji a anim\u00e9 une conf\u00e9rence de presse ce vendredi 05 ao\u00fbt 2022 p ...\",\"breadcrumb\":{\"@id\":\"https:\/\/www.africa-press.net\/benin\/politique\/terrorisme-au-benin-a-ce-jour-aucune-de-nos-positions-na-ete-prise-wilfried-leandre-houngbedji#breadcrumb\"},\"inLanguage\":\"fr-FR\",\"potentialAction\":[{\"@type\":\"ReadAction\",\"target\":[\"https:\/\/www.africa-press.net\/benin\/politique\/terrorisme-au-benin-a-ce-jour-aucune-de-nos-positions-na-ete-prise-wilfried-leandre-houngbedji\"]}]},{\"@type\":\"ImageObject\",\"inLanguage\":\"fr-FR\",\"@id\":\"https:\/\/www.africa-press.net\/benin\/politique\/terrorisme-au-benin-a-ce-jour-aucune-de-nos-positions-na-ete-prise-wilfried-leandre-houngbedji#primaryimage\",\"url\":\"https:\/\/static.africa-press.net\/benin\/sites\/46\/2022\/08\/postQueueImg_16-62ed6cae286a3.jpg\",\"contentUrl\":\"https:\/\/static.africa-press.net\/benin\/sites\/46\/2022\/08\/postQueueImg_16-62ed6cae286a3.jpg\",\"width\":1280,\"height\":720,\"caption\":\"Terrorisme au B\u00e9nin: \u00ab\u00a0\u00e0 ce jour, aucune de nos positions n\u2019a \u00e9t\u00e9 prise\u00a0\u00bb, Wilfried L\u00e9andre Houngb\u00e9dji\"},{\"@type\":\"BreadcrumbList\",\"@id\":\"https:\/\/www.africa-press.net\/benin\/politique\/terrorisme-au-benin-a-ce-jour-aucune-de-nos-positions-na-ete-prise-wilfried-leandre-houngbedji#breadcrumb\",\"itemListElement\":[{\"@type\":\"ListItem\",\"position\":1,\"name\":\"Accueil\",\"item\":\"https:\/\/www.africa-press.net\/benin\/\"},{\"@type\":\"ListItem\",\"position\":2,\"name\":\"Terrorisme au B\u00e9nin: \u00ab\u00a0\u00e0 ce jour, aucune de nos positions n\u2019a \u00e9t\u00e9 prise\u00a0\u00bb, Wilfried L\u00e9andre Houngb\u00e9dji\"}]},{\"@type\":\"WebSite\",\"@id\":\"https:\/\/www.africa-press.net\/benin\/#website\",\"url\":\"https:\/\/www.africa-press.net\/benin\/\",\"name\":\"B\u00e9nin\",\"description\":\"Just another Africa News Agency Sites site\",\"potentialAction\":[{\"@type\":\"SearchAction\",\"target\":{\"@type\":\"EntryPoint\",\"urlTemplate\":\"https:\/\/www.africa-press.net\/benin\/?s={search_term_string}\"},\"query-input\":{\"@type\":\"PropertyValueSpecification\",\"valueRequired\":true,\"valueName\":\"search_term_string\"}}],\"inLanguage\":\"fr-FR\"},{\"@type\":\"Person\",\"@id\":\"https:\/\/www.africa-press.net\/benin\/#\/schema\/person\/2b1cf3cd81a31e3cd26889ca66d677f1\",\"name\":\"cfeditorfr\"}]}<\/script>\n<!-- \/ Yoast SEO Premium plugin. -->","yoast_head_json":{"title":"Terrorisme au B\u00e9nin: \u00ab\u00a0\u00e0 ce jour, aucune de nos positions n\u2019a \u00e9t\u00e9 prise\u00a0\u00bb, Wilfried L\u00e9andre Houngb\u00e9dji - B\u00e9nin","description":"Le porte-parole du gouvernement, Wilfried L\u00e9andre Houngb\u00e9dji a anim\u00e9 une conf\u00e9rence de presse ce vendredi 05 ao\u00fbt 2022 p ...","robots":{"index":"index","follow":"follow","max-snippet":"max-snippet:-1","max-image-preview":"max-image-preview:large","max-video-preview":"max-video-preview:-1"},"canonical":"https:\/\/www.africa-press.net\/benin\/politique\/terrorisme-au-benin-a-ce-jour-aucune-de-nos-positions-na-ete-prise-wilfried-leandre-houngbedji","og_locale":"fr_FR","og_type":"article","og_title":"Terrorisme au B\u00e9nin: \u00ab\u00a0\u00e0 ce jour, aucune de nos positions n\u2019a \u00e9t\u00e9 prise\u00a0\u00bb, Wilfried L\u00e9andre Houngb\u00e9dji","og_description":"Le porte-parole du gouvernement, Wilfried L\u00e9andre Houngb\u00e9dji a anim\u00e9 une conf\u00e9rence de presse ce vendredi 05 ao\u00fbt 2022 p ...","og_url":"https:\/\/www.africa-press.net\/benin\/politique\/terrorisme-au-benin-a-ce-jour-aucune-de-nos-positions-na-ete-prise-wilfried-leandre-houngbedji","og_site_name":"B\u00e9nin","article_published_time":"2022-08-05T19:07:19+00:00","article_modified_time":"2022-08-05T19:17:29+00:00","og_image":[{"width":1280,"height":720,"url":"https:\/\/static.africa-press.net\/benin\/sites\/46\/2022\/08\/postQueueImg_16-62ed6cae286a3.jpg","type":"image\/jpeg"}],"author":"cfeditorfr","twitter_card":"summary_large_image","twitter_misc":{"\u00c9crit par":"cfeditorfr","Dur\u00e9e de lecture estim\u00e9e":"2 minutes"},"schema":{"@context":"https:\/\/schema.org","@graph":[{"@type":"Article","@id":"https:\/\/www.africa-press.net\/benin\/politique\/terrorisme-au-benin-a-ce-jour-aucune-de-nos-positions-na-ete-prise-wilfried-leandre-houngbedji#article","isPartOf":{"@id":"https:\/\/www.africa-press.net\/benin\/politique\/terrorisme-au-benin-a-ce-jour-aucune-de-nos-positions-na-ete-prise-wilfried-leandre-houngbedji"},"author":{"name":"cfeditorfr","@id":"https:\/\/www.africa-press.net\/benin\/#\/schema\/person\/2b1cf3cd81a31e3cd26889ca66d677f1"},"headline":"Terrorisme au B\u00e9nin: \u00ab\u00a0\u00e0 ce jour, aucune de nos positions n\u2019a \u00e9t\u00e9 prise\u00a0\u00bb, Wilfried L\u00e9andre Houngb\u00e9dji","datePublished":"2022-08-05T19:07:19+00:00","dateModified":"2022-08-05T19:17:29+00:00","mainEntityOfPage":{"@id":"https:\/\/www.africa-press.net\/benin\/politique\/terrorisme-au-benin-a-ce-jour-aucune-de-nos-positions-na-ete-prise-wilfried-leandre-houngbedji"},"wordCount":269,"commentCount":0,"image":{"@id":"https:\/\/www.africa-press.net\/benin\/politique\/terrorisme-au-benin-a-ce-jour-aucune-de-nos-positions-na-ete-prise-wilfried-leandre-houngbedji#primaryimage"},"thumbnailUrl":"https:\/\/static.africa-press.net\/benin\/sites\/46\/2022\/08\/postQueueImg_16-62ed6cae286a3.jpg","keywords":["Africa Press","Africa Press-Benin","B\u00e9nin"],"articleSection":["homepage-french","Politique","Top Nouvelles","Toutes les actualit\u00e9s"],"inLanguage":"fr-FR","potentialAction":[{"@type":"CommentAction","name":"Comment","target":["https:\/\/www.africa-press.net\/benin\/politique\/terrorisme-au-benin-a-ce-jour-aucune-de-nos-positions-na-ete-prise-wilfried-leandre-houngbedji#respond"]}]},{"@type":"WebPage","@id":"https:\/\/www.africa-press.net\/benin\/politique\/terrorisme-au-benin-a-ce-jour-aucune-de-nos-positions-na-ete-prise-wilfried-leandre-houngbedji","url":"https:\/\/www.africa-press.net\/benin\/politique\/terrorisme-au-benin-a-ce-jour-aucune-de-nos-positions-na-ete-prise-wilfried-leandre-houngbedji","name":"Terrorisme au B\u00e9nin: \u00ab\u00a0\u00e0 ce jour, aucune de nos positions n\u2019a \u00e9t\u00e9 prise\u00a0\u00bb, Wilfried L\u00e9andre Houngb\u00e9dji - B\u00e9nin","isPartOf":{"@id":"https:\/\/www.africa-press.net\/benin\/#website"},"primaryImageOfPage":{"@id":"https:\/\/www.africa-press.net\/benin\/politique\/terrorisme-au-benin-a-ce-jour-aucune-de-nos-positions-na-ete-prise-wilfried-leandre-houngbedji#primaryimage"},"image":{"@id":"https:\/\/www.africa-press.net\/benin\/politique\/terrorisme-au-benin-a-ce-jour-aucune-de-nos-positions-na-ete-prise-wilfried-leandre-houngbedji#primaryimage"},"thumbnailUrl":"https:\/\/static.africa-press.net\/benin\/sites\/46\/2022\/08\/postQueueImg_16-62ed6cae286a3.jpg","datePublished":"2022-08-05T19:07:19+00:00","dateModified":"2022-08-05T19:17:29+00:00","author":{"@id":"https:\/\/www.africa-press.net\/benin\/#\/schema\/person\/2b1cf3cd81a31e3cd26889ca66d677f1"},"description":"Le porte-parole du gouvernement, Wilfried L\u00e9andre Houngb\u00e9dji a anim\u00e9 une conf\u00e9rence de presse ce vendredi 05 ao\u00fbt 2022 p ...","breadcrumb":{"@id":"https:\/\/www.africa-press.net\/benin\/politique\/terrorisme-au-benin-a-ce-jour-aucune-de-nos-positions-na-ete-prise-wilfried-leandre-houngbedji#breadcrumb"},"inLanguage":"fr-FR","potentialAction":[{"@type":"ReadAction","target":["https:\/\/www.africa-press.net\/benin\/politique\/terrorisme-au-benin-a-ce-jour-aucune-de-nos-positions-na-ete-prise-wilfried-leandre-houngbedji"]}]},{"@type":"ImageObject","inLanguage":"fr-FR","@id":"https:\/\/www.africa-press.net\/benin\/politique\/terrorisme-au-benin-a-ce-jour-aucune-de-nos-positions-na-ete-prise-wilfried-leandre-houngbedji#primaryimage","url":"https:\/\/static.africa-press.net\/benin\/sites\/46\/2022\/08\/postQueueImg_16-62ed6cae286a3.jpg","contentUrl":"https:\/\/static.africa-press.net\/benin\/sites\/46\/2022\/08\/postQueueImg_16-62ed6cae286a3.jpg","width":1280,"height":720,"caption":"Terrorisme au B\u00e9nin: \u00ab\u00a0\u00e0 ce jour, aucune de nos positions n\u2019a \u00e9t\u00e9 prise\u00a0\u00bb, Wilfried L\u00e9andre Houngb\u00e9dji"},{"@type":"BreadcrumbList","@id":"https:\/\/www.africa-press.net\/benin\/politique\/terrorisme-au-benin-a-ce-jour-aucune-de-nos-positions-na-ete-prise-wilfried-leandre-houngbedji#breadcrumb","itemListElement":[{"@type":"ListItem","position":1,"name":"Accueil","item":"https:\/\/www.africa-press.net\/benin\/"},{"@type":"ListItem","position":2,"name":"Terrorisme au B\u00e9nin: \u00ab\u00a0\u00e0 ce jour, aucune de nos positions n\u2019a \u00e9t\u00e9 prise\u00a0\u00bb, Wilfried L\u00e9andre Houngb\u00e9dji"}]},{"@type":"WebSite","@id":"https:\/\/www.africa-press.net\/benin\/#website","url":"https:\/\/www.africa-press.net\/benin\/","name":"B\u00e9nin","description":"Just another Africa News Agency Sites site","potentialAction":[{"@type":"SearchAction","target":{"@type":"EntryPoint","urlTemplate":"https:\/\/www.africa-press.net\/benin\/?s={search_term_string}"},"query-input":{"@type":"PropertyValueSpecification","valueRequired":true,"valueName":"search_term_string"}}],"inLanguage":"fr-FR"},{"@type":"Person","@id":"https:\/\/www.africa-press.net\/benin\/#\/schema\/person\/2b1cf3cd81a31e3cd26889ca66d677f1","name":"cfeditorfr"}]}},"_links":{"self":[{"href":"https:\/\/www.africa-press.net\/benin\/wp-json\/wp\/v2\/posts\/7758","targetHints":{"allow":["GET"]}}],"collection":[{"href":"https:\/\/www.africa-press.net\/benin\/wp-json\/wp\/v2\/posts"}],"about":[{"href":"https:\/\/www.africa-press.net\/benin\/wp-json\/wp\/v2\/types\/post"}],"author":[{"embeddable":true,"href":"https:\/\/www.africa-press.net\/benin\/wp-json\/wp\/v2\/users\/82"}],"replies":[{"embeddable":true,"href":"https:\/\/www.africa-press.net\/benin\/wp-json\/wp\/v2\/comments?post=7758"}],"version-history":[{"count":0,"href":"https:\/\/www.africa-press.net\/benin\/wp-json\/wp\/v2\/posts\/7758\/revisions"}],"wp:featuredmedia":[{"embeddable":true,"href":"https:\/\/www.africa-press.net\/benin\/wp-json\/wp\/v2\/media\/7757"}],"wp:attachment":[{"href":"https:\/\/www.africa-press.net\/benin\/wp-json\/wp\/v2\/media?parent=7758"}],"wp:term":[{"taxonomy":"category","embeddable":true,"href":"https:\/\/www.africa-press.net\/benin\/wp-json\/wp\/v2\/categories?post=7758"},{"taxonomy":"post_tag","embeddable":true,"href":"https:\/\/www.africa-press.net\/benin\/wp-json\/wp\/v2\/tags?post=7758"}],"curies":[{"name":"wp","href":"https:\/\/api.w.org\/{rel}","templated":true}]}}