{"id":7816,"date":"2022-08-12T21:51:08","date_gmt":"2022-08-12T21:51:08","guid":{"rendered":"https:\/\/www.africa-press.net\/benin\/politique\/benin-un-jeune-condamne-a-2-ans-de-prison-apres-5-ans-de-detention-provisoire"},"modified":"2022-08-12T22:20:00","modified_gmt":"2022-08-12T22:20:00","slug":"benin-un-jeune-condamne-a-2-ans-de-prison-apres-5-ans-de-detention-provisoire","status":"publish","type":"post","link":"https:\/\/www.africa-press.net\/benin\/toutes-les-actualites\/benin-un-jeune-condamne-a-2-ans-de-prison-apres-5-ans-de-detention-provisoire","title":{"rendered":"B\u00e9nin: un jeune condamn\u00e9 \u00e0 2 ans de prison apr\u00e8s 5 ans de d\u00e9tention provisoire"},"content":{"rendered":"<p><span style=\"color: #ff6600\"><strong>Africa-Press &#8211; Benin. <\/strong><\/span>Plac\u00e9 en d\u00e9tention provisoire depuis 5 ans pour viol sur une mineure de 16 ans et recel d\u2019objets vol\u00e9s, un jeune homme a \u00e9t\u00e9 acquitt\u00e9 ce jeudi 11 Ao\u00fbt 2022 par le tribunal de premi\u00e8re instance de Cotonou.<\/p>\n<p>Le tribunal de premi\u00e8re instance de premi\u00e8re classe de Cotonou a connu ce jeudi 11 Ao\u00fbt 2022, un dossier de viol sur mineure coupl\u00e9 de recel d\u2019objets vol\u00e9s. Le principal accus\u00e9 dans ce dossier est un jeune homme de 24 ans vendeur de cartes sim au moments des faits.<\/p>\n<p>Selon les faits tels que rappel\u00e9s \u00e0 l\u2019ouverture du proc\u00e8s, la victime du pr\u00e9sum\u00e9 auteur de viol n\u2019est rien d\u2019autre que l\u2019accus\u00e9. Ag\u00e9e de 16 ans au moment des faits, elle a r\u00e9ussi a vol\u00e9 \u00e0 sa tante une somme de 100.000 francs cfa avant de quitter la maison pour s\u2019installer aupr\u00e8s de son copain.<\/p>\n<p>La tante victime de vol a port\u00e9 plainte contre les deux amoureux. Interpell\u00e9s, l\u2019un fut d\u00e9pos\u00e9 en prison et l\u2019autre \u00e0 la prison des mineurs. En cellule, la pr\u00e9sum\u00e9e victime de viol s\u2019est rendue compte qu\u2019elle \u00e9tait enceinte. Elle accoucha en prison et fut lib\u00e9r\u00e9e deux ans plus tard.<\/p>\n<p>Le proc\u00e8s de son petit ami ne s\u2019est ouvert que ce jeudi 11 Ao\u00fbt. A l\u2019issue du proc\u00e8s, le jeune homme poursuivi pour viol et recel fut reconnu coupable de recel de chose vol\u00e9e et \u00e9cope de 2 ans de prison ferme. Ayant d\u00e9j\u00e0 pass\u00e9 5 ans en d\u00e9tention provisoire, il recouvre sa libert\u00e9 apr\u00e8s la d\u00e9cision du tribunal de Cotonou.<\/p>\n<p><strong>Pour plus d&rsquo;informations et d&rsquo;analyses sur la <a href=\"https:\/\/www.africa-press.net\/benin\">Benin<\/a>, suivez <a href=\"https:\/\/www.africa-press.net\/\">Africa-Press<\/a><\/strong><\/p>\n","protected":false},"excerpt":{"rendered":"<p>Africa-Press &#8211; Benin. Plac\u00e9 en d\u00e9tention provisoire depuis 5 ans pour viol sur une mineure de 16 ans et recel d\u2019objets vol\u00e9s, un jeune homme a \u00e9t\u00e9 acquitt\u00e9 ce jeudi 11 Ao\u00fbt 2022 par le tribunal de premi\u00e8re instance de Cotonou. Le tribunal de premi\u00e8re instance de premi\u00e8re classe de Cotonou a connu ce jeudi [&hellip;]<\/p>\n","protected":false},"author":82,"featured_media":7815,"comment_status":"open","ping_status":"closed","sticky":false,"template":"","format":"standard","meta":{"footnotes":""},"categories":[21,11,10],"tags":[36,50,45],"class_list":["post-7816","post","type-post","status-publish","format-standard","has-post-thumbnail","hentry","category-communaute","category-homepage-french","category-toutes-les-actualites","tag-africa-press","tag-africa-press-benin","tag-benin"],"yoast_head":"<!-- This site is optimized with the Yoast SEO Premium plugin v26.1 (Yoast SEO v27.0) - https:\/\/yoast.com\/product\/yoast-seo-premium-wordpress\/ -->\n<title>B\u00e9nin: un jeune condamn\u00e9 \u00e0 2 ans de prison apr\u00e8s 5 ans de d\u00e9tention provisoire - B\u00e9nin<\/title>\n<meta name=\"description\" content=\"Plac\u00e9 en d\u00e9tention provisoire depuis 5 ans pour viol sur une mineure de 16 ans et recel d\u2019objets vol\u00e9s, un jeune homme a ...\" \/>\n<meta name=\"robots\" content=\"index, follow, max-snippet:-1, max-image-preview:large, max-video-preview:-1\" \/>\n<link rel=\"canonical\" href=\"https:\/\/www.africa-press.net\/benin\/toutes-les-actualites\/benin-un-jeune-condamne-a-2-ans-de-prison-apres-5-ans-de-detention-provisoire\" \/>\n<meta property=\"og:locale\" content=\"fr_FR\" \/>\n<meta property=\"og:type\" content=\"article\" \/>\n<meta property=\"og:title\" content=\"B\u00e9nin: un jeune condamn\u00e9 \u00e0 2 ans de prison apr\u00e8s 5 ans de d\u00e9tention provisoire\" \/>\n<meta property=\"og:description\" content=\"Plac\u00e9 en d\u00e9tention provisoire depuis 5 ans pour viol sur une mineure de 16 ans et recel d\u2019objets vol\u00e9s, un jeune homme a ...\" \/>\n<meta property=\"og:url\" content=\"https:\/\/www.africa-press.net\/benin\/toutes-les-actualites\/benin-un-jeune-condamne-a-2-ans-de-prison-apres-5-ans-de-detention-provisoire\" \/>\n<meta property=\"og:site_name\" content=\"B\u00e9nin\" \/>\n<meta property=\"article:published_time\" content=\"2022-08-12T21:51:08+00:00\" \/>\n<meta property=\"article:modified_time\" content=\"2022-08-12T22:20:00+00:00\" \/>\n<meta property=\"og:image\" content=\"https:\/\/static.africa-press.net\/benin\/sites\/46\/2022\/08\/postQueueImg_21-62f6d1fb6020a.jpg\" \/>\n\t<meta property=\"og:image:width\" content=\"1500\" \/>\n\t<meta property=\"og:image:height\" content=\"845\" \/>\n\t<meta property=\"og:image:type\" content=\"image\/jpeg\" \/>\n<meta name=\"author\" content=\"cfeditorfr\" \/>\n<meta name=\"twitter:card\" content=\"summary_large_image\" \/>\n<meta name=\"twitter:label1\" content=\"\u00c9crit par\" \/>\n\t<meta name=\"twitter:data1\" content=\"cfeditorfr\" \/>\n\t<meta name=\"twitter:label2\" content=\"Dur\u00e9e de lecture estim\u00e9e\" \/>\n\t<meta name=\"twitter:data2\" content=\"2 minutes\" \/>\n<script type=\"application\/ld+json\" class=\"yoast-schema-graph\">{\"@context\":\"https:\/\/schema.org\",\"@graph\":[{\"@type\":\"Article\",\"@id\":\"https:\/\/www.africa-press.net\/benin\/toutes-les-actualites\/benin-un-jeune-condamne-a-2-ans-de-prison-apres-5-ans-de-detention-provisoire#article\",\"isPartOf\":{\"@id\":\"https:\/\/www.africa-press.net\/benin\/toutes-les-actualites\/benin-un-jeune-condamne-a-2-ans-de-prison-apres-5-ans-de-detention-provisoire\"},\"author\":{\"name\":\"cfeditorfr\",\"@id\":\"https:\/\/www.africa-press.net\/benin\/#\/schema\/person\/2b1cf3cd81a31e3cd26889ca66d677f1\"},\"headline\":\"B\u00e9nin: un jeune condamn\u00e9 \u00e0 2 ans de prison apr\u00e8s 5 ans de d\u00e9tention provisoire\",\"datePublished\":\"2022-08-12T21:51:08+00:00\",\"dateModified\":\"2022-08-12T22:20:00+00:00\",\"mainEntityOfPage\":{\"@id\":\"https:\/\/www.africa-press.net\/benin\/toutes-les-actualites\/benin-un-jeune-condamne-a-2-ans-de-prison-apres-5-ans-de-detention-provisoire\"},\"wordCount\":308,\"commentCount\":0,\"image\":{\"@id\":\"https:\/\/www.africa-press.net\/benin\/toutes-les-actualites\/benin-un-jeune-condamne-a-2-ans-de-prison-apres-5-ans-de-detention-provisoire#primaryimage\"},\"thumbnailUrl\":\"https:\/\/static.africa-press.net\/benin\/sites\/46\/2022\/08\/postQueueImg_21-62f6d1fb6020a.jpg\",\"keywords\":[\"Africa Press\",\"Africa Press-Benin\",\"B\u00e9nin\"],\"articleSection\":[\"Communaut\u00e9\",\"homepage-french\",\"Toutes les actualit\u00e9s\"],\"inLanguage\":\"fr-FR\",\"potentialAction\":[{\"@type\":\"CommentAction\",\"name\":\"Comment\",\"target\":[\"https:\/\/www.africa-press.net\/benin\/toutes-les-actualites\/benin-un-jeune-condamne-a-2-ans-de-prison-apres-5-ans-de-detention-provisoire#respond\"]}]},{\"@type\":\"WebPage\",\"@id\":\"https:\/\/www.africa-press.net\/benin\/toutes-les-actualites\/benin-un-jeune-condamne-a-2-ans-de-prison-apres-5-ans-de-detention-provisoire\",\"url\":\"https:\/\/www.africa-press.net\/benin\/toutes-les-actualites\/benin-un-jeune-condamne-a-2-ans-de-prison-apres-5-ans-de-detention-provisoire\",\"name\":\"B\u00e9nin: un jeune condamn\u00e9 \u00e0 2 ans de prison apr\u00e8s 5 ans de d\u00e9tention provisoire - B\u00e9nin\",\"isPartOf\":{\"@id\":\"https:\/\/www.africa-press.net\/benin\/#website\"},\"primaryImageOfPage\":{\"@id\":\"https:\/\/www.africa-press.net\/benin\/toutes-les-actualites\/benin-un-jeune-condamne-a-2-ans-de-prison-apres-5-ans-de-detention-provisoire#primaryimage\"},\"image\":{\"@id\":\"https:\/\/www.africa-press.net\/benin\/toutes-les-actualites\/benin-un-jeune-condamne-a-2-ans-de-prison-apres-5-ans-de-detention-provisoire#primaryimage\"},\"thumbnailUrl\":\"https:\/\/static.africa-press.net\/benin\/sites\/46\/2022\/08\/postQueueImg_21-62f6d1fb6020a.jpg\",\"datePublished\":\"2022-08-12T21:51:08+00:00\",\"dateModified\":\"2022-08-12T22:20:00+00:00\",\"author\":{\"@id\":\"https:\/\/www.africa-press.net\/benin\/#\/schema\/person\/2b1cf3cd81a31e3cd26889ca66d677f1\"},\"description\":\"Plac\u00e9 en d\u00e9tention provisoire depuis 5 ans pour viol sur une mineure de 16 ans et recel d\u2019objets vol\u00e9s, un jeune homme a ...\",\"breadcrumb\":{\"@id\":\"https:\/\/www.africa-press.net\/benin\/toutes-les-actualites\/benin-un-jeune-condamne-a-2-ans-de-prison-apres-5-ans-de-detention-provisoire#breadcrumb\"},\"inLanguage\":\"fr-FR\",\"potentialAction\":[{\"@type\":\"ReadAction\",\"target\":[\"https:\/\/www.africa-press.net\/benin\/toutes-les-actualites\/benin-un-jeune-condamne-a-2-ans-de-prison-apres-5-ans-de-detention-provisoire\"]}]},{\"@type\":\"ImageObject\",\"inLanguage\":\"fr-FR\",\"@id\":\"https:\/\/www.africa-press.net\/benin\/toutes-les-actualites\/benin-un-jeune-condamne-a-2-ans-de-prison-apres-5-ans-de-detention-provisoire#primaryimage\",\"url\":\"https:\/\/static.africa-press.net\/benin\/sites\/46\/2022\/08\/postQueueImg_21-62f6d1fb6020a.jpg\",\"contentUrl\":\"https:\/\/static.africa-press.net\/benin\/sites\/46\/2022\/08\/postQueueImg_21-62f6d1fb6020a.jpg\",\"width\":1500,\"height\":845,\"caption\":\"B\u00e9nin: un jeune condamn\u00e9 \u00e0 2 ans de prison apr\u00e8s 5 ans de d\u00e9tention provisoire\"},{\"@type\":\"BreadcrumbList\",\"@id\":\"https:\/\/www.africa-press.net\/benin\/toutes-les-actualites\/benin-un-jeune-condamne-a-2-ans-de-prison-apres-5-ans-de-detention-provisoire#breadcrumb\",\"itemListElement\":[{\"@type\":\"ListItem\",\"position\":1,\"name\":\"Accueil\",\"item\":\"https:\/\/www.africa-press.net\/benin\/\"},{\"@type\":\"ListItem\",\"position\":2,\"name\":\"B\u00e9nin: un jeune condamn\u00e9 \u00e0 2 ans de prison apr\u00e8s 5 ans de d\u00e9tention provisoire\"}]},{\"@type\":\"WebSite\",\"@id\":\"https:\/\/www.africa-press.net\/benin\/#website\",\"url\":\"https:\/\/www.africa-press.net\/benin\/\",\"name\":\"B\u00e9nin\",\"description\":\"Just another Africa News Agency Sites site\",\"potentialAction\":[{\"@type\":\"SearchAction\",\"target\":{\"@type\":\"EntryPoint\",\"urlTemplate\":\"https:\/\/www.africa-press.net\/benin\/?s={search_term_string}\"},\"query-input\":{\"@type\":\"PropertyValueSpecification\",\"valueRequired\":true,\"valueName\":\"search_term_string\"}}],\"inLanguage\":\"fr-FR\"},{\"@type\":\"Person\",\"@id\":\"https:\/\/www.africa-press.net\/benin\/#\/schema\/person\/2b1cf3cd81a31e3cd26889ca66d677f1\",\"name\":\"cfeditorfr\"}]}<\/script>\n<!-- \/ Yoast SEO Premium plugin. -->","yoast_head_json":{"title":"B\u00e9nin: un jeune condamn\u00e9 \u00e0 2 ans de prison apr\u00e8s 5 ans de d\u00e9tention provisoire - B\u00e9nin","description":"Plac\u00e9 en d\u00e9tention provisoire depuis 5 ans pour viol sur une mineure de 16 ans et recel d\u2019objets vol\u00e9s, un jeune homme a ...","robots":{"index":"index","follow":"follow","max-snippet":"max-snippet:-1","max-image-preview":"max-image-preview:large","max-video-preview":"max-video-preview:-1"},"canonical":"https:\/\/www.africa-press.net\/benin\/toutes-les-actualites\/benin-un-jeune-condamne-a-2-ans-de-prison-apres-5-ans-de-detention-provisoire","og_locale":"fr_FR","og_type":"article","og_title":"B\u00e9nin: un jeune condamn\u00e9 \u00e0 2 ans de prison apr\u00e8s 5 ans de d\u00e9tention provisoire","og_description":"Plac\u00e9 en d\u00e9tention provisoire depuis 5 ans pour viol sur une mineure de 16 ans et recel d\u2019objets vol\u00e9s, un jeune homme a ...","og_url":"https:\/\/www.africa-press.net\/benin\/toutes-les-actualites\/benin-un-jeune-condamne-a-2-ans-de-prison-apres-5-ans-de-detention-provisoire","og_site_name":"B\u00e9nin","article_published_time":"2022-08-12T21:51:08+00:00","article_modified_time":"2022-08-12T22:20:00+00:00","og_image":[{"width":1500,"height":845,"url":"https:\/\/static.africa-press.net\/benin\/sites\/46\/2022\/08\/postQueueImg_21-62f6d1fb6020a.jpg","type":"image\/jpeg"}],"author":"cfeditorfr","twitter_card":"summary_large_image","twitter_misc":{"\u00c9crit par":"cfeditorfr","Dur\u00e9e de lecture estim\u00e9e":"2 minutes"},"schema":{"@context":"https:\/\/schema.org","@graph":[{"@type":"Article","@id":"https:\/\/www.africa-press.net\/benin\/toutes-les-actualites\/benin-un-jeune-condamne-a-2-ans-de-prison-apres-5-ans-de-detention-provisoire#article","isPartOf":{"@id":"https:\/\/www.africa-press.net\/benin\/toutes-les-actualites\/benin-un-jeune-condamne-a-2-ans-de-prison-apres-5-ans-de-detention-provisoire"},"author":{"name":"cfeditorfr","@id":"https:\/\/www.africa-press.net\/benin\/#\/schema\/person\/2b1cf3cd81a31e3cd26889ca66d677f1"},"headline":"B\u00e9nin: un jeune condamn\u00e9 \u00e0 2 ans de prison apr\u00e8s 5 ans de d\u00e9tention provisoire","datePublished":"2022-08-12T21:51:08+00:00","dateModified":"2022-08-12T22:20:00+00:00","mainEntityOfPage":{"@id":"https:\/\/www.africa-press.net\/benin\/toutes-les-actualites\/benin-un-jeune-condamne-a-2-ans-de-prison-apres-5-ans-de-detention-provisoire"},"wordCount":308,"commentCount":0,"image":{"@id":"https:\/\/www.africa-press.net\/benin\/toutes-les-actualites\/benin-un-jeune-condamne-a-2-ans-de-prison-apres-5-ans-de-detention-provisoire#primaryimage"},"thumbnailUrl":"https:\/\/static.africa-press.net\/benin\/sites\/46\/2022\/08\/postQueueImg_21-62f6d1fb6020a.jpg","keywords":["Africa Press","Africa Press-Benin","B\u00e9nin"],"articleSection":["Communaut\u00e9","homepage-french","Toutes les actualit\u00e9s"],"inLanguage":"fr-FR","potentialAction":[{"@type":"CommentAction","name":"Comment","target":["https:\/\/www.africa-press.net\/benin\/toutes-les-actualites\/benin-un-jeune-condamne-a-2-ans-de-prison-apres-5-ans-de-detention-provisoire#respond"]}]},{"@type":"WebPage","@id":"https:\/\/www.africa-press.net\/benin\/toutes-les-actualites\/benin-un-jeune-condamne-a-2-ans-de-prison-apres-5-ans-de-detention-provisoire","url":"https:\/\/www.africa-press.net\/benin\/toutes-les-actualites\/benin-un-jeune-condamne-a-2-ans-de-prison-apres-5-ans-de-detention-provisoire","name":"B\u00e9nin: un jeune condamn\u00e9 \u00e0 2 ans de prison apr\u00e8s 5 ans de d\u00e9tention provisoire - B\u00e9nin","isPartOf":{"@id":"https:\/\/www.africa-press.net\/benin\/#website"},"primaryImageOfPage":{"@id":"https:\/\/www.africa-press.net\/benin\/toutes-les-actualites\/benin-un-jeune-condamne-a-2-ans-de-prison-apres-5-ans-de-detention-provisoire#primaryimage"},"image":{"@id":"https:\/\/www.africa-press.net\/benin\/toutes-les-actualites\/benin-un-jeune-condamne-a-2-ans-de-prison-apres-5-ans-de-detention-provisoire#primaryimage"},"thumbnailUrl":"https:\/\/static.africa-press.net\/benin\/sites\/46\/2022\/08\/postQueueImg_21-62f6d1fb6020a.jpg","datePublished":"2022-08-12T21:51:08+00:00","dateModified":"2022-08-12T22:20:00+00:00","author":{"@id":"https:\/\/www.africa-press.net\/benin\/#\/schema\/person\/2b1cf3cd81a31e3cd26889ca66d677f1"},"description":"Plac\u00e9 en d\u00e9tention provisoire depuis 5 ans pour viol sur une mineure de 16 ans et recel d\u2019objets vol\u00e9s, un jeune homme a ...","breadcrumb":{"@id":"https:\/\/www.africa-press.net\/benin\/toutes-les-actualites\/benin-un-jeune-condamne-a-2-ans-de-prison-apres-5-ans-de-detention-provisoire#breadcrumb"},"inLanguage":"fr-FR","potentialAction":[{"@type":"ReadAction","target":["https:\/\/www.africa-press.net\/benin\/toutes-les-actualites\/benin-un-jeune-condamne-a-2-ans-de-prison-apres-5-ans-de-detention-provisoire"]}]},{"@type":"ImageObject","inLanguage":"fr-FR","@id":"https:\/\/www.africa-press.net\/benin\/toutes-les-actualites\/benin-un-jeune-condamne-a-2-ans-de-prison-apres-5-ans-de-detention-provisoire#primaryimage","url":"https:\/\/static.africa-press.net\/benin\/sites\/46\/2022\/08\/postQueueImg_21-62f6d1fb6020a.jpg","contentUrl":"https:\/\/static.africa-press.net\/benin\/sites\/46\/2022\/08\/postQueueImg_21-62f6d1fb6020a.jpg","width":1500,"height":845,"caption":"B\u00e9nin: un jeune condamn\u00e9 \u00e0 2 ans de prison apr\u00e8s 5 ans de d\u00e9tention provisoire"},{"@type":"BreadcrumbList","@id":"https:\/\/www.africa-press.net\/benin\/toutes-les-actualites\/benin-un-jeune-condamne-a-2-ans-de-prison-apres-5-ans-de-detention-provisoire#breadcrumb","itemListElement":[{"@type":"ListItem","position":1,"name":"Accueil","item":"https:\/\/www.africa-press.net\/benin\/"},{"@type":"ListItem","position":2,"name":"B\u00e9nin: un jeune condamn\u00e9 \u00e0 2 ans de prison apr\u00e8s 5 ans de d\u00e9tention provisoire"}]},{"@type":"WebSite","@id":"https:\/\/www.africa-press.net\/benin\/#website","url":"https:\/\/www.africa-press.net\/benin\/","name":"B\u00e9nin","description":"Just another Africa News Agency Sites site","potentialAction":[{"@type":"SearchAction","target":{"@type":"EntryPoint","urlTemplate":"https:\/\/www.africa-press.net\/benin\/?s={search_term_string}"},"query-input":{"@type":"PropertyValueSpecification","valueRequired":true,"valueName":"search_term_string"}}],"inLanguage":"fr-FR"},{"@type":"Person","@id":"https:\/\/www.africa-press.net\/benin\/#\/schema\/person\/2b1cf3cd81a31e3cd26889ca66d677f1","name":"cfeditorfr"}]}},"_links":{"self":[{"href":"https:\/\/www.africa-press.net\/benin\/wp-json\/wp\/v2\/posts\/7816","targetHints":{"allow":["GET"]}}],"collection":[{"href":"https:\/\/www.africa-press.net\/benin\/wp-json\/wp\/v2\/posts"}],"about":[{"href":"https:\/\/www.africa-press.net\/benin\/wp-json\/wp\/v2\/types\/post"}],"author":[{"embeddable":true,"href":"https:\/\/www.africa-press.net\/benin\/wp-json\/wp\/v2\/users\/82"}],"replies":[{"embeddable":true,"href":"https:\/\/www.africa-press.net\/benin\/wp-json\/wp\/v2\/comments?post=7816"}],"version-history":[{"count":0,"href":"https:\/\/www.africa-press.net\/benin\/wp-json\/wp\/v2\/posts\/7816\/revisions"}],"wp:featuredmedia":[{"embeddable":true,"href":"https:\/\/www.africa-press.net\/benin\/wp-json\/wp\/v2\/media\/7815"}],"wp:attachment":[{"href":"https:\/\/www.africa-press.net\/benin\/wp-json\/wp\/v2\/media?parent=7816"}],"wp:term":[{"taxonomy":"category","embeddable":true,"href":"https:\/\/www.africa-press.net\/benin\/wp-json\/wp\/v2\/categories?post=7816"},{"taxonomy":"post_tag","embeddable":true,"href":"https:\/\/www.africa-press.net\/benin\/wp-json\/wp\/v2\/tags?post=7816"}],"curies":[{"name":"wp","href":"https:\/\/api.w.org\/{rel}","templated":true}]}}