{"id":7819,"date":"2022-08-12T21:51:23","date_gmt":"2022-08-12T21:51:23","guid":{"rendered":"https:\/\/www.africa-press.net\/benin\/politique\/porto-novo-plusieurs-voies-fermees-a-la-circulation-le-dimanche-prochain"},"modified":"2022-08-12T22:20:28","modified_gmt":"2022-08-12T22:20:28","slug":"porto-novo-plusieurs-voies-fermees-a-la-circulation-le-dimanche-prochain","status":"publish","type":"post","link":"https:\/\/www.africa-press.net\/benin\/toutes-les-actualites\/porto-novo-plusieurs-voies-fermees-a-la-circulation-le-dimanche-prochain","title":{"rendered":"Porto Novo: plusieurs voies ferm\u00e9es \u00e0 la circulation le dimanche prochain"},"content":{"rendered":"<p><span style=\"color: #ff6600\"><strong>Africa-Press &#8211; Benin. <\/strong><\/span>Plusieurs axes routiers de la ville capitale politique du B\u00e9nin seront ferm\u00e9s le dimanche 14 Ao\u00fbt prochain \u00e0 la circulation. L\u2019annonce a \u00e9t\u00e9 faite par la premi\u00e8re autorit\u00e9 de la ville, le maire Charlemagne Yankoty.<\/p>\n<p>La mobilit\u00e9 dans la ville de Porto Novo connaitra un peu de perturbation le dimanche 14 Ao\u00fbt prochain. L\u2019annonce a \u00e9t\u00e9 faite par le maire de la cit\u00e9 des A\u00efnonvi, Charlemagne Yankoty. Certains axes routiers seront en effet ferm\u00e9s de 6 heures \u00e0 13 heures dans le cadre de la cinqui\u00e8me \u00e9dition du Marathon International \u00ab The Best \u00bb qui aura lieu dans la ville de Porto Novo.<\/p>\n<p>Selon les informations, les axes routiers concern\u00e9s par cette fermeture momentan\u00e9e sont les suivants:<\/p>\n<p>Des voies de contournement sont r\u00e9serv\u00e9es pour les usagers de ces axes routiers. Les autorit\u00e9s de la ville prient les populations et les usagers des voies supra de faire attention aux indications de la Police R\u00e9publicaine et les balises de signalisations. Elles encouragent par ailleurs les populations \u00e0 s\u2019aligner le long du parcours pour encourager les athl\u00e8tes qui emprunteront ces voies.<\/p>\n<p><strong>Pour plus d&rsquo;informations et d&rsquo;analyses sur la <a href=\"https:\/\/www.africa-press.net\/benin\">Benin<\/a>, suivez <a href=\"https:\/\/www.africa-press.net\/\">Africa-Press<\/a><\/strong><\/p>\n","protected":false},"excerpt":{"rendered":"<p>Africa-Press &#8211; Benin. Plusieurs axes routiers de la ville capitale politique du B\u00e9nin seront ferm\u00e9s le dimanche 14 Ao\u00fbt prochain \u00e0 la circulation. L\u2019annonce a \u00e9t\u00e9 faite par la premi\u00e8re autorit\u00e9 de la ville, le maire Charlemagne Yankoty. La mobilit\u00e9 dans la ville de Porto Novo connaitra un peu de perturbation le dimanche 14 Ao\u00fbt [&hellip;]<\/p>\n","protected":false},"author":82,"featured_media":7818,"comment_status":"open","ping_status":"closed","sticky":false,"template":"","format":"standard","meta":{"footnotes":""},"categories":[21,11,10],"tags":[36,50,45],"class_list":["post-7819","post","type-post","status-publish","format-standard","has-post-thumbnail","hentry","category-communaute","category-homepage-french","category-toutes-les-actualites","tag-africa-press","tag-africa-press-benin","tag-benin"],"yoast_head":"<!-- This site is optimized with the Yoast SEO Premium plugin v26.1 (Yoast SEO v27.0) - https:\/\/yoast.com\/product\/yoast-seo-premium-wordpress\/ -->\n<title>Porto Novo: plusieurs voies ferm\u00e9es \u00e0 la circulation le dimanche prochain - B\u00e9nin<\/title>\n<meta name=\"description\" content=\"Plusieurs axes routiers de la ville capitale politique du B\u00e9nin seront ferm\u00e9s le dimanche 14 Ao\u00fbt prochain \u00e0 la circulat ...\" \/>\n<meta name=\"robots\" content=\"index, follow, max-snippet:-1, max-image-preview:large, max-video-preview:-1\" \/>\n<link rel=\"canonical\" href=\"https:\/\/www.africa-press.net\/benin\/toutes-les-actualites\/porto-novo-plusieurs-voies-fermees-a-la-circulation-le-dimanche-prochain\" \/>\n<meta property=\"og:locale\" content=\"fr_FR\" \/>\n<meta property=\"og:type\" content=\"article\" \/>\n<meta property=\"og:title\" content=\"Porto Novo: plusieurs voies ferm\u00e9es \u00e0 la circulation le dimanche prochain\" \/>\n<meta property=\"og:description\" content=\"Plusieurs axes routiers de la ville capitale politique du B\u00e9nin seront ferm\u00e9s le dimanche 14 Ao\u00fbt prochain \u00e0 la circulat ...\" \/>\n<meta property=\"og:url\" content=\"https:\/\/www.africa-press.net\/benin\/toutes-les-actualites\/porto-novo-plusieurs-voies-fermees-a-la-circulation-le-dimanche-prochain\" \/>\n<meta property=\"og:site_name\" content=\"B\u00e9nin\" \/>\n<meta property=\"article:published_time\" content=\"2022-08-12T21:51:23+00:00\" \/>\n<meta property=\"article:modified_time\" content=\"2022-08-12T22:20:28+00:00\" \/>\n<meta property=\"og:image\" content=\"https:\/\/static.africa-press.net\/benin\/sites\/46\/2022\/08\/postQueueImg_22-62f6d216914e4.jpg\" \/>\n\t<meta property=\"og:image:width\" content=\"1200\" \/>\n\t<meta property=\"og:image:height\" content=\"675\" \/>\n\t<meta property=\"og:image:type\" content=\"image\/jpeg\" \/>\n<meta name=\"author\" content=\"cfeditorfr\" \/>\n<meta name=\"twitter:card\" content=\"summary_large_image\" \/>\n<meta name=\"twitter:label1\" content=\"\u00c9crit par\" \/>\n\t<meta name=\"twitter:data1\" content=\"cfeditorfr\" \/>\n\t<meta name=\"twitter:label2\" content=\"Dur\u00e9e de lecture estim\u00e9e\" \/>\n\t<meta name=\"twitter:data2\" content=\"1 minute\" \/>\n<script type=\"application\/ld+json\" class=\"yoast-schema-graph\">{\"@context\":\"https:\/\/schema.org\",\"@graph\":[{\"@type\":\"Article\",\"@id\":\"https:\/\/www.africa-press.net\/benin\/toutes-les-actualites\/porto-novo-plusieurs-voies-fermees-a-la-circulation-le-dimanche-prochain#article\",\"isPartOf\":{\"@id\":\"https:\/\/www.africa-press.net\/benin\/toutes-les-actualites\/porto-novo-plusieurs-voies-fermees-a-la-circulation-le-dimanche-prochain\"},\"author\":{\"name\":\"cfeditorfr\",\"@id\":\"https:\/\/www.africa-press.net\/benin\/#\/schema\/person\/2b1cf3cd81a31e3cd26889ca66d677f1\"},\"headline\":\"Porto Novo: plusieurs voies ferm\u00e9es \u00e0 la circulation le dimanche prochain\",\"datePublished\":\"2022-08-12T21:51:23+00:00\",\"dateModified\":\"2022-08-12T22:20:28+00:00\",\"mainEntityOfPage\":{\"@id\":\"https:\/\/www.africa-press.net\/benin\/toutes-les-actualites\/porto-novo-plusieurs-voies-fermees-a-la-circulation-le-dimanche-prochain\"},\"wordCount\":213,\"commentCount\":0,\"image\":{\"@id\":\"https:\/\/www.africa-press.net\/benin\/toutes-les-actualites\/porto-novo-plusieurs-voies-fermees-a-la-circulation-le-dimanche-prochain#primaryimage\"},\"thumbnailUrl\":\"https:\/\/static.africa-press.net\/benin\/sites\/46\/2022\/08\/postQueueImg_22-62f6d216914e4.jpg\",\"keywords\":[\"Africa Press\",\"Africa Press-Benin\",\"B\u00e9nin\"],\"articleSection\":[\"Communaut\u00e9\",\"homepage-french\",\"Toutes les actualit\u00e9s\"],\"inLanguage\":\"fr-FR\",\"potentialAction\":[{\"@type\":\"CommentAction\",\"name\":\"Comment\",\"target\":[\"https:\/\/www.africa-press.net\/benin\/toutes-les-actualites\/porto-novo-plusieurs-voies-fermees-a-la-circulation-le-dimanche-prochain#respond\"]}]},{\"@type\":\"WebPage\",\"@id\":\"https:\/\/www.africa-press.net\/benin\/toutes-les-actualites\/porto-novo-plusieurs-voies-fermees-a-la-circulation-le-dimanche-prochain\",\"url\":\"https:\/\/www.africa-press.net\/benin\/toutes-les-actualites\/porto-novo-plusieurs-voies-fermees-a-la-circulation-le-dimanche-prochain\",\"name\":\"Porto Novo: plusieurs voies ferm\u00e9es \u00e0 la circulation le dimanche prochain - B\u00e9nin\",\"isPartOf\":{\"@id\":\"https:\/\/www.africa-press.net\/benin\/#website\"},\"primaryImageOfPage\":{\"@id\":\"https:\/\/www.africa-press.net\/benin\/toutes-les-actualites\/porto-novo-plusieurs-voies-fermees-a-la-circulation-le-dimanche-prochain#primaryimage\"},\"image\":{\"@id\":\"https:\/\/www.africa-press.net\/benin\/toutes-les-actualites\/porto-novo-plusieurs-voies-fermees-a-la-circulation-le-dimanche-prochain#primaryimage\"},\"thumbnailUrl\":\"https:\/\/static.africa-press.net\/benin\/sites\/46\/2022\/08\/postQueueImg_22-62f6d216914e4.jpg\",\"datePublished\":\"2022-08-12T21:51:23+00:00\",\"dateModified\":\"2022-08-12T22:20:28+00:00\",\"author\":{\"@id\":\"https:\/\/www.africa-press.net\/benin\/#\/schema\/person\/2b1cf3cd81a31e3cd26889ca66d677f1\"},\"description\":\"Plusieurs axes routiers de la ville capitale politique du B\u00e9nin seront ferm\u00e9s le dimanche 14 Ao\u00fbt prochain \u00e0 la circulat ...\",\"breadcrumb\":{\"@id\":\"https:\/\/www.africa-press.net\/benin\/toutes-les-actualites\/porto-novo-plusieurs-voies-fermees-a-la-circulation-le-dimanche-prochain#breadcrumb\"},\"inLanguage\":\"fr-FR\",\"potentialAction\":[{\"@type\":\"ReadAction\",\"target\":[\"https:\/\/www.africa-press.net\/benin\/toutes-les-actualites\/porto-novo-plusieurs-voies-fermees-a-la-circulation-le-dimanche-prochain\"]}]},{\"@type\":\"ImageObject\",\"inLanguage\":\"fr-FR\",\"@id\":\"https:\/\/www.africa-press.net\/benin\/toutes-les-actualites\/porto-novo-plusieurs-voies-fermees-a-la-circulation-le-dimanche-prochain#primaryimage\",\"url\":\"https:\/\/static.africa-press.net\/benin\/sites\/46\/2022\/08\/postQueueImg_22-62f6d216914e4.jpg\",\"contentUrl\":\"https:\/\/static.africa-press.net\/benin\/sites\/46\/2022\/08\/postQueueImg_22-62f6d216914e4.jpg\",\"width\":1200,\"height\":675,\"caption\":\"Porto Novo: plusieurs voies ferm\u00e9es \u00e0 la circulation le dimanche prochain\"},{\"@type\":\"BreadcrumbList\",\"@id\":\"https:\/\/www.africa-press.net\/benin\/toutes-les-actualites\/porto-novo-plusieurs-voies-fermees-a-la-circulation-le-dimanche-prochain#breadcrumb\",\"itemListElement\":[{\"@type\":\"ListItem\",\"position\":1,\"name\":\"Accueil\",\"item\":\"https:\/\/www.africa-press.net\/benin\/\"},{\"@type\":\"ListItem\",\"position\":2,\"name\":\"Porto Novo: plusieurs voies ferm\u00e9es \u00e0 la circulation le dimanche prochain\"}]},{\"@type\":\"WebSite\",\"@id\":\"https:\/\/www.africa-press.net\/benin\/#website\",\"url\":\"https:\/\/www.africa-press.net\/benin\/\",\"name\":\"B\u00e9nin\",\"description\":\"Just another Africa News Agency Sites site\",\"potentialAction\":[{\"@type\":\"SearchAction\",\"target\":{\"@type\":\"EntryPoint\",\"urlTemplate\":\"https:\/\/www.africa-press.net\/benin\/?s={search_term_string}\"},\"query-input\":{\"@type\":\"PropertyValueSpecification\",\"valueRequired\":true,\"valueName\":\"search_term_string\"}}],\"inLanguage\":\"fr-FR\"},{\"@type\":\"Person\",\"@id\":\"https:\/\/www.africa-press.net\/benin\/#\/schema\/person\/2b1cf3cd81a31e3cd26889ca66d677f1\",\"name\":\"cfeditorfr\"}]}<\/script>\n<!-- \/ Yoast SEO Premium plugin. -->","yoast_head_json":{"title":"Porto Novo: plusieurs voies ferm\u00e9es \u00e0 la circulation le dimanche prochain - B\u00e9nin","description":"Plusieurs axes routiers de la ville capitale politique du B\u00e9nin seront ferm\u00e9s le dimanche 14 Ao\u00fbt prochain \u00e0 la circulat ...","robots":{"index":"index","follow":"follow","max-snippet":"max-snippet:-1","max-image-preview":"max-image-preview:large","max-video-preview":"max-video-preview:-1"},"canonical":"https:\/\/www.africa-press.net\/benin\/toutes-les-actualites\/porto-novo-plusieurs-voies-fermees-a-la-circulation-le-dimanche-prochain","og_locale":"fr_FR","og_type":"article","og_title":"Porto Novo: plusieurs voies ferm\u00e9es \u00e0 la circulation le dimanche prochain","og_description":"Plusieurs axes routiers de la ville capitale politique du B\u00e9nin seront ferm\u00e9s le dimanche 14 Ao\u00fbt prochain \u00e0 la circulat ...","og_url":"https:\/\/www.africa-press.net\/benin\/toutes-les-actualites\/porto-novo-plusieurs-voies-fermees-a-la-circulation-le-dimanche-prochain","og_site_name":"B\u00e9nin","article_published_time":"2022-08-12T21:51:23+00:00","article_modified_time":"2022-08-12T22:20:28+00:00","og_image":[{"width":1200,"height":675,"url":"https:\/\/static.africa-press.net\/benin\/sites\/46\/2022\/08\/postQueueImg_22-62f6d216914e4.jpg","type":"image\/jpeg"}],"author":"cfeditorfr","twitter_card":"summary_large_image","twitter_misc":{"\u00c9crit par":"cfeditorfr","Dur\u00e9e de lecture estim\u00e9e":"1 minute"},"schema":{"@context":"https:\/\/schema.org","@graph":[{"@type":"Article","@id":"https:\/\/www.africa-press.net\/benin\/toutes-les-actualites\/porto-novo-plusieurs-voies-fermees-a-la-circulation-le-dimanche-prochain#article","isPartOf":{"@id":"https:\/\/www.africa-press.net\/benin\/toutes-les-actualites\/porto-novo-plusieurs-voies-fermees-a-la-circulation-le-dimanche-prochain"},"author":{"name":"cfeditorfr","@id":"https:\/\/www.africa-press.net\/benin\/#\/schema\/person\/2b1cf3cd81a31e3cd26889ca66d677f1"},"headline":"Porto Novo: plusieurs voies ferm\u00e9es \u00e0 la circulation le dimanche prochain","datePublished":"2022-08-12T21:51:23+00:00","dateModified":"2022-08-12T22:20:28+00:00","mainEntityOfPage":{"@id":"https:\/\/www.africa-press.net\/benin\/toutes-les-actualites\/porto-novo-plusieurs-voies-fermees-a-la-circulation-le-dimanche-prochain"},"wordCount":213,"commentCount":0,"image":{"@id":"https:\/\/www.africa-press.net\/benin\/toutes-les-actualites\/porto-novo-plusieurs-voies-fermees-a-la-circulation-le-dimanche-prochain#primaryimage"},"thumbnailUrl":"https:\/\/static.africa-press.net\/benin\/sites\/46\/2022\/08\/postQueueImg_22-62f6d216914e4.jpg","keywords":["Africa Press","Africa Press-Benin","B\u00e9nin"],"articleSection":["Communaut\u00e9","homepage-french","Toutes les actualit\u00e9s"],"inLanguage":"fr-FR","potentialAction":[{"@type":"CommentAction","name":"Comment","target":["https:\/\/www.africa-press.net\/benin\/toutes-les-actualites\/porto-novo-plusieurs-voies-fermees-a-la-circulation-le-dimanche-prochain#respond"]}]},{"@type":"WebPage","@id":"https:\/\/www.africa-press.net\/benin\/toutes-les-actualites\/porto-novo-plusieurs-voies-fermees-a-la-circulation-le-dimanche-prochain","url":"https:\/\/www.africa-press.net\/benin\/toutes-les-actualites\/porto-novo-plusieurs-voies-fermees-a-la-circulation-le-dimanche-prochain","name":"Porto Novo: plusieurs voies ferm\u00e9es \u00e0 la circulation le dimanche prochain - B\u00e9nin","isPartOf":{"@id":"https:\/\/www.africa-press.net\/benin\/#website"},"primaryImageOfPage":{"@id":"https:\/\/www.africa-press.net\/benin\/toutes-les-actualites\/porto-novo-plusieurs-voies-fermees-a-la-circulation-le-dimanche-prochain#primaryimage"},"image":{"@id":"https:\/\/www.africa-press.net\/benin\/toutes-les-actualites\/porto-novo-plusieurs-voies-fermees-a-la-circulation-le-dimanche-prochain#primaryimage"},"thumbnailUrl":"https:\/\/static.africa-press.net\/benin\/sites\/46\/2022\/08\/postQueueImg_22-62f6d216914e4.jpg","datePublished":"2022-08-12T21:51:23+00:00","dateModified":"2022-08-12T22:20:28+00:00","author":{"@id":"https:\/\/www.africa-press.net\/benin\/#\/schema\/person\/2b1cf3cd81a31e3cd26889ca66d677f1"},"description":"Plusieurs axes routiers de la ville capitale politique du B\u00e9nin seront ferm\u00e9s le dimanche 14 Ao\u00fbt prochain \u00e0 la circulat ...","breadcrumb":{"@id":"https:\/\/www.africa-press.net\/benin\/toutes-les-actualites\/porto-novo-plusieurs-voies-fermees-a-la-circulation-le-dimanche-prochain#breadcrumb"},"inLanguage":"fr-FR","potentialAction":[{"@type":"ReadAction","target":["https:\/\/www.africa-press.net\/benin\/toutes-les-actualites\/porto-novo-plusieurs-voies-fermees-a-la-circulation-le-dimanche-prochain"]}]},{"@type":"ImageObject","inLanguage":"fr-FR","@id":"https:\/\/www.africa-press.net\/benin\/toutes-les-actualites\/porto-novo-plusieurs-voies-fermees-a-la-circulation-le-dimanche-prochain#primaryimage","url":"https:\/\/static.africa-press.net\/benin\/sites\/46\/2022\/08\/postQueueImg_22-62f6d216914e4.jpg","contentUrl":"https:\/\/static.africa-press.net\/benin\/sites\/46\/2022\/08\/postQueueImg_22-62f6d216914e4.jpg","width":1200,"height":675,"caption":"Porto Novo: plusieurs voies ferm\u00e9es \u00e0 la circulation le dimanche prochain"},{"@type":"BreadcrumbList","@id":"https:\/\/www.africa-press.net\/benin\/toutes-les-actualites\/porto-novo-plusieurs-voies-fermees-a-la-circulation-le-dimanche-prochain#breadcrumb","itemListElement":[{"@type":"ListItem","position":1,"name":"Accueil","item":"https:\/\/www.africa-press.net\/benin\/"},{"@type":"ListItem","position":2,"name":"Porto Novo: plusieurs voies ferm\u00e9es \u00e0 la circulation le dimanche prochain"}]},{"@type":"WebSite","@id":"https:\/\/www.africa-press.net\/benin\/#website","url":"https:\/\/www.africa-press.net\/benin\/","name":"B\u00e9nin","description":"Just another Africa News Agency Sites site","potentialAction":[{"@type":"SearchAction","target":{"@type":"EntryPoint","urlTemplate":"https:\/\/www.africa-press.net\/benin\/?s={search_term_string}"},"query-input":{"@type":"PropertyValueSpecification","valueRequired":true,"valueName":"search_term_string"}}],"inLanguage":"fr-FR"},{"@type":"Person","@id":"https:\/\/www.africa-press.net\/benin\/#\/schema\/person\/2b1cf3cd81a31e3cd26889ca66d677f1","name":"cfeditorfr"}]}},"_links":{"self":[{"href":"https:\/\/www.africa-press.net\/benin\/wp-json\/wp\/v2\/posts\/7819","targetHints":{"allow":["GET"]}}],"collection":[{"href":"https:\/\/www.africa-press.net\/benin\/wp-json\/wp\/v2\/posts"}],"about":[{"href":"https:\/\/www.africa-press.net\/benin\/wp-json\/wp\/v2\/types\/post"}],"author":[{"embeddable":true,"href":"https:\/\/www.africa-press.net\/benin\/wp-json\/wp\/v2\/users\/82"}],"replies":[{"embeddable":true,"href":"https:\/\/www.africa-press.net\/benin\/wp-json\/wp\/v2\/comments?post=7819"}],"version-history":[{"count":0,"href":"https:\/\/www.africa-press.net\/benin\/wp-json\/wp\/v2\/posts\/7819\/revisions"}],"wp:featuredmedia":[{"embeddable":true,"href":"https:\/\/www.africa-press.net\/benin\/wp-json\/wp\/v2\/media\/7818"}],"wp:attachment":[{"href":"https:\/\/www.africa-press.net\/benin\/wp-json\/wp\/v2\/media?parent=7819"}],"wp:term":[{"taxonomy":"category","embeddable":true,"href":"https:\/\/www.africa-press.net\/benin\/wp-json\/wp\/v2\/categories?post=7819"},{"taxonomy":"post_tag","embeddable":true,"href":"https:\/\/www.africa-press.net\/benin\/wp-json\/wp\/v2\/tags?post=7819"}],"curies":[{"name":"wp","href":"https:\/\/api.w.org\/{rel}","templated":true}]}}