{"id":7822,"date":"2022-08-12T21:51:42","date_gmt":"2022-08-12T21:51:42","guid":{"rendered":"https:\/\/www.africa-press.net\/benin\/politique\/performance-du-secteur-de-la-justice-le-code-de-procedure-penale-en-relecture"},"modified":"2022-08-12T22:21:29","modified_gmt":"2022-08-12T22:21:29","slug":"performance-du-secteur-de-la-justice-le-code-de-procedure-penale-en-relecture","status":"publish","type":"post","link":"https:\/\/www.africa-press.net\/benin\/politique\/performance-du-secteur-de-la-justice-le-code-de-procedure-penale-en-relecture","title":{"rendered":"Performance du secteur de la justice: le code de proc\u00e9dure p\u00e9nale en relecture"},"content":{"rendered":"<p><span style=\"color: #ff6600\"><strong>Africa-Press &#8211; Benin. <\/strong><\/span>La performance du secteur de la justice pr\u00e9occupe le gouvernement qui a organis\u00e9 en d\u00e9but de cette semaine, la seconde phase de l\u2019atelier de relecture du code de proc\u00e9dure.<\/p>\n<p>Le minist\u00e8re de la justice \u00e0 travers la direction des affaires p\u00e9nales et des gr\u00e2ces a organis\u00e9 \u00e0 l\u2019h\u00f4tel Th\u00e9o de Possotomey la seconde phase de l\u2019atelier de relecture du code de proc\u00e9dure p\u00e9nale.<\/p>\n<p>L\u2019atelier lanc\u00e9 le 08 Ao\u00fbt 2022 se tient avec l\u2019appui technique du projet d\u2019appui \u00e0 l\u2019am\u00e9lioration de l\u2019acc\u00e8s \u00e0 la justice et de la reddition des comptes, phases 2 (Paaajrc). Les travaux entrant dans le cadre de cette op\u00e9ration vont prendre fin ce vendredi 12 Ao\u00fbt 2022.<\/p>\n<p>Sont pr\u00e9sents \u00e0 cet atelier, le directeur de cabinet du minist\u00e8re de la justice et de l\u00e9gislation, Michel Adjaka, des membres du cabinet du minist\u00e8re de la justice, des pr\u00e9sidents des cours d\u2019appel, les procureurs g\u00e9n\u00e9raux pr\u00e8s desdites cours, des chefs de juridiction et de parquet, des commissaires de police, des avocats et des professeurs de droit membres de l\u2019\u00e9quipe du projet.<\/p>\n<p>Au cours de cet atelier, il est demand\u00e9 aux participants d\u2019examiner tant sur la forme que le fond le document de proc\u00e9dure p\u00e9nale dans la perspective de le r\u00e9viser afin qu\u2019il contribue \u00e0 l\u2019am\u00e9lioration de la performance et de l\u2019efficacit\u00e9 du secteur de la justice.<\/p>\n<p>Il est donc demand\u00e9 aux participants de rester concentrer tout au long de l\u2019atelier afin que le document qui en sortira soit efficace pour l\u2019ex\u00e9cution de la proc\u00e9dure p\u00e9nale en R\u00e9publique du B\u00e9nin.<\/p>\n<p><strong>Pour plus d&rsquo;informations et d&rsquo;analyses sur la <a href=\"https:\/\/www.africa-press.net\/benin\">Benin<\/a>, suivez <a href=\"https:\/\/www.africa-press.net\/\">Africa-Press<\/a><\/strong><\/p>\n","protected":false},"excerpt":{"rendered":"<p>Africa-Press &#8211; Benin. La performance du secteur de la justice pr\u00e9occupe le gouvernement qui a organis\u00e9 en d\u00e9but de cette semaine, la seconde phase de l\u2019atelier de relecture du code de proc\u00e9dure. Le minist\u00e8re de la justice \u00e0 travers la direction des affaires p\u00e9nales et des gr\u00e2ces a organis\u00e9 \u00e0 l\u2019h\u00f4tel Th\u00e9o de Possotomey la [&hellip;]<\/p>\n","protected":false},"author":82,"featured_media":7821,"comment_status":"open","ping_status":"closed","sticky":false,"template":"","format":"standard","meta":{"footnotes":""},"categories":[11,2,10],"tags":[36,50,45],"class_list":["post-7822","post","type-post","status-publish","format-standard","has-post-thumbnail","hentry","category-homepage-french","category-politique","category-toutes-les-actualites","tag-africa-press","tag-africa-press-benin","tag-benin"],"yoast_head":"<!-- This site is optimized with the Yoast SEO Premium plugin v26.1 (Yoast SEO v27.0) - https:\/\/yoast.com\/product\/yoast-seo-premium-wordpress\/ -->\n<title>Performance du secteur de la justice: le code de proc\u00e9dure p\u00e9nale en relecture - B\u00e9nin<\/title>\n<meta name=\"description\" content=\"La performance du secteur de la justice pr\u00e9occupe le gouvernement qui a organis\u00e9 en d\u00e9but de cette semaine, la seconde p ...\" \/>\n<meta name=\"robots\" content=\"index, follow, max-snippet:-1, max-image-preview:large, max-video-preview:-1\" \/>\n<link rel=\"canonical\" href=\"https:\/\/www.africa-press.net\/benin\/politique\/performance-du-secteur-de-la-justice-le-code-de-procedure-penale-en-relecture\" \/>\n<meta property=\"og:locale\" content=\"fr_FR\" \/>\n<meta property=\"og:type\" content=\"article\" \/>\n<meta property=\"og:title\" content=\"Performance du secteur de la justice: le code de proc\u00e9dure p\u00e9nale en relecture\" \/>\n<meta property=\"og:description\" content=\"La performance du secteur de la justice pr\u00e9occupe le gouvernement qui a organis\u00e9 en d\u00e9but de cette semaine, la seconde p ...\" \/>\n<meta property=\"og:url\" content=\"https:\/\/www.africa-press.net\/benin\/politique\/performance-du-secteur-de-la-justice-le-code-de-procedure-penale-en-relecture\" \/>\n<meta property=\"og:site_name\" content=\"B\u00e9nin\" \/>\n<meta property=\"article:published_time\" content=\"2022-08-12T21:51:42+00:00\" \/>\n<meta property=\"article:modified_time\" content=\"2022-08-12T22:21:29+00:00\" \/>\n<meta property=\"og:image\" content=\"https:\/\/static.africa-press.net\/benin\/sites\/46\/2022\/08\/postQueueImg_24-62f6d2538ee6d.jpg\" \/>\n\t<meta property=\"og:image:width\" content=\"1200\" \/>\n\t<meta property=\"og:image:height\" content=\"675\" \/>\n\t<meta property=\"og:image:type\" content=\"image\/jpeg\" \/>\n<meta name=\"author\" content=\"cfeditorfr\" \/>\n<meta name=\"twitter:card\" content=\"summary_large_image\" \/>\n<meta name=\"twitter:label1\" content=\"\u00c9crit par\" \/>\n\t<meta name=\"twitter:data1\" content=\"cfeditorfr\" \/>\n\t<meta name=\"twitter:label2\" content=\"Dur\u00e9e de lecture estim\u00e9e\" \/>\n\t<meta name=\"twitter:data2\" content=\"2 minutes\" \/>\n<script type=\"application\/ld+json\" class=\"yoast-schema-graph\">{\"@context\":\"https:\/\/schema.org\",\"@graph\":[{\"@type\":\"Article\",\"@id\":\"https:\/\/www.africa-press.net\/benin\/politique\/performance-du-secteur-de-la-justice-le-code-de-procedure-penale-en-relecture#article\",\"isPartOf\":{\"@id\":\"https:\/\/www.africa-press.net\/benin\/politique\/performance-du-secteur-de-la-justice-le-code-de-procedure-penale-en-relecture\"},\"author\":{\"name\":\"cfeditorfr\",\"@id\":\"https:\/\/www.africa-press.net\/benin\/#\/schema\/person\/2b1cf3cd81a31e3cd26889ca66d677f1\"},\"headline\":\"Performance du secteur de la justice: le code de proc\u00e9dure p\u00e9nale en relecture\",\"datePublished\":\"2022-08-12T21:51:42+00:00\",\"dateModified\":\"2022-08-12T22:21:29+00:00\",\"mainEntityOfPage\":{\"@id\":\"https:\/\/www.africa-press.net\/benin\/politique\/performance-du-secteur-de-la-justice-le-code-de-procedure-penale-en-relecture\"},\"wordCount\":317,\"commentCount\":0,\"image\":{\"@id\":\"https:\/\/www.africa-press.net\/benin\/politique\/performance-du-secteur-de-la-justice-le-code-de-procedure-penale-en-relecture#primaryimage\"},\"thumbnailUrl\":\"https:\/\/static.africa-press.net\/benin\/sites\/46\/2022\/08\/postQueueImg_24-62f6d2538ee6d.jpg\",\"keywords\":[\"Africa Press\",\"Africa Press-Benin\",\"B\u00e9nin\"],\"articleSection\":[\"homepage-french\",\"Politique\",\"Toutes les actualit\u00e9s\"],\"inLanguage\":\"fr-FR\",\"potentialAction\":[{\"@type\":\"CommentAction\",\"name\":\"Comment\",\"target\":[\"https:\/\/www.africa-press.net\/benin\/politique\/performance-du-secteur-de-la-justice-le-code-de-procedure-penale-en-relecture#respond\"]}]},{\"@type\":\"WebPage\",\"@id\":\"https:\/\/www.africa-press.net\/benin\/politique\/performance-du-secteur-de-la-justice-le-code-de-procedure-penale-en-relecture\",\"url\":\"https:\/\/www.africa-press.net\/benin\/politique\/performance-du-secteur-de-la-justice-le-code-de-procedure-penale-en-relecture\",\"name\":\"Performance du secteur de la justice: le code de proc\u00e9dure p\u00e9nale en relecture - B\u00e9nin\",\"isPartOf\":{\"@id\":\"https:\/\/www.africa-press.net\/benin\/#website\"},\"primaryImageOfPage\":{\"@id\":\"https:\/\/www.africa-press.net\/benin\/politique\/performance-du-secteur-de-la-justice-le-code-de-procedure-penale-en-relecture#primaryimage\"},\"image\":{\"@id\":\"https:\/\/www.africa-press.net\/benin\/politique\/performance-du-secteur-de-la-justice-le-code-de-procedure-penale-en-relecture#primaryimage\"},\"thumbnailUrl\":\"https:\/\/static.africa-press.net\/benin\/sites\/46\/2022\/08\/postQueueImg_24-62f6d2538ee6d.jpg\",\"datePublished\":\"2022-08-12T21:51:42+00:00\",\"dateModified\":\"2022-08-12T22:21:29+00:00\",\"author\":{\"@id\":\"https:\/\/www.africa-press.net\/benin\/#\/schema\/person\/2b1cf3cd81a31e3cd26889ca66d677f1\"},\"description\":\"La performance du secteur de la justice pr\u00e9occupe le gouvernement qui a organis\u00e9 en d\u00e9but de cette semaine, la seconde p ...\",\"breadcrumb\":{\"@id\":\"https:\/\/www.africa-press.net\/benin\/politique\/performance-du-secteur-de-la-justice-le-code-de-procedure-penale-en-relecture#breadcrumb\"},\"inLanguage\":\"fr-FR\",\"potentialAction\":[{\"@type\":\"ReadAction\",\"target\":[\"https:\/\/www.africa-press.net\/benin\/politique\/performance-du-secteur-de-la-justice-le-code-de-procedure-penale-en-relecture\"]}]},{\"@type\":\"ImageObject\",\"inLanguage\":\"fr-FR\",\"@id\":\"https:\/\/www.africa-press.net\/benin\/politique\/performance-du-secteur-de-la-justice-le-code-de-procedure-penale-en-relecture#primaryimage\",\"url\":\"https:\/\/static.africa-press.net\/benin\/sites\/46\/2022\/08\/postQueueImg_24-62f6d2538ee6d.jpg\",\"contentUrl\":\"https:\/\/static.africa-press.net\/benin\/sites\/46\/2022\/08\/postQueueImg_24-62f6d2538ee6d.jpg\",\"width\":1200,\"height\":675,\"caption\":\"Performance du secteur de la justice: le code de proc\u00e9dure p\u00e9nale en relecture\"},{\"@type\":\"BreadcrumbList\",\"@id\":\"https:\/\/www.africa-press.net\/benin\/politique\/performance-du-secteur-de-la-justice-le-code-de-procedure-penale-en-relecture#breadcrumb\",\"itemListElement\":[{\"@type\":\"ListItem\",\"position\":1,\"name\":\"Accueil\",\"item\":\"https:\/\/www.africa-press.net\/benin\/\"},{\"@type\":\"ListItem\",\"position\":2,\"name\":\"Performance du secteur de la justice: le code de proc\u00e9dure p\u00e9nale en relecture\"}]},{\"@type\":\"WebSite\",\"@id\":\"https:\/\/www.africa-press.net\/benin\/#website\",\"url\":\"https:\/\/www.africa-press.net\/benin\/\",\"name\":\"B\u00e9nin\",\"description\":\"Just another Africa News Agency Sites site\",\"potentialAction\":[{\"@type\":\"SearchAction\",\"target\":{\"@type\":\"EntryPoint\",\"urlTemplate\":\"https:\/\/www.africa-press.net\/benin\/?s={search_term_string}\"},\"query-input\":{\"@type\":\"PropertyValueSpecification\",\"valueRequired\":true,\"valueName\":\"search_term_string\"}}],\"inLanguage\":\"fr-FR\"},{\"@type\":\"Person\",\"@id\":\"https:\/\/www.africa-press.net\/benin\/#\/schema\/person\/2b1cf3cd81a31e3cd26889ca66d677f1\",\"name\":\"cfeditorfr\"}]}<\/script>\n<!-- \/ Yoast SEO Premium plugin. -->","yoast_head_json":{"title":"Performance du secteur de la justice: le code de proc\u00e9dure p\u00e9nale en relecture - B\u00e9nin","description":"La performance du secteur de la justice pr\u00e9occupe le gouvernement qui a organis\u00e9 en d\u00e9but de cette semaine, la seconde p ...","robots":{"index":"index","follow":"follow","max-snippet":"max-snippet:-1","max-image-preview":"max-image-preview:large","max-video-preview":"max-video-preview:-1"},"canonical":"https:\/\/www.africa-press.net\/benin\/politique\/performance-du-secteur-de-la-justice-le-code-de-procedure-penale-en-relecture","og_locale":"fr_FR","og_type":"article","og_title":"Performance du secteur de la justice: le code de proc\u00e9dure p\u00e9nale en relecture","og_description":"La performance du secteur de la justice pr\u00e9occupe le gouvernement qui a organis\u00e9 en d\u00e9but de cette semaine, la seconde p ...","og_url":"https:\/\/www.africa-press.net\/benin\/politique\/performance-du-secteur-de-la-justice-le-code-de-procedure-penale-en-relecture","og_site_name":"B\u00e9nin","article_published_time":"2022-08-12T21:51:42+00:00","article_modified_time":"2022-08-12T22:21:29+00:00","og_image":[{"width":1200,"height":675,"url":"https:\/\/static.africa-press.net\/benin\/sites\/46\/2022\/08\/postQueueImg_24-62f6d2538ee6d.jpg","type":"image\/jpeg"}],"author":"cfeditorfr","twitter_card":"summary_large_image","twitter_misc":{"\u00c9crit par":"cfeditorfr","Dur\u00e9e de lecture estim\u00e9e":"2 minutes"},"schema":{"@context":"https:\/\/schema.org","@graph":[{"@type":"Article","@id":"https:\/\/www.africa-press.net\/benin\/politique\/performance-du-secteur-de-la-justice-le-code-de-procedure-penale-en-relecture#article","isPartOf":{"@id":"https:\/\/www.africa-press.net\/benin\/politique\/performance-du-secteur-de-la-justice-le-code-de-procedure-penale-en-relecture"},"author":{"name":"cfeditorfr","@id":"https:\/\/www.africa-press.net\/benin\/#\/schema\/person\/2b1cf3cd81a31e3cd26889ca66d677f1"},"headline":"Performance du secteur de la justice: le code de proc\u00e9dure p\u00e9nale en relecture","datePublished":"2022-08-12T21:51:42+00:00","dateModified":"2022-08-12T22:21:29+00:00","mainEntityOfPage":{"@id":"https:\/\/www.africa-press.net\/benin\/politique\/performance-du-secteur-de-la-justice-le-code-de-procedure-penale-en-relecture"},"wordCount":317,"commentCount":0,"image":{"@id":"https:\/\/www.africa-press.net\/benin\/politique\/performance-du-secteur-de-la-justice-le-code-de-procedure-penale-en-relecture#primaryimage"},"thumbnailUrl":"https:\/\/static.africa-press.net\/benin\/sites\/46\/2022\/08\/postQueueImg_24-62f6d2538ee6d.jpg","keywords":["Africa Press","Africa Press-Benin","B\u00e9nin"],"articleSection":["homepage-french","Politique","Toutes les actualit\u00e9s"],"inLanguage":"fr-FR","potentialAction":[{"@type":"CommentAction","name":"Comment","target":["https:\/\/www.africa-press.net\/benin\/politique\/performance-du-secteur-de-la-justice-le-code-de-procedure-penale-en-relecture#respond"]}]},{"@type":"WebPage","@id":"https:\/\/www.africa-press.net\/benin\/politique\/performance-du-secteur-de-la-justice-le-code-de-procedure-penale-en-relecture","url":"https:\/\/www.africa-press.net\/benin\/politique\/performance-du-secteur-de-la-justice-le-code-de-procedure-penale-en-relecture","name":"Performance du secteur de la justice: le code de proc\u00e9dure p\u00e9nale en relecture - B\u00e9nin","isPartOf":{"@id":"https:\/\/www.africa-press.net\/benin\/#website"},"primaryImageOfPage":{"@id":"https:\/\/www.africa-press.net\/benin\/politique\/performance-du-secteur-de-la-justice-le-code-de-procedure-penale-en-relecture#primaryimage"},"image":{"@id":"https:\/\/www.africa-press.net\/benin\/politique\/performance-du-secteur-de-la-justice-le-code-de-procedure-penale-en-relecture#primaryimage"},"thumbnailUrl":"https:\/\/static.africa-press.net\/benin\/sites\/46\/2022\/08\/postQueueImg_24-62f6d2538ee6d.jpg","datePublished":"2022-08-12T21:51:42+00:00","dateModified":"2022-08-12T22:21:29+00:00","author":{"@id":"https:\/\/www.africa-press.net\/benin\/#\/schema\/person\/2b1cf3cd81a31e3cd26889ca66d677f1"},"description":"La performance du secteur de la justice pr\u00e9occupe le gouvernement qui a organis\u00e9 en d\u00e9but de cette semaine, la seconde p ...","breadcrumb":{"@id":"https:\/\/www.africa-press.net\/benin\/politique\/performance-du-secteur-de-la-justice-le-code-de-procedure-penale-en-relecture#breadcrumb"},"inLanguage":"fr-FR","potentialAction":[{"@type":"ReadAction","target":["https:\/\/www.africa-press.net\/benin\/politique\/performance-du-secteur-de-la-justice-le-code-de-procedure-penale-en-relecture"]}]},{"@type":"ImageObject","inLanguage":"fr-FR","@id":"https:\/\/www.africa-press.net\/benin\/politique\/performance-du-secteur-de-la-justice-le-code-de-procedure-penale-en-relecture#primaryimage","url":"https:\/\/static.africa-press.net\/benin\/sites\/46\/2022\/08\/postQueueImg_24-62f6d2538ee6d.jpg","contentUrl":"https:\/\/static.africa-press.net\/benin\/sites\/46\/2022\/08\/postQueueImg_24-62f6d2538ee6d.jpg","width":1200,"height":675,"caption":"Performance du secteur de la justice: le code de proc\u00e9dure p\u00e9nale en relecture"},{"@type":"BreadcrumbList","@id":"https:\/\/www.africa-press.net\/benin\/politique\/performance-du-secteur-de-la-justice-le-code-de-procedure-penale-en-relecture#breadcrumb","itemListElement":[{"@type":"ListItem","position":1,"name":"Accueil","item":"https:\/\/www.africa-press.net\/benin\/"},{"@type":"ListItem","position":2,"name":"Performance du secteur de la justice: le code de proc\u00e9dure p\u00e9nale en relecture"}]},{"@type":"WebSite","@id":"https:\/\/www.africa-press.net\/benin\/#website","url":"https:\/\/www.africa-press.net\/benin\/","name":"B\u00e9nin","description":"Just another Africa News Agency Sites site","potentialAction":[{"@type":"SearchAction","target":{"@type":"EntryPoint","urlTemplate":"https:\/\/www.africa-press.net\/benin\/?s={search_term_string}"},"query-input":{"@type":"PropertyValueSpecification","valueRequired":true,"valueName":"search_term_string"}}],"inLanguage":"fr-FR"},{"@type":"Person","@id":"https:\/\/www.africa-press.net\/benin\/#\/schema\/person\/2b1cf3cd81a31e3cd26889ca66d677f1","name":"cfeditorfr"}]}},"_links":{"self":[{"href":"https:\/\/www.africa-press.net\/benin\/wp-json\/wp\/v2\/posts\/7822","targetHints":{"allow":["GET"]}}],"collection":[{"href":"https:\/\/www.africa-press.net\/benin\/wp-json\/wp\/v2\/posts"}],"about":[{"href":"https:\/\/www.africa-press.net\/benin\/wp-json\/wp\/v2\/types\/post"}],"author":[{"embeddable":true,"href":"https:\/\/www.africa-press.net\/benin\/wp-json\/wp\/v2\/users\/82"}],"replies":[{"embeddable":true,"href":"https:\/\/www.africa-press.net\/benin\/wp-json\/wp\/v2\/comments?post=7822"}],"version-history":[{"count":0,"href":"https:\/\/www.africa-press.net\/benin\/wp-json\/wp\/v2\/posts\/7822\/revisions"}],"wp:featuredmedia":[{"embeddable":true,"href":"https:\/\/www.africa-press.net\/benin\/wp-json\/wp\/v2\/media\/7821"}],"wp:attachment":[{"href":"https:\/\/www.africa-press.net\/benin\/wp-json\/wp\/v2\/media?parent=7822"}],"wp:term":[{"taxonomy":"category","embeddable":true,"href":"https:\/\/www.africa-press.net\/benin\/wp-json\/wp\/v2\/categories?post=7822"},{"taxonomy":"post_tag","embeddable":true,"href":"https:\/\/www.africa-press.net\/benin\/wp-json\/wp\/v2\/tags?post=7822"}],"curies":[{"name":"wp","href":"https:\/\/api.w.org\/{rel}","templated":true}]}}