{"id":7825,"date":"2022-08-12T21:51:52","date_gmt":"2022-08-12T21:51:52","guid":{"rendered":"https:\/\/www.africa-press.net\/benin\/politique\/benin-la-cour-imperiale-de-nikki-annonce-la-gaani-pour-les-8-et-9-octobre-prochain"},"modified":"2025-05-05T03:39:57","modified_gmt":"2025-05-05T03:39:57","slug":"benin-la-cour-imperiale-de-nikki-annonce-la-gaani-pour-les-8-et-9-octobre-prochain","status":"publish","type":"post","link":"https:\/\/www.africa-press.net\/benin\/culture-et-art\/benin-la-cour-imperiale-de-nikki-annonce-la-gaani-pour-les-8-et-9-octobre-prochain","title":{"rendered":"B\u00e9nin: la Cour imp\u00e9riale de Nikki annonce la \u00ab\u00a0Gaani\u00a0\u00bb pour les 8 et 9 Octobre prochain"},"content":{"rendered":"<p><span style=\"color: #ff6600\"><strong>Africa-Press &#8211; Benin.\u00a0<\/strong><\/span>La fe\u0302te identitaire des \u00ab Baatonu \u00bb, la Gaani aura lieu les 08 et 09 Octobre prochain. La de\u0301cision a e\u0301te\u0301 prise par le conseil hebdomadaire des ministres de la cour impe\u0301riale de Nikki lors de la session de ce 12 AoA\u0303\u00bbt 2022.<\/p>\n<p>En effet, sous la be\u0301ne\u0301diction de son Altesse Sabi Na Yina 3, empereur de Nikki et chef supre\u0302me des peuples de l\u2019aire culturelle Baatonu et Boo, la session hebdomadaire des ministres de la cour impe\u0301riale de Nikki qui s\u2019est tenue ce vendredi 12 AoA\u0303\u00bbt a fixe\u0301 la fe\u0302te de la Gaani au 08 et 09 AoA\u0303\u00bbt prochain.<\/p>\n<p>Fe\u0302te identitaire de l\u2019une des principales ethnies du Nord Be\u0301nin, la fe\u0302te de la gaani est la plus grande fe\u0302te culturelle ce\u0301le\u0301bre\u0301e dans la partie septentrionale du pays qui draine des touristes, et curieux venus du monde entier.<\/p>\n<p>Pour des raisons de la pande\u0301mie de la Covid19, cette fe\u0302te populaire s\u2019est re\u0301duite uniquement depuis deux ans au parcours rituel en raison des restrictions lie\u0301es a\u0300 la maladie. Avec la leve\u0301e des restrictions, l\u2019e\u0301dition de cette anne\u0301e va retrouver toute sa ferveur.<\/p>\n<p><strong>Origine et ce\u0301le\u0301bration de la Gaani<\/strong><\/p>\n<p>L\u2019origine de la Gaani remonte a\u0300 plus de sept sie\u0300cles. La fe\u0302te de la Gaani a e\u0301te\u0301 institue\u0301e par SunE\u0301\u201d Sero pour ce\u0301le\u0301brer la quie\u0301tude de sa communaute\u0301 retrouve\u0301e, apre\u0300s leur poursuite par une arme\u0301e djihadiste ; d\u2019ou\u0300 le nom \u00ab Gaani \u00bb qui serait une alte\u0301ration de \u00ab Ganni \u00bb qui signifie se blottir en langue bariba. La Gaani signifie aussi la joie et symbolise la victoire. C\u2019est une fe\u0302te qui marque la fin d\u2019une anne\u0301e et le de\u0301but d\u2019une autre.<\/p>\n<p>Les ce\u0301le\u0301brations de la fe\u0302te de Gaani portent sur plusieurs jours et couvrent un ensemble d\u2019activite\u0301s. Entre autres:<\/p>\n<ul>\n<li>Un mois avant la ce\u0301le\u0301bration, le roi effectue une tourne\u0301e aupre\u0300s des chefs de province pour recueillir leurs contributions dans le cadre de la ce\u0301le\u0301bration.<\/li>\n<li>Deux semaines apre\u0300s cette visite, ce sera la fe\u0302te Donkonrou (le jet de feu) qui consacre des sacrifices et ce\u0301re\u0301monies ne\u0301cessaires pour que tout se de\u0301roule dans les meilleures conditions possibles.<\/li>\n<li>La veille de la fe\u0302te est consacre\u0301e a\u0300 l\u2019installation des tambours sacre\u0301s accompagne\u0301s d\u2019une petite lampe qui a pour mission de veiller toute la nuit sur ces derniers.<\/li>\n<li>Le lendemain c\u2019est-a\u0300-dire le jour de fe\u0302te, c\u2019est la sortie du Sinaboko (l\u2019empereur) a\u0300 la mi-journe\u0301e, accompagne\u0301 de sa garde rapproche\u0301e pour faire le parcours rituel comprenant sept sites. Ainsi, de son cheval, il salut les participants et entre dans la case ronde pour s\u2019installer a\u0300 co\u0302te\u0301 de la Gnonkogui (la reine), d\u2019ou\u0300 il suivra la fantasia et le passage des dignitaires devant les tambours sacre\u0301s. Par la suite, ce sera le tour des de\u0301le\u0301gations et des invite\u0301s de passer pour pre\u0301senter leurs vA\u030a\u201cux de nouvel an et offrir des cadeaux au Sinaboko.<\/li>\n<li>Le second jour de la fe\u0302te sera consacre\u0301 au Kayessi qui n\u2019est rien d\u2019autre que la re\u0301union des rois, une sorte de ce\u0301re\u0301monie d\u2019alle\u0301geance au Sinaboko au cours duquel des groupes folkloriques au rythme des chants des griots et des tambours sacre\u0301s pour clo\u0302turer la fe\u0302te.<\/li>\n<\/ul>\n<p><strong>Pour plus d&rsquo;informations et d&rsquo;analyses sur la <a href=\"https:\/\/www.africa-press.net\/benin\">Benin<\/a>, suivez <a href=\"https:\/\/www.africa-press.net\/\">Africa-Press<\/a><\/strong><\/p>\n","protected":false},"excerpt":{"rendered":"<p>Africa-Press &#8211; Benin.\u00a0La fe\u0302te identitaire des \u00ab Baatonu \u00bb, la Gaani aura lieu les 08 et 09 Octobre prochain. La de\u0301cision a e\u0301te\u0301 prise par le conseil hebdomadaire des ministres de la cour impe\u0301riale de Nikki lors de la session de ce 12 AoA\u0303\u00bbt 2022. En effet, sous la be\u0301ne\u0301diction de son Altesse Sabi Na [&hellip;]<\/p>\n","protected":false},"author":82,"featured_media":7824,"comment_status":"open","ping_status":"closed","sticky":false,"template":"","format":"standard","meta":{"footnotes":""},"categories":[5,11,10],"tags":[36,50,45],"class_list":["post-7825","post","type-post","status-publish","format-standard","has-post-thumbnail","hentry","category-culture-et-art","category-homepage-french","category-toutes-les-actualites","tag-africa-press","tag-africa-press-benin","tag-benin"],"yoast_head":"<!-- This site is optimized with the Yoast SEO Premium plugin v26.1 (Yoast SEO v27.0) - https:\/\/yoast.com\/product\/yoast-seo-premium-wordpress\/ -->\n<title>B\u00e9nin: la Cour imp\u00e9riale de Nikki annonce la \u00ab\u00a0Gaani\u00a0\u00bb pour les 8 et 9 Octobre prochain - B\u00e9nin<\/title>\n<meta name=\"description\" content=\"La f\u00eate identitaire des \u00ab Baatonu \u00bb, la Gaani aura lieu les 08 et 09 Octobre prochain. La d\u00e9cision a \u00e9t\u00e9 prise par le co ...\" \/>\n<meta name=\"robots\" content=\"index, follow, max-snippet:-1, max-image-preview:large, max-video-preview:-1\" \/>\n<link rel=\"canonical\" href=\"https:\/\/www.africa-press.net\/benin\/culture-et-art\/benin-la-cour-imperiale-de-nikki-annonce-la-gaani-pour-les-8-et-9-octobre-prochain\" \/>\n<meta property=\"og:locale\" content=\"fr_FR\" \/>\n<meta property=\"og:type\" content=\"article\" \/>\n<meta property=\"og:title\" content=\"B\u00e9nin: la Cour imp\u00e9riale de Nikki annonce la \u00ab\u00a0Gaani\u00a0\u00bb pour les 8 et 9 Octobre prochain\" \/>\n<meta property=\"og:description\" content=\"La f\u00eate identitaire des \u00ab Baatonu \u00bb, la Gaani aura lieu les 08 et 09 Octobre prochain. La d\u00e9cision a \u00e9t\u00e9 prise par le co ...\" \/>\n<meta property=\"og:url\" content=\"https:\/\/www.africa-press.net\/benin\/culture-et-art\/benin-la-cour-imperiale-de-nikki-annonce-la-gaani-pour-les-8-et-9-octobre-prochain\" \/>\n<meta property=\"og:site_name\" content=\"B\u00e9nin\" \/>\n<meta property=\"article:published_time\" content=\"2022-08-12T21:51:52+00:00\" \/>\n<meta property=\"article:modified_time\" content=\"2025-05-05T03:39:57+00:00\" \/>\n<meta property=\"og:image\" content=\"https:\/\/static.africa-press.net\/benin\/sites\/46\/2022\/08\/postQueueImg_25-62f6d27018cd8.jpg\" \/>\n\t<meta property=\"og:image:width\" content=\"1200\" \/>\n\t<meta property=\"og:image:height\" content=\"791\" \/>\n\t<meta property=\"og:image:type\" content=\"image\/jpeg\" \/>\n<meta name=\"author\" content=\"cfeditorfr\" \/>\n<meta name=\"twitter:card\" content=\"summary_large_image\" \/>\n<meta name=\"twitter:label1\" content=\"\u00c9crit par\" \/>\n\t<meta name=\"twitter:data1\" content=\"cfeditorfr\" \/>\n\t<meta name=\"twitter:label2\" content=\"Dur\u00e9e de lecture estim\u00e9e\" \/>\n\t<meta name=\"twitter:data2\" content=\"3 minutes\" \/>\n<script type=\"application\/ld+json\" class=\"yoast-schema-graph\">{\"@context\":\"https:\/\/schema.org\",\"@graph\":[{\"@type\":\"Article\",\"@id\":\"https:\/\/www.africa-press.net\/benin\/culture-et-art\/benin-la-cour-imperiale-de-nikki-annonce-la-gaani-pour-les-8-et-9-octobre-prochain#article\",\"isPartOf\":{\"@id\":\"https:\/\/www.africa-press.net\/benin\/culture-et-art\/benin-la-cour-imperiale-de-nikki-annonce-la-gaani-pour-les-8-et-9-octobre-prochain\"},\"author\":{\"name\":\"cfeditorfr\",\"@id\":\"https:\/\/www.africa-press.net\/benin\/#\/schema\/person\/2b1cf3cd81a31e3cd26889ca66d677f1\"},\"headline\":\"B\u00e9nin: la Cour imp\u00e9riale de Nikki annonce la \u00ab\u00a0Gaani\u00a0\u00bb pour les 8 et 9 Octobre prochain\",\"datePublished\":\"2022-08-12T21:51:52+00:00\",\"dateModified\":\"2025-05-05T03:39:57+00:00\",\"mainEntityOfPage\":{\"@id\":\"https:\/\/www.africa-press.net\/benin\/culture-et-art\/benin-la-cour-imperiale-de-nikki-annonce-la-gaani-pour-les-8-et-9-octobre-prochain\"},\"wordCount\":628,\"commentCount\":0,\"image\":{\"@id\":\"https:\/\/www.africa-press.net\/benin\/culture-et-art\/benin-la-cour-imperiale-de-nikki-annonce-la-gaani-pour-les-8-et-9-octobre-prochain#primaryimage\"},\"thumbnailUrl\":\"https:\/\/static.africa-press.net\/benin\/sites\/46\/2022\/08\/postQueueImg_25-62f6d27018cd8.jpg\",\"keywords\":[\"Africa Press\",\"Africa Press-Benin\",\"B\u00e9nin\"],\"articleSection\":[\"Culture et Art\",\"homepage-french\",\"Toutes les actualit\u00e9s\"],\"inLanguage\":\"fr-FR\",\"potentialAction\":[{\"@type\":\"CommentAction\",\"name\":\"Comment\",\"target\":[\"https:\/\/www.africa-press.net\/benin\/culture-et-art\/benin-la-cour-imperiale-de-nikki-annonce-la-gaani-pour-les-8-et-9-octobre-prochain#respond\"]}]},{\"@type\":\"WebPage\",\"@id\":\"https:\/\/www.africa-press.net\/benin\/culture-et-art\/benin-la-cour-imperiale-de-nikki-annonce-la-gaani-pour-les-8-et-9-octobre-prochain\",\"url\":\"https:\/\/www.africa-press.net\/benin\/culture-et-art\/benin-la-cour-imperiale-de-nikki-annonce-la-gaani-pour-les-8-et-9-octobre-prochain\",\"name\":\"B\u00e9nin: la Cour imp\u00e9riale de Nikki annonce la \u00ab\u00a0Gaani\u00a0\u00bb pour les 8 et 9 Octobre prochain - B\u00e9nin\",\"isPartOf\":{\"@id\":\"https:\/\/www.africa-press.net\/benin\/#website\"},\"primaryImageOfPage\":{\"@id\":\"https:\/\/www.africa-press.net\/benin\/culture-et-art\/benin-la-cour-imperiale-de-nikki-annonce-la-gaani-pour-les-8-et-9-octobre-prochain#primaryimage\"},\"image\":{\"@id\":\"https:\/\/www.africa-press.net\/benin\/culture-et-art\/benin-la-cour-imperiale-de-nikki-annonce-la-gaani-pour-les-8-et-9-octobre-prochain#primaryimage\"},\"thumbnailUrl\":\"https:\/\/static.africa-press.net\/benin\/sites\/46\/2022\/08\/postQueueImg_25-62f6d27018cd8.jpg\",\"datePublished\":\"2022-08-12T21:51:52+00:00\",\"dateModified\":\"2025-05-05T03:39:57+00:00\",\"author\":{\"@id\":\"https:\/\/www.africa-press.net\/benin\/#\/schema\/person\/2b1cf3cd81a31e3cd26889ca66d677f1\"},\"description\":\"La f\u00eate identitaire des \u00ab Baatonu \u00bb, la Gaani aura lieu les 08 et 09 Octobre prochain. La d\u00e9cision a \u00e9t\u00e9 prise par le co ...\",\"breadcrumb\":{\"@id\":\"https:\/\/www.africa-press.net\/benin\/culture-et-art\/benin-la-cour-imperiale-de-nikki-annonce-la-gaani-pour-les-8-et-9-octobre-prochain#breadcrumb\"},\"inLanguage\":\"fr-FR\",\"potentialAction\":[{\"@type\":\"ReadAction\",\"target\":[\"https:\/\/www.africa-press.net\/benin\/culture-et-art\/benin-la-cour-imperiale-de-nikki-annonce-la-gaani-pour-les-8-et-9-octobre-prochain\"]}]},{\"@type\":\"ImageObject\",\"inLanguage\":\"fr-FR\",\"@id\":\"https:\/\/www.africa-press.net\/benin\/culture-et-art\/benin-la-cour-imperiale-de-nikki-annonce-la-gaani-pour-les-8-et-9-octobre-prochain#primaryimage\",\"url\":\"https:\/\/static.africa-press.net\/benin\/sites\/46\/2022\/08\/postQueueImg_25-62f6d27018cd8.jpg\",\"contentUrl\":\"https:\/\/static.africa-press.net\/benin\/sites\/46\/2022\/08\/postQueueImg_25-62f6d27018cd8.jpg\",\"width\":1200,\"height\":791,\"caption\":\"B\u00e9nin: la Cour imp\u00e9riale de Nikki annonce la \u00ab\u00a0Gaani\u00a0\u00bb pour les 8 et 9 Octobre prochain (photo tarekcharara)\"},{\"@type\":\"BreadcrumbList\",\"@id\":\"https:\/\/www.africa-press.net\/benin\/culture-et-art\/benin-la-cour-imperiale-de-nikki-annonce-la-gaani-pour-les-8-et-9-octobre-prochain#breadcrumb\",\"itemListElement\":[{\"@type\":\"ListItem\",\"position\":1,\"name\":\"Accueil\",\"item\":\"https:\/\/www.africa-press.net\/benin\/\"},{\"@type\":\"ListItem\",\"position\":2,\"name\":\"B\u00e9nin: la Cour imp\u00e9riale de Nikki annonce la \u00ab\u00a0Gaani\u00a0\u00bb pour les 8 et 9 Octobre prochain\"}]},{\"@type\":\"WebSite\",\"@id\":\"https:\/\/www.africa-press.net\/benin\/#website\",\"url\":\"https:\/\/www.africa-press.net\/benin\/\",\"name\":\"B\u00e9nin\",\"description\":\"Just another Africa News Agency Sites site\",\"potentialAction\":[{\"@type\":\"SearchAction\",\"target\":{\"@type\":\"EntryPoint\",\"urlTemplate\":\"https:\/\/www.africa-press.net\/benin\/?s={search_term_string}\"},\"query-input\":{\"@type\":\"PropertyValueSpecification\",\"valueRequired\":true,\"valueName\":\"search_term_string\"}}],\"inLanguage\":\"fr-FR\"},{\"@type\":\"Person\",\"@id\":\"https:\/\/www.africa-press.net\/benin\/#\/schema\/person\/2b1cf3cd81a31e3cd26889ca66d677f1\",\"name\":\"cfeditorfr\"}]}<\/script>\n<!-- \/ Yoast SEO Premium plugin. -->","yoast_head_json":{"title":"B\u00e9nin: la Cour imp\u00e9riale de Nikki annonce la \u00ab\u00a0Gaani\u00a0\u00bb pour les 8 et 9 Octobre prochain - B\u00e9nin","description":"La f\u00eate identitaire des \u00ab Baatonu \u00bb, la Gaani aura lieu les 08 et 09 Octobre prochain. La d\u00e9cision a \u00e9t\u00e9 prise par le co ...","robots":{"index":"index","follow":"follow","max-snippet":"max-snippet:-1","max-image-preview":"max-image-preview:large","max-video-preview":"max-video-preview:-1"},"canonical":"https:\/\/www.africa-press.net\/benin\/culture-et-art\/benin-la-cour-imperiale-de-nikki-annonce-la-gaani-pour-les-8-et-9-octobre-prochain","og_locale":"fr_FR","og_type":"article","og_title":"B\u00e9nin: la Cour imp\u00e9riale de Nikki annonce la \u00ab\u00a0Gaani\u00a0\u00bb pour les 8 et 9 Octobre prochain","og_description":"La f\u00eate identitaire des \u00ab Baatonu \u00bb, la Gaani aura lieu les 08 et 09 Octobre prochain. La d\u00e9cision a \u00e9t\u00e9 prise par le co ...","og_url":"https:\/\/www.africa-press.net\/benin\/culture-et-art\/benin-la-cour-imperiale-de-nikki-annonce-la-gaani-pour-les-8-et-9-octobre-prochain","og_site_name":"B\u00e9nin","article_published_time":"2022-08-12T21:51:52+00:00","article_modified_time":"2025-05-05T03:39:57+00:00","og_image":[{"width":1200,"height":791,"url":"https:\/\/static.africa-press.net\/benin\/sites\/46\/2022\/08\/postQueueImg_25-62f6d27018cd8.jpg","type":"image\/jpeg"}],"author":"cfeditorfr","twitter_card":"summary_large_image","twitter_misc":{"\u00c9crit par":"cfeditorfr","Dur\u00e9e de lecture estim\u00e9e":"3 minutes"},"schema":{"@context":"https:\/\/schema.org","@graph":[{"@type":"Article","@id":"https:\/\/www.africa-press.net\/benin\/culture-et-art\/benin-la-cour-imperiale-de-nikki-annonce-la-gaani-pour-les-8-et-9-octobre-prochain#article","isPartOf":{"@id":"https:\/\/www.africa-press.net\/benin\/culture-et-art\/benin-la-cour-imperiale-de-nikki-annonce-la-gaani-pour-les-8-et-9-octobre-prochain"},"author":{"name":"cfeditorfr","@id":"https:\/\/www.africa-press.net\/benin\/#\/schema\/person\/2b1cf3cd81a31e3cd26889ca66d677f1"},"headline":"B\u00e9nin: la Cour imp\u00e9riale de Nikki annonce la \u00ab\u00a0Gaani\u00a0\u00bb pour les 8 et 9 Octobre prochain","datePublished":"2022-08-12T21:51:52+00:00","dateModified":"2025-05-05T03:39:57+00:00","mainEntityOfPage":{"@id":"https:\/\/www.africa-press.net\/benin\/culture-et-art\/benin-la-cour-imperiale-de-nikki-annonce-la-gaani-pour-les-8-et-9-octobre-prochain"},"wordCount":628,"commentCount":0,"image":{"@id":"https:\/\/www.africa-press.net\/benin\/culture-et-art\/benin-la-cour-imperiale-de-nikki-annonce-la-gaani-pour-les-8-et-9-octobre-prochain#primaryimage"},"thumbnailUrl":"https:\/\/static.africa-press.net\/benin\/sites\/46\/2022\/08\/postQueueImg_25-62f6d27018cd8.jpg","keywords":["Africa Press","Africa Press-Benin","B\u00e9nin"],"articleSection":["Culture et Art","homepage-french","Toutes les actualit\u00e9s"],"inLanguage":"fr-FR","potentialAction":[{"@type":"CommentAction","name":"Comment","target":["https:\/\/www.africa-press.net\/benin\/culture-et-art\/benin-la-cour-imperiale-de-nikki-annonce-la-gaani-pour-les-8-et-9-octobre-prochain#respond"]}]},{"@type":"WebPage","@id":"https:\/\/www.africa-press.net\/benin\/culture-et-art\/benin-la-cour-imperiale-de-nikki-annonce-la-gaani-pour-les-8-et-9-octobre-prochain","url":"https:\/\/www.africa-press.net\/benin\/culture-et-art\/benin-la-cour-imperiale-de-nikki-annonce-la-gaani-pour-les-8-et-9-octobre-prochain","name":"B\u00e9nin: la Cour imp\u00e9riale de Nikki annonce la \u00ab\u00a0Gaani\u00a0\u00bb pour les 8 et 9 Octobre prochain - B\u00e9nin","isPartOf":{"@id":"https:\/\/www.africa-press.net\/benin\/#website"},"primaryImageOfPage":{"@id":"https:\/\/www.africa-press.net\/benin\/culture-et-art\/benin-la-cour-imperiale-de-nikki-annonce-la-gaani-pour-les-8-et-9-octobre-prochain#primaryimage"},"image":{"@id":"https:\/\/www.africa-press.net\/benin\/culture-et-art\/benin-la-cour-imperiale-de-nikki-annonce-la-gaani-pour-les-8-et-9-octobre-prochain#primaryimage"},"thumbnailUrl":"https:\/\/static.africa-press.net\/benin\/sites\/46\/2022\/08\/postQueueImg_25-62f6d27018cd8.jpg","datePublished":"2022-08-12T21:51:52+00:00","dateModified":"2025-05-05T03:39:57+00:00","author":{"@id":"https:\/\/www.africa-press.net\/benin\/#\/schema\/person\/2b1cf3cd81a31e3cd26889ca66d677f1"},"description":"La f\u00eate identitaire des \u00ab Baatonu \u00bb, la Gaani aura lieu les 08 et 09 Octobre prochain. La d\u00e9cision a \u00e9t\u00e9 prise par le co ...","breadcrumb":{"@id":"https:\/\/www.africa-press.net\/benin\/culture-et-art\/benin-la-cour-imperiale-de-nikki-annonce-la-gaani-pour-les-8-et-9-octobre-prochain#breadcrumb"},"inLanguage":"fr-FR","potentialAction":[{"@type":"ReadAction","target":["https:\/\/www.africa-press.net\/benin\/culture-et-art\/benin-la-cour-imperiale-de-nikki-annonce-la-gaani-pour-les-8-et-9-octobre-prochain"]}]},{"@type":"ImageObject","inLanguage":"fr-FR","@id":"https:\/\/www.africa-press.net\/benin\/culture-et-art\/benin-la-cour-imperiale-de-nikki-annonce-la-gaani-pour-les-8-et-9-octobre-prochain#primaryimage","url":"https:\/\/static.africa-press.net\/benin\/sites\/46\/2022\/08\/postQueueImg_25-62f6d27018cd8.jpg","contentUrl":"https:\/\/static.africa-press.net\/benin\/sites\/46\/2022\/08\/postQueueImg_25-62f6d27018cd8.jpg","width":1200,"height":791,"caption":"B\u00e9nin: la Cour imp\u00e9riale de Nikki annonce la \u00ab\u00a0Gaani\u00a0\u00bb pour les 8 et 9 Octobre prochain (photo tarekcharara)"},{"@type":"BreadcrumbList","@id":"https:\/\/www.africa-press.net\/benin\/culture-et-art\/benin-la-cour-imperiale-de-nikki-annonce-la-gaani-pour-les-8-et-9-octobre-prochain#breadcrumb","itemListElement":[{"@type":"ListItem","position":1,"name":"Accueil","item":"https:\/\/www.africa-press.net\/benin\/"},{"@type":"ListItem","position":2,"name":"B\u00e9nin: la Cour imp\u00e9riale de Nikki annonce la \u00ab\u00a0Gaani\u00a0\u00bb pour les 8 et 9 Octobre prochain"}]},{"@type":"WebSite","@id":"https:\/\/www.africa-press.net\/benin\/#website","url":"https:\/\/www.africa-press.net\/benin\/","name":"B\u00e9nin","description":"Just another Africa News Agency Sites site","potentialAction":[{"@type":"SearchAction","target":{"@type":"EntryPoint","urlTemplate":"https:\/\/www.africa-press.net\/benin\/?s={search_term_string}"},"query-input":{"@type":"PropertyValueSpecification","valueRequired":true,"valueName":"search_term_string"}}],"inLanguage":"fr-FR"},{"@type":"Person","@id":"https:\/\/www.africa-press.net\/benin\/#\/schema\/person\/2b1cf3cd81a31e3cd26889ca66d677f1","name":"cfeditorfr"}]}},"_links":{"self":[{"href":"https:\/\/www.africa-press.net\/benin\/wp-json\/wp\/v2\/posts\/7825","targetHints":{"allow":["GET"]}}],"collection":[{"href":"https:\/\/www.africa-press.net\/benin\/wp-json\/wp\/v2\/posts"}],"about":[{"href":"https:\/\/www.africa-press.net\/benin\/wp-json\/wp\/v2\/types\/post"}],"author":[{"embeddable":true,"href":"https:\/\/www.africa-press.net\/benin\/wp-json\/wp\/v2\/users\/82"}],"replies":[{"embeddable":true,"href":"https:\/\/www.africa-press.net\/benin\/wp-json\/wp\/v2\/comments?post=7825"}],"version-history":[{"count":0,"href":"https:\/\/www.africa-press.net\/benin\/wp-json\/wp\/v2\/posts\/7825\/revisions"}],"wp:featuredmedia":[{"embeddable":true,"href":"https:\/\/www.africa-press.net\/benin\/wp-json\/wp\/v2\/media\/7824"}],"wp:attachment":[{"href":"https:\/\/www.africa-press.net\/benin\/wp-json\/wp\/v2\/media?parent=7825"}],"wp:term":[{"taxonomy":"category","embeddable":true,"href":"https:\/\/www.africa-press.net\/benin\/wp-json\/wp\/v2\/categories?post=7825"},{"taxonomy":"post_tag","embeddable":true,"href":"https:\/\/www.africa-press.net\/benin\/wp-json\/wp\/v2\/tags?post=7825"}],"curies":[{"name":"wp","href":"https:\/\/api.w.org\/{rel}","templated":true}]}}