{"id":7828,"date":"2022-08-12T21:53:00","date_gmt":"2022-08-12T21:53:00","guid":{"rendered":"https:\/\/www.africa-press.net\/benin\/politique\/benin-les-democrates-opinent-sur-la-creation-du-nouveau-parti-uprd"},"modified":"2022-08-12T22:22:29","modified_gmt":"2022-08-12T22:22:29","slug":"benin-les-democrates-opinent-sur-la-creation-du-nouveau-parti-uprd","status":"publish","type":"post","link":"https:\/\/www.africa-press.net\/benin\/politique\/benin-les-democrates-opinent-sur-la-creation-du-nouveau-parti-uprd","title":{"rendered":"B\u00e9nin: les d\u00e9mocrates opinent sur la cr\u00e9ation du nouveau parti UPRD"},"content":{"rendered":"<p><span style=\"color: #ff6600\"><strong>Africa-Press &#8211; Benin. <\/strong><\/span>Le 20 Ao\u00fbt prochain, un nouveau parti politique sera mis sur les fonts baptismaux. D\u00e9nomm\u00e9 UPRD, cette nouvelle formation politique en gestation est le r\u00e9sultat d\u2019un rapprochement des partis UP et PRD. Pour le premier vice-pr\u00e9sident des d\u00e9mocrates, il s\u2019agit tout simplement d\u2019une com\u00e9die dont les principaux acteurs sont bien connus dans le milieu politique.<\/p>\n<p>Le mariage annonc\u00e9 entre le parti union progressiste pr\u00e9sid\u00e9 par le professeur Joseph Djogb\u00e9nou et le parti du renouveau d\u00e9mocratique de Me Adrien Houngb\u00e9dji est une actualit\u00e9 politique qui ne laisse pas indiff\u00e9rents les responsables du parti \u00ab Les D\u00e9mocrates \u00bb.<\/p>\n<p>A la faveur de l\u2019installation ce vendredi 12 Ao\u00fbt 2022 dans la 15\u00e8 circonscription \u00e9lectorale de la Ligue des Zemidjans du parti, le premier vice-pr\u00e9sident des d\u00e9mocrates, Nour\u00e9nou Atchad\u00e9 a donn\u00e9 son opinion sur la cr\u00e9ation d\u2019un nouveau parti issue du mariage entre l\u2019UP et le PRD.<\/p>\n<p>L\u2019ex parlementaire \u00e9voquant cette actualit\u00e9 a confi\u00e9 aux militants de la quinzi\u00e8me circonscription \u00e9lectorale qu\u2019il s\u2019agit juste d\u2019une com\u00e9die pour distraire les populations \u00e0 quelques mois des \u00e9lections l\u00e9gislatives.<\/p>\n<p>\u00ab C\u2019est du cin\u00e9ma dont les acteurs sont tr\u00e8s bien connus sur la sc\u00e8ne politique nationale\u00ab , a laiss\u00e9 entendre Nour\u00e9nou Atchad\u00e9 selon des propos rapport\u00e9s par \u00ab Kpakpatom\u00e9dia \u00bb.<\/p>\n<p>L\u2019ancien d\u00e9put\u00e9 du parti forces cauris pour un B\u00e9nin \u00e9mergent invite la ligue des z\u00e9midjans du parti dans la 15 \u00e8me circonscription \u00e9lectorale \u00e0 ne pas trop se pr\u00e9occuper de ce mariage annonc\u00e9 entre le parti union progressiste et le parti du renouveau d\u00e9mocratique.<\/p>\n<p>Rappelons que le premier acte fondateur du parti qui naitra du rapprochement entre l\u2019UP et le PRD a eu lieu le samedi 06 Ao\u00fbt dernier au domicile de Me Adrien Houngb\u00e9dji \u00e0 Adjinan \u00e0 Porto Novo. Selon les confidences de ce dernier, le parti en gestation naitra probablement le 20 Ao\u00fbt prochain.<\/p>\n<p>En ce moment:<\/p>\n<p>Le ministre des enseignements maternel et primaire, Salimane Karimou, va taper du poing sur la table pour mettre fin aux d\u00e9viances de certains instituteurs. Au lancement de l\u2019universit\u00e9 de vacances le 08 ao\u00fbt 2022, l\u2019autorit\u00e9 minist\u00e9rielle a donn\u00e9 le ton.<\/p>\n<p>Les enseignants qui s\u2019\u00e9cartent des r\u00e8gles \u00e9thiques seront recadr\u00e9s. C\u2019est ce qu\u2019il convient de retenir des propos du ministre Salimane Karimou qui s\u2019inscrit dans une logique de tol\u00e9rance z\u00e9ro. D\u00e9j\u00e0, plus de 400 enseignants \u00e9thyliques sont identifi\u00e9s. \u00ab Des missions sont all\u00e9es sur le terrain en novembre 2021 et \u00e9taient revenues avec des rapports dans lesquels on a d\u00e9nombr\u00e9 dans nos \u00e9coles plus de 400 enseignants \u00e9thyliques \u00bb, a confi\u00e9 le ministre, selon les propos rapport\u00e9s par Matin Libre.<\/p>\n<p>Face \u00e0 l\u2019ampleur du mal, les autorit\u00e9s comptent prendre des mesures drastiques. Des sanctions guettent donc ces enseignants qui pourraient \u00eatre sortis de l\u2019effectif des soldats de la craie. Cette mesure serait une solution pour palier au ph\u00e9nom\u00e8ne et \u00e9viter que les enfants prennent exemple sur leurs enseignants \u00e9thyliques.<\/p>\n<p>Il faut souligner que l\u2019alcoolisme n\u2019est pas le seul mal d\u00e9tect\u00e9 au sein des instituteurs. Le ministre a \u00e9galement d\u00e9nonc\u00e9 l\u2019absent\u00e9isme, les retards r\u00e9p\u00e9t\u00e9s.<\/p>\n<p><strong>Pour plus d&rsquo;informations et d&rsquo;analyses sur la <a href=\"https:\/\/www.africa-press.net\/benin\">Benin<\/a>, suivez <a href=\"https:\/\/www.africa-press.net\/\">Africa-Press<\/a><\/strong><\/p>\n","protected":false},"excerpt":{"rendered":"<p>Africa-Press &#8211; Benin. Le 20 Ao\u00fbt prochain, un nouveau parti politique sera mis sur les fonts baptismaux. D\u00e9nomm\u00e9 UPRD, cette nouvelle formation politique en gestation est le r\u00e9sultat d\u2019un rapprochement des partis UP et PRD. Pour le premier vice-pr\u00e9sident des d\u00e9mocrates, il s\u2019agit tout simplement d\u2019une com\u00e9die dont les principaux acteurs sont bien connus dans [&hellip;]<\/p>\n","protected":false},"author":82,"featured_media":7827,"comment_status":"open","ping_status":"closed","sticky":false,"template":"","format":"standard","meta":{"footnotes":""},"categories":[11,2,10],"tags":[36,50,45],"class_list":["post-7828","post","type-post","status-publish","format-standard","has-post-thumbnail","hentry","category-homepage-french","category-politique","category-toutes-les-actualites","tag-africa-press","tag-africa-press-benin","tag-benin"],"yoast_head":"<!-- This site is optimized with the Yoast SEO Premium plugin v26.1 (Yoast SEO v27.0) - https:\/\/yoast.com\/product\/yoast-seo-premium-wordpress\/ -->\n<title>B\u00e9nin: les d\u00e9mocrates opinent sur la cr\u00e9ation du nouveau parti UPRD - B\u00e9nin<\/title>\n<meta name=\"description\" content=\"Le 20 Ao\u00fbt prochain, un nouveau parti politique sera mis sur les fonts baptismaux. D\u00e9nomm\u00e9 UPRD, cette nouvelle formatio ...\" \/>\n<meta name=\"robots\" content=\"index, follow, max-snippet:-1, max-image-preview:large, max-video-preview:-1\" \/>\n<link rel=\"canonical\" href=\"https:\/\/www.africa-press.net\/benin\/politique\/benin-les-democrates-opinent-sur-la-creation-du-nouveau-parti-uprd\" \/>\n<meta property=\"og:locale\" content=\"fr_FR\" \/>\n<meta property=\"og:type\" content=\"article\" \/>\n<meta property=\"og:title\" content=\"B\u00e9nin: les d\u00e9mocrates opinent sur la cr\u00e9ation du nouveau parti UPRD\" \/>\n<meta property=\"og:description\" content=\"Le 20 Ao\u00fbt prochain, un nouveau parti politique sera mis sur les fonts baptismaux. D\u00e9nomm\u00e9 UPRD, cette nouvelle formatio ...\" \/>\n<meta property=\"og:url\" content=\"https:\/\/www.africa-press.net\/benin\/politique\/benin-les-democrates-opinent-sur-la-creation-du-nouveau-parti-uprd\" \/>\n<meta property=\"og:site_name\" content=\"B\u00e9nin\" \/>\n<meta property=\"article:published_time\" content=\"2022-08-12T21:53:00+00:00\" \/>\n<meta property=\"article:modified_time\" content=\"2022-08-12T22:22:29+00:00\" \/>\n<meta property=\"og:image\" content=\"https:\/\/static.africa-press.net\/benin\/sites\/46\/2022\/08\/postQueueImg_26-62f6d28e6e715.jpg\" \/>\n\t<meta property=\"og:image:width\" content=\"1245\" \/>\n\t<meta property=\"og:image:height\" content=\"907\" \/>\n\t<meta property=\"og:image:type\" content=\"image\/jpeg\" \/>\n<meta name=\"author\" content=\"cfeditorfr\" \/>\n<meta name=\"twitter:card\" content=\"summary_large_image\" \/>\n<meta name=\"twitter:label1\" content=\"\u00c9crit par\" \/>\n\t<meta name=\"twitter:data1\" content=\"cfeditorfr\" \/>\n\t<meta name=\"twitter:label2\" content=\"Dur\u00e9e de lecture estim\u00e9e\" \/>\n\t<meta name=\"twitter:data2\" content=\"3 minutes\" \/>\n<script type=\"application\/ld+json\" class=\"yoast-schema-graph\">{\"@context\":\"https:\/\/schema.org\",\"@graph\":[{\"@type\":\"Article\",\"@id\":\"https:\/\/www.africa-press.net\/benin\/politique\/benin-les-democrates-opinent-sur-la-creation-du-nouveau-parti-uprd#article\",\"isPartOf\":{\"@id\":\"https:\/\/www.africa-press.net\/benin\/politique\/benin-les-democrates-opinent-sur-la-creation-du-nouveau-parti-uprd\"},\"author\":{\"name\":\"cfeditorfr\",\"@id\":\"https:\/\/www.africa-press.net\/benin\/#\/schema\/person\/2b1cf3cd81a31e3cd26889ca66d677f1\"},\"headline\":\"B\u00e9nin: les d\u00e9mocrates opinent sur la cr\u00e9ation du nouveau parti UPRD\",\"datePublished\":\"2022-08-12T21:53:00+00:00\",\"dateModified\":\"2022-08-12T22:22:29+00:00\",\"mainEntityOfPage\":{\"@id\":\"https:\/\/www.africa-press.net\/benin\/politique\/benin-les-democrates-opinent-sur-la-creation-du-nouveau-parti-uprd\"},\"wordCount\":576,\"commentCount\":0,\"image\":{\"@id\":\"https:\/\/www.africa-press.net\/benin\/politique\/benin-les-democrates-opinent-sur-la-creation-du-nouveau-parti-uprd#primaryimage\"},\"thumbnailUrl\":\"https:\/\/static.africa-press.net\/benin\/sites\/46\/2022\/08\/postQueueImg_26-62f6d28e6e715.jpg\",\"keywords\":[\"Africa Press\",\"Africa Press-Benin\",\"B\u00e9nin\"],\"articleSection\":[\"homepage-french\",\"Politique\",\"Toutes les actualit\u00e9s\"],\"inLanguage\":\"fr-FR\",\"potentialAction\":[{\"@type\":\"CommentAction\",\"name\":\"Comment\",\"target\":[\"https:\/\/www.africa-press.net\/benin\/politique\/benin-les-democrates-opinent-sur-la-creation-du-nouveau-parti-uprd#respond\"]}]},{\"@type\":\"WebPage\",\"@id\":\"https:\/\/www.africa-press.net\/benin\/politique\/benin-les-democrates-opinent-sur-la-creation-du-nouveau-parti-uprd\",\"url\":\"https:\/\/www.africa-press.net\/benin\/politique\/benin-les-democrates-opinent-sur-la-creation-du-nouveau-parti-uprd\",\"name\":\"B\u00e9nin: les d\u00e9mocrates opinent sur la cr\u00e9ation du nouveau parti UPRD - B\u00e9nin\",\"isPartOf\":{\"@id\":\"https:\/\/www.africa-press.net\/benin\/#website\"},\"primaryImageOfPage\":{\"@id\":\"https:\/\/www.africa-press.net\/benin\/politique\/benin-les-democrates-opinent-sur-la-creation-du-nouveau-parti-uprd#primaryimage\"},\"image\":{\"@id\":\"https:\/\/www.africa-press.net\/benin\/politique\/benin-les-democrates-opinent-sur-la-creation-du-nouveau-parti-uprd#primaryimage\"},\"thumbnailUrl\":\"https:\/\/static.africa-press.net\/benin\/sites\/46\/2022\/08\/postQueueImg_26-62f6d28e6e715.jpg\",\"datePublished\":\"2022-08-12T21:53:00+00:00\",\"dateModified\":\"2022-08-12T22:22:29+00:00\",\"author\":{\"@id\":\"https:\/\/www.africa-press.net\/benin\/#\/schema\/person\/2b1cf3cd81a31e3cd26889ca66d677f1\"},\"description\":\"Le 20 Ao\u00fbt prochain, un nouveau parti politique sera mis sur les fonts baptismaux. D\u00e9nomm\u00e9 UPRD, cette nouvelle formatio ...\",\"breadcrumb\":{\"@id\":\"https:\/\/www.africa-press.net\/benin\/politique\/benin-les-democrates-opinent-sur-la-creation-du-nouveau-parti-uprd#breadcrumb\"},\"inLanguage\":\"fr-FR\",\"potentialAction\":[{\"@type\":\"ReadAction\",\"target\":[\"https:\/\/www.africa-press.net\/benin\/politique\/benin-les-democrates-opinent-sur-la-creation-du-nouveau-parti-uprd\"]}]},{\"@type\":\"ImageObject\",\"inLanguage\":\"fr-FR\",\"@id\":\"https:\/\/www.africa-press.net\/benin\/politique\/benin-les-democrates-opinent-sur-la-creation-du-nouveau-parti-uprd#primaryimage\",\"url\":\"https:\/\/static.africa-press.net\/benin\/sites\/46\/2022\/08\/postQueueImg_26-62f6d28e6e715.jpg\",\"contentUrl\":\"https:\/\/static.africa-press.net\/benin\/sites\/46\/2022\/08\/postQueueImg_26-62f6d28e6e715.jpg\",\"width\":1245,\"height\":907,\"caption\":\"B\u00e9nin: les d\u00e9mocrates opinent sur la cr\u00e9ation du nouveau parti UPRD\"},{\"@type\":\"BreadcrumbList\",\"@id\":\"https:\/\/www.africa-press.net\/benin\/politique\/benin-les-democrates-opinent-sur-la-creation-du-nouveau-parti-uprd#breadcrumb\",\"itemListElement\":[{\"@type\":\"ListItem\",\"position\":1,\"name\":\"Accueil\",\"item\":\"https:\/\/www.africa-press.net\/benin\/\"},{\"@type\":\"ListItem\",\"position\":2,\"name\":\"B\u00e9nin: les d\u00e9mocrates opinent sur la cr\u00e9ation du nouveau parti UPRD\"}]},{\"@type\":\"WebSite\",\"@id\":\"https:\/\/www.africa-press.net\/benin\/#website\",\"url\":\"https:\/\/www.africa-press.net\/benin\/\",\"name\":\"B\u00e9nin\",\"description\":\"Just another Africa News Agency Sites site\",\"potentialAction\":[{\"@type\":\"SearchAction\",\"target\":{\"@type\":\"EntryPoint\",\"urlTemplate\":\"https:\/\/www.africa-press.net\/benin\/?s={search_term_string}\"},\"query-input\":{\"@type\":\"PropertyValueSpecification\",\"valueRequired\":true,\"valueName\":\"search_term_string\"}}],\"inLanguage\":\"fr-FR\"},{\"@type\":\"Person\",\"@id\":\"https:\/\/www.africa-press.net\/benin\/#\/schema\/person\/2b1cf3cd81a31e3cd26889ca66d677f1\",\"name\":\"cfeditorfr\"}]}<\/script>\n<!-- \/ Yoast SEO Premium plugin. -->","yoast_head_json":{"title":"B\u00e9nin: les d\u00e9mocrates opinent sur la cr\u00e9ation du nouveau parti UPRD - B\u00e9nin","description":"Le 20 Ao\u00fbt prochain, un nouveau parti politique sera mis sur les fonts baptismaux. D\u00e9nomm\u00e9 UPRD, cette nouvelle formatio ...","robots":{"index":"index","follow":"follow","max-snippet":"max-snippet:-1","max-image-preview":"max-image-preview:large","max-video-preview":"max-video-preview:-1"},"canonical":"https:\/\/www.africa-press.net\/benin\/politique\/benin-les-democrates-opinent-sur-la-creation-du-nouveau-parti-uprd","og_locale":"fr_FR","og_type":"article","og_title":"B\u00e9nin: les d\u00e9mocrates opinent sur la cr\u00e9ation du nouveau parti UPRD","og_description":"Le 20 Ao\u00fbt prochain, un nouveau parti politique sera mis sur les fonts baptismaux. D\u00e9nomm\u00e9 UPRD, cette nouvelle formatio ...","og_url":"https:\/\/www.africa-press.net\/benin\/politique\/benin-les-democrates-opinent-sur-la-creation-du-nouveau-parti-uprd","og_site_name":"B\u00e9nin","article_published_time":"2022-08-12T21:53:00+00:00","article_modified_time":"2022-08-12T22:22:29+00:00","og_image":[{"width":1245,"height":907,"url":"https:\/\/static.africa-press.net\/benin\/sites\/46\/2022\/08\/postQueueImg_26-62f6d28e6e715.jpg","type":"image\/jpeg"}],"author":"cfeditorfr","twitter_card":"summary_large_image","twitter_misc":{"\u00c9crit par":"cfeditorfr","Dur\u00e9e de lecture estim\u00e9e":"3 minutes"},"schema":{"@context":"https:\/\/schema.org","@graph":[{"@type":"Article","@id":"https:\/\/www.africa-press.net\/benin\/politique\/benin-les-democrates-opinent-sur-la-creation-du-nouveau-parti-uprd#article","isPartOf":{"@id":"https:\/\/www.africa-press.net\/benin\/politique\/benin-les-democrates-opinent-sur-la-creation-du-nouveau-parti-uprd"},"author":{"name":"cfeditorfr","@id":"https:\/\/www.africa-press.net\/benin\/#\/schema\/person\/2b1cf3cd81a31e3cd26889ca66d677f1"},"headline":"B\u00e9nin: les d\u00e9mocrates opinent sur la cr\u00e9ation du nouveau parti UPRD","datePublished":"2022-08-12T21:53:00+00:00","dateModified":"2022-08-12T22:22:29+00:00","mainEntityOfPage":{"@id":"https:\/\/www.africa-press.net\/benin\/politique\/benin-les-democrates-opinent-sur-la-creation-du-nouveau-parti-uprd"},"wordCount":576,"commentCount":0,"image":{"@id":"https:\/\/www.africa-press.net\/benin\/politique\/benin-les-democrates-opinent-sur-la-creation-du-nouveau-parti-uprd#primaryimage"},"thumbnailUrl":"https:\/\/static.africa-press.net\/benin\/sites\/46\/2022\/08\/postQueueImg_26-62f6d28e6e715.jpg","keywords":["Africa Press","Africa Press-Benin","B\u00e9nin"],"articleSection":["homepage-french","Politique","Toutes les actualit\u00e9s"],"inLanguage":"fr-FR","potentialAction":[{"@type":"CommentAction","name":"Comment","target":["https:\/\/www.africa-press.net\/benin\/politique\/benin-les-democrates-opinent-sur-la-creation-du-nouveau-parti-uprd#respond"]}]},{"@type":"WebPage","@id":"https:\/\/www.africa-press.net\/benin\/politique\/benin-les-democrates-opinent-sur-la-creation-du-nouveau-parti-uprd","url":"https:\/\/www.africa-press.net\/benin\/politique\/benin-les-democrates-opinent-sur-la-creation-du-nouveau-parti-uprd","name":"B\u00e9nin: les d\u00e9mocrates opinent sur la cr\u00e9ation du nouveau parti UPRD - B\u00e9nin","isPartOf":{"@id":"https:\/\/www.africa-press.net\/benin\/#website"},"primaryImageOfPage":{"@id":"https:\/\/www.africa-press.net\/benin\/politique\/benin-les-democrates-opinent-sur-la-creation-du-nouveau-parti-uprd#primaryimage"},"image":{"@id":"https:\/\/www.africa-press.net\/benin\/politique\/benin-les-democrates-opinent-sur-la-creation-du-nouveau-parti-uprd#primaryimage"},"thumbnailUrl":"https:\/\/static.africa-press.net\/benin\/sites\/46\/2022\/08\/postQueueImg_26-62f6d28e6e715.jpg","datePublished":"2022-08-12T21:53:00+00:00","dateModified":"2022-08-12T22:22:29+00:00","author":{"@id":"https:\/\/www.africa-press.net\/benin\/#\/schema\/person\/2b1cf3cd81a31e3cd26889ca66d677f1"},"description":"Le 20 Ao\u00fbt prochain, un nouveau parti politique sera mis sur les fonts baptismaux. D\u00e9nomm\u00e9 UPRD, cette nouvelle formatio ...","breadcrumb":{"@id":"https:\/\/www.africa-press.net\/benin\/politique\/benin-les-democrates-opinent-sur-la-creation-du-nouveau-parti-uprd#breadcrumb"},"inLanguage":"fr-FR","potentialAction":[{"@type":"ReadAction","target":["https:\/\/www.africa-press.net\/benin\/politique\/benin-les-democrates-opinent-sur-la-creation-du-nouveau-parti-uprd"]}]},{"@type":"ImageObject","inLanguage":"fr-FR","@id":"https:\/\/www.africa-press.net\/benin\/politique\/benin-les-democrates-opinent-sur-la-creation-du-nouveau-parti-uprd#primaryimage","url":"https:\/\/static.africa-press.net\/benin\/sites\/46\/2022\/08\/postQueueImg_26-62f6d28e6e715.jpg","contentUrl":"https:\/\/static.africa-press.net\/benin\/sites\/46\/2022\/08\/postQueueImg_26-62f6d28e6e715.jpg","width":1245,"height":907,"caption":"B\u00e9nin: les d\u00e9mocrates opinent sur la cr\u00e9ation du nouveau parti UPRD"},{"@type":"BreadcrumbList","@id":"https:\/\/www.africa-press.net\/benin\/politique\/benin-les-democrates-opinent-sur-la-creation-du-nouveau-parti-uprd#breadcrumb","itemListElement":[{"@type":"ListItem","position":1,"name":"Accueil","item":"https:\/\/www.africa-press.net\/benin\/"},{"@type":"ListItem","position":2,"name":"B\u00e9nin: les d\u00e9mocrates opinent sur la cr\u00e9ation du nouveau parti UPRD"}]},{"@type":"WebSite","@id":"https:\/\/www.africa-press.net\/benin\/#website","url":"https:\/\/www.africa-press.net\/benin\/","name":"B\u00e9nin","description":"Just another Africa News Agency Sites site","potentialAction":[{"@type":"SearchAction","target":{"@type":"EntryPoint","urlTemplate":"https:\/\/www.africa-press.net\/benin\/?s={search_term_string}"},"query-input":{"@type":"PropertyValueSpecification","valueRequired":true,"valueName":"search_term_string"}}],"inLanguage":"fr-FR"},{"@type":"Person","@id":"https:\/\/www.africa-press.net\/benin\/#\/schema\/person\/2b1cf3cd81a31e3cd26889ca66d677f1","name":"cfeditorfr"}]}},"_links":{"self":[{"href":"https:\/\/www.africa-press.net\/benin\/wp-json\/wp\/v2\/posts\/7828","targetHints":{"allow":["GET"]}}],"collection":[{"href":"https:\/\/www.africa-press.net\/benin\/wp-json\/wp\/v2\/posts"}],"about":[{"href":"https:\/\/www.africa-press.net\/benin\/wp-json\/wp\/v2\/types\/post"}],"author":[{"embeddable":true,"href":"https:\/\/www.africa-press.net\/benin\/wp-json\/wp\/v2\/users\/82"}],"replies":[{"embeddable":true,"href":"https:\/\/www.africa-press.net\/benin\/wp-json\/wp\/v2\/comments?post=7828"}],"version-history":[{"count":0,"href":"https:\/\/www.africa-press.net\/benin\/wp-json\/wp\/v2\/posts\/7828\/revisions"}],"wp:featuredmedia":[{"embeddable":true,"href":"https:\/\/www.africa-press.net\/benin\/wp-json\/wp\/v2\/media\/7827"}],"wp:attachment":[{"href":"https:\/\/www.africa-press.net\/benin\/wp-json\/wp\/v2\/media?parent=7828"}],"wp:term":[{"taxonomy":"category","embeddable":true,"href":"https:\/\/www.africa-press.net\/benin\/wp-json\/wp\/v2\/categories?post=7828"},{"taxonomy":"post_tag","embeddable":true,"href":"https:\/\/www.africa-press.net\/benin\/wp-json\/wp\/v2\/tags?post=7828"}],"curies":[{"name":"wp","href":"https:\/\/api.w.org\/{rel}","templated":true}]}}