{"id":7844,"date":"2022-08-13T17:11:16","date_gmt":"2022-08-13T17:11:16","guid":{"rendered":"https:\/\/www.africa-press.net\/benin\/politique\/benin-sortie-officielle-du-nouveau-roi-de-savalou-dada-ganfon-gbaguidi-xv"},"modified":"2022-08-13T17:21:23","modified_gmt":"2022-08-13T17:21:23","slug":"benin-sortie-officielle-du-nouveau-roi-de-savalou-dada-ganfon-gbaguidi-xv","status":"publish","type":"post","link":"https:\/\/www.africa-press.net\/benin\/politique\/benin-sortie-officielle-du-nouveau-roi-de-savalou-dada-ganfon-gbaguidi-xv","title":{"rendered":"B\u00e9nin: sortie officielle du nouveau roi de Savalou, Dada Ganfon Gbaguidi XV"},"content":{"rendered":"<p><span style=\"color: #ff6600\"><strong>Africa-Press &#8211; Benin. <\/strong><\/span>Ce vendredi 12 ao\u00fbt 2022, le nouveau roi de Savalou a \u00e9t\u00e9 officiellement pr\u00e9sent\u00e9 aux populations de la cit\u00e9 des Soha. A l\u2019occasion, le nouveau souverain a choisi Dada Ganfon Gbaguidi XV comme son nom de tr\u00f4ne.<\/p>\n<p>Les populations de Savalou connaissent d\u00e9sormais leur nouveau roi. Comme le recommande la tradition, Dada Ganfon Gbaguidi XV a fait une sortie officielle ce vendredi. Il s\u2019agit d\u2019une prise de contact avec ses sujets qui donne le top de son r\u00e8gne.<\/p>\n<p>Pour annoncer l\u2019apparition du roi, des coups de canon ont retenti pour alerter les populations. Une fois dehors, les premiers pas du roi ont \u00e9t\u00e9 marqu\u00e9s par le rythme houngan. Apr\u00e8s les civilit\u00e9s adress\u00e9es \u00e0 l\u2019assistance, le roi a esquiss\u00e9 quelques pas de danse.<\/p>\n<p>En dehors du nom de tr\u00f4ne qu\u2019il s\u2019est donn\u00e9, le roi a \u00e9galement \u00e9t\u00e9 baptis\u00e9 par le chef de sa collectivit\u00e9 et la \u00ab tassinon \u00bb. La c\u00e9r\u00e9monie de sortie officielle du roi s\u2019est achev\u00e9e par la phase festive.<\/p>\n<p><strong>Pour plus d&rsquo;informations et d&rsquo;analyses sur la <a href=\"https:\/\/www.africa-press.net\/benin\">Benin<\/a>, suivez <a href=\"https:\/\/www.africa-press.net\/\">Africa-Press<\/a><\/strong><\/p>\n","protected":false},"excerpt":{"rendered":"<p>Africa-Press &#8211; Benin. Ce vendredi 12 ao\u00fbt 2022, le nouveau roi de Savalou a \u00e9t\u00e9 officiellement pr\u00e9sent\u00e9 aux populations de la cit\u00e9 des Soha. A l\u2019occasion, le nouveau souverain a choisi Dada Ganfon Gbaguidi XV comme son nom de tr\u00f4ne. Les populations de Savalou connaissent d\u00e9sormais leur nouveau roi. Comme le recommande la tradition, Dada [&hellip;]<\/p>\n","protected":false},"author":82,"featured_media":7842,"comment_status":"open","ping_status":"closed","sticky":false,"template":"","format":"standard","meta":{"footnotes":""},"categories":[11,2,20,10],"tags":[36,50,45],"class_list":["post-7844","post","type-post","status-publish","format-standard","has-post-thumbnail","hentry","category-homepage-french","category-politique","category-top-nouvelles","category-toutes-les-actualites","tag-africa-press","tag-africa-press-benin","tag-benin"],"yoast_head":"<!-- This site is optimized with the Yoast SEO Premium plugin v26.1 (Yoast SEO v27.0) - https:\/\/yoast.com\/product\/yoast-seo-premium-wordpress\/ -->\n<title>B\u00e9nin: sortie officielle du nouveau roi de Savalou, Dada Ganfon Gbaguidi XV - B\u00e9nin<\/title>\n<meta name=\"description\" content=\"Ce vendredi 12 ao\u00fbt 2022, le nouveau roi de Savalou a \u00e9t\u00e9 officiellement pr\u00e9sent\u00e9 aux populations de la cit\u00e9 des Soha. A ...\" \/>\n<meta name=\"robots\" content=\"index, follow, max-snippet:-1, max-image-preview:large, max-video-preview:-1\" \/>\n<link rel=\"canonical\" href=\"https:\/\/www.africa-press.net\/benin\/politique\/benin-sortie-officielle-du-nouveau-roi-de-savalou-dada-ganfon-gbaguidi-xv\" \/>\n<meta property=\"og:locale\" content=\"fr_FR\" \/>\n<meta property=\"og:type\" content=\"article\" \/>\n<meta property=\"og:title\" content=\"B\u00e9nin: sortie officielle du nouveau roi de Savalou, Dada Ganfon Gbaguidi XV\" \/>\n<meta property=\"og:description\" content=\"Ce vendredi 12 ao\u00fbt 2022, le nouveau roi de Savalou a \u00e9t\u00e9 officiellement pr\u00e9sent\u00e9 aux populations de la cit\u00e9 des Soha. A ...\" \/>\n<meta property=\"og:url\" content=\"https:\/\/www.africa-press.net\/benin\/politique\/benin-sortie-officielle-du-nouveau-roi-de-savalou-dada-ganfon-gbaguidi-xv\" \/>\n<meta property=\"og:site_name\" content=\"B\u00e9nin\" \/>\n<meta property=\"article:published_time\" content=\"2022-08-13T17:11:16+00:00\" \/>\n<meta property=\"article:modified_time\" content=\"2022-08-13T17:21:23+00:00\" \/>\n<meta property=\"og:image\" content=\"https:\/\/static.africa-press.net\/benin\/sites\/46\/2022\/08\/postQueueImg_12-62f7dd807f974.jpg\" \/>\n\t<meta property=\"og:image:width\" content=\"720\" \/>\n\t<meta property=\"og:image:height\" content=\"540\" \/>\n\t<meta property=\"og:image:type\" content=\"image\/jpeg\" \/>\n<meta name=\"author\" content=\"cfeditorfr\" \/>\n<meta name=\"twitter:card\" content=\"summary_large_image\" \/>\n<meta name=\"twitter:label1\" content=\"\u00c9crit par\" \/>\n\t<meta name=\"twitter:data1\" content=\"cfeditorfr\" \/>\n\t<meta name=\"twitter:label2\" content=\"Dur\u00e9e de lecture estim\u00e9e\" \/>\n\t<meta name=\"twitter:data2\" content=\"1 minute\" \/>\n<script type=\"application\/ld+json\" class=\"yoast-schema-graph\">{\"@context\":\"https:\/\/schema.org\",\"@graph\":[{\"@type\":\"Article\",\"@id\":\"https:\/\/www.africa-press.net\/benin\/politique\/benin-sortie-officielle-du-nouveau-roi-de-savalou-dada-ganfon-gbaguidi-xv#article\",\"isPartOf\":{\"@id\":\"https:\/\/www.africa-press.net\/benin\/politique\/benin-sortie-officielle-du-nouveau-roi-de-savalou-dada-ganfon-gbaguidi-xv\"},\"author\":{\"name\":\"cfeditorfr\",\"@id\":\"https:\/\/www.africa-press.net\/benin\/#\/schema\/person\/2b1cf3cd81a31e3cd26889ca66d677f1\"},\"headline\":\"B\u00e9nin: sortie officielle du nouveau roi de Savalou, Dada Ganfon Gbaguidi XV\",\"datePublished\":\"2022-08-13T17:11:16+00:00\",\"dateModified\":\"2022-08-13T17:21:23+00:00\",\"mainEntityOfPage\":{\"@id\":\"https:\/\/www.africa-press.net\/benin\/politique\/benin-sortie-officielle-du-nouveau-roi-de-savalou-dada-ganfon-gbaguidi-xv\"},\"wordCount\":205,\"commentCount\":0,\"image\":{\"@id\":\"https:\/\/www.africa-press.net\/benin\/politique\/benin-sortie-officielle-du-nouveau-roi-de-savalou-dada-ganfon-gbaguidi-xv#primaryimage\"},\"thumbnailUrl\":\"https:\/\/static.africa-press.net\/benin\/sites\/46\/2022\/08\/postQueueImg_12-62f7dd807f974.jpg\",\"keywords\":[\"Africa Press\",\"Africa Press-Benin\",\"B\u00e9nin\"],\"articleSection\":[\"homepage-french\",\"Politique\",\"Top Nouvelles\",\"Toutes les actualit\u00e9s\"],\"inLanguage\":\"fr-FR\",\"potentialAction\":[{\"@type\":\"CommentAction\",\"name\":\"Comment\",\"target\":[\"https:\/\/www.africa-press.net\/benin\/politique\/benin-sortie-officielle-du-nouveau-roi-de-savalou-dada-ganfon-gbaguidi-xv#respond\"]}]},{\"@type\":\"WebPage\",\"@id\":\"https:\/\/www.africa-press.net\/benin\/politique\/benin-sortie-officielle-du-nouveau-roi-de-savalou-dada-ganfon-gbaguidi-xv\",\"url\":\"https:\/\/www.africa-press.net\/benin\/politique\/benin-sortie-officielle-du-nouveau-roi-de-savalou-dada-ganfon-gbaguidi-xv\",\"name\":\"B\u00e9nin: sortie officielle du nouveau roi de Savalou, Dada Ganfon Gbaguidi XV - B\u00e9nin\",\"isPartOf\":{\"@id\":\"https:\/\/www.africa-press.net\/benin\/#website\"},\"primaryImageOfPage\":{\"@id\":\"https:\/\/www.africa-press.net\/benin\/politique\/benin-sortie-officielle-du-nouveau-roi-de-savalou-dada-ganfon-gbaguidi-xv#primaryimage\"},\"image\":{\"@id\":\"https:\/\/www.africa-press.net\/benin\/politique\/benin-sortie-officielle-du-nouveau-roi-de-savalou-dada-ganfon-gbaguidi-xv#primaryimage\"},\"thumbnailUrl\":\"https:\/\/static.africa-press.net\/benin\/sites\/46\/2022\/08\/postQueueImg_12-62f7dd807f974.jpg\",\"datePublished\":\"2022-08-13T17:11:16+00:00\",\"dateModified\":\"2022-08-13T17:21:23+00:00\",\"author\":{\"@id\":\"https:\/\/www.africa-press.net\/benin\/#\/schema\/person\/2b1cf3cd81a31e3cd26889ca66d677f1\"},\"description\":\"Ce vendredi 12 ao\u00fbt 2022, le nouveau roi de Savalou a \u00e9t\u00e9 officiellement pr\u00e9sent\u00e9 aux populations de la cit\u00e9 des Soha. A ...\",\"breadcrumb\":{\"@id\":\"https:\/\/www.africa-press.net\/benin\/politique\/benin-sortie-officielle-du-nouveau-roi-de-savalou-dada-ganfon-gbaguidi-xv#breadcrumb\"},\"inLanguage\":\"fr-FR\",\"potentialAction\":[{\"@type\":\"ReadAction\",\"target\":[\"https:\/\/www.africa-press.net\/benin\/politique\/benin-sortie-officielle-du-nouveau-roi-de-savalou-dada-ganfon-gbaguidi-xv\"]}]},{\"@type\":\"ImageObject\",\"inLanguage\":\"fr-FR\",\"@id\":\"https:\/\/www.africa-press.net\/benin\/politique\/benin-sortie-officielle-du-nouveau-roi-de-savalou-dada-ganfon-gbaguidi-xv#primaryimage\",\"url\":\"https:\/\/static.africa-press.net\/benin\/sites\/46\/2022\/08\/postQueueImg_12-62f7dd807f974.jpg\",\"contentUrl\":\"https:\/\/static.africa-press.net\/benin\/sites\/46\/2022\/08\/postQueueImg_12-62f7dd807f974.jpg\",\"width\":720,\"height\":540,\"caption\":\"B\u00e9nin: sortie officielle du nouveau roi de Savalou, Dada Ganfon Gbaguidi XV\"},{\"@type\":\"BreadcrumbList\",\"@id\":\"https:\/\/www.africa-press.net\/benin\/politique\/benin-sortie-officielle-du-nouveau-roi-de-savalou-dada-ganfon-gbaguidi-xv#breadcrumb\",\"itemListElement\":[{\"@type\":\"ListItem\",\"position\":1,\"name\":\"Accueil\",\"item\":\"https:\/\/www.africa-press.net\/benin\/\"},{\"@type\":\"ListItem\",\"position\":2,\"name\":\"B\u00e9nin: sortie officielle du nouveau roi de Savalou, Dada Ganfon Gbaguidi XV\"}]},{\"@type\":\"WebSite\",\"@id\":\"https:\/\/www.africa-press.net\/benin\/#website\",\"url\":\"https:\/\/www.africa-press.net\/benin\/\",\"name\":\"B\u00e9nin\",\"description\":\"Just another Africa News Agency Sites site\",\"potentialAction\":[{\"@type\":\"SearchAction\",\"target\":{\"@type\":\"EntryPoint\",\"urlTemplate\":\"https:\/\/www.africa-press.net\/benin\/?s={search_term_string}\"},\"query-input\":{\"@type\":\"PropertyValueSpecification\",\"valueRequired\":true,\"valueName\":\"search_term_string\"}}],\"inLanguage\":\"fr-FR\"},{\"@type\":\"Person\",\"@id\":\"https:\/\/www.africa-press.net\/benin\/#\/schema\/person\/2b1cf3cd81a31e3cd26889ca66d677f1\",\"name\":\"cfeditorfr\"}]}<\/script>\n<!-- \/ Yoast SEO Premium plugin. -->","yoast_head_json":{"title":"B\u00e9nin: sortie officielle du nouveau roi de Savalou, Dada Ganfon Gbaguidi XV - B\u00e9nin","description":"Ce vendredi 12 ao\u00fbt 2022, le nouveau roi de Savalou a \u00e9t\u00e9 officiellement pr\u00e9sent\u00e9 aux populations de la cit\u00e9 des Soha. A ...","robots":{"index":"index","follow":"follow","max-snippet":"max-snippet:-1","max-image-preview":"max-image-preview:large","max-video-preview":"max-video-preview:-1"},"canonical":"https:\/\/www.africa-press.net\/benin\/politique\/benin-sortie-officielle-du-nouveau-roi-de-savalou-dada-ganfon-gbaguidi-xv","og_locale":"fr_FR","og_type":"article","og_title":"B\u00e9nin: sortie officielle du nouveau roi de Savalou, Dada Ganfon Gbaguidi XV","og_description":"Ce vendredi 12 ao\u00fbt 2022, le nouveau roi de Savalou a \u00e9t\u00e9 officiellement pr\u00e9sent\u00e9 aux populations de la cit\u00e9 des Soha. A ...","og_url":"https:\/\/www.africa-press.net\/benin\/politique\/benin-sortie-officielle-du-nouveau-roi-de-savalou-dada-ganfon-gbaguidi-xv","og_site_name":"B\u00e9nin","article_published_time":"2022-08-13T17:11:16+00:00","article_modified_time":"2022-08-13T17:21:23+00:00","og_image":[{"width":720,"height":540,"url":"https:\/\/static.africa-press.net\/benin\/sites\/46\/2022\/08\/postQueueImg_12-62f7dd807f974.jpg","type":"image\/jpeg"}],"author":"cfeditorfr","twitter_card":"summary_large_image","twitter_misc":{"\u00c9crit par":"cfeditorfr","Dur\u00e9e de lecture estim\u00e9e":"1 minute"},"schema":{"@context":"https:\/\/schema.org","@graph":[{"@type":"Article","@id":"https:\/\/www.africa-press.net\/benin\/politique\/benin-sortie-officielle-du-nouveau-roi-de-savalou-dada-ganfon-gbaguidi-xv#article","isPartOf":{"@id":"https:\/\/www.africa-press.net\/benin\/politique\/benin-sortie-officielle-du-nouveau-roi-de-savalou-dada-ganfon-gbaguidi-xv"},"author":{"name":"cfeditorfr","@id":"https:\/\/www.africa-press.net\/benin\/#\/schema\/person\/2b1cf3cd81a31e3cd26889ca66d677f1"},"headline":"B\u00e9nin: sortie officielle du nouveau roi de Savalou, Dada Ganfon Gbaguidi XV","datePublished":"2022-08-13T17:11:16+00:00","dateModified":"2022-08-13T17:21:23+00:00","mainEntityOfPage":{"@id":"https:\/\/www.africa-press.net\/benin\/politique\/benin-sortie-officielle-du-nouveau-roi-de-savalou-dada-ganfon-gbaguidi-xv"},"wordCount":205,"commentCount":0,"image":{"@id":"https:\/\/www.africa-press.net\/benin\/politique\/benin-sortie-officielle-du-nouveau-roi-de-savalou-dada-ganfon-gbaguidi-xv#primaryimage"},"thumbnailUrl":"https:\/\/static.africa-press.net\/benin\/sites\/46\/2022\/08\/postQueueImg_12-62f7dd807f974.jpg","keywords":["Africa Press","Africa Press-Benin","B\u00e9nin"],"articleSection":["homepage-french","Politique","Top Nouvelles","Toutes les actualit\u00e9s"],"inLanguage":"fr-FR","potentialAction":[{"@type":"CommentAction","name":"Comment","target":["https:\/\/www.africa-press.net\/benin\/politique\/benin-sortie-officielle-du-nouveau-roi-de-savalou-dada-ganfon-gbaguidi-xv#respond"]}]},{"@type":"WebPage","@id":"https:\/\/www.africa-press.net\/benin\/politique\/benin-sortie-officielle-du-nouveau-roi-de-savalou-dada-ganfon-gbaguidi-xv","url":"https:\/\/www.africa-press.net\/benin\/politique\/benin-sortie-officielle-du-nouveau-roi-de-savalou-dada-ganfon-gbaguidi-xv","name":"B\u00e9nin: sortie officielle du nouveau roi de Savalou, Dada Ganfon Gbaguidi XV - B\u00e9nin","isPartOf":{"@id":"https:\/\/www.africa-press.net\/benin\/#website"},"primaryImageOfPage":{"@id":"https:\/\/www.africa-press.net\/benin\/politique\/benin-sortie-officielle-du-nouveau-roi-de-savalou-dada-ganfon-gbaguidi-xv#primaryimage"},"image":{"@id":"https:\/\/www.africa-press.net\/benin\/politique\/benin-sortie-officielle-du-nouveau-roi-de-savalou-dada-ganfon-gbaguidi-xv#primaryimage"},"thumbnailUrl":"https:\/\/static.africa-press.net\/benin\/sites\/46\/2022\/08\/postQueueImg_12-62f7dd807f974.jpg","datePublished":"2022-08-13T17:11:16+00:00","dateModified":"2022-08-13T17:21:23+00:00","author":{"@id":"https:\/\/www.africa-press.net\/benin\/#\/schema\/person\/2b1cf3cd81a31e3cd26889ca66d677f1"},"description":"Ce vendredi 12 ao\u00fbt 2022, le nouveau roi de Savalou a \u00e9t\u00e9 officiellement pr\u00e9sent\u00e9 aux populations de la cit\u00e9 des Soha. A ...","breadcrumb":{"@id":"https:\/\/www.africa-press.net\/benin\/politique\/benin-sortie-officielle-du-nouveau-roi-de-savalou-dada-ganfon-gbaguidi-xv#breadcrumb"},"inLanguage":"fr-FR","potentialAction":[{"@type":"ReadAction","target":["https:\/\/www.africa-press.net\/benin\/politique\/benin-sortie-officielle-du-nouveau-roi-de-savalou-dada-ganfon-gbaguidi-xv"]}]},{"@type":"ImageObject","inLanguage":"fr-FR","@id":"https:\/\/www.africa-press.net\/benin\/politique\/benin-sortie-officielle-du-nouveau-roi-de-savalou-dada-ganfon-gbaguidi-xv#primaryimage","url":"https:\/\/static.africa-press.net\/benin\/sites\/46\/2022\/08\/postQueueImg_12-62f7dd807f974.jpg","contentUrl":"https:\/\/static.africa-press.net\/benin\/sites\/46\/2022\/08\/postQueueImg_12-62f7dd807f974.jpg","width":720,"height":540,"caption":"B\u00e9nin: sortie officielle du nouveau roi de Savalou, Dada Ganfon Gbaguidi XV"},{"@type":"BreadcrumbList","@id":"https:\/\/www.africa-press.net\/benin\/politique\/benin-sortie-officielle-du-nouveau-roi-de-savalou-dada-ganfon-gbaguidi-xv#breadcrumb","itemListElement":[{"@type":"ListItem","position":1,"name":"Accueil","item":"https:\/\/www.africa-press.net\/benin\/"},{"@type":"ListItem","position":2,"name":"B\u00e9nin: sortie officielle du nouveau roi de Savalou, Dada Ganfon Gbaguidi XV"}]},{"@type":"WebSite","@id":"https:\/\/www.africa-press.net\/benin\/#website","url":"https:\/\/www.africa-press.net\/benin\/","name":"B\u00e9nin","description":"Just another Africa News Agency Sites site","potentialAction":[{"@type":"SearchAction","target":{"@type":"EntryPoint","urlTemplate":"https:\/\/www.africa-press.net\/benin\/?s={search_term_string}"},"query-input":{"@type":"PropertyValueSpecification","valueRequired":true,"valueName":"search_term_string"}}],"inLanguage":"fr-FR"},{"@type":"Person","@id":"https:\/\/www.africa-press.net\/benin\/#\/schema\/person\/2b1cf3cd81a31e3cd26889ca66d677f1","name":"cfeditorfr"}]}},"_links":{"self":[{"href":"https:\/\/www.africa-press.net\/benin\/wp-json\/wp\/v2\/posts\/7844","targetHints":{"allow":["GET"]}}],"collection":[{"href":"https:\/\/www.africa-press.net\/benin\/wp-json\/wp\/v2\/posts"}],"about":[{"href":"https:\/\/www.africa-press.net\/benin\/wp-json\/wp\/v2\/types\/post"}],"author":[{"embeddable":true,"href":"https:\/\/www.africa-press.net\/benin\/wp-json\/wp\/v2\/users\/82"}],"replies":[{"embeddable":true,"href":"https:\/\/www.africa-press.net\/benin\/wp-json\/wp\/v2\/comments?post=7844"}],"version-history":[{"count":0,"href":"https:\/\/www.africa-press.net\/benin\/wp-json\/wp\/v2\/posts\/7844\/revisions"}],"wp:featuredmedia":[{"embeddable":true,"href":"https:\/\/www.africa-press.net\/benin\/wp-json\/wp\/v2\/media\/7842"}],"wp:attachment":[{"href":"https:\/\/www.africa-press.net\/benin\/wp-json\/wp\/v2\/media?parent=7844"}],"wp:term":[{"taxonomy":"category","embeddable":true,"href":"https:\/\/www.africa-press.net\/benin\/wp-json\/wp\/v2\/categories?post=7844"},{"taxonomy":"post_tag","embeddable":true,"href":"https:\/\/www.africa-press.net\/benin\/wp-json\/wp\/v2\/tags?post=7844"}],"curies":[{"name":"wp","href":"https:\/\/api.w.org\/{rel}","templated":true}]}}