{"id":7863,"date":"2022-08-14T22:17:03","date_gmt":"2022-08-14T22:17:03","guid":{"rendered":"https:\/\/www.africa-press.net\/benin\/politique\/benin-les-aspirants-invites-a-confirmer-leur-disponibilite-pour-la-rentree-2022-2023"},"modified":"2022-08-14T22:27:52","modified_gmt":"2022-08-14T22:27:52","slug":"benin-les-aspirants-invites-a-confirmer-leur-disponibilite-pour-la-rentree-2022-2023","status":"publish","type":"post","link":"https:\/\/www.africa-press.net\/benin\/toutes-les-actualites\/benin-les-aspirants-invites-a-confirmer-leur-disponibilite-pour-la-rentree-2022-2023","title":{"rendered":"B\u00e9nin: les aspirants invit\u00e9s \u00e0 confirmer leur disponibilit\u00e9 pour la rentr\u00e9e 2022-2023"},"content":{"rendered":"<p><span style=\"color: #ff6600\"><strong>Africa-Press &#8211; Benin. <\/strong><\/span>Les Aspirants au M\u00e9tier d\u2019Enseignant (AME) sont invit\u00e9s \u00e0 confirmer leur disponibilit\u00e9 pour la rentr\u00e9e scolaire 2022-2023. Cette op\u00e9ration est lanc\u00e9e par le minist\u00e8re des enseignements secondaire, technique et de de la formation professionnelle dans le cadre de l\u2019actualisation de la base de donn\u00e9es des aspirants.<\/p>\n<p>Les AME qui souhaitent continuer \u00e0 servir dans les coll\u00e8ges publics sont pri\u00e9s de confirmer leur disponibilit\u00e9. La plateforme educmaster.bj est d\u00e9di\u00e9e \u00e0 cette op\u00e9ration qui permettra de proc\u00e9der \u00e0 un red\u00e9ploiement compl\u00e9mentaire. Les aspirants qui ne confirmeront leur disponibilit\u00e9 seront donc purement et simplement remplac\u00e9s.<\/p>\n<p>Pour avoir acc\u00e8s \u00e0 la plateforme educmaster.bj, les aspirants doivent d\u2019abord r\u00e9cup\u00e9rer aupr\u00e8s de leurs chefs d\u2019\u00e9tablissement les identifiants et mot de passe. L\u2019op\u00e9ration a d\u00e9marr\u00e9 le vendredi 12 ao\u00fbt et prendra fin le dimanche 21 ao\u00fbt 2022.<\/p>\n<p><strong>Pour plus d&rsquo;informations et d&rsquo;analyses sur la <a href=\"https:\/\/www.africa-press.net\/benin\">Benin<\/a>, suivez <a href=\"https:\/\/www.africa-press.net\/\">Africa-Press<\/a><\/strong><\/p>\n","protected":false},"excerpt":{"rendered":"<p>Africa-Press &#8211; Benin. Les Aspirants au M\u00e9tier d\u2019Enseignant (AME) sont invit\u00e9s \u00e0 confirmer leur disponibilit\u00e9 pour la rentr\u00e9e scolaire 2022-2023. Cette op\u00e9ration est lanc\u00e9e par le minist\u00e8re des enseignements secondaire, technique et de de la formation professionnelle dans le cadre de l\u2019actualisation de la base de donn\u00e9es des aspirants. Les AME qui souhaitent continuer \u00e0 [&hellip;]<\/p>\n","protected":false},"author":82,"featured_media":7862,"comment_status":"open","ping_status":"closed","sticky":false,"template":"","format":"standard","meta":{"footnotes":""},"categories":[21,11,10],"tags":[36,50,45],"class_list":["post-7863","post","type-post","status-publish","format-standard","has-post-thumbnail","hentry","category-communaute","category-homepage-french","category-toutes-les-actualites","tag-africa-press","tag-africa-press-benin","tag-benin"],"yoast_head":"<!-- This site is optimized with the Yoast SEO Premium plugin v26.1 (Yoast SEO v27.0) - https:\/\/yoast.com\/product\/yoast-seo-premium-wordpress\/ -->\n<title>B\u00e9nin: les aspirants invit\u00e9s \u00e0 confirmer leur disponibilit\u00e9 pour la rentr\u00e9e 2022-2023 - B\u00e9nin<\/title>\n<meta name=\"description\" content=\"Les Aspirants au M\u00e9tier d\u2019Enseignant (AME) sont invit\u00e9s \u00e0 confirmer leur disponibilit\u00e9 pour la rentr\u00e9e scolaire 2022-202 ...\" \/>\n<meta name=\"robots\" content=\"index, follow, max-snippet:-1, max-image-preview:large, max-video-preview:-1\" \/>\n<link rel=\"canonical\" href=\"https:\/\/www.africa-press.net\/benin\/toutes-les-actualites\/benin-les-aspirants-invites-a-confirmer-leur-disponibilite-pour-la-rentree-2022-2023\" \/>\n<meta property=\"og:locale\" content=\"fr_FR\" \/>\n<meta property=\"og:type\" content=\"article\" \/>\n<meta property=\"og:title\" content=\"B\u00e9nin: les aspirants invit\u00e9s \u00e0 confirmer leur disponibilit\u00e9 pour la rentr\u00e9e 2022-2023\" \/>\n<meta property=\"og:description\" content=\"Les Aspirants au M\u00e9tier d\u2019Enseignant (AME) sont invit\u00e9s \u00e0 confirmer leur disponibilit\u00e9 pour la rentr\u00e9e scolaire 2022-202 ...\" \/>\n<meta property=\"og:url\" content=\"https:\/\/www.africa-press.net\/benin\/toutes-les-actualites\/benin-les-aspirants-invites-a-confirmer-leur-disponibilite-pour-la-rentree-2022-2023\" \/>\n<meta property=\"og:site_name\" content=\"B\u00e9nin\" \/>\n<meta property=\"article:published_time\" content=\"2022-08-14T22:17:03+00:00\" \/>\n<meta property=\"article:modified_time\" content=\"2022-08-14T22:27:52+00:00\" \/>\n<meta property=\"og:image\" content=\"https:\/\/static.africa-press.net\/benin\/sites\/46\/2022\/08\/postQueueImg_13-62f976ccb832e.jpg\" \/>\n\t<meta property=\"og:image:width\" content=\"1200\" \/>\n\t<meta property=\"og:image:height\" content=\"800\" \/>\n\t<meta property=\"og:image:type\" content=\"image\/jpeg\" \/>\n<meta name=\"author\" content=\"cfeditorfr\" \/>\n<meta name=\"twitter:card\" content=\"summary_large_image\" \/>\n<meta name=\"twitter:label1\" content=\"\u00c9crit par\" \/>\n\t<meta name=\"twitter:data1\" content=\"cfeditorfr\" \/>\n\t<meta name=\"twitter:label2\" content=\"Dur\u00e9e de lecture estim\u00e9e\" \/>\n\t<meta name=\"twitter:data2\" content=\"1 minute\" \/>\n<script type=\"application\/ld+json\" class=\"yoast-schema-graph\">{\"@context\":\"https:\/\/schema.org\",\"@graph\":[{\"@type\":\"Article\",\"@id\":\"https:\/\/www.africa-press.net\/benin\/toutes-les-actualites\/benin-les-aspirants-invites-a-confirmer-leur-disponibilite-pour-la-rentree-2022-2023#article\",\"isPartOf\":{\"@id\":\"https:\/\/www.africa-press.net\/benin\/toutes-les-actualites\/benin-les-aspirants-invites-a-confirmer-leur-disponibilite-pour-la-rentree-2022-2023\"},\"author\":{\"name\":\"cfeditorfr\",\"@id\":\"https:\/\/www.africa-press.net\/benin\/#\/schema\/person\/2b1cf3cd81a31e3cd26889ca66d677f1\"},\"headline\":\"B\u00e9nin: les aspirants invit\u00e9s \u00e0 confirmer leur disponibilit\u00e9 pour la rentr\u00e9e 2022-2023\",\"datePublished\":\"2022-08-14T22:17:03+00:00\",\"dateModified\":\"2022-08-14T22:27:52+00:00\",\"mainEntityOfPage\":{\"@id\":\"https:\/\/www.africa-press.net\/benin\/toutes-les-actualites\/benin-les-aspirants-invites-a-confirmer-leur-disponibilite-pour-la-rentree-2022-2023\"},\"wordCount\":182,\"commentCount\":0,\"image\":{\"@id\":\"https:\/\/www.africa-press.net\/benin\/toutes-les-actualites\/benin-les-aspirants-invites-a-confirmer-leur-disponibilite-pour-la-rentree-2022-2023#primaryimage\"},\"thumbnailUrl\":\"https:\/\/static.africa-press.net\/benin\/sites\/46\/2022\/08\/postQueueImg_13-62f976ccb832e.jpg\",\"keywords\":[\"Africa Press\",\"Africa Press-Benin\",\"B\u00e9nin\"],\"articleSection\":[\"Communaut\u00e9\",\"homepage-french\",\"Toutes les actualit\u00e9s\"],\"inLanguage\":\"fr-FR\",\"potentialAction\":[{\"@type\":\"CommentAction\",\"name\":\"Comment\",\"target\":[\"https:\/\/www.africa-press.net\/benin\/toutes-les-actualites\/benin-les-aspirants-invites-a-confirmer-leur-disponibilite-pour-la-rentree-2022-2023#respond\"]}]},{\"@type\":\"WebPage\",\"@id\":\"https:\/\/www.africa-press.net\/benin\/toutes-les-actualites\/benin-les-aspirants-invites-a-confirmer-leur-disponibilite-pour-la-rentree-2022-2023\",\"url\":\"https:\/\/www.africa-press.net\/benin\/toutes-les-actualites\/benin-les-aspirants-invites-a-confirmer-leur-disponibilite-pour-la-rentree-2022-2023\",\"name\":\"B\u00e9nin: les aspirants invit\u00e9s \u00e0 confirmer leur disponibilit\u00e9 pour la rentr\u00e9e 2022-2023 - B\u00e9nin\",\"isPartOf\":{\"@id\":\"https:\/\/www.africa-press.net\/benin\/#website\"},\"primaryImageOfPage\":{\"@id\":\"https:\/\/www.africa-press.net\/benin\/toutes-les-actualites\/benin-les-aspirants-invites-a-confirmer-leur-disponibilite-pour-la-rentree-2022-2023#primaryimage\"},\"image\":{\"@id\":\"https:\/\/www.africa-press.net\/benin\/toutes-les-actualites\/benin-les-aspirants-invites-a-confirmer-leur-disponibilite-pour-la-rentree-2022-2023#primaryimage\"},\"thumbnailUrl\":\"https:\/\/static.africa-press.net\/benin\/sites\/46\/2022\/08\/postQueueImg_13-62f976ccb832e.jpg\",\"datePublished\":\"2022-08-14T22:17:03+00:00\",\"dateModified\":\"2022-08-14T22:27:52+00:00\",\"author\":{\"@id\":\"https:\/\/www.africa-press.net\/benin\/#\/schema\/person\/2b1cf3cd81a31e3cd26889ca66d677f1\"},\"description\":\"Les Aspirants au M\u00e9tier d\u2019Enseignant (AME) sont invit\u00e9s \u00e0 confirmer leur disponibilit\u00e9 pour la rentr\u00e9e scolaire 2022-202 ...\",\"breadcrumb\":{\"@id\":\"https:\/\/www.africa-press.net\/benin\/toutes-les-actualites\/benin-les-aspirants-invites-a-confirmer-leur-disponibilite-pour-la-rentree-2022-2023#breadcrumb\"},\"inLanguage\":\"fr-FR\",\"potentialAction\":[{\"@type\":\"ReadAction\",\"target\":[\"https:\/\/www.africa-press.net\/benin\/toutes-les-actualites\/benin-les-aspirants-invites-a-confirmer-leur-disponibilite-pour-la-rentree-2022-2023\"]}]},{\"@type\":\"ImageObject\",\"inLanguage\":\"fr-FR\",\"@id\":\"https:\/\/www.africa-press.net\/benin\/toutes-les-actualites\/benin-les-aspirants-invites-a-confirmer-leur-disponibilite-pour-la-rentree-2022-2023#primaryimage\",\"url\":\"https:\/\/static.africa-press.net\/benin\/sites\/46\/2022\/08\/postQueueImg_13-62f976ccb832e.jpg\",\"contentUrl\":\"https:\/\/static.africa-press.net\/benin\/sites\/46\/2022\/08\/postQueueImg_13-62f976ccb832e.jpg\",\"width\":1200,\"height\":800,\"caption\":\"B\u00e9nin: les aspirants invit\u00e9s \u00e0 confirmer leur disponibilit\u00e9 pour la rentr\u00e9e 2022-2023\"},{\"@type\":\"BreadcrumbList\",\"@id\":\"https:\/\/www.africa-press.net\/benin\/toutes-les-actualites\/benin-les-aspirants-invites-a-confirmer-leur-disponibilite-pour-la-rentree-2022-2023#breadcrumb\",\"itemListElement\":[{\"@type\":\"ListItem\",\"position\":1,\"name\":\"Accueil\",\"item\":\"https:\/\/www.africa-press.net\/benin\/\"},{\"@type\":\"ListItem\",\"position\":2,\"name\":\"B\u00e9nin: les aspirants invit\u00e9s \u00e0 confirmer leur disponibilit\u00e9 pour la rentr\u00e9e 2022-2023\"}]},{\"@type\":\"WebSite\",\"@id\":\"https:\/\/www.africa-press.net\/benin\/#website\",\"url\":\"https:\/\/www.africa-press.net\/benin\/\",\"name\":\"B\u00e9nin\",\"description\":\"Just another Africa News Agency Sites site\",\"potentialAction\":[{\"@type\":\"SearchAction\",\"target\":{\"@type\":\"EntryPoint\",\"urlTemplate\":\"https:\/\/www.africa-press.net\/benin\/?s={search_term_string}\"},\"query-input\":{\"@type\":\"PropertyValueSpecification\",\"valueRequired\":true,\"valueName\":\"search_term_string\"}}],\"inLanguage\":\"fr-FR\"},{\"@type\":\"Person\",\"@id\":\"https:\/\/www.africa-press.net\/benin\/#\/schema\/person\/2b1cf3cd81a31e3cd26889ca66d677f1\",\"name\":\"cfeditorfr\"}]}<\/script>\n<!-- \/ Yoast SEO Premium plugin. -->","yoast_head_json":{"title":"B\u00e9nin: les aspirants invit\u00e9s \u00e0 confirmer leur disponibilit\u00e9 pour la rentr\u00e9e 2022-2023 - B\u00e9nin","description":"Les Aspirants au M\u00e9tier d\u2019Enseignant (AME) sont invit\u00e9s \u00e0 confirmer leur disponibilit\u00e9 pour la rentr\u00e9e scolaire 2022-202 ...","robots":{"index":"index","follow":"follow","max-snippet":"max-snippet:-1","max-image-preview":"max-image-preview:large","max-video-preview":"max-video-preview:-1"},"canonical":"https:\/\/www.africa-press.net\/benin\/toutes-les-actualites\/benin-les-aspirants-invites-a-confirmer-leur-disponibilite-pour-la-rentree-2022-2023","og_locale":"fr_FR","og_type":"article","og_title":"B\u00e9nin: les aspirants invit\u00e9s \u00e0 confirmer leur disponibilit\u00e9 pour la rentr\u00e9e 2022-2023","og_description":"Les Aspirants au M\u00e9tier d\u2019Enseignant (AME) sont invit\u00e9s \u00e0 confirmer leur disponibilit\u00e9 pour la rentr\u00e9e scolaire 2022-202 ...","og_url":"https:\/\/www.africa-press.net\/benin\/toutes-les-actualites\/benin-les-aspirants-invites-a-confirmer-leur-disponibilite-pour-la-rentree-2022-2023","og_site_name":"B\u00e9nin","article_published_time":"2022-08-14T22:17:03+00:00","article_modified_time":"2022-08-14T22:27:52+00:00","og_image":[{"width":1200,"height":800,"url":"https:\/\/static.africa-press.net\/benin\/sites\/46\/2022\/08\/postQueueImg_13-62f976ccb832e.jpg","type":"image\/jpeg"}],"author":"cfeditorfr","twitter_card":"summary_large_image","twitter_misc":{"\u00c9crit par":"cfeditorfr","Dur\u00e9e de lecture estim\u00e9e":"1 minute"},"schema":{"@context":"https:\/\/schema.org","@graph":[{"@type":"Article","@id":"https:\/\/www.africa-press.net\/benin\/toutes-les-actualites\/benin-les-aspirants-invites-a-confirmer-leur-disponibilite-pour-la-rentree-2022-2023#article","isPartOf":{"@id":"https:\/\/www.africa-press.net\/benin\/toutes-les-actualites\/benin-les-aspirants-invites-a-confirmer-leur-disponibilite-pour-la-rentree-2022-2023"},"author":{"name":"cfeditorfr","@id":"https:\/\/www.africa-press.net\/benin\/#\/schema\/person\/2b1cf3cd81a31e3cd26889ca66d677f1"},"headline":"B\u00e9nin: les aspirants invit\u00e9s \u00e0 confirmer leur disponibilit\u00e9 pour la rentr\u00e9e 2022-2023","datePublished":"2022-08-14T22:17:03+00:00","dateModified":"2022-08-14T22:27:52+00:00","mainEntityOfPage":{"@id":"https:\/\/www.africa-press.net\/benin\/toutes-les-actualites\/benin-les-aspirants-invites-a-confirmer-leur-disponibilite-pour-la-rentree-2022-2023"},"wordCount":182,"commentCount":0,"image":{"@id":"https:\/\/www.africa-press.net\/benin\/toutes-les-actualites\/benin-les-aspirants-invites-a-confirmer-leur-disponibilite-pour-la-rentree-2022-2023#primaryimage"},"thumbnailUrl":"https:\/\/static.africa-press.net\/benin\/sites\/46\/2022\/08\/postQueueImg_13-62f976ccb832e.jpg","keywords":["Africa Press","Africa Press-Benin","B\u00e9nin"],"articleSection":["Communaut\u00e9","homepage-french","Toutes les actualit\u00e9s"],"inLanguage":"fr-FR","potentialAction":[{"@type":"CommentAction","name":"Comment","target":["https:\/\/www.africa-press.net\/benin\/toutes-les-actualites\/benin-les-aspirants-invites-a-confirmer-leur-disponibilite-pour-la-rentree-2022-2023#respond"]}]},{"@type":"WebPage","@id":"https:\/\/www.africa-press.net\/benin\/toutes-les-actualites\/benin-les-aspirants-invites-a-confirmer-leur-disponibilite-pour-la-rentree-2022-2023","url":"https:\/\/www.africa-press.net\/benin\/toutes-les-actualites\/benin-les-aspirants-invites-a-confirmer-leur-disponibilite-pour-la-rentree-2022-2023","name":"B\u00e9nin: les aspirants invit\u00e9s \u00e0 confirmer leur disponibilit\u00e9 pour la rentr\u00e9e 2022-2023 - B\u00e9nin","isPartOf":{"@id":"https:\/\/www.africa-press.net\/benin\/#website"},"primaryImageOfPage":{"@id":"https:\/\/www.africa-press.net\/benin\/toutes-les-actualites\/benin-les-aspirants-invites-a-confirmer-leur-disponibilite-pour-la-rentree-2022-2023#primaryimage"},"image":{"@id":"https:\/\/www.africa-press.net\/benin\/toutes-les-actualites\/benin-les-aspirants-invites-a-confirmer-leur-disponibilite-pour-la-rentree-2022-2023#primaryimage"},"thumbnailUrl":"https:\/\/static.africa-press.net\/benin\/sites\/46\/2022\/08\/postQueueImg_13-62f976ccb832e.jpg","datePublished":"2022-08-14T22:17:03+00:00","dateModified":"2022-08-14T22:27:52+00:00","author":{"@id":"https:\/\/www.africa-press.net\/benin\/#\/schema\/person\/2b1cf3cd81a31e3cd26889ca66d677f1"},"description":"Les Aspirants au M\u00e9tier d\u2019Enseignant (AME) sont invit\u00e9s \u00e0 confirmer leur disponibilit\u00e9 pour la rentr\u00e9e scolaire 2022-202 ...","breadcrumb":{"@id":"https:\/\/www.africa-press.net\/benin\/toutes-les-actualites\/benin-les-aspirants-invites-a-confirmer-leur-disponibilite-pour-la-rentree-2022-2023#breadcrumb"},"inLanguage":"fr-FR","potentialAction":[{"@type":"ReadAction","target":["https:\/\/www.africa-press.net\/benin\/toutes-les-actualites\/benin-les-aspirants-invites-a-confirmer-leur-disponibilite-pour-la-rentree-2022-2023"]}]},{"@type":"ImageObject","inLanguage":"fr-FR","@id":"https:\/\/www.africa-press.net\/benin\/toutes-les-actualites\/benin-les-aspirants-invites-a-confirmer-leur-disponibilite-pour-la-rentree-2022-2023#primaryimage","url":"https:\/\/static.africa-press.net\/benin\/sites\/46\/2022\/08\/postQueueImg_13-62f976ccb832e.jpg","contentUrl":"https:\/\/static.africa-press.net\/benin\/sites\/46\/2022\/08\/postQueueImg_13-62f976ccb832e.jpg","width":1200,"height":800,"caption":"B\u00e9nin: les aspirants invit\u00e9s \u00e0 confirmer leur disponibilit\u00e9 pour la rentr\u00e9e 2022-2023"},{"@type":"BreadcrumbList","@id":"https:\/\/www.africa-press.net\/benin\/toutes-les-actualites\/benin-les-aspirants-invites-a-confirmer-leur-disponibilite-pour-la-rentree-2022-2023#breadcrumb","itemListElement":[{"@type":"ListItem","position":1,"name":"Accueil","item":"https:\/\/www.africa-press.net\/benin\/"},{"@type":"ListItem","position":2,"name":"B\u00e9nin: les aspirants invit\u00e9s \u00e0 confirmer leur disponibilit\u00e9 pour la rentr\u00e9e 2022-2023"}]},{"@type":"WebSite","@id":"https:\/\/www.africa-press.net\/benin\/#website","url":"https:\/\/www.africa-press.net\/benin\/","name":"B\u00e9nin","description":"Just another Africa News Agency Sites site","potentialAction":[{"@type":"SearchAction","target":{"@type":"EntryPoint","urlTemplate":"https:\/\/www.africa-press.net\/benin\/?s={search_term_string}"},"query-input":{"@type":"PropertyValueSpecification","valueRequired":true,"valueName":"search_term_string"}}],"inLanguage":"fr-FR"},{"@type":"Person","@id":"https:\/\/www.africa-press.net\/benin\/#\/schema\/person\/2b1cf3cd81a31e3cd26889ca66d677f1","name":"cfeditorfr"}]}},"_links":{"self":[{"href":"https:\/\/www.africa-press.net\/benin\/wp-json\/wp\/v2\/posts\/7863","targetHints":{"allow":["GET"]}}],"collection":[{"href":"https:\/\/www.africa-press.net\/benin\/wp-json\/wp\/v2\/posts"}],"about":[{"href":"https:\/\/www.africa-press.net\/benin\/wp-json\/wp\/v2\/types\/post"}],"author":[{"embeddable":true,"href":"https:\/\/www.africa-press.net\/benin\/wp-json\/wp\/v2\/users\/82"}],"replies":[{"embeddable":true,"href":"https:\/\/www.africa-press.net\/benin\/wp-json\/wp\/v2\/comments?post=7863"}],"version-history":[{"count":0,"href":"https:\/\/www.africa-press.net\/benin\/wp-json\/wp\/v2\/posts\/7863\/revisions"}],"wp:featuredmedia":[{"embeddable":true,"href":"https:\/\/www.africa-press.net\/benin\/wp-json\/wp\/v2\/media\/7862"}],"wp:attachment":[{"href":"https:\/\/www.africa-press.net\/benin\/wp-json\/wp\/v2\/media?parent=7863"}],"wp:term":[{"taxonomy":"category","embeddable":true,"href":"https:\/\/www.africa-press.net\/benin\/wp-json\/wp\/v2\/categories?post=7863"},{"taxonomy":"post_tag","embeddable":true,"href":"https:\/\/www.africa-press.net\/benin\/wp-json\/wp\/v2\/tags?post=7863"}],"curies":[{"name":"wp","href":"https:\/\/api.w.org\/{rel}","templated":true}]}}