{"id":7870,"date":"2022-08-14T22:17:41","date_gmt":"2022-08-14T22:17:41","guid":{"rendered":"https:\/\/www.africa-press.net\/benin\/politique\/benin-pres-de-400-prisonniers-gracies-par-patrice-talon"},"modified":"2022-08-14T22:29:05","modified_gmt":"2022-08-14T22:29:05","slug":"benin-pres-de-400-prisonniers-gracies-par-patrice-talon","status":"publish","type":"post","link":"https:\/\/www.africa-press.net\/benin\/toutes-les-actualites\/benin-pres-de-400-prisonniers-gracies-par-patrice-talon","title":{"rendered":"B\u00e9nin: pr\u00e8s de 400 prisonniers graci\u00e9s par Patrice Talon"},"content":{"rendered":"<p><span style=\"color: #ff6600\"><strong>Africa-Press &#8211; Benin. <\/strong><\/span>Une vague de 350 prisonniers des diff\u00e9rentes prisons du B\u00e9nin ont re\u00e7u la gr\u00e2ce pr\u00e9sidentielle. Une gr\u00e2ce accord\u00e9e par le pr\u00e9sident Patrice Talon au lendemain de la f\u00eate des 62 ans d\u2019accession du B\u00e9nin \u00e0 la souverainet\u00e9 internationale.<\/p>\n<p>Plusieurs personnes gard\u00e9es en d\u00e9tention dans diff\u00e9rentes prisons du B\u00e9nin ont b\u00e9n\u00e9fici\u00e9 de la gr\u00e2ce pr\u00e9sidentielle, apprend-t-on d\u2019une source g\u00e9n\u00e9ralement cr\u00e9dible. Ils sont au total 350 prisonniers \u00e0 b\u00e9n\u00e9ficier de cette gr\u00e2ce pr\u00e9sidentielle.<\/p>\n<p>L\u2019annonce \u00e9tait attendue du chef de l\u2019Etat \u00e0 la veille du 1er Ao\u00fbt \u00e0 l\u2019occasion d\u2019un discours \u00e0 la nation. Mais le discours du chef de l\u2019Etat n\u2019a plus eu lieu compte tenu de l\u2019agenda tr\u00e8s serr\u00e9 d\u00fb notamment \u00e0 l\u2019inauguration \u00e0 Cotonou de trois nouveaux monuments et aux pr\u00e9paratifs d la f\u00eate du 1er Ao\u00fbt.<\/p>\n<p>La gr\u00e2ce pr\u00e9sidentielle permet au pr\u00e9sident de supprimer ou de r\u00e9duire la peine d\u2019une personne condamn\u00e9e. Il faut donc que la condamnation d\u2019un accus\u00e9 soit d\u00e9finitive pour b\u00e9n\u00e9ficier de la gr\u00e2ce pr\u00e9sidentielle.<\/p>\n<p>Il faut rappeler par ailleurs que pour b\u00e9n\u00e9ficier de la gr\u00e2ce pr\u00e9sidentielle, il faut r\u00e9unir certaines conditions. Elle n\u2019est donc pas donn\u00e9e selon l\u2019humeur du chef de l\u2019Etat. En effet, le chef de l\u2019Etat accorde la gr\u00e2ce pr\u00e9sidentielle avec l\u2019appui du conseil sup\u00e9rieur de la magistrature.<\/p>\n<p><strong>Pour plus d&rsquo;informations et d&rsquo;analyses sur la <a href=\"https:\/\/www.africa-press.net\/benin\">Benin<\/a>, suivez <a href=\"https:\/\/www.africa-press.net\/\">Africa-Press<\/a><\/strong><\/p>\n","protected":false},"excerpt":{"rendered":"<p>Africa-Press &#8211; Benin. Une vague de 350 prisonniers des diff\u00e9rentes prisons du B\u00e9nin ont re\u00e7u la gr\u00e2ce pr\u00e9sidentielle. Une gr\u00e2ce accord\u00e9e par le pr\u00e9sident Patrice Talon au lendemain de la f\u00eate des 62 ans d\u2019accession du B\u00e9nin \u00e0 la souverainet\u00e9 internationale. Plusieurs personnes gard\u00e9es en d\u00e9tention dans diff\u00e9rentes prisons du B\u00e9nin ont b\u00e9n\u00e9fici\u00e9 de la [&hellip;]<\/p>\n","protected":false},"author":82,"featured_media":7869,"comment_status":"open","ping_status":"closed","sticky":false,"template":"","format":"standard","meta":{"footnotes":""},"categories":[21,11,10],"tags":[36,50,45],"class_list":["post-7870","post","type-post","status-publish","format-standard","has-post-thumbnail","hentry","category-communaute","category-homepage-french","category-toutes-les-actualites","tag-africa-press","tag-africa-press-benin","tag-benin"],"yoast_head":"<!-- This site is optimized with the Yoast SEO Premium plugin v26.1 (Yoast SEO v27.0) - https:\/\/yoast.com\/product\/yoast-seo-premium-wordpress\/ -->\n<title>B\u00e9nin: pr\u00e8s de 400 prisonniers graci\u00e9s par Patrice Talon - B\u00e9nin<\/title>\n<meta name=\"description\" content=\"Une vague de 350 prisonniers des diff\u00e9rentes prisons du B\u00e9nin ont re\u00e7u la gr\u00e2ce pr\u00e9sidentielle. Une gr\u00e2ce accord\u00e9e par l ...\" \/>\n<meta name=\"robots\" content=\"index, follow, max-snippet:-1, max-image-preview:large, max-video-preview:-1\" \/>\n<link rel=\"canonical\" href=\"https:\/\/www.africa-press.net\/benin\/toutes-les-actualites\/benin-pres-de-400-prisonniers-gracies-par-patrice-talon\" \/>\n<meta property=\"og:locale\" content=\"fr_FR\" \/>\n<meta property=\"og:type\" content=\"article\" \/>\n<meta property=\"og:title\" content=\"B\u00e9nin: pr\u00e8s de 400 prisonniers graci\u00e9s par Patrice Talon\" \/>\n<meta property=\"og:description\" content=\"Une vague de 350 prisonniers des diff\u00e9rentes prisons du B\u00e9nin ont re\u00e7u la gr\u00e2ce pr\u00e9sidentielle. Une gr\u00e2ce accord\u00e9e par l ...\" \/>\n<meta property=\"og:url\" content=\"https:\/\/www.africa-press.net\/benin\/toutes-les-actualites\/benin-pres-de-400-prisonniers-gracies-par-patrice-talon\" \/>\n<meta property=\"og:site_name\" content=\"B\u00e9nin\" \/>\n<meta property=\"article:published_time\" content=\"2022-08-14T22:17:41+00:00\" \/>\n<meta property=\"article:modified_time\" content=\"2022-08-14T22:29:05+00:00\" \/>\n<meta property=\"og:image\" content=\"https:\/\/static.africa-press.net\/benin\/sites\/46\/2022\/08\/postQueueImg_15-62f9771b539a6.jpg\" \/>\n\t<meta property=\"og:image:width\" content=\"1300\" \/>\n\t<meta property=\"og:image:height\" content=\"730\" \/>\n\t<meta property=\"og:image:type\" content=\"image\/jpeg\" \/>\n<meta name=\"author\" content=\"cfeditorfr\" \/>\n<meta name=\"twitter:card\" content=\"summary_large_image\" \/>\n<meta name=\"twitter:label1\" content=\"\u00c9crit par\" \/>\n\t<meta name=\"twitter:data1\" content=\"cfeditorfr\" \/>\n\t<meta name=\"twitter:label2\" content=\"Dur\u00e9e de lecture estim\u00e9e\" \/>\n\t<meta name=\"twitter:data2\" content=\"2 minutes\" \/>\n<script type=\"application\/ld+json\" class=\"yoast-schema-graph\">{\"@context\":\"https:\/\/schema.org\",\"@graph\":[{\"@type\":\"Article\",\"@id\":\"https:\/\/www.africa-press.net\/benin\/toutes-les-actualites\/benin-pres-de-400-prisonniers-gracies-par-patrice-talon#article\",\"isPartOf\":{\"@id\":\"https:\/\/www.africa-press.net\/benin\/toutes-les-actualites\/benin-pres-de-400-prisonniers-gracies-par-patrice-talon\"},\"author\":{\"name\":\"cfeditorfr\",\"@id\":\"https:\/\/www.africa-press.net\/benin\/#\/schema\/person\/2b1cf3cd81a31e3cd26889ca66d677f1\"},\"headline\":\"B\u00e9nin: pr\u00e8s de 400 prisonniers graci\u00e9s par Patrice Talon\",\"datePublished\":\"2022-08-14T22:17:41+00:00\",\"dateModified\":\"2022-08-14T22:29:05+00:00\",\"mainEntityOfPage\":{\"@id\":\"https:\/\/www.africa-press.net\/benin\/toutes-les-actualites\/benin-pres-de-400-prisonniers-gracies-par-patrice-talon\"},\"wordCount\":287,\"commentCount\":0,\"image\":{\"@id\":\"https:\/\/www.africa-press.net\/benin\/toutes-les-actualites\/benin-pres-de-400-prisonniers-gracies-par-patrice-talon#primaryimage\"},\"thumbnailUrl\":\"https:\/\/static.africa-press.net\/benin\/sites\/46\/2022\/08\/postQueueImg_15-62f9771b539a6.jpg\",\"keywords\":[\"Africa Press\",\"Africa Press-Benin\",\"B\u00e9nin\"],\"articleSection\":[\"Communaut\u00e9\",\"homepage-french\",\"Toutes les actualit\u00e9s\"],\"inLanguage\":\"fr-FR\",\"potentialAction\":[{\"@type\":\"CommentAction\",\"name\":\"Comment\",\"target\":[\"https:\/\/www.africa-press.net\/benin\/toutes-les-actualites\/benin-pres-de-400-prisonniers-gracies-par-patrice-talon#respond\"]}]},{\"@type\":\"WebPage\",\"@id\":\"https:\/\/www.africa-press.net\/benin\/toutes-les-actualites\/benin-pres-de-400-prisonniers-gracies-par-patrice-talon\",\"url\":\"https:\/\/www.africa-press.net\/benin\/toutes-les-actualites\/benin-pres-de-400-prisonniers-gracies-par-patrice-talon\",\"name\":\"B\u00e9nin: pr\u00e8s de 400 prisonniers graci\u00e9s par Patrice Talon - B\u00e9nin\",\"isPartOf\":{\"@id\":\"https:\/\/www.africa-press.net\/benin\/#website\"},\"primaryImageOfPage\":{\"@id\":\"https:\/\/www.africa-press.net\/benin\/toutes-les-actualites\/benin-pres-de-400-prisonniers-gracies-par-patrice-talon#primaryimage\"},\"image\":{\"@id\":\"https:\/\/www.africa-press.net\/benin\/toutes-les-actualites\/benin-pres-de-400-prisonniers-gracies-par-patrice-talon#primaryimage\"},\"thumbnailUrl\":\"https:\/\/static.africa-press.net\/benin\/sites\/46\/2022\/08\/postQueueImg_15-62f9771b539a6.jpg\",\"datePublished\":\"2022-08-14T22:17:41+00:00\",\"dateModified\":\"2022-08-14T22:29:05+00:00\",\"author\":{\"@id\":\"https:\/\/www.africa-press.net\/benin\/#\/schema\/person\/2b1cf3cd81a31e3cd26889ca66d677f1\"},\"description\":\"Une vague de 350 prisonniers des diff\u00e9rentes prisons du B\u00e9nin ont re\u00e7u la gr\u00e2ce pr\u00e9sidentielle. Une gr\u00e2ce accord\u00e9e par l ...\",\"breadcrumb\":{\"@id\":\"https:\/\/www.africa-press.net\/benin\/toutes-les-actualites\/benin-pres-de-400-prisonniers-gracies-par-patrice-talon#breadcrumb\"},\"inLanguage\":\"fr-FR\",\"potentialAction\":[{\"@type\":\"ReadAction\",\"target\":[\"https:\/\/www.africa-press.net\/benin\/toutes-les-actualites\/benin-pres-de-400-prisonniers-gracies-par-patrice-talon\"]}]},{\"@type\":\"ImageObject\",\"inLanguage\":\"fr-FR\",\"@id\":\"https:\/\/www.africa-press.net\/benin\/toutes-les-actualites\/benin-pres-de-400-prisonniers-gracies-par-patrice-talon#primaryimage\",\"url\":\"https:\/\/static.africa-press.net\/benin\/sites\/46\/2022\/08\/postQueueImg_15-62f9771b539a6.jpg\",\"contentUrl\":\"https:\/\/static.africa-press.net\/benin\/sites\/46\/2022\/08\/postQueueImg_15-62f9771b539a6.jpg\",\"width\":1300,\"height\":730,\"caption\":\"B\u00e9nin: pr\u00e8s de 400 prisonniers graci\u00e9s par Patrice Talon\"},{\"@type\":\"BreadcrumbList\",\"@id\":\"https:\/\/www.africa-press.net\/benin\/toutes-les-actualites\/benin-pres-de-400-prisonniers-gracies-par-patrice-talon#breadcrumb\",\"itemListElement\":[{\"@type\":\"ListItem\",\"position\":1,\"name\":\"Accueil\",\"item\":\"https:\/\/www.africa-press.net\/benin\/\"},{\"@type\":\"ListItem\",\"position\":2,\"name\":\"B\u00e9nin: pr\u00e8s de 400 prisonniers graci\u00e9s par Patrice Talon\"}]},{\"@type\":\"WebSite\",\"@id\":\"https:\/\/www.africa-press.net\/benin\/#website\",\"url\":\"https:\/\/www.africa-press.net\/benin\/\",\"name\":\"B\u00e9nin\",\"description\":\"Just another Africa News Agency Sites site\",\"potentialAction\":[{\"@type\":\"SearchAction\",\"target\":{\"@type\":\"EntryPoint\",\"urlTemplate\":\"https:\/\/www.africa-press.net\/benin\/?s={search_term_string}\"},\"query-input\":{\"@type\":\"PropertyValueSpecification\",\"valueRequired\":true,\"valueName\":\"search_term_string\"}}],\"inLanguage\":\"fr-FR\"},{\"@type\":\"Person\",\"@id\":\"https:\/\/www.africa-press.net\/benin\/#\/schema\/person\/2b1cf3cd81a31e3cd26889ca66d677f1\",\"name\":\"cfeditorfr\"}]}<\/script>\n<!-- \/ Yoast SEO Premium plugin. -->","yoast_head_json":{"title":"B\u00e9nin: pr\u00e8s de 400 prisonniers graci\u00e9s par Patrice Talon - B\u00e9nin","description":"Une vague de 350 prisonniers des diff\u00e9rentes prisons du B\u00e9nin ont re\u00e7u la gr\u00e2ce pr\u00e9sidentielle. Une gr\u00e2ce accord\u00e9e par l ...","robots":{"index":"index","follow":"follow","max-snippet":"max-snippet:-1","max-image-preview":"max-image-preview:large","max-video-preview":"max-video-preview:-1"},"canonical":"https:\/\/www.africa-press.net\/benin\/toutes-les-actualites\/benin-pres-de-400-prisonniers-gracies-par-patrice-talon","og_locale":"fr_FR","og_type":"article","og_title":"B\u00e9nin: pr\u00e8s de 400 prisonniers graci\u00e9s par Patrice Talon","og_description":"Une vague de 350 prisonniers des diff\u00e9rentes prisons du B\u00e9nin ont re\u00e7u la gr\u00e2ce pr\u00e9sidentielle. Une gr\u00e2ce accord\u00e9e par l ...","og_url":"https:\/\/www.africa-press.net\/benin\/toutes-les-actualites\/benin-pres-de-400-prisonniers-gracies-par-patrice-talon","og_site_name":"B\u00e9nin","article_published_time":"2022-08-14T22:17:41+00:00","article_modified_time":"2022-08-14T22:29:05+00:00","og_image":[{"width":1300,"height":730,"url":"https:\/\/static.africa-press.net\/benin\/sites\/46\/2022\/08\/postQueueImg_15-62f9771b539a6.jpg","type":"image\/jpeg"}],"author":"cfeditorfr","twitter_card":"summary_large_image","twitter_misc":{"\u00c9crit par":"cfeditorfr","Dur\u00e9e de lecture estim\u00e9e":"2 minutes"},"schema":{"@context":"https:\/\/schema.org","@graph":[{"@type":"Article","@id":"https:\/\/www.africa-press.net\/benin\/toutes-les-actualites\/benin-pres-de-400-prisonniers-gracies-par-patrice-talon#article","isPartOf":{"@id":"https:\/\/www.africa-press.net\/benin\/toutes-les-actualites\/benin-pres-de-400-prisonniers-gracies-par-patrice-talon"},"author":{"name":"cfeditorfr","@id":"https:\/\/www.africa-press.net\/benin\/#\/schema\/person\/2b1cf3cd81a31e3cd26889ca66d677f1"},"headline":"B\u00e9nin: pr\u00e8s de 400 prisonniers graci\u00e9s par Patrice Talon","datePublished":"2022-08-14T22:17:41+00:00","dateModified":"2022-08-14T22:29:05+00:00","mainEntityOfPage":{"@id":"https:\/\/www.africa-press.net\/benin\/toutes-les-actualites\/benin-pres-de-400-prisonniers-gracies-par-patrice-talon"},"wordCount":287,"commentCount":0,"image":{"@id":"https:\/\/www.africa-press.net\/benin\/toutes-les-actualites\/benin-pres-de-400-prisonniers-gracies-par-patrice-talon#primaryimage"},"thumbnailUrl":"https:\/\/static.africa-press.net\/benin\/sites\/46\/2022\/08\/postQueueImg_15-62f9771b539a6.jpg","keywords":["Africa Press","Africa Press-Benin","B\u00e9nin"],"articleSection":["Communaut\u00e9","homepage-french","Toutes les actualit\u00e9s"],"inLanguage":"fr-FR","potentialAction":[{"@type":"CommentAction","name":"Comment","target":["https:\/\/www.africa-press.net\/benin\/toutes-les-actualites\/benin-pres-de-400-prisonniers-gracies-par-patrice-talon#respond"]}]},{"@type":"WebPage","@id":"https:\/\/www.africa-press.net\/benin\/toutes-les-actualites\/benin-pres-de-400-prisonniers-gracies-par-patrice-talon","url":"https:\/\/www.africa-press.net\/benin\/toutes-les-actualites\/benin-pres-de-400-prisonniers-gracies-par-patrice-talon","name":"B\u00e9nin: pr\u00e8s de 400 prisonniers graci\u00e9s par Patrice Talon - B\u00e9nin","isPartOf":{"@id":"https:\/\/www.africa-press.net\/benin\/#website"},"primaryImageOfPage":{"@id":"https:\/\/www.africa-press.net\/benin\/toutes-les-actualites\/benin-pres-de-400-prisonniers-gracies-par-patrice-talon#primaryimage"},"image":{"@id":"https:\/\/www.africa-press.net\/benin\/toutes-les-actualites\/benin-pres-de-400-prisonniers-gracies-par-patrice-talon#primaryimage"},"thumbnailUrl":"https:\/\/static.africa-press.net\/benin\/sites\/46\/2022\/08\/postQueueImg_15-62f9771b539a6.jpg","datePublished":"2022-08-14T22:17:41+00:00","dateModified":"2022-08-14T22:29:05+00:00","author":{"@id":"https:\/\/www.africa-press.net\/benin\/#\/schema\/person\/2b1cf3cd81a31e3cd26889ca66d677f1"},"description":"Une vague de 350 prisonniers des diff\u00e9rentes prisons du B\u00e9nin ont re\u00e7u la gr\u00e2ce pr\u00e9sidentielle. Une gr\u00e2ce accord\u00e9e par l ...","breadcrumb":{"@id":"https:\/\/www.africa-press.net\/benin\/toutes-les-actualites\/benin-pres-de-400-prisonniers-gracies-par-patrice-talon#breadcrumb"},"inLanguage":"fr-FR","potentialAction":[{"@type":"ReadAction","target":["https:\/\/www.africa-press.net\/benin\/toutes-les-actualites\/benin-pres-de-400-prisonniers-gracies-par-patrice-talon"]}]},{"@type":"ImageObject","inLanguage":"fr-FR","@id":"https:\/\/www.africa-press.net\/benin\/toutes-les-actualites\/benin-pres-de-400-prisonniers-gracies-par-patrice-talon#primaryimage","url":"https:\/\/static.africa-press.net\/benin\/sites\/46\/2022\/08\/postQueueImg_15-62f9771b539a6.jpg","contentUrl":"https:\/\/static.africa-press.net\/benin\/sites\/46\/2022\/08\/postQueueImg_15-62f9771b539a6.jpg","width":1300,"height":730,"caption":"B\u00e9nin: pr\u00e8s de 400 prisonniers graci\u00e9s par Patrice Talon"},{"@type":"BreadcrumbList","@id":"https:\/\/www.africa-press.net\/benin\/toutes-les-actualites\/benin-pres-de-400-prisonniers-gracies-par-patrice-talon#breadcrumb","itemListElement":[{"@type":"ListItem","position":1,"name":"Accueil","item":"https:\/\/www.africa-press.net\/benin\/"},{"@type":"ListItem","position":2,"name":"B\u00e9nin: pr\u00e8s de 400 prisonniers graci\u00e9s par Patrice Talon"}]},{"@type":"WebSite","@id":"https:\/\/www.africa-press.net\/benin\/#website","url":"https:\/\/www.africa-press.net\/benin\/","name":"B\u00e9nin","description":"Just another Africa News Agency Sites site","potentialAction":[{"@type":"SearchAction","target":{"@type":"EntryPoint","urlTemplate":"https:\/\/www.africa-press.net\/benin\/?s={search_term_string}"},"query-input":{"@type":"PropertyValueSpecification","valueRequired":true,"valueName":"search_term_string"}}],"inLanguage":"fr-FR"},{"@type":"Person","@id":"https:\/\/www.africa-press.net\/benin\/#\/schema\/person\/2b1cf3cd81a31e3cd26889ca66d677f1","name":"cfeditorfr"}]}},"_links":{"self":[{"href":"https:\/\/www.africa-press.net\/benin\/wp-json\/wp\/v2\/posts\/7870","targetHints":{"allow":["GET"]}}],"collection":[{"href":"https:\/\/www.africa-press.net\/benin\/wp-json\/wp\/v2\/posts"}],"about":[{"href":"https:\/\/www.africa-press.net\/benin\/wp-json\/wp\/v2\/types\/post"}],"author":[{"embeddable":true,"href":"https:\/\/www.africa-press.net\/benin\/wp-json\/wp\/v2\/users\/82"}],"replies":[{"embeddable":true,"href":"https:\/\/www.africa-press.net\/benin\/wp-json\/wp\/v2\/comments?post=7870"}],"version-history":[{"count":0,"href":"https:\/\/www.africa-press.net\/benin\/wp-json\/wp\/v2\/posts\/7870\/revisions"}],"wp:featuredmedia":[{"embeddable":true,"href":"https:\/\/www.africa-press.net\/benin\/wp-json\/wp\/v2\/media\/7869"}],"wp:attachment":[{"href":"https:\/\/www.africa-press.net\/benin\/wp-json\/wp\/v2\/media?parent=7870"}],"wp:term":[{"taxonomy":"category","embeddable":true,"href":"https:\/\/www.africa-press.net\/benin\/wp-json\/wp\/v2\/categories?post=7870"},{"taxonomy":"post_tag","embeddable":true,"href":"https:\/\/www.africa-press.net\/benin\/wp-json\/wp\/v2\/tags?post=7870"}],"curies":[{"name":"wp","href":"https:\/\/api.w.org\/{rel}","templated":true}]}}