{"id":7873,"date":"2022-08-14T22:17:48","date_gmt":"2022-08-14T22:17:48","guid":{"rendered":"https:\/\/www.africa-press.net\/benin\/politique\/cnpa-liste-integrale-des-membres-du-nouveau-bureau-elu"},"modified":"2022-08-14T22:29:35","modified_gmt":"2022-08-14T22:29:35","slug":"cnpa-liste-integrale-des-membres-du-nouveau-bureau-elu","status":"publish","type":"post","link":"https:\/\/www.africa-press.net\/benin\/politique\/cnpa-liste-integrale-des-membres-du-nouveau-bureau-elu","title":{"rendered":"CNPA: liste int\u00e9grale des membres du nouveau Bureau \u00e9lu"},"content":{"rendered":"<p><span style=\"color: #ff6600\"><strong>Africa-Press &#8211; Benin. <\/strong><\/span>Le jeudi 11 Ao\u00fbt dernier, le conseil national de la presse et de l\u2019audiovisuelle (cnpa) a proc\u00e9d\u00e9 \u00e0 l\u2019\u00e9lection de son nouveau Bureau au terme de l\u2019assembl\u00e9e ordinaire de l\u2019organisation fa\u00eeti\u00e8re qui s\u2019est tenue dans les locaux de la maison des m\u00e9dias \u00e0 Cotonou.<\/p>\n<p>Un nouveau bureau est \u00e9lu pour conduire le conseil national de la presse et de l\u2019audiovisuelle (cnpa). L\u2019\u00e9lection des membres du nouveau bureau a eu lieu au terme de l\u2019assembl\u00e9e g\u00e9n\u00e9rale ordinaire, le jeudi 11 Ao\u00fbt dernier.<\/p>\n<p>A l\u2019issue de l\u2019\u00e9lection, Evariste Hodonou qui vient de boucler un mandat de trois ans est reconduit \u00e0 la t\u00eate d\u2019un nouveau bureau. \u00ab Je voudrais prendre le ferme engagement et ensemble avec le nouveau bureau, \u00e0 faire du Cnpa pour les trois ans \u00e0 venir une institution de d\u00e9veloppement de la presse et d\u2019accompagnement cons\u00e9quent des bonnes actions publiques qui s\u2019inscrivent dans le champ \u00e9conomique et social\u00ab , s\u2019est engag\u00e9 l\u2019ancien nouveau pr\u00e9sident.<\/p>\n<p>Il entend faire du cnpa ensemble avec le nouveau bureau une institution de d\u00e9veloppement de la presse et d\u2019accompagnement cons\u00e9quent des bonnes actions publiques qui s\u2019inscrivent dans le champ \u00e9conomique et social.<\/p>\n<p>\u00ab Le nouveau bureau qui vient d\u2019\u00eatre install\u00e9 devra continuer \u00e0 assainir le Cnpa, notre maison commune afin que nul ne vienne \u00e0 la salir et y installer des souillures pr\u00e9judiciables \u00e0 sa cr\u00e9dibilit\u00e9 et \u00e0 sa notabilit\u00e9 \u00bb, a fait savoir Evariste Hodonou.<\/p>\n<p>Liste du nouveau bureau<\/p>\n<p>PRESIDENT<\/p>\n<p>Evariste HODONOU<\/p>\n<p>VICE-PRESIDENT CHARGE DES RADIOS COMMERCIALES :<\/p>\n<p>Rodrigue AZINNONGBE<\/p>\n<p>VICE-PRESIDENT CHARGE DE LA PRESSE \u00c9CRITE ET DES NOUVEAUX MEDIAS :<\/p>\n<p>Brice OGOUBIYI<\/p>\n<p>VICE-PRESIDENT CHARGE DES RADIOS COMMUNAUTAIRES, ASSOCIATIVES ET CONFESSIONNELLES<\/p>\n<p>Richard FASSINOU<\/p>\n<p>VICE-PRESIDENT CHARGE DES TELEVISIONS<\/p>\n<p>Berthe MENSAN<\/p>\n<p>SECRETAIRE GENERAL :<\/p>\n<p>Euloge OKAMBAWA<\/p>\n<p>SECRETAIRE GENERAL ADJOINT CHARGES DES AFFAIRES JURIDIQUES<\/p>\n<p>T\u00e9l\u00e9phone SEKOU RADIO<\/p>\n<p>TRESORIER GENERAL :<\/p>\n<p>S\u00e9bastien GUIDI<\/p>\n<p>TRESORIER GENERAL ADJOINT :<\/p>\n<p>Cherif RIWANOU<\/p>\n<p>SECRETAIRE A L\u2019ORGANISATION :<\/p>\n<p>Sylvestre SOSSOU<\/p>\n<p>SECRETAIRE ADJOINT A L\u2019ORGANISATION :<\/p>\n<p>Adamou AYOUBA<\/p>\n<p>SECRETAIRE A LA FORMATION :<\/p>\n<p>Maliki LALEYE<\/p>\n<p>SECRETAIRE ADJOINT A LA FORMATION :<\/p>\n<p>Magloire DATO<\/p>\n<p>SECRETAIRE A LA COMMUNICATION ET AUX RELATIONS PUBLIQUES, PORTE-PAROLE<\/p>\n<p>: Adrien ATINKPATO<\/p>\n<p>SECRETAIRE ADJOINT A LA COMMUNICATION ET AUX RELATIONS PUBLIQUES :<\/p>\n<p>Malfrick DJEKLOUNON<\/p>\n<p>SECRETAIRE AUX TIC ET AU NUMERIQUE<\/p>\n<p>: Raoul HOUNSOUNOU<\/p>\n<p>SECRETAIRE ADJOINT AUX TIC ET AU NUMERIQUE :<\/p>\n<p>Maurille CARLOS<\/p>\n<p>SECRETAIRE AUX AFFAIRES SOCIALES :<\/p>\n<p>Judica\u00ebl HOUNWANOU<\/p>\n<p>SECRETAIRE ADJOINT AUX AFFAIRES SOCIALES :<\/p>\n<p>Michel AHONON<\/p>\n<p>DELEGATIONS DEPARTEMENTALES<\/p>\n<p>ATLANTIQUE-LITTORAL<\/p>\n<p>Edouard SOSSOU-GAH<\/p>\n<p>MONO-COUFFO<\/p>\n<p>Paul ANANOU<\/p>\n<p>OUEME-PLATEAU<\/p>\n<p>Marc KOSSOU<\/p>\n<p>ZOU-COLLINES<\/p>\n<p>Florian GBAGUIDI<\/p>\n<p>BORGOU-ALIBORI<\/p>\n<p>Boni MADOUGOU<\/p>\n<p>ATACORA-DONGA<\/p>\n<p>Sayo SARE<\/p>\n<p>COMMISSARIAT AUX COMPTES<\/p>\n<p>1er COMMISSAIRE COMPTES<\/p>\n<p>Herbert HOUGNINBO<\/p>\n<p>2\u00e8me COMMISSAIRE AUX COMPTES<\/p>\n<p>Firmin GBEKAN<\/p>\n<p><strong>Pour plus d&rsquo;informations et d&rsquo;analyses sur la <a href=\"https:\/\/www.africa-press.net\/benin\">Benin<\/a>, suivez <a href=\"https:\/\/www.africa-press.net\/\">Africa-Press<\/a><\/strong><\/p>\n","protected":false},"excerpt":{"rendered":"<p>Africa-Press &#8211; Benin. Le jeudi 11 Ao\u00fbt dernier, le conseil national de la presse et de l\u2019audiovisuelle (cnpa) a proc\u00e9d\u00e9 \u00e0 l\u2019\u00e9lection de son nouveau Bureau au terme de l\u2019assembl\u00e9e ordinaire de l\u2019organisation fa\u00eeti\u00e8re qui s\u2019est tenue dans les locaux de la maison des m\u00e9dias \u00e0 Cotonou. Un nouveau bureau est \u00e9lu pour conduire le [&hellip;]<\/p>\n","protected":false},"author":82,"featured_media":7872,"comment_status":"open","ping_status":"closed","sticky":false,"template":"","format":"standard","meta":{"footnotes":""},"categories":[11,2,10],"tags":[36,50,45],"class_list":["post-7873","post","type-post","status-publish","format-standard","has-post-thumbnail","hentry","category-homepage-french","category-politique","category-toutes-les-actualites","tag-africa-press","tag-africa-press-benin","tag-benin"],"yoast_head":"<!-- This site is optimized with the Yoast SEO Premium plugin v26.1 (Yoast SEO v27.0) - https:\/\/yoast.com\/product\/yoast-seo-premium-wordpress\/ -->\n<title>CNPA: liste int\u00e9grale des membres du nouveau Bureau \u00e9lu - B\u00e9nin<\/title>\n<meta name=\"description\" content=\"Le jeudi 11 Ao\u00fbt dernier, le conseil national de la presse et de l\u2019audiovisuelle (cnpa) a proc\u00e9d\u00e9 \u00e0 l\u2019\u00e9lection de son no ...\" \/>\n<meta name=\"robots\" content=\"index, follow, max-snippet:-1, max-image-preview:large, max-video-preview:-1\" \/>\n<link rel=\"canonical\" href=\"https:\/\/www.africa-press.net\/benin\/politique\/cnpa-liste-integrale-des-membres-du-nouveau-bureau-elu\" \/>\n<meta property=\"og:locale\" content=\"fr_FR\" \/>\n<meta property=\"og:type\" content=\"article\" \/>\n<meta property=\"og:title\" content=\"CNPA: liste int\u00e9grale des membres du nouveau Bureau \u00e9lu\" \/>\n<meta property=\"og:description\" content=\"Le jeudi 11 Ao\u00fbt dernier, le conseil national de la presse et de l\u2019audiovisuelle (cnpa) a proc\u00e9d\u00e9 \u00e0 l\u2019\u00e9lection de son no ...\" \/>\n<meta property=\"og:url\" content=\"https:\/\/www.africa-press.net\/benin\/politique\/cnpa-liste-integrale-des-membres-du-nouveau-bureau-elu\" \/>\n<meta property=\"og:site_name\" content=\"B\u00e9nin\" \/>\n<meta property=\"article:published_time\" content=\"2022-08-14T22:17:48+00:00\" \/>\n<meta property=\"article:modified_time\" content=\"2022-08-14T22:29:35+00:00\" \/>\n<meta property=\"og:image\" content=\"https:\/\/static.africa-press.net\/benin\/sites\/46\/2022\/08\/postQueueImg_16-62f977384a87b.jpg\" \/>\n\t<meta property=\"og:image:width\" content=\"1500\" \/>\n\t<meta property=\"og:image:height\" content=\"800\" \/>\n\t<meta property=\"og:image:type\" content=\"image\/jpeg\" \/>\n<meta name=\"author\" content=\"cfeditorfr\" \/>\n<meta name=\"twitter:card\" content=\"summary_large_image\" \/>\n<meta name=\"twitter:label1\" content=\"\u00c9crit par\" \/>\n\t<meta name=\"twitter:data1\" content=\"cfeditorfr\" \/>\n\t<meta name=\"twitter:label2\" content=\"Dur\u00e9e de lecture estim\u00e9e\" \/>\n\t<meta name=\"twitter:data2\" content=\"3 minutes\" \/>\n<script type=\"application\/ld+json\" class=\"yoast-schema-graph\">{\"@context\":\"https:\/\/schema.org\",\"@graph\":[{\"@type\":\"Article\",\"@id\":\"https:\/\/www.africa-press.net\/benin\/politique\/cnpa-liste-integrale-des-membres-du-nouveau-bureau-elu#article\",\"isPartOf\":{\"@id\":\"https:\/\/www.africa-press.net\/benin\/politique\/cnpa-liste-integrale-des-membres-du-nouveau-bureau-elu\"},\"author\":{\"name\":\"cfeditorfr\",\"@id\":\"https:\/\/www.africa-press.net\/benin\/#\/schema\/person\/2b1cf3cd81a31e3cd26889ca66d677f1\"},\"headline\":\"CNPA: liste int\u00e9grale des membres du nouveau Bureau \u00e9lu\",\"datePublished\":\"2022-08-14T22:17:48+00:00\",\"dateModified\":\"2022-08-14T22:29:35+00:00\",\"mainEntityOfPage\":{\"@id\":\"https:\/\/www.africa-press.net\/benin\/politique\/cnpa-liste-integrale-des-membres-du-nouveau-bureau-elu\"},\"wordCount\":458,\"commentCount\":0,\"image\":{\"@id\":\"https:\/\/www.africa-press.net\/benin\/politique\/cnpa-liste-integrale-des-membres-du-nouveau-bureau-elu#primaryimage\"},\"thumbnailUrl\":\"https:\/\/static.africa-press.net\/benin\/sites\/46\/2022\/08\/postQueueImg_16-62f977384a87b.jpg\",\"keywords\":[\"Africa Press\",\"Africa Press-Benin\",\"B\u00e9nin\"],\"articleSection\":[\"homepage-french\",\"Politique\",\"Toutes les actualit\u00e9s\"],\"inLanguage\":\"fr-FR\",\"potentialAction\":[{\"@type\":\"CommentAction\",\"name\":\"Comment\",\"target\":[\"https:\/\/www.africa-press.net\/benin\/politique\/cnpa-liste-integrale-des-membres-du-nouveau-bureau-elu#respond\"]}]},{\"@type\":\"WebPage\",\"@id\":\"https:\/\/www.africa-press.net\/benin\/politique\/cnpa-liste-integrale-des-membres-du-nouveau-bureau-elu\",\"url\":\"https:\/\/www.africa-press.net\/benin\/politique\/cnpa-liste-integrale-des-membres-du-nouveau-bureau-elu\",\"name\":\"CNPA: liste int\u00e9grale des membres du nouveau Bureau \u00e9lu - B\u00e9nin\",\"isPartOf\":{\"@id\":\"https:\/\/www.africa-press.net\/benin\/#website\"},\"primaryImageOfPage\":{\"@id\":\"https:\/\/www.africa-press.net\/benin\/politique\/cnpa-liste-integrale-des-membres-du-nouveau-bureau-elu#primaryimage\"},\"image\":{\"@id\":\"https:\/\/www.africa-press.net\/benin\/politique\/cnpa-liste-integrale-des-membres-du-nouveau-bureau-elu#primaryimage\"},\"thumbnailUrl\":\"https:\/\/static.africa-press.net\/benin\/sites\/46\/2022\/08\/postQueueImg_16-62f977384a87b.jpg\",\"datePublished\":\"2022-08-14T22:17:48+00:00\",\"dateModified\":\"2022-08-14T22:29:35+00:00\",\"author\":{\"@id\":\"https:\/\/www.africa-press.net\/benin\/#\/schema\/person\/2b1cf3cd81a31e3cd26889ca66d677f1\"},\"description\":\"Le jeudi 11 Ao\u00fbt dernier, le conseil national de la presse et de l\u2019audiovisuelle (cnpa) a proc\u00e9d\u00e9 \u00e0 l\u2019\u00e9lection de son no ...\",\"breadcrumb\":{\"@id\":\"https:\/\/www.africa-press.net\/benin\/politique\/cnpa-liste-integrale-des-membres-du-nouveau-bureau-elu#breadcrumb\"},\"inLanguage\":\"fr-FR\",\"potentialAction\":[{\"@type\":\"ReadAction\",\"target\":[\"https:\/\/www.africa-press.net\/benin\/politique\/cnpa-liste-integrale-des-membres-du-nouveau-bureau-elu\"]}]},{\"@type\":\"ImageObject\",\"inLanguage\":\"fr-FR\",\"@id\":\"https:\/\/www.africa-press.net\/benin\/politique\/cnpa-liste-integrale-des-membres-du-nouveau-bureau-elu#primaryimage\",\"url\":\"https:\/\/static.africa-press.net\/benin\/sites\/46\/2022\/08\/postQueueImg_16-62f977384a87b.jpg\",\"contentUrl\":\"https:\/\/static.africa-press.net\/benin\/sites\/46\/2022\/08\/postQueueImg_16-62f977384a87b.jpg\",\"width\":1500,\"height\":800,\"caption\":\"CNPA: liste int\u00e9grale des membres du nouveau Bureau \u00e9lu\"},{\"@type\":\"BreadcrumbList\",\"@id\":\"https:\/\/www.africa-press.net\/benin\/politique\/cnpa-liste-integrale-des-membres-du-nouveau-bureau-elu#breadcrumb\",\"itemListElement\":[{\"@type\":\"ListItem\",\"position\":1,\"name\":\"Accueil\",\"item\":\"https:\/\/www.africa-press.net\/benin\/\"},{\"@type\":\"ListItem\",\"position\":2,\"name\":\"CNPA: liste int\u00e9grale des membres du nouveau Bureau \u00e9lu\"}]},{\"@type\":\"WebSite\",\"@id\":\"https:\/\/www.africa-press.net\/benin\/#website\",\"url\":\"https:\/\/www.africa-press.net\/benin\/\",\"name\":\"B\u00e9nin\",\"description\":\"Just another Africa News Agency Sites site\",\"potentialAction\":[{\"@type\":\"SearchAction\",\"target\":{\"@type\":\"EntryPoint\",\"urlTemplate\":\"https:\/\/www.africa-press.net\/benin\/?s={search_term_string}\"},\"query-input\":{\"@type\":\"PropertyValueSpecification\",\"valueRequired\":true,\"valueName\":\"search_term_string\"}}],\"inLanguage\":\"fr-FR\"},{\"@type\":\"Person\",\"@id\":\"https:\/\/www.africa-press.net\/benin\/#\/schema\/person\/2b1cf3cd81a31e3cd26889ca66d677f1\",\"name\":\"cfeditorfr\"}]}<\/script>\n<!-- \/ Yoast SEO Premium plugin. -->","yoast_head_json":{"title":"CNPA: liste int\u00e9grale des membres du nouveau Bureau \u00e9lu - B\u00e9nin","description":"Le jeudi 11 Ao\u00fbt dernier, le conseil national de la presse et de l\u2019audiovisuelle (cnpa) a proc\u00e9d\u00e9 \u00e0 l\u2019\u00e9lection de son no ...","robots":{"index":"index","follow":"follow","max-snippet":"max-snippet:-1","max-image-preview":"max-image-preview:large","max-video-preview":"max-video-preview:-1"},"canonical":"https:\/\/www.africa-press.net\/benin\/politique\/cnpa-liste-integrale-des-membres-du-nouveau-bureau-elu","og_locale":"fr_FR","og_type":"article","og_title":"CNPA: liste int\u00e9grale des membres du nouveau Bureau \u00e9lu","og_description":"Le jeudi 11 Ao\u00fbt dernier, le conseil national de la presse et de l\u2019audiovisuelle (cnpa) a proc\u00e9d\u00e9 \u00e0 l\u2019\u00e9lection de son no ...","og_url":"https:\/\/www.africa-press.net\/benin\/politique\/cnpa-liste-integrale-des-membres-du-nouveau-bureau-elu","og_site_name":"B\u00e9nin","article_published_time":"2022-08-14T22:17:48+00:00","article_modified_time":"2022-08-14T22:29:35+00:00","og_image":[{"width":1500,"height":800,"url":"https:\/\/static.africa-press.net\/benin\/sites\/46\/2022\/08\/postQueueImg_16-62f977384a87b.jpg","type":"image\/jpeg"}],"author":"cfeditorfr","twitter_card":"summary_large_image","twitter_misc":{"\u00c9crit par":"cfeditorfr","Dur\u00e9e de lecture estim\u00e9e":"3 minutes"},"schema":{"@context":"https:\/\/schema.org","@graph":[{"@type":"Article","@id":"https:\/\/www.africa-press.net\/benin\/politique\/cnpa-liste-integrale-des-membres-du-nouveau-bureau-elu#article","isPartOf":{"@id":"https:\/\/www.africa-press.net\/benin\/politique\/cnpa-liste-integrale-des-membres-du-nouveau-bureau-elu"},"author":{"name":"cfeditorfr","@id":"https:\/\/www.africa-press.net\/benin\/#\/schema\/person\/2b1cf3cd81a31e3cd26889ca66d677f1"},"headline":"CNPA: liste int\u00e9grale des membres du nouveau Bureau \u00e9lu","datePublished":"2022-08-14T22:17:48+00:00","dateModified":"2022-08-14T22:29:35+00:00","mainEntityOfPage":{"@id":"https:\/\/www.africa-press.net\/benin\/politique\/cnpa-liste-integrale-des-membres-du-nouveau-bureau-elu"},"wordCount":458,"commentCount":0,"image":{"@id":"https:\/\/www.africa-press.net\/benin\/politique\/cnpa-liste-integrale-des-membres-du-nouveau-bureau-elu#primaryimage"},"thumbnailUrl":"https:\/\/static.africa-press.net\/benin\/sites\/46\/2022\/08\/postQueueImg_16-62f977384a87b.jpg","keywords":["Africa Press","Africa Press-Benin","B\u00e9nin"],"articleSection":["homepage-french","Politique","Toutes les actualit\u00e9s"],"inLanguage":"fr-FR","potentialAction":[{"@type":"CommentAction","name":"Comment","target":["https:\/\/www.africa-press.net\/benin\/politique\/cnpa-liste-integrale-des-membres-du-nouveau-bureau-elu#respond"]}]},{"@type":"WebPage","@id":"https:\/\/www.africa-press.net\/benin\/politique\/cnpa-liste-integrale-des-membres-du-nouveau-bureau-elu","url":"https:\/\/www.africa-press.net\/benin\/politique\/cnpa-liste-integrale-des-membres-du-nouveau-bureau-elu","name":"CNPA: liste int\u00e9grale des membres du nouveau Bureau \u00e9lu - B\u00e9nin","isPartOf":{"@id":"https:\/\/www.africa-press.net\/benin\/#website"},"primaryImageOfPage":{"@id":"https:\/\/www.africa-press.net\/benin\/politique\/cnpa-liste-integrale-des-membres-du-nouveau-bureau-elu#primaryimage"},"image":{"@id":"https:\/\/www.africa-press.net\/benin\/politique\/cnpa-liste-integrale-des-membres-du-nouveau-bureau-elu#primaryimage"},"thumbnailUrl":"https:\/\/static.africa-press.net\/benin\/sites\/46\/2022\/08\/postQueueImg_16-62f977384a87b.jpg","datePublished":"2022-08-14T22:17:48+00:00","dateModified":"2022-08-14T22:29:35+00:00","author":{"@id":"https:\/\/www.africa-press.net\/benin\/#\/schema\/person\/2b1cf3cd81a31e3cd26889ca66d677f1"},"description":"Le jeudi 11 Ao\u00fbt dernier, le conseil national de la presse et de l\u2019audiovisuelle (cnpa) a proc\u00e9d\u00e9 \u00e0 l\u2019\u00e9lection de son no ...","breadcrumb":{"@id":"https:\/\/www.africa-press.net\/benin\/politique\/cnpa-liste-integrale-des-membres-du-nouveau-bureau-elu#breadcrumb"},"inLanguage":"fr-FR","potentialAction":[{"@type":"ReadAction","target":["https:\/\/www.africa-press.net\/benin\/politique\/cnpa-liste-integrale-des-membres-du-nouveau-bureau-elu"]}]},{"@type":"ImageObject","inLanguage":"fr-FR","@id":"https:\/\/www.africa-press.net\/benin\/politique\/cnpa-liste-integrale-des-membres-du-nouveau-bureau-elu#primaryimage","url":"https:\/\/static.africa-press.net\/benin\/sites\/46\/2022\/08\/postQueueImg_16-62f977384a87b.jpg","contentUrl":"https:\/\/static.africa-press.net\/benin\/sites\/46\/2022\/08\/postQueueImg_16-62f977384a87b.jpg","width":1500,"height":800,"caption":"CNPA: liste int\u00e9grale des membres du nouveau Bureau \u00e9lu"},{"@type":"BreadcrumbList","@id":"https:\/\/www.africa-press.net\/benin\/politique\/cnpa-liste-integrale-des-membres-du-nouveau-bureau-elu#breadcrumb","itemListElement":[{"@type":"ListItem","position":1,"name":"Accueil","item":"https:\/\/www.africa-press.net\/benin\/"},{"@type":"ListItem","position":2,"name":"CNPA: liste int\u00e9grale des membres du nouveau Bureau \u00e9lu"}]},{"@type":"WebSite","@id":"https:\/\/www.africa-press.net\/benin\/#website","url":"https:\/\/www.africa-press.net\/benin\/","name":"B\u00e9nin","description":"Just another Africa News Agency Sites site","potentialAction":[{"@type":"SearchAction","target":{"@type":"EntryPoint","urlTemplate":"https:\/\/www.africa-press.net\/benin\/?s={search_term_string}"},"query-input":{"@type":"PropertyValueSpecification","valueRequired":true,"valueName":"search_term_string"}}],"inLanguage":"fr-FR"},{"@type":"Person","@id":"https:\/\/www.africa-press.net\/benin\/#\/schema\/person\/2b1cf3cd81a31e3cd26889ca66d677f1","name":"cfeditorfr"}]}},"_links":{"self":[{"href":"https:\/\/www.africa-press.net\/benin\/wp-json\/wp\/v2\/posts\/7873","targetHints":{"allow":["GET"]}}],"collection":[{"href":"https:\/\/www.africa-press.net\/benin\/wp-json\/wp\/v2\/posts"}],"about":[{"href":"https:\/\/www.africa-press.net\/benin\/wp-json\/wp\/v2\/types\/post"}],"author":[{"embeddable":true,"href":"https:\/\/www.africa-press.net\/benin\/wp-json\/wp\/v2\/users\/82"}],"replies":[{"embeddable":true,"href":"https:\/\/www.africa-press.net\/benin\/wp-json\/wp\/v2\/comments?post=7873"}],"version-history":[{"count":0,"href":"https:\/\/www.africa-press.net\/benin\/wp-json\/wp\/v2\/posts\/7873\/revisions"}],"wp:featuredmedia":[{"embeddable":true,"href":"https:\/\/www.africa-press.net\/benin\/wp-json\/wp\/v2\/media\/7872"}],"wp:attachment":[{"href":"https:\/\/www.africa-press.net\/benin\/wp-json\/wp\/v2\/media?parent=7873"}],"wp:term":[{"taxonomy":"category","embeddable":true,"href":"https:\/\/www.africa-press.net\/benin\/wp-json\/wp\/v2\/categories?post=7873"},{"taxonomy":"post_tag","embeddable":true,"href":"https:\/\/www.africa-press.net\/benin\/wp-json\/wp\/v2\/tags?post=7873"}],"curies":[{"name":"wp","href":"https:\/\/api.w.org\/{rel}","templated":true}]}}