{"id":7879,"date":"2022-08-14T22:18:06","date_gmt":"2022-08-14T22:18:06","guid":{"rendered":"https:\/\/www.africa-press.net\/benin\/politique\/benin-un-presume-braqueur-repris-de-justice-interpelle-a-nikki"},"modified":"2022-08-14T22:30:35","modified_gmt":"2022-08-14T22:30:35","slug":"benin-un-presume-braqueur-repris-de-justice-interpelle-a-nikki","status":"publish","type":"post","link":"https:\/\/www.africa-press.net\/benin\/toutes-les-actualites\/benin-un-presume-braqueur-repris-de-justice-interpelle-a-nikki","title":{"rendered":"B\u00e9nin: un pr\u00e9sum\u00e9 braqueur, repris de justice interpell\u00e9 \u00e0 Nikki"},"content":{"rendered":"<p><span style=\"color: #ff6600\"><strong>Africa-Press &#8211; Benin. <\/strong><\/span>La police r\u00e9publicaine a interpell\u00e9 un pr\u00e9sum\u00e9 malfrat \u00e0 Gnonkourou, dans la commune de Nikki. Il est tomb\u00e9 dans les filets de la police qui a d\u00e9cid\u00e9 depuis quelques semaines de mener une op\u00e9ration coup de poing, pour la qui\u00e9tude des habitants de la localit\u00e9.<\/p>\n<p>Un repris de justice a \u00e9t\u00e9 arr\u00eat\u00e9 \u00e0 Nikki par la police r\u00e9publicaine. Il est soup\u00e7onn\u00e9 d\u2019\u00eatre \u00e0 la t\u00eate d\u2019un r\u00e9seau de braqueur op\u00e9rant \u00e0 Gnonkourou. L\u2019op\u00e9ration a \u00e9t\u00e9 men\u00e9e par les \u00e9l\u00e9ments du commissariat de Niro o\u00f9 le mis en cause est gard\u00e9 \u00e0 vue.<\/p>\n<p>Ces derniers jours, l\u2019ins\u00e9curit\u00e9 a pris de l\u2019ampleur dans la localit\u00e9. Selon la radio locale SU TII DERA, le dernier braquage en date remonte \u00e0 d\u00e9but ao\u00fbt 2022. La victime est un jeune policier. Il avait \u00e9t\u00e9 bless\u00e9 par les hors-la-loi.<\/p>\n<p><strong>Pour plus d&rsquo;informations et d&rsquo;analyses sur la <a href=\"https:\/\/www.africa-press.net\/benin\">Benin<\/a>, suivez <a href=\"https:\/\/www.africa-press.net\/\">Africa-Press<\/a><\/strong><\/p>\n","protected":false},"excerpt":{"rendered":"<p>Africa-Press &#8211; Benin. La police r\u00e9publicaine a interpell\u00e9 un pr\u00e9sum\u00e9 malfrat \u00e0 Gnonkourou, dans la commune de Nikki. Il est tomb\u00e9 dans les filets de la police qui a d\u00e9cid\u00e9 depuis quelques semaines de mener une op\u00e9ration coup de poing, pour la qui\u00e9tude des habitants de la localit\u00e9. Un repris de justice a \u00e9t\u00e9 arr\u00eat\u00e9 [&hellip;]<\/p>\n","protected":false},"author":82,"featured_media":7878,"comment_status":"open","ping_status":"closed","sticky":false,"template":"","format":"standard","meta":{"footnotes":""},"categories":[21,11,10],"tags":[36,50,45],"class_list":["post-7879","post","type-post","status-publish","format-standard","has-post-thumbnail","hentry","category-communaute","category-homepage-french","category-toutes-les-actualites","tag-africa-press","tag-africa-press-benin","tag-benin"],"yoast_head":"<!-- This site is optimized with the Yoast SEO Premium plugin v26.1 (Yoast SEO v27.0) - https:\/\/yoast.com\/product\/yoast-seo-premium-wordpress\/ -->\n<title>B\u00e9nin: un pr\u00e9sum\u00e9 braqueur, repris de justice interpell\u00e9 \u00e0 Nikki - B\u00e9nin<\/title>\n<meta name=\"description\" content=\"La police r\u00e9publicaine a interpell\u00e9 un pr\u00e9sum\u00e9 malfrat \u00e0 Gnonkourou, dans la commune de Nikki. Il est tomb\u00e9 dans les fil ...\" \/>\n<meta name=\"robots\" content=\"index, follow, max-snippet:-1, max-image-preview:large, max-video-preview:-1\" \/>\n<link rel=\"canonical\" href=\"https:\/\/www.africa-press.net\/benin\/toutes-les-actualites\/benin-un-presume-braqueur-repris-de-justice-interpelle-a-nikki\" \/>\n<meta property=\"og:locale\" content=\"fr_FR\" \/>\n<meta property=\"og:type\" content=\"article\" \/>\n<meta property=\"og:title\" content=\"B\u00e9nin: un pr\u00e9sum\u00e9 braqueur, repris de justice interpell\u00e9 \u00e0 Nikki\" \/>\n<meta property=\"og:description\" content=\"La police r\u00e9publicaine a interpell\u00e9 un pr\u00e9sum\u00e9 malfrat \u00e0 Gnonkourou, dans la commune de Nikki. Il est tomb\u00e9 dans les fil ...\" \/>\n<meta property=\"og:url\" content=\"https:\/\/www.africa-press.net\/benin\/toutes-les-actualites\/benin-un-presume-braqueur-repris-de-justice-interpelle-a-nikki\" \/>\n<meta property=\"og:site_name\" content=\"B\u00e9nin\" \/>\n<meta property=\"article:published_time\" content=\"2022-08-14T22:18:06+00:00\" \/>\n<meta property=\"article:modified_time\" content=\"2022-08-14T22:30:35+00:00\" \/>\n<meta property=\"og:image\" content=\"https:\/\/static.africa-press.net\/benin\/sites\/46\/2022\/08\/postQueueImg_18-62f9777478228.jpg\" \/>\n\t<meta property=\"og:image:width\" content=\"1280\" \/>\n\t<meta property=\"og:image:height\" content=\"798\" \/>\n\t<meta property=\"og:image:type\" content=\"image\/jpeg\" \/>\n<meta name=\"author\" content=\"cfeditorfr\" \/>\n<meta name=\"twitter:card\" content=\"summary_large_image\" \/>\n<meta name=\"twitter:label1\" content=\"\u00c9crit par\" \/>\n\t<meta name=\"twitter:data1\" content=\"cfeditorfr\" \/>\n\t<meta name=\"twitter:label2\" content=\"Dur\u00e9e de lecture estim\u00e9e\" \/>\n\t<meta name=\"twitter:data2\" content=\"1 minute\" \/>\n<script type=\"application\/ld+json\" class=\"yoast-schema-graph\">{\"@context\":\"https:\/\/schema.org\",\"@graph\":[{\"@type\":\"Article\",\"@id\":\"https:\/\/www.africa-press.net\/benin\/toutes-les-actualites\/benin-un-presume-braqueur-repris-de-justice-interpelle-a-nikki#article\",\"isPartOf\":{\"@id\":\"https:\/\/www.africa-press.net\/benin\/toutes-les-actualites\/benin-un-presume-braqueur-repris-de-justice-interpelle-a-nikki\"},\"author\":{\"name\":\"cfeditorfr\",\"@id\":\"https:\/\/www.africa-press.net\/benin\/#\/schema\/person\/2b1cf3cd81a31e3cd26889ca66d677f1\"},\"headline\":\"B\u00e9nin: un pr\u00e9sum\u00e9 braqueur, repris de justice interpell\u00e9 \u00e0 Nikki\",\"datePublished\":\"2022-08-14T22:18:06+00:00\",\"dateModified\":\"2022-08-14T22:30:35+00:00\",\"mainEntityOfPage\":{\"@id\":\"https:\/\/www.africa-press.net\/benin\/toutes-les-actualites\/benin-un-presume-braqueur-repris-de-justice-interpelle-a-nikki\"},\"wordCount\":174,\"commentCount\":0,\"image\":{\"@id\":\"https:\/\/www.africa-press.net\/benin\/toutes-les-actualites\/benin-un-presume-braqueur-repris-de-justice-interpelle-a-nikki#primaryimage\"},\"thumbnailUrl\":\"https:\/\/static.africa-press.net\/benin\/sites\/46\/2022\/08\/postQueueImg_18-62f9777478228.jpg\",\"keywords\":[\"Africa Press\",\"Africa Press-Benin\",\"B\u00e9nin\"],\"articleSection\":[\"Communaut\u00e9\",\"homepage-french\",\"Toutes les actualit\u00e9s\"],\"inLanguage\":\"fr-FR\",\"potentialAction\":[{\"@type\":\"CommentAction\",\"name\":\"Comment\",\"target\":[\"https:\/\/www.africa-press.net\/benin\/toutes-les-actualites\/benin-un-presume-braqueur-repris-de-justice-interpelle-a-nikki#respond\"]}]},{\"@type\":\"WebPage\",\"@id\":\"https:\/\/www.africa-press.net\/benin\/toutes-les-actualites\/benin-un-presume-braqueur-repris-de-justice-interpelle-a-nikki\",\"url\":\"https:\/\/www.africa-press.net\/benin\/toutes-les-actualites\/benin-un-presume-braqueur-repris-de-justice-interpelle-a-nikki\",\"name\":\"B\u00e9nin: un pr\u00e9sum\u00e9 braqueur, repris de justice interpell\u00e9 \u00e0 Nikki - B\u00e9nin\",\"isPartOf\":{\"@id\":\"https:\/\/www.africa-press.net\/benin\/#website\"},\"primaryImageOfPage\":{\"@id\":\"https:\/\/www.africa-press.net\/benin\/toutes-les-actualites\/benin-un-presume-braqueur-repris-de-justice-interpelle-a-nikki#primaryimage\"},\"image\":{\"@id\":\"https:\/\/www.africa-press.net\/benin\/toutes-les-actualites\/benin-un-presume-braqueur-repris-de-justice-interpelle-a-nikki#primaryimage\"},\"thumbnailUrl\":\"https:\/\/static.africa-press.net\/benin\/sites\/46\/2022\/08\/postQueueImg_18-62f9777478228.jpg\",\"datePublished\":\"2022-08-14T22:18:06+00:00\",\"dateModified\":\"2022-08-14T22:30:35+00:00\",\"author\":{\"@id\":\"https:\/\/www.africa-press.net\/benin\/#\/schema\/person\/2b1cf3cd81a31e3cd26889ca66d677f1\"},\"description\":\"La police r\u00e9publicaine a interpell\u00e9 un pr\u00e9sum\u00e9 malfrat \u00e0 Gnonkourou, dans la commune de Nikki. Il est tomb\u00e9 dans les fil ...\",\"breadcrumb\":{\"@id\":\"https:\/\/www.africa-press.net\/benin\/toutes-les-actualites\/benin-un-presume-braqueur-repris-de-justice-interpelle-a-nikki#breadcrumb\"},\"inLanguage\":\"fr-FR\",\"potentialAction\":[{\"@type\":\"ReadAction\",\"target\":[\"https:\/\/www.africa-press.net\/benin\/toutes-les-actualites\/benin-un-presume-braqueur-repris-de-justice-interpelle-a-nikki\"]}]},{\"@type\":\"ImageObject\",\"inLanguage\":\"fr-FR\",\"@id\":\"https:\/\/www.africa-press.net\/benin\/toutes-les-actualites\/benin-un-presume-braqueur-repris-de-justice-interpelle-a-nikki#primaryimage\",\"url\":\"https:\/\/static.africa-press.net\/benin\/sites\/46\/2022\/08\/postQueueImg_18-62f9777478228.jpg\",\"contentUrl\":\"https:\/\/static.africa-press.net\/benin\/sites\/46\/2022\/08\/postQueueImg_18-62f9777478228.jpg\",\"width\":1280,\"height\":798,\"caption\":\"B\u00e9nin: un pr\u00e9sum\u00e9 braqueur, repris de justice interpell\u00e9 \u00e0 Nikki\"},{\"@type\":\"BreadcrumbList\",\"@id\":\"https:\/\/www.africa-press.net\/benin\/toutes-les-actualites\/benin-un-presume-braqueur-repris-de-justice-interpelle-a-nikki#breadcrumb\",\"itemListElement\":[{\"@type\":\"ListItem\",\"position\":1,\"name\":\"Accueil\",\"item\":\"https:\/\/www.africa-press.net\/benin\/\"},{\"@type\":\"ListItem\",\"position\":2,\"name\":\"B\u00e9nin: un pr\u00e9sum\u00e9 braqueur, repris de justice interpell\u00e9 \u00e0 Nikki\"}]},{\"@type\":\"WebSite\",\"@id\":\"https:\/\/www.africa-press.net\/benin\/#website\",\"url\":\"https:\/\/www.africa-press.net\/benin\/\",\"name\":\"B\u00e9nin\",\"description\":\"Just another Africa News Agency Sites site\",\"potentialAction\":[{\"@type\":\"SearchAction\",\"target\":{\"@type\":\"EntryPoint\",\"urlTemplate\":\"https:\/\/www.africa-press.net\/benin\/?s={search_term_string}\"},\"query-input\":{\"@type\":\"PropertyValueSpecification\",\"valueRequired\":true,\"valueName\":\"search_term_string\"}}],\"inLanguage\":\"fr-FR\"},{\"@type\":\"Person\",\"@id\":\"https:\/\/www.africa-press.net\/benin\/#\/schema\/person\/2b1cf3cd81a31e3cd26889ca66d677f1\",\"name\":\"cfeditorfr\"}]}<\/script>\n<!-- \/ Yoast SEO Premium plugin. -->","yoast_head_json":{"title":"B\u00e9nin: un pr\u00e9sum\u00e9 braqueur, repris de justice interpell\u00e9 \u00e0 Nikki - B\u00e9nin","description":"La police r\u00e9publicaine a interpell\u00e9 un pr\u00e9sum\u00e9 malfrat \u00e0 Gnonkourou, dans la commune de Nikki. Il est tomb\u00e9 dans les fil ...","robots":{"index":"index","follow":"follow","max-snippet":"max-snippet:-1","max-image-preview":"max-image-preview:large","max-video-preview":"max-video-preview:-1"},"canonical":"https:\/\/www.africa-press.net\/benin\/toutes-les-actualites\/benin-un-presume-braqueur-repris-de-justice-interpelle-a-nikki","og_locale":"fr_FR","og_type":"article","og_title":"B\u00e9nin: un pr\u00e9sum\u00e9 braqueur, repris de justice interpell\u00e9 \u00e0 Nikki","og_description":"La police r\u00e9publicaine a interpell\u00e9 un pr\u00e9sum\u00e9 malfrat \u00e0 Gnonkourou, dans la commune de Nikki. Il est tomb\u00e9 dans les fil ...","og_url":"https:\/\/www.africa-press.net\/benin\/toutes-les-actualites\/benin-un-presume-braqueur-repris-de-justice-interpelle-a-nikki","og_site_name":"B\u00e9nin","article_published_time":"2022-08-14T22:18:06+00:00","article_modified_time":"2022-08-14T22:30:35+00:00","og_image":[{"width":1280,"height":798,"url":"https:\/\/static.africa-press.net\/benin\/sites\/46\/2022\/08\/postQueueImg_18-62f9777478228.jpg","type":"image\/jpeg"}],"author":"cfeditorfr","twitter_card":"summary_large_image","twitter_misc":{"\u00c9crit par":"cfeditorfr","Dur\u00e9e de lecture estim\u00e9e":"1 minute"},"schema":{"@context":"https:\/\/schema.org","@graph":[{"@type":"Article","@id":"https:\/\/www.africa-press.net\/benin\/toutes-les-actualites\/benin-un-presume-braqueur-repris-de-justice-interpelle-a-nikki#article","isPartOf":{"@id":"https:\/\/www.africa-press.net\/benin\/toutes-les-actualites\/benin-un-presume-braqueur-repris-de-justice-interpelle-a-nikki"},"author":{"name":"cfeditorfr","@id":"https:\/\/www.africa-press.net\/benin\/#\/schema\/person\/2b1cf3cd81a31e3cd26889ca66d677f1"},"headline":"B\u00e9nin: un pr\u00e9sum\u00e9 braqueur, repris de justice interpell\u00e9 \u00e0 Nikki","datePublished":"2022-08-14T22:18:06+00:00","dateModified":"2022-08-14T22:30:35+00:00","mainEntityOfPage":{"@id":"https:\/\/www.africa-press.net\/benin\/toutes-les-actualites\/benin-un-presume-braqueur-repris-de-justice-interpelle-a-nikki"},"wordCount":174,"commentCount":0,"image":{"@id":"https:\/\/www.africa-press.net\/benin\/toutes-les-actualites\/benin-un-presume-braqueur-repris-de-justice-interpelle-a-nikki#primaryimage"},"thumbnailUrl":"https:\/\/static.africa-press.net\/benin\/sites\/46\/2022\/08\/postQueueImg_18-62f9777478228.jpg","keywords":["Africa Press","Africa Press-Benin","B\u00e9nin"],"articleSection":["Communaut\u00e9","homepage-french","Toutes les actualit\u00e9s"],"inLanguage":"fr-FR","potentialAction":[{"@type":"CommentAction","name":"Comment","target":["https:\/\/www.africa-press.net\/benin\/toutes-les-actualites\/benin-un-presume-braqueur-repris-de-justice-interpelle-a-nikki#respond"]}]},{"@type":"WebPage","@id":"https:\/\/www.africa-press.net\/benin\/toutes-les-actualites\/benin-un-presume-braqueur-repris-de-justice-interpelle-a-nikki","url":"https:\/\/www.africa-press.net\/benin\/toutes-les-actualites\/benin-un-presume-braqueur-repris-de-justice-interpelle-a-nikki","name":"B\u00e9nin: un pr\u00e9sum\u00e9 braqueur, repris de justice interpell\u00e9 \u00e0 Nikki - B\u00e9nin","isPartOf":{"@id":"https:\/\/www.africa-press.net\/benin\/#website"},"primaryImageOfPage":{"@id":"https:\/\/www.africa-press.net\/benin\/toutes-les-actualites\/benin-un-presume-braqueur-repris-de-justice-interpelle-a-nikki#primaryimage"},"image":{"@id":"https:\/\/www.africa-press.net\/benin\/toutes-les-actualites\/benin-un-presume-braqueur-repris-de-justice-interpelle-a-nikki#primaryimage"},"thumbnailUrl":"https:\/\/static.africa-press.net\/benin\/sites\/46\/2022\/08\/postQueueImg_18-62f9777478228.jpg","datePublished":"2022-08-14T22:18:06+00:00","dateModified":"2022-08-14T22:30:35+00:00","author":{"@id":"https:\/\/www.africa-press.net\/benin\/#\/schema\/person\/2b1cf3cd81a31e3cd26889ca66d677f1"},"description":"La police r\u00e9publicaine a interpell\u00e9 un pr\u00e9sum\u00e9 malfrat \u00e0 Gnonkourou, dans la commune de Nikki. Il est tomb\u00e9 dans les fil ...","breadcrumb":{"@id":"https:\/\/www.africa-press.net\/benin\/toutes-les-actualites\/benin-un-presume-braqueur-repris-de-justice-interpelle-a-nikki#breadcrumb"},"inLanguage":"fr-FR","potentialAction":[{"@type":"ReadAction","target":["https:\/\/www.africa-press.net\/benin\/toutes-les-actualites\/benin-un-presume-braqueur-repris-de-justice-interpelle-a-nikki"]}]},{"@type":"ImageObject","inLanguage":"fr-FR","@id":"https:\/\/www.africa-press.net\/benin\/toutes-les-actualites\/benin-un-presume-braqueur-repris-de-justice-interpelle-a-nikki#primaryimage","url":"https:\/\/static.africa-press.net\/benin\/sites\/46\/2022\/08\/postQueueImg_18-62f9777478228.jpg","contentUrl":"https:\/\/static.africa-press.net\/benin\/sites\/46\/2022\/08\/postQueueImg_18-62f9777478228.jpg","width":1280,"height":798,"caption":"B\u00e9nin: un pr\u00e9sum\u00e9 braqueur, repris de justice interpell\u00e9 \u00e0 Nikki"},{"@type":"BreadcrumbList","@id":"https:\/\/www.africa-press.net\/benin\/toutes-les-actualites\/benin-un-presume-braqueur-repris-de-justice-interpelle-a-nikki#breadcrumb","itemListElement":[{"@type":"ListItem","position":1,"name":"Accueil","item":"https:\/\/www.africa-press.net\/benin\/"},{"@type":"ListItem","position":2,"name":"B\u00e9nin: un pr\u00e9sum\u00e9 braqueur, repris de justice interpell\u00e9 \u00e0 Nikki"}]},{"@type":"WebSite","@id":"https:\/\/www.africa-press.net\/benin\/#website","url":"https:\/\/www.africa-press.net\/benin\/","name":"B\u00e9nin","description":"Just another Africa News Agency Sites site","potentialAction":[{"@type":"SearchAction","target":{"@type":"EntryPoint","urlTemplate":"https:\/\/www.africa-press.net\/benin\/?s={search_term_string}"},"query-input":{"@type":"PropertyValueSpecification","valueRequired":true,"valueName":"search_term_string"}}],"inLanguage":"fr-FR"},{"@type":"Person","@id":"https:\/\/www.africa-press.net\/benin\/#\/schema\/person\/2b1cf3cd81a31e3cd26889ca66d677f1","name":"cfeditorfr"}]}},"_links":{"self":[{"href":"https:\/\/www.africa-press.net\/benin\/wp-json\/wp\/v2\/posts\/7879","targetHints":{"allow":["GET"]}}],"collection":[{"href":"https:\/\/www.africa-press.net\/benin\/wp-json\/wp\/v2\/posts"}],"about":[{"href":"https:\/\/www.africa-press.net\/benin\/wp-json\/wp\/v2\/types\/post"}],"author":[{"embeddable":true,"href":"https:\/\/www.africa-press.net\/benin\/wp-json\/wp\/v2\/users\/82"}],"replies":[{"embeddable":true,"href":"https:\/\/www.africa-press.net\/benin\/wp-json\/wp\/v2\/comments?post=7879"}],"version-history":[{"count":0,"href":"https:\/\/www.africa-press.net\/benin\/wp-json\/wp\/v2\/posts\/7879\/revisions"}],"wp:featuredmedia":[{"embeddable":true,"href":"https:\/\/www.africa-press.net\/benin\/wp-json\/wp\/v2\/media\/7878"}],"wp:attachment":[{"href":"https:\/\/www.africa-press.net\/benin\/wp-json\/wp\/v2\/media?parent=7879"}],"wp:term":[{"taxonomy":"category","embeddable":true,"href":"https:\/\/www.africa-press.net\/benin\/wp-json\/wp\/v2\/categories?post=7879"},{"taxonomy":"post_tag","embeddable":true,"href":"https:\/\/www.africa-press.net\/benin\/wp-json\/wp\/v2\/tags?post=7879"}],"curies":[{"name":"wp","href":"https:\/\/api.w.org\/{rel}","templated":true}]}}