{"id":7885,"date":"2022-08-15T23:16:48","date_gmt":"2022-08-15T23:16:48","guid":{"rendered":"https:\/\/www.africa-press.net\/benin\/politique\/la-fusion-up-prd-sera-une-catastrophe-selon-guy-mitokpe"},"modified":"2022-08-15T23:24:37","modified_gmt":"2022-08-15T23:24:37","slug":"la-fusion-up-prd-sera-une-catastrophe-selon-guy-mitokpe","status":"publish","type":"post","link":"https:\/\/www.africa-press.net\/benin\/politique\/la-fusion-up-prd-sera-une-catastrophe-selon-guy-mitokpe","title":{"rendered":"\u00ab\u00a0La fusion UP-PRD\u00a0\u00bb sera une catastrophe selon Guy Mitokp\u00e8"},"content":{"rendered":"<p><span style=\"color: #ff6600\"><strong>Africa-Press &#8211; Benin. <\/strong><\/span>Le 20 Ao\u00fbt prochain, sauf changement de calendrier, un nouveau parti politique sera mis sous les fonts baptismaux. Il s\u2019agit du parti UPRD qui naitra de la mise en commun des actifs du parti union progressiste et du parti du renouveau d\u00e9mocratique. Une union que l\u2019honorable Guy Mitokp\u00e8 qualifie de catastrophe.<\/p>\n<p>L\u2019ancien d\u00e9put\u00e9 Guy Dossou Mitokp\u00e8 \u00e9tait l\u2019invit\u00e9 ce dimanche 14 Ao\u00fbt de la radio \u00ab oc\u00e9an fm \u00bb. Sur l\u2019\u00e9mission \u00ab Cartes sur table \u00bb, l\u2019ancien secr\u00e9taire g\u00e9n\u00e9ral du parti restaurer l\u2019espoir a opin\u00e9 sur plusieurs sujets d\u2019actualit\u00e9 dont l\u2019union entre le parti du renouveau d\u00e9mocratique de Me Adrien Houngb\u00e9dji et du parti Union Progressiste pr\u00e9sid\u00e9 par le professeur Joseph Djogb\u00e9nou.<\/p>\n<p>Evoquant ce projet entre ces deux formations politiques ; l\u2019ancien parlementaire trouve dans le parti politique en gestation, une catastrophe. Si l\u2019ambition de cette union est de remporter les l\u00e9gislatives du 08 Janvier 2023, l\u2019ex secr\u00e9taire g\u00e9n\u00e9ral du parti RE entrevoit plut\u00f4t un \u00e9chec cuisant.<\/p>\n<p>\u00ab Ce mariage n\u2019est pas souhait\u00e9, parce qu\u2019il s\u2019agit de 02 personnes malades de la dr\u00e9panocytose. Cette fusion est une catastrophe. Ce peuple est suffisamment m\u00fbr, et sait trancher \u00bb, a-t-il confi\u00e9.<\/p>\n<p>Pour l\u2019ancien d\u00e9put\u00e9 de la septi\u00e8me l\u00e9gislature, peu importe les alliances auxquelles vont s\u2019adonner les blocs de la mouvance pr\u00e9sidentielle, ils connaitront un \u00e9chec cuisant. Selon lui, la mouvance n\u2019a aucune chance de se tirer d\u2019affaire lors des \u00e9lections l\u00e9gislatives de 2023. \u00ab Les \u00e9lections l\u00e9gislatives de 2023 seront un \u00e9chec cuisant pour la mouvance, car ces \u00e9lections seront un r\u00e9f\u00e9rendum pour le peuple d\u2019appr\u00e9cier la 8\u00e8me l\u00e9gislature qui n\u2019a rien apport\u00e9 de concret \u00bb, a fait savoir Guy Dossou Mitokp\u00e8.<\/p>\n<p>Ancien membre du parti restaurer l\u2019Espoir de l\u2019ancien ministre d\u00e9l\u00e9gu\u00e9 charg\u00e9 de la d\u00e9fense nationale, Candide Azanna\u00ef, l\u2019honorable Guy Dossou Mitokp\u00e8 y a d\u00e9missionn\u00e9 le 12 Avril dernier. Officiellement, l\u2019acteur politique n\u2019a encore atterri dans aucune formation politique. Il serait toujours dans les n\u00e9gociations selon ses propres dires.<\/p>\n<p>D\u00e9put\u00e9 de la septi\u00e8me l\u00e9gislature, Guy Dossou Mitokp\u00e8 se dit toujours oppos\u00e9 \u00e0 la vision politique du pr\u00e9sident Patrice Talon. Il compte revenir au parlement \u00e0 l\u2019issue des \u00e9lections l\u00e9gislatives du 08 Janvier 2023. L\u2019homme continue les n\u00e9gociations pour voir quel parti politique de l\u2019opposition pourrait le positionner sur sa liste. C\u2019est pourquoi il pr\u00e9dit un \u00e9chec pour la mouvance lors des l\u00e9gislatives prochaines.<\/p>\n<p><strong>Pour plus d&rsquo;informations et d&rsquo;analyses sur la <a href=\"https:\/\/www.africa-press.net\/benin\">Benin<\/a>, suivez <a href=\"https:\/\/www.africa-press.net\/\">Africa-Press<\/a><\/strong><\/p>\n","protected":false},"excerpt":{"rendered":"<p>Africa-Press &#8211; Benin. Le 20 Ao\u00fbt prochain, sauf changement de calendrier, un nouveau parti politique sera mis sous les fonts baptismaux. Il s\u2019agit du parti UPRD qui naitra de la mise en commun des actifs du parti union progressiste et du parti du renouveau d\u00e9mocratique. Une union que l\u2019honorable Guy Mitokp\u00e8 qualifie de catastrophe. L\u2019ancien [&hellip;]<\/p>\n","protected":false},"author":82,"featured_media":7884,"comment_status":"open","ping_status":"closed","sticky":false,"template":"","format":"standard","meta":{"footnotes":""},"categories":[11,2,10],"tags":[36,50,45],"class_list":["post-7885","post","type-post","status-publish","format-standard","has-post-thumbnail","hentry","category-homepage-french","category-politique","category-toutes-les-actualites","tag-africa-press","tag-africa-press-benin","tag-benin"],"yoast_head":"<!-- This site is optimized with the Yoast SEO Premium plugin v26.1 (Yoast SEO v27.0) - https:\/\/yoast.com\/product\/yoast-seo-premium-wordpress\/ -->\n<title>\u00ab\u00a0La fusion UP-PRD\u00a0\u00bb sera une catastrophe selon Guy Mitokp\u00e8 - B\u00e9nin<\/title>\n<meta name=\"description\" content=\"Le 20 Ao\u00fbt prochain, sauf changement de calendrier, un nouveau parti politique sera mis sous les fonts baptismaux. Il s\u2019 ...\" \/>\n<meta name=\"robots\" content=\"index, follow, max-snippet:-1, max-image-preview:large, max-video-preview:-1\" \/>\n<link rel=\"canonical\" href=\"https:\/\/www.africa-press.net\/benin\/politique\/la-fusion-up-prd-sera-une-catastrophe-selon-guy-mitokpe\" \/>\n<meta property=\"og:locale\" content=\"fr_FR\" \/>\n<meta property=\"og:type\" content=\"article\" \/>\n<meta property=\"og:title\" content=\"\u00ab\u00a0La fusion UP-PRD\u00a0\u00bb sera une catastrophe selon Guy Mitokp\u00e8\" \/>\n<meta property=\"og:description\" content=\"Le 20 Ao\u00fbt prochain, sauf changement de calendrier, un nouveau parti politique sera mis sous les fonts baptismaux. Il s\u2019 ...\" \/>\n<meta property=\"og:url\" content=\"https:\/\/www.africa-press.net\/benin\/politique\/la-fusion-up-prd-sera-une-catastrophe-selon-guy-mitokpe\" \/>\n<meta property=\"og:site_name\" content=\"B\u00e9nin\" \/>\n<meta property=\"article:published_time\" content=\"2022-08-15T23:16:48+00:00\" \/>\n<meta property=\"article:modified_time\" content=\"2022-08-15T23:24:37+00:00\" \/>\n<meta property=\"og:image\" content=\"https:\/\/static.africa-press.net\/benin\/sites\/46\/2022\/08\/postQueueImg_15-62fad59a53cd6.jpg\" \/>\n\t<meta property=\"og:image:width\" content=\"1627\" \/>\n\t<meta property=\"og:image:height\" content=\"985\" \/>\n\t<meta property=\"og:image:type\" content=\"image\/jpeg\" \/>\n<meta name=\"author\" content=\"cfeditorfr\" \/>\n<meta name=\"twitter:card\" content=\"summary_large_image\" \/>\n<meta name=\"twitter:label1\" content=\"\u00c9crit par\" \/>\n\t<meta name=\"twitter:data1\" content=\"cfeditorfr\" \/>\n\t<meta name=\"twitter:label2\" content=\"Dur\u00e9e de lecture estim\u00e9e\" \/>\n\t<meta name=\"twitter:data2\" content=\"2 minutes\" \/>\n<script type=\"application\/ld+json\" class=\"yoast-schema-graph\">{\"@context\":\"https:\/\/schema.org\",\"@graph\":[{\"@type\":\"Article\",\"@id\":\"https:\/\/www.africa-press.net\/benin\/politique\/la-fusion-up-prd-sera-une-catastrophe-selon-guy-mitokpe#article\",\"isPartOf\":{\"@id\":\"https:\/\/www.africa-press.net\/benin\/politique\/la-fusion-up-prd-sera-une-catastrophe-selon-guy-mitokpe\"},\"author\":{\"name\":\"cfeditorfr\",\"@id\":\"https:\/\/www.africa-press.net\/benin\/#\/schema\/person\/2b1cf3cd81a31e3cd26889ca66d677f1\"},\"headline\":\"\u00ab\u00a0La fusion UP-PRD\u00a0\u00bb sera une catastrophe selon Guy Mitokp\u00e8\",\"datePublished\":\"2022-08-15T23:16:48+00:00\",\"dateModified\":\"2022-08-15T23:24:37+00:00\",\"mainEntityOfPage\":{\"@id\":\"https:\/\/www.africa-press.net\/benin\/politique\/la-fusion-up-prd-sera-une-catastrophe-selon-guy-mitokpe\"},\"wordCount\":457,\"commentCount\":0,\"image\":{\"@id\":\"https:\/\/www.africa-press.net\/benin\/politique\/la-fusion-up-prd-sera-une-catastrophe-selon-guy-mitokpe#primaryimage\"},\"thumbnailUrl\":\"https:\/\/static.africa-press.net\/benin\/sites\/46\/2022\/08\/postQueueImg_15-62fad59a53cd6.jpg\",\"keywords\":[\"Africa Press\",\"Africa Press-Benin\",\"B\u00e9nin\"],\"articleSection\":[\"homepage-french\",\"Politique\",\"Toutes les actualit\u00e9s\"],\"inLanguage\":\"fr-FR\",\"potentialAction\":[{\"@type\":\"CommentAction\",\"name\":\"Comment\",\"target\":[\"https:\/\/www.africa-press.net\/benin\/politique\/la-fusion-up-prd-sera-une-catastrophe-selon-guy-mitokpe#respond\"]}]},{\"@type\":\"WebPage\",\"@id\":\"https:\/\/www.africa-press.net\/benin\/politique\/la-fusion-up-prd-sera-une-catastrophe-selon-guy-mitokpe\",\"url\":\"https:\/\/www.africa-press.net\/benin\/politique\/la-fusion-up-prd-sera-une-catastrophe-selon-guy-mitokpe\",\"name\":\"\u00ab\u00a0La fusion UP-PRD\u00a0\u00bb sera une catastrophe selon Guy Mitokp\u00e8 - B\u00e9nin\",\"isPartOf\":{\"@id\":\"https:\/\/www.africa-press.net\/benin\/#website\"},\"primaryImageOfPage\":{\"@id\":\"https:\/\/www.africa-press.net\/benin\/politique\/la-fusion-up-prd-sera-une-catastrophe-selon-guy-mitokpe#primaryimage\"},\"image\":{\"@id\":\"https:\/\/www.africa-press.net\/benin\/politique\/la-fusion-up-prd-sera-une-catastrophe-selon-guy-mitokpe#primaryimage\"},\"thumbnailUrl\":\"https:\/\/static.africa-press.net\/benin\/sites\/46\/2022\/08\/postQueueImg_15-62fad59a53cd6.jpg\",\"datePublished\":\"2022-08-15T23:16:48+00:00\",\"dateModified\":\"2022-08-15T23:24:37+00:00\",\"author\":{\"@id\":\"https:\/\/www.africa-press.net\/benin\/#\/schema\/person\/2b1cf3cd81a31e3cd26889ca66d677f1\"},\"description\":\"Le 20 Ao\u00fbt prochain, sauf changement de calendrier, un nouveau parti politique sera mis sous les fonts baptismaux. Il s\u2019 ...\",\"breadcrumb\":{\"@id\":\"https:\/\/www.africa-press.net\/benin\/politique\/la-fusion-up-prd-sera-une-catastrophe-selon-guy-mitokpe#breadcrumb\"},\"inLanguage\":\"fr-FR\",\"potentialAction\":[{\"@type\":\"ReadAction\",\"target\":[\"https:\/\/www.africa-press.net\/benin\/politique\/la-fusion-up-prd-sera-une-catastrophe-selon-guy-mitokpe\"]}]},{\"@type\":\"ImageObject\",\"inLanguage\":\"fr-FR\",\"@id\":\"https:\/\/www.africa-press.net\/benin\/politique\/la-fusion-up-prd-sera-une-catastrophe-selon-guy-mitokpe#primaryimage\",\"url\":\"https:\/\/static.africa-press.net\/benin\/sites\/46\/2022\/08\/postQueueImg_15-62fad59a53cd6.jpg\",\"contentUrl\":\"https:\/\/static.africa-press.net\/benin\/sites\/46\/2022\/08\/postQueueImg_15-62fad59a53cd6.jpg\",\"width\":1627,\"height\":985,\"caption\":\"\u00ab\u00a0La fusion UP-PRD\u00a0\u00bb sera une catastrophe selon Guy Mitokp\u00e8\"},{\"@type\":\"BreadcrumbList\",\"@id\":\"https:\/\/www.africa-press.net\/benin\/politique\/la-fusion-up-prd-sera-une-catastrophe-selon-guy-mitokpe#breadcrumb\",\"itemListElement\":[{\"@type\":\"ListItem\",\"position\":1,\"name\":\"Accueil\",\"item\":\"https:\/\/www.africa-press.net\/benin\/\"},{\"@type\":\"ListItem\",\"position\":2,\"name\":\"\u00ab\u00a0La fusion UP-PRD\u00a0\u00bb sera une catastrophe selon Guy Mitokp\u00e8\"}]},{\"@type\":\"WebSite\",\"@id\":\"https:\/\/www.africa-press.net\/benin\/#website\",\"url\":\"https:\/\/www.africa-press.net\/benin\/\",\"name\":\"B\u00e9nin\",\"description\":\"Just another Africa News Agency Sites site\",\"potentialAction\":[{\"@type\":\"SearchAction\",\"target\":{\"@type\":\"EntryPoint\",\"urlTemplate\":\"https:\/\/www.africa-press.net\/benin\/?s={search_term_string}\"},\"query-input\":{\"@type\":\"PropertyValueSpecification\",\"valueRequired\":true,\"valueName\":\"search_term_string\"}}],\"inLanguage\":\"fr-FR\"},{\"@type\":\"Person\",\"@id\":\"https:\/\/www.africa-press.net\/benin\/#\/schema\/person\/2b1cf3cd81a31e3cd26889ca66d677f1\",\"name\":\"cfeditorfr\"}]}<\/script>\n<!-- \/ Yoast SEO Premium plugin. -->","yoast_head_json":{"title":"\u00ab\u00a0La fusion UP-PRD\u00a0\u00bb sera une catastrophe selon Guy Mitokp\u00e8 - B\u00e9nin","description":"Le 20 Ao\u00fbt prochain, sauf changement de calendrier, un nouveau parti politique sera mis sous les fonts baptismaux. Il s\u2019 ...","robots":{"index":"index","follow":"follow","max-snippet":"max-snippet:-1","max-image-preview":"max-image-preview:large","max-video-preview":"max-video-preview:-1"},"canonical":"https:\/\/www.africa-press.net\/benin\/politique\/la-fusion-up-prd-sera-une-catastrophe-selon-guy-mitokpe","og_locale":"fr_FR","og_type":"article","og_title":"\u00ab\u00a0La fusion UP-PRD\u00a0\u00bb sera une catastrophe selon Guy Mitokp\u00e8","og_description":"Le 20 Ao\u00fbt prochain, sauf changement de calendrier, un nouveau parti politique sera mis sous les fonts baptismaux. Il s\u2019 ...","og_url":"https:\/\/www.africa-press.net\/benin\/politique\/la-fusion-up-prd-sera-une-catastrophe-selon-guy-mitokpe","og_site_name":"B\u00e9nin","article_published_time":"2022-08-15T23:16:48+00:00","article_modified_time":"2022-08-15T23:24:37+00:00","og_image":[{"width":1627,"height":985,"url":"https:\/\/static.africa-press.net\/benin\/sites\/46\/2022\/08\/postQueueImg_15-62fad59a53cd6.jpg","type":"image\/jpeg"}],"author":"cfeditorfr","twitter_card":"summary_large_image","twitter_misc":{"\u00c9crit par":"cfeditorfr","Dur\u00e9e de lecture estim\u00e9e":"2 minutes"},"schema":{"@context":"https:\/\/schema.org","@graph":[{"@type":"Article","@id":"https:\/\/www.africa-press.net\/benin\/politique\/la-fusion-up-prd-sera-une-catastrophe-selon-guy-mitokpe#article","isPartOf":{"@id":"https:\/\/www.africa-press.net\/benin\/politique\/la-fusion-up-prd-sera-une-catastrophe-selon-guy-mitokpe"},"author":{"name":"cfeditorfr","@id":"https:\/\/www.africa-press.net\/benin\/#\/schema\/person\/2b1cf3cd81a31e3cd26889ca66d677f1"},"headline":"\u00ab\u00a0La fusion UP-PRD\u00a0\u00bb sera une catastrophe selon Guy Mitokp\u00e8","datePublished":"2022-08-15T23:16:48+00:00","dateModified":"2022-08-15T23:24:37+00:00","mainEntityOfPage":{"@id":"https:\/\/www.africa-press.net\/benin\/politique\/la-fusion-up-prd-sera-une-catastrophe-selon-guy-mitokpe"},"wordCount":457,"commentCount":0,"image":{"@id":"https:\/\/www.africa-press.net\/benin\/politique\/la-fusion-up-prd-sera-une-catastrophe-selon-guy-mitokpe#primaryimage"},"thumbnailUrl":"https:\/\/static.africa-press.net\/benin\/sites\/46\/2022\/08\/postQueueImg_15-62fad59a53cd6.jpg","keywords":["Africa Press","Africa Press-Benin","B\u00e9nin"],"articleSection":["homepage-french","Politique","Toutes les actualit\u00e9s"],"inLanguage":"fr-FR","potentialAction":[{"@type":"CommentAction","name":"Comment","target":["https:\/\/www.africa-press.net\/benin\/politique\/la-fusion-up-prd-sera-une-catastrophe-selon-guy-mitokpe#respond"]}]},{"@type":"WebPage","@id":"https:\/\/www.africa-press.net\/benin\/politique\/la-fusion-up-prd-sera-une-catastrophe-selon-guy-mitokpe","url":"https:\/\/www.africa-press.net\/benin\/politique\/la-fusion-up-prd-sera-une-catastrophe-selon-guy-mitokpe","name":"\u00ab\u00a0La fusion UP-PRD\u00a0\u00bb sera une catastrophe selon Guy Mitokp\u00e8 - B\u00e9nin","isPartOf":{"@id":"https:\/\/www.africa-press.net\/benin\/#website"},"primaryImageOfPage":{"@id":"https:\/\/www.africa-press.net\/benin\/politique\/la-fusion-up-prd-sera-une-catastrophe-selon-guy-mitokpe#primaryimage"},"image":{"@id":"https:\/\/www.africa-press.net\/benin\/politique\/la-fusion-up-prd-sera-une-catastrophe-selon-guy-mitokpe#primaryimage"},"thumbnailUrl":"https:\/\/static.africa-press.net\/benin\/sites\/46\/2022\/08\/postQueueImg_15-62fad59a53cd6.jpg","datePublished":"2022-08-15T23:16:48+00:00","dateModified":"2022-08-15T23:24:37+00:00","author":{"@id":"https:\/\/www.africa-press.net\/benin\/#\/schema\/person\/2b1cf3cd81a31e3cd26889ca66d677f1"},"description":"Le 20 Ao\u00fbt prochain, sauf changement de calendrier, un nouveau parti politique sera mis sous les fonts baptismaux. Il s\u2019 ...","breadcrumb":{"@id":"https:\/\/www.africa-press.net\/benin\/politique\/la-fusion-up-prd-sera-une-catastrophe-selon-guy-mitokpe#breadcrumb"},"inLanguage":"fr-FR","potentialAction":[{"@type":"ReadAction","target":["https:\/\/www.africa-press.net\/benin\/politique\/la-fusion-up-prd-sera-une-catastrophe-selon-guy-mitokpe"]}]},{"@type":"ImageObject","inLanguage":"fr-FR","@id":"https:\/\/www.africa-press.net\/benin\/politique\/la-fusion-up-prd-sera-une-catastrophe-selon-guy-mitokpe#primaryimage","url":"https:\/\/static.africa-press.net\/benin\/sites\/46\/2022\/08\/postQueueImg_15-62fad59a53cd6.jpg","contentUrl":"https:\/\/static.africa-press.net\/benin\/sites\/46\/2022\/08\/postQueueImg_15-62fad59a53cd6.jpg","width":1627,"height":985,"caption":"\u00ab\u00a0La fusion UP-PRD\u00a0\u00bb sera une catastrophe selon Guy Mitokp\u00e8"},{"@type":"BreadcrumbList","@id":"https:\/\/www.africa-press.net\/benin\/politique\/la-fusion-up-prd-sera-une-catastrophe-selon-guy-mitokpe#breadcrumb","itemListElement":[{"@type":"ListItem","position":1,"name":"Accueil","item":"https:\/\/www.africa-press.net\/benin\/"},{"@type":"ListItem","position":2,"name":"\u00ab\u00a0La fusion UP-PRD\u00a0\u00bb sera une catastrophe selon Guy Mitokp\u00e8"}]},{"@type":"WebSite","@id":"https:\/\/www.africa-press.net\/benin\/#website","url":"https:\/\/www.africa-press.net\/benin\/","name":"B\u00e9nin","description":"Just another Africa News Agency Sites site","potentialAction":[{"@type":"SearchAction","target":{"@type":"EntryPoint","urlTemplate":"https:\/\/www.africa-press.net\/benin\/?s={search_term_string}"},"query-input":{"@type":"PropertyValueSpecification","valueRequired":true,"valueName":"search_term_string"}}],"inLanguage":"fr-FR"},{"@type":"Person","@id":"https:\/\/www.africa-press.net\/benin\/#\/schema\/person\/2b1cf3cd81a31e3cd26889ca66d677f1","name":"cfeditorfr"}]}},"_links":{"self":[{"href":"https:\/\/www.africa-press.net\/benin\/wp-json\/wp\/v2\/posts\/7885","targetHints":{"allow":["GET"]}}],"collection":[{"href":"https:\/\/www.africa-press.net\/benin\/wp-json\/wp\/v2\/posts"}],"about":[{"href":"https:\/\/www.africa-press.net\/benin\/wp-json\/wp\/v2\/types\/post"}],"author":[{"embeddable":true,"href":"https:\/\/www.africa-press.net\/benin\/wp-json\/wp\/v2\/users\/82"}],"replies":[{"embeddable":true,"href":"https:\/\/www.africa-press.net\/benin\/wp-json\/wp\/v2\/comments?post=7885"}],"version-history":[{"count":0,"href":"https:\/\/www.africa-press.net\/benin\/wp-json\/wp\/v2\/posts\/7885\/revisions"}],"wp:featuredmedia":[{"embeddable":true,"href":"https:\/\/www.africa-press.net\/benin\/wp-json\/wp\/v2\/media\/7884"}],"wp:attachment":[{"href":"https:\/\/www.africa-press.net\/benin\/wp-json\/wp\/v2\/media?parent=7885"}],"wp:term":[{"taxonomy":"category","embeddable":true,"href":"https:\/\/www.africa-press.net\/benin\/wp-json\/wp\/v2\/categories?post=7885"},{"taxonomy":"post_tag","embeddable":true,"href":"https:\/\/www.africa-press.net\/benin\/wp-json\/wp\/v2\/tags?post=7885"}],"curies":[{"name":"wp","href":"https:\/\/api.w.org\/{rel}","templated":true}]}}