{"id":7888,"date":"2022-08-15T23:16:58","date_gmt":"2022-08-15T23:16:58","guid":{"rendered":"https:\/\/www.africa-press.net\/benin\/politique\/grace-pour-350-prisonniers-aivo-et-madougou-ne-sont-pas-pris-en-compte"},"modified":"2022-08-15T23:25:04","modified_gmt":"2022-08-15T23:25:04","slug":"grace-pour-350-prisonniers-aivo-et-madougou-ne-sont-pas-pris-en-compte","status":"publish","type":"post","link":"https:\/\/www.africa-press.net\/benin\/politique\/grace-pour-350-prisonniers-aivo-et-madougou-ne-sont-pas-pris-en-compte","title":{"rendered":"Gr\u00e2ce pour 350 prisonniers: A\u00efvo et Madougou ne sont pas pris en compte"},"content":{"rendered":"<p><span style=\"color: #ff6600\"><strong>Africa-Press &#8211; Benin. <\/strong><\/span>Le chef de l\u2019Etat, le pr\u00e9sident Patrice Talon a graci\u00e9 en d\u00e9but du mois d\u2019Ao\u00fbt 2022 350 prisonniers. Dans le lot, ne figure aucun prisonnier dit politique et cela peut se comprendre. En effet, en plus de Reckya Madougou et Jo\u00ebl A\u00efvo, aucun des autres personnes arr\u00eat\u00e9es dans le cadre des violences enregistr\u00e9es lors des derni\u00e8res \u00e9lections ne remplisse les crit\u00e8res pour b\u00e9n\u00e9ficier d\u2019une gr\u00e2ce pr\u00e9sidentielle.<\/p>\n<p>La plupart des acteurs politiques conviennent que la lib\u00e9ration des \u00ab prisonniers politiques \u00bb ne peuvent se faire que par des n\u00e9gociations politiques. De ce point de vue, deux voies s\u2019offrent pour ces personnalit\u00e9s politiques qui ont \u00e9t\u00e9 emprisonn\u00e9es lors des derni\u00e8res \u00e9lections pr\u00e9sidentielles. Il s\u2019agit de la voie de la gr\u00e2ce pr\u00e9sidentielle et de la voie de l\u2019amnistie.<\/p>\n<p>C\u2019est dans cette perspective que le chef de l\u2019Etat qui promet travailler pour le d\u00e9gel de la crise politique a re\u00e7u en audience les anciens pr\u00e9sidents de la R\u00e9publique. Dans les \u00e9changes, il \u00e9tait question de la lib\u00e9ration des personnalit\u00e9s politiques et le retour au B\u00e9nin des exil\u00e9s.<\/p>\n<p>C\u2019est donc \u00e0 juste titre que bon nombre de b\u00e9ninois esp\u00e9raient la gr\u00e2ce pr\u00e9sidentielle pour les prisonniers politiques notamment les plus embl\u00e9matiques que sont le professeur Jo\u00ebl A\u00efvo et l\u2019ancien ministre Reckya Madougou dans la fi\u00e8vre de la f\u00eate nationale du 1er Ao\u00fbt.<\/p>\n<p>Comme l\u2019on pouvait s\u2019y attendre, le chef de l\u2019Etat, le pr\u00e9sident Patrice Talon a accord\u00e9 la gr\u00e2ce pr\u00e9sidentielle \u00e0 350 prisonniers. Seulement, ils sont tous des prisonniers de droit commun et remplissant les crit\u00e8res pour b\u00e9n\u00e9ficier de cette gr\u00e2ce.<\/p>\n<p>Il importe de souligner qu\u2019en dehors du constitutionnaliste Jo\u00ebl A\u00efvo et de l\u2019ancien ministre de la justice Reckya Madougou, la plupart des personnalit\u00e9s politiques arr\u00eat\u00e9es dans la p\u00e9riode des derni\u00e8res \u00e9lections pr\u00e9sidentielles ne remplissent point les crit\u00e8res pour b\u00e9n\u00e9ficier d\u2019une gr\u00e2ce pr\u00e9sidentielle car la plupart d\u2019entre elles n\u2019ont pas encore \u00e9t\u00e9 jug\u00e9es et condamn\u00e9es contrairement \u00e0 Aivo et Madougou qui n\u2019ont pas fait appel de leur condamnation.<\/p>\n<p>On pouvait donc s\u2019attendre qu\u2019ils b\u00e9n\u00e9ficient de la part du chef de l\u2019Etat de cette gr\u00e2ce pr\u00e9sidentielle. Mais selon les indiscr\u00e9tions, ils ne figurent pas sur la liste des 350 personnes graci\u00e9es. La raison pourrait \u00eatre toute simple. M\u00eame si ces deux personnalit\u00e9s politiques ont \u00e9t\u00e9 d\u00e9j\u00e0 condamn\u00e9es et purg\u00e9es une partie de leur peine, il se fait que les charges port\u00e9es contre elles \u00e0 savoir terrorisme et d\u00e9stabilisation de l\u2019Etat ne sont pas \u00e9ligibles pour une gr\u00e2ce pr\u00e9sidentielle.<\/p>\n<p>Leur cas est donc ajourn\u00e9 certainement dans le cadre d\u2019un projet de loi d\u2019amnistie qui leur permettra de recouvrir leur libert\u00e9. C\u2019est nous semble-t-il la voie la plus indiqu\u00e9e et cela rel\u00e8ve une fois de plus d\u2019une volont\u00e9 politique.<\/p>\n<p>Quid de la gr\u00e2ce pr\u00e9sidentielle\u2026<\/p>\n<p>La gr\u00e2ce pr\u00e9sidentielle permet au pr\u00e9sident de supprimer ou de r\u00e9duire la peine d\u2019une personne condamn\u00e9e. Il faut donc que la condamnation d\u2019un accus\u00e9 soit d\u00e9finitive pour b\u00e9n\u00e9ficier de la gr\u00e2ce pr\u00e9sidentielle.<\/p>\n<p>Il faut rappeler par ailleurs que pour b\u00e9n\u00e9ficier de la gr\u00e2ce pr\u00e9sidentielle, il faut r\u00e9unir certaines conditions. Elle n\u2019est donc pas donn\u00e9e selon l\u2019humeur du chef de l\u2019Etat. En effet, le chef de l\u2019Etat accorde la gr\u00e2ce pr\u00e9sidentielle avec l\u2019appui du conseil sup\u00e9rieur de la magistrature. Certaines infractions sont exclues de la gr\u00e2ce pr\u00e9sidentielle.<\/p>\n<p><strong>Pour plus d&rsquo;informations et d&rsquo;analyses sur la <a href=\"https:\/\/www.africa-press.net\/benin\">Benin<\/a>, suivez <a href=\"https:\/\/www.africa-press.net\/\">Africa-Press<\/a><\/strong><\/p>\n","protected":false},"excerpt":{"rendered":"<p>Africa-Press &#8211; Benin. Le chef de l\u2019Etat, le pr\u00e9sident Patrice Talon a graci\u00e9 en d\u00e9but du mois d\u2019Ao\u00fbt 2022 350 prisonniers. Dans le lot, ne figure aucun prisonnier dit politique et cela peut se comprendre. En effet, en plus de Reckya Madougou et Jo\u00ebl A\u00efvo, aucun des autres personnes arr\u00eat\u00e9es dans le cadre des violences [&hellip;]<\/p>\n","protected":false},"author":82,"featured_media":7887,"comment_status":"open","ping_status":"closed","sticky":false,"template":"","format":"standard","meta":{"footnotes":""},"categories":[11,2,10],"tags":[36,50,45],"class_list":["post-7888","post","type-post","status-publish","format-standard","has-post-thumbnail","hentry","category-homepage-french","category-politique","category-toutes-les-actualites","tag-africa-press","tag-africa-press-benin","tag-benin"],"yoast_head":"<!-- This site is optimized with the Yoast SEO Premium plugin v26.1 (Yoast SEO v27.0) - https:\/\/yoast.com\/product\/yoast-seo-premium-wordpress\/ -->\n<title>Gr\u00e2ce pour 350 prisonniers: A\u00efvo et Madougou ne sont pas pris en compte - B\u00e9nin<\/title>\n<meta name=\"description\" content=\"Le chef de l\u2019Etat, le pr\u00e9sident Patrice Talon a graci\u00e9 en d\u00e9but du mois d\u2019Ao\u00fbt 2022 350 prisonniers. Dans le lot, ne fig ...\" \/>\n<meta name=\"robots\" content=\"index, follow, max-snippet:-1, max-image-preview:large, max-video-preview:-1\" \/>\n<link rel=\"canonical\" href=\"https:\/\/www.africa-press.net\/benin\/politique\/grace-pour-350-prisonniers-aivo-et-madougou-ne-sont-pas-pris-en-compte\" \/>\n<meta property=\"og:locale\" content=\"fr_FR\" \/>\n<meta property=\"og:type\" content=\"article\" \/>\n<meta property=\"og:title\" content=\"Gr\u00e2ce pour 350 prisonniers: A\u00efvo et Madougou ne sont pas pris en compte\" \/>\n<meta property=\"og:description\" content=\"Le chef de l\u2019Etat, le pr\u00e9sident Patrice Talon a graci\u00e9 en d\u00e9but du mois d\u2019Ao\u00fbt 2022 350 prisonniers. Dans le lot, ne fig ...\" \/>\n<meta property=\"og:url\" content=\"https:\/\/www.africa-press.net\/benin\/politique\/grace-pour-350-prisonniers-aivo-et-madougou-ne-sont-pas-pris-en-compte\" \/>\n<meta property=\"og:site_name\" content=\"B\u00e9nin\" \/>\n<meta property=\"article:published_time\" content=\"2022-08-15T23:16:58+00:00\" \/>\n<meta property=\"article:modified_time\" content=\"2022-08-15T23:25:04+00:00\" \/>\n<meta property=\"og:image\" content=\"https:\/\/static.africa-press.net\/benin\/sites\/46\/2022\/08\/postQueueImg_16-62fad5bac74e7.jpg\" \/>\n\t<meta property=\"og:image:width\" content=\"1200\" \/>\n\t<meta property=\"og:image:height\" content=\"800\" \/>\n\t<meta property=\"og:image:type\" content=\"image\/jpeg\" \/>\n<meta name=\"author\" content=\"cfeditorfr\" \/>\n<meta name=\"twitter:card\" content=\"summary_large_image\" \/>\n<meta name=\"twitter:label1\" content=\"\u00c9crit par\" \/>\n\t<meta name=\"twitter:data1\" content=\"cfeditorfr\" \/>\n\t<meta name=\"twitter:label2\" content=\"Dur\u00e9e de lecture estim\u00e9e\" \/>\n\t<meta name=\"twitter:data2\" content=\"3 minutes\" \/>\n<script type=\"application\/ld+json\" class=\"yoast-schema-graph\">{\"@context\":\"https:\/\/schema.org\",\"@graph\":[{\"@type\":\"Article\",\"@id\":\"https:\/\/www.africa-press.net\/benin\/politique\/grace-pour-350-prisonniers-aivo-et-madougou-ne-sont-pas-pris-en-compte#article\",\"isPartOf\":{\"@id\":\"https:\/\/www.africa-press.net\/benin\/politique\/grace-pour-350-prisonniers-aivo-et-madougou-ne-sont-pas-pris-en-compte\"},\"author\":{\"name\":\"cfeditorfr\",\"@id\":\"https:\/\/www.africa-press.net\/benin\/#\/schema\/person\/2b1cf3cd81a31e3cd26889ca66d677f1\"},\"headline\":\"Gr\u00e2ce pour 350 prisonniers: A\u00efvo et Madougou ne sont pas pris en compte\",\"datePublished\":\"2022-08-15T23:16:58+00:00\",\"dateModified\":\"2022-08-15T23:25:04+00:00\",\"mainEntityOfPage\":{\"@id\":\"https:\/\/www.africa-press.net\/benin\/politique\/grace-pour-350-prisonniers-aivo-et-madougou-ne-sont-pas-pris-en-compte\"},\"wordCount\":686,\"commentCount\":0,\"image\":{\"@id\":\"https:\/\/www.africa-press.net\/benin\/politique\/grace-pour-350-prisonniers-aivo-et-madougou-ne-sont-pas-pris-en-compte#primaryimage\"},\"thumbnailUrl\":\"https:\/\/static.africa-press.net\/benin\/sites\/46\/2022\/08\/postQueueImg_16-62fad5bac74e7.jpg\",\"keywords\":[\"Africa Press\",\"Africa Press-Benin\",\"B\u00e9nin\"],\"articleSection\":[\"homepage-french\",\"Politique\",\"Toutes les actualit\u00e9s\"],\"inLanguage\":\"fr-FR\",\"potentialAction\":[{\"@type\":\"CommentAction\",\"name\":\"Comment\",\"target\":[\"https:\/\/www.africa-press.net\/benin\/politique\/grace-pour-350-prisonniers-aivo-et-madougou-ne-sont-pas-pris-en-compte#respond\"]}]},{\"@type\":\"WebPage\",\"@id\":\"https:\/\/www.africa-press.net\/benin\/politique\/grace-pour-350-prisonniers-aivo-et-madougou-ne-sont-pas-pris-en-compte\",\"url\":\"https:\/\/www.africa-press.net\/benin\/politique\/grace-pour-350-prisonniers-aivo-et-madougou-ne-sont-pas-pris-en-compte\",\"name\":\"Gr\u00e2ce pour 350 prisonniers: A\u00efvo et Madougou ne sont pas pris en compte - B\u00e9nin\",\"isPartOf\":{\"@id\":\"https:\/\/www.africa-press.net\/benin\/#website\"},\"primaryImageOfPage\":{\"@id\":\"https:\/\/www.africa-press.net\/benin\/politique\/grace-pour-350-prisonniers-aivo-et-madougou-ne-sont-pas-pris-en-compte#primaryimage\"},\"image\":{\"@id\":\"https:\/\/www.africa-press.net\/benin\/politique\/grace-pour-350-prisonniers-aivo-et-madougou-ne-sont-pas-pris-en-compte#primaryimage\"},\"thumbnailUrl\":\"https:\/\/static.africa-press.net\/benin\/sites\/46\/2022\/08\/postQueueImg_16-62fad5bac74e7.jpg\",\"datePublished\":\"2022-08-15T23:16:58+00:00\",\"dateModified\":\"2022-08-15T23:25:04+00:00\",\"author\":{\"@id\":\"https:\/\/www.africa-press.net\/benin\/#\/schema\/person\/2b1cf3cd81a31e3cd26889ca66d677f1\"},\"description\":\"Le chef de l\u2019Etat, le pr\u00e9sident Patrice Talon a graci\u00e9 en d\u00e9but du mois d\u2019Ao\u00fbt 2022 350 prisonniers. Dans le lot, ne fig ...\",\"breadcrumb\":{\"@id\":\"https:\/\/www.africa-press.net\/benin\/politique\/grace-pour-350-prisonniers-aivo-et-madougou-ne-sont-pas-pris-en-compte#breadcrumb\"},\"inLanguage\":\"fr-FR\",\"potentialAction\":[{\"@type\":\"ReadAction\",\"target\":[\"https:\/\/www.africa-press.net\/benin\/politique\/grace-pour-350-prisonniers-aivo-et-madougou-ne-sont-pas-pris-en-compte\"]}]},{\"@type\":\"ImageObject\",\"inLanguage\":\"fr-FR\",\"@id\":\"https:\/\/www.africa-press.net\/benin\/politique\/grace-pour-350-prisonniers-aivo-et-madougou-ne-sont-pas-pris-en-compte#primaryimage\",\"url\":\"https:\/\/static.africa-press.net\/benin\/sites\/46\/2022\/08\/postQueueImg_16-62fad5bac74e7.jpg\",\"contentUrl\":\"https:\/\/static.africa-press.net\/benin\/sites\/46\/2022\/08\/postQueueImg_16-62fad5bac74e7.jpg\",\"width\":1200,\"height\":800,\"caption\":\"Gr\u00e2ce pour 350 prisonniers: A\u00efvo et Madougou ne sont pas pris en compte\"},{\"@type\":\"BreadcrumbList\",\"@id\":\"https:\/\/www.africa-press.net\/benin\/politique\/grace-pour-350-prisonniers-aivo-et-madougou-ne-sont-pas-pris-en-compte#breadcrumb\",\"itemListElement\":[{\"@type\":\"ListItem\",\"position\":1,\"name\":\"Accueil\",\"item\":\"https:\/\/www.africa-press.net\/benin\/\"},{\"@type\":\"ListItem\",\"position\":2,\"name\":\"Gr\u00e2ce pour 350 prisonniers: A\u00efvo et Madougou ne sont pas pris en compte\"}]},{\"@type\":\"WebSite\",\"@id\":\"https:\/\/www.africa-press.net\/benin\/#website\",\"url\":\"https:\/\/www.africa-press.net\/benin\/\",\"name\":\"B\u00e9nin\",\"description\":\"Just another Africa News Agency Sites site\",\"potentialAction\":[{\"@type\":\"SearchAction\",\"target\":{\"@type\":\"EntryPoint\",\"urlTemplate\":\"https:\/\/www.africa-press.net\/benin\/?s={search_term_string}\"},\"query-input\":{\"@type\":\"PropertyValueSpecification\",\"valueRequired\":true,\"valueName\":\"search_term_string\"}}],\"inLanguage\":\"fr-FR\"},{\"@type\":\"Person\",\"@id\":\"https:\/\/www.africa-press.net\/benin\/#\/schema\/person\/2b1cf3cd81a31e3cd26889ca66d677f1\",\"name\":\"cfeditorfr\"}]}<\/script>\n<!-- \/ Yoast SEO Premium plugin. -->","yoast_head_json":{"title":"Gr\u00e2ce pour 350 prisonniers: A\u00efvo et Madougou ne sont pas pris en compte - B\u00e9nin","description":"Le chef de l\u2019Etat, le pr\u00e9sident Patrice Talon a graci\u00e9 en d\u00e9but du mois d\u2019Ao\u00fbt 2022 350 prisonniers. Dans le lot, ne fig ...","robots":{"index":"index","follow":"follow","max-snippet":"max-snippet:-1","max-image-preview":"max-image-preview:large","max-video-preview":"max-video-preview:-1"},"canonical":"https:\/\/www.africa-press.net\/benin\/politique\/grace-pour-350-prisonniers-aivo-et-madougou-ne-sont-pas-pris-en-compte","og_locale":"fr_FR","og_type":"article","og_title":"Gr\u00e2ce pour 350 prisonniers: A\u00efvo et Madougou ne sont pas pris en compte","og_description":"Le chef de l\u2019Etat, le pr\u00e9sident Patrice Talon a graci\u00e9 en d\u00e9but du mois d\u2019Ao\u00fbt 2022 350 prisonniers. Dans le lot, ne fig ...","og_url":"https:\/\/www.africa-press.net\/benin\/politique\/grace-pour-350-prisonniers-aivo-et-madougou-ne-sont-pas-pris-en-compte","og_site_name":"B\u00e9nin","article_published_time":"2022-08-15T23:16:58+00:00","article_modified_time":"2022-08-15T23:25:04+00:00","og_image":[{"width":1200,"height":800,"url":"https:\/\/static.africa-press.net\/benin\/sites\/46\/2022\/08\/postQueueImg_16-62fad5bac74e7.jpg","type":"image\/jpeg"}],"author":"cfeditorfr","twitter_card":"summary_large_image","twitter_misc":{"\u00c9crit par":"cfeditorfr","Dur\u00e9e de lecture estim\u00e9e":"3 minutes"},"schema":{"@context":"https:\/\/schema.org","@graph":[{"@type":"Article","@id":"https:\/\/www.africa-press.net\/benin\/politique\/grace-pour-350-prisonniers-aivo-et-madougou-ne-sont-pas-pris-en-compte#article","isPartOf":{"@id":"https:\/\/www.africa-press.net\/benin\/politique\/grace-pour-350-prisonniers-aivo-et-madougou-ne-sont-pas-pris-en-compte"},"author":{"name":"cfeditorfr","@id":"https:\/\/www.africa-press.net\/benin\/#\/schema\/person\/2b1cf3cd81a31e3cd26889ca66d677f1"},"headline":"Gr\u00e2ce pour 350 prisonniers: A\u00efvo et Madougou ne sont pas pris en compte","datePublished":"2022-08-15T23:16:58+00:00","dateModified":"2022-08-15T23:25:04+00:00","mainEntityOfPage":{"@id":"https:\/\/www.africa-press.net\/benin\/politique\/grace-pour-350-prisonniers-aivo-et-madougou-ne-sont-pas-pris-en-compte"},"wordCount":686,"commentCount":0,"image":{"@id":"https:\/\/www.africa-press.net\/benin\/politique\/grace-pour-350-prisonniers-aivo-et-madougou-ne-sont-pas-pris-en-compte#primaryimage"},"thumbnailUrl":"https:\/\/static.africa-press.net\/benin\/sites\/46\/2022\/08\/postQueueImg_16-62fad5bac74e7.jpg","keywords":["Africa Press","Africa Press-Benin","B\u00e9nin"],"articleSection":["homepage-french","Politique","Toutes les actualit\u00e9s"],"inLanguage":"fr-FR","potentialAction":[{"@type":"CommentAction","name":"Comment","target":["https:\/\/www.africa-press.net\/benin\/politique\/grace-pour-350-prisonniers-aivo-et-madougou-ne-sont-pas-pris-en-compte#respond"]}]},{"@type":"WebPage","@id":"https:\/\/www.africa-press.net\/benin\/politique\/grace-pour-350-prisonniers-aivo-et-madougou-ne-sont-pas-pris-en-compte","url":"https:\/\/www.africa-press.net\/benin\/politique\/grace-pour-350-prisonniers-aivo-et-madougou-ne-sont-pas-pris-en-compte","name":"Gr\u00e2ce pour 350 prisonniers: A\u00efvo et Madougou ne sont pas pris en compte - B\u00e9nin","isPartOf":{"@id":"https:\/\/www.africa-press.net\/benin\/#website"},"primaryImageOfPage":{"@id":"https:\/\/www.africa-press.net\/benin\/politique\/grace-pour-350-prisonniers-aivo-et-madougou-ne-sont-pas-pris-en-compte#primaryimage"},"image":{"@id":"https:\/\/www.africa-press.net\/benin\/politique\/grace-pour-350-prisonniers-aivo-et-madougou-ne-sont-pas-pris-en-compte#primaryimage"},"thumbnailUrl":"https:\/\/static.africa-press.net\/benin\/sites\/46\/2022\/08\/postQueueImg_16-62fad5bac74e7.jpg","datePublished":"2022-08-15T23:16:58+00:00","dateModified":"2022-08-15T23:25:04+00:00","author":{"@id":"https:\/\/www.africa-press.net\/benin\/#\/schema\/person\/2b1cf3cd81a31e3cd26889ca66d677f1"},"description":"Le chef de l\u2019Etat, le pr\u00e9sident Patrice Talon a graci\u00e9 en d\u00e9but du mois d\u2019Ao\u00fbt 2022 350 prisonniers. Dans le lot, ne fig ...","breadcrumb":{"@id":"https:\/\/www.africa-press.net\/benin\/politique\/grace-pour-350-prisonniers-aivo-et-madougou-ne-sont-pas-pris-en-compte#breadcrumb"},"inLanguage":"fr-FR","potentialAction":[{"@type":"ReadAction","target":["https:\/\/www.africa-press.net\/benin\/politique\/grace-pour-350-prisonniers-aivo-et-madougou-ne-sont-pas-pris-en-compte"]}]},{"@type":"ImageObject","inLanguage":"fr-FR","@id":"https:\/\/www.africa-press.net\/benin\/politique\/grace-pour-350-prisonniers-aivo-et-madougou-ne-sont-pas-pris-en-compte#primaryimage","url":"https:\/\/static.africa-press.net\/benin\/sites\/46\/2022\/08\/postQueueImg_16-62fad5bac74e7.jpg","contentUrl":"https:\/\/static.africa-press.net\/benin\/sites\/46\/2022\/08\/postQueueImg_16-62fad5bac74e7.jpg","width":1200,"height":800,"caption":"Gr\u00e2ce pour 350 prisonniers: A\u00efvo et Madougou ne sont pas pris en compte"},{"@type":"BreadcrumbList","@id":"https:\/\/www.africa-press.net\/benin\/politique\/grace-pour-350-prisonniers-aivo-et-madougou-ne-sont-pas-pris-en-compte#breadcrumb","itemListElement":[{"@type":"ListItem","position":1,"name":"Accueil","item":"https:\/\/www.africa-press.net\/benin\/"},{"@type":"ListItem","position":2,"name":"Gr\u00e2ce pour 350 prisonniers: A\u00efvo et Madougou ne sont pas pris en compte"}]},{"@type":"WebSite","@id":"https:\/\/www.africa-press.net\/benin\/#website","url":"https:\/\/www.africa-press.net\/benin\/","name":"B\u00e9nin","description":"Just another Africa News Agency Sites site","potentialAction":[{"@type":"SearchAction","target":{"@type":"EntryPoint","urlTemplate":"https:\/\/www.africa-press.net\/benin\/?s={search_term_string}"},"query-input":{"@type":"PropertyValueSpecification","valueRequired":true,"valueName":"search_term_string"}}],"inLanguage":"fr-FR"},{"@type":"Person","@id":"https:\/\/www.africa-press.net\/benin\/#\/schema\/person\/2b1cf3cd81a31e3cd26889ca66d677f1","name":"cfeditorfr"}]}},"_links":{"self":[{"href":"https:\/\/www.africa-press.net\/benin\/wp-json\/wp\/v2\/posts\/7888","targetHints":{"allow":["GET"]}}],"collection":[{"href":"https:\/\/www.africa-press.net\/benin\/wp-json\/wp\/v2\/posts"}],"about":[{"href":"https:\/\/www.africa-press.net\/benin\/wp-json\/wp\/v2\/types\/post"}],"author":[{"embeddable":true,"href":"https:\/\/www.africa-press.net\/benin\/wp-json\/wp\/v2\/users\/82"}],"replies":[{"embeddable":true,"href":"https:\/\/www.africa-press.net\/benin\/wp-json\/wp\/v2\/comments?post=7888"}],"version-history":[{"count":0,"href":"https:\/\/www.africa-press.net\/benin\/wp-json\/wp\/v2\/posts\/7888\/revisions"}],"wp:featuredmedia":[{"embeddable":true,"href":"https:\/\/www.africa-press.net\/benin\/wp-json\/wp\/v2\/media\/7887"}],"wp:attachment":[{"href":"https:\/\/www.africa-press.net\/benin\/wp-json\/wp\/v2\/media?parent=7888"}],"wp:term":[{"taxonomy":"category","embeddable":true,"href":"https:\/\/www.africa-press.net\/benin\/wp-json\/wp\/v2\/categories?post=7888"},{"taxonomy":"post_tag","embeddable":true,"href":"https:\/\/www.africa-press.net\/benin\/wp-json\/wp\/v2\/tags?post=7888"}],"curies":[{"name":"wp","href":"https:\/\/api.w.org\/{rel}","templated":true}]}}