{"id":7891,"date":"2022-08-15T23:17:07","date_gmt":"2022-08-15T23:17:07","guid":{"rendered":"https:\/\/www.africa-press.net\/benin\/politique\/ce-nest-pas-de-la-nature-de-azannai-de-descendre-dans-la-boue-mitokpe-defend-son-mentor"},"modified":"2022-08-15T23:25:32","modified_gmt":"2022-08-15T23:25:32","slug":"ce-nest-pas-de-la-nature-de-azannai-de-descendre-dans-la-boue-mitokpe-defend-son-mentor","status":"publish","type":"post","link":"https:\/\/www.africa-press.net\/benin\/politique\/ce-nest-pas-de-la-nature-de-azannai-de-descendre-dans-la-boue-mitokpe-defend-son-mentor","title":{"rendered":"\u00ab\u00a0Ce n\u2019est pas de la nature de Azanna\u00ef de descendre dans la boue\u00a0\u00bb, Mitokp\u00e8 d\u00e9fend son mentor"},"content":{"rendered":"<p><span style=\"color: #ff6600\"><strong>Africa-Press &#8211; Benin. <\/strong><\/span>Depuis sa d\u00e9mission du gouvernement du pr\u00e9sident Patrice Talon, une image de taupe est coll\u00e9e \u00e0 l\u2019ancien ministre Candide Azanna\u00ef. Dans l\u2019esprit de beaucoup de b\u00e9ninois, sa d\u00e9mission est un montage politique et qu\u2019il serait envoy\u00e9 en mission au sein de l\u2019opposition par le pr\u00e9sident de la r\u00e9publique. Une assertion battue en br\u00e8che par Guy Mitokp\u00e8.<\/p>\n<p>L\u2019ancien d\u00e9put\u00e9 de la septi\u00e8me l\u00e9gislature, Guy Dossou Mitokp\u00e8 \u00e9tait le dimanche 14 Ao\u00fbt dernier dans l\u2019\u00e9mission \u00ab cartes sur table \u00bb de la radio Oc\u00e9an Fm. L\u2019ancien parlementaire a opin\u00e9 sur plusieurs sujets d\u2019actualit\u00e9 dont l\u2019image de taupe que certains tentent de coller \u00e0 son ex mentor.<\/p>\n<p>En effet, depuis sa d\u00e9mission du premier gouvernement du pr\u00e9sident Patrice Talon et ses prises de position au sein de l\u2019opposition, bon nombre de b\u00e9ninois ont recommand\u00e9 aux leaders de l\u2019opposition \u00e0 se m\u00e9fier de l\u2019ancien ministre Candide Azanna\u00ef qui serait une taupe en mission pour le pr\u00e9sident Patrice Talon.<\/p>\n<p>Sur la question ce dimanche, l\u2019ancien secr\u00e9taire g\u00e9n\u00e9ral du parti Restaurer l\u2019Espoir estime que c\u2019est ne pas conna\u00eetre qui est Candide Azanna\u00ef que de croire qu\u2019il pourrait se faire utiliser pour une basse besogne fut-il de la part d\u2019un ami ou d\u2019un pr\u00e9sident de la R\u00e9publique.<\/p>\n<p>\u00ab Ce n\u2019est pas de la nature du pr\u00e9sident Azanna\u00ef de descendre dans la boue\u00ab , a affirm\u00e9 Guy Mitokp\u00e8.<\/p>\n<p>L\u2019ex parlementaire estime qu\u2019il est dommage que l\u2019on pense que dans le pays, tout le monde est en mission, que tout le monde est une taupe. \u00ab C\u2019est un peu dommage. C\u2019est triste pour l\u2019image de notre jeunesse\u00ab , se d\u00e9sole-t-il.<\/p>\n<p>Donnant l\u2019exemple du s\u00e9n\u00e9galais Ousmane Sonko, l\u2019ex secr\u00e9taire g\u00e9n\u00e9ral du parti Restaurer l\u2019Espoir ne semble pas avoir de doute sur les intentions de son ex mentor. En tout cas pour lui, le temps situera chacun dans ses opinions et dans sa v\u00e9ritable identit\u00e9. Sur l\u2019int\u00e9grit\u00e9 morale de l\u2019ancien ministre de la d\u00e9fense de Patrice Talon, Guy Mitokp\u00e8 n\u2019a le moindre doute. Ainsi entre Talon et Azanna\u00ef, la rupture est bel et bien consomm\u00e9e.<\/p>\n<p><strong>Pour plus d&rsquo;informations et d&rsquo;analyses sur la <a href=\"https:\/\/www.africa-press.net\/benin\">Benin<\/a>, suivez <a href=\"https:\/\/www.africa-press.net\/\">Africa-Press<\/a><\/strong><\/p>\n","protected":false},"excerpt":{"rendered":"<p>Africa-Press &#8211; Benin. Depuis sa d\u00e9mission du gouvernement du pr\u00e9sident Patrice Talon, une image de taupe est coll\u00e9e \u00e0 l\u2019ancien ministre Candide Azanna\u00ef. Dans l\u2019esprit de beaucoup de b\u00e9ninois, sa d\u00e9mission est un montage politique et qu\u2019il serait envoy\u00e9 en mission au sein de l\u2019opposition par le pr\u00e9sident de la r\u00e9publique. Une assertion battue en [&hellip;]<\/p>\n","protected":false},"author":82,"featured_media":7890,"comment_status":"open","ping_status":"closed","sticky":false,"template":"","format":"standard","meta":{"footnotes":""},"categories":[11,2,10],"tags":[36,50,45],"class_list":["post-7891","post","type-post","status-publish","format-standard","has-post-thumbnail","hentry","category-homepage-french","category-politique","category-toutes-les-actualites","tag-africa-press","tag-africa-press-benin","tag-benin"],"yoast_head":"<!-- This site is optimized with the Yoast SEO Premium plugin v26.1 (Yoast SEO v27.0) - https:\/\/yoast.com\/product\/yoast-seo-premium-wordpress\/ -->\n<title>\u00ab\u00a0Ce n\u2019est pas de la nature de Azanna\u00ef de descendre dans la boue\u00a0\u00bb, Mitokp\u00e8 d\u00e9fend son mentor - B\u00e9nin<\/title>\n<meta name=\"description\" content=\"Depuis sa d\u00e9mission du gouvernement du pr\u00e9sident Patrice Talon, une image de taupe est coll\u00e9e \u00e0 l\u2019ancien ministre Candid ...\" \/>\n<meta name=\"robots\" content=\"index, follow, max-snippet:-1, max-image-preview:large, max-video-preview:-1\" \/>\n<link rel=\"canonical\" href=\"https:\/\/www.africa-press.net\/benin\/politique\/ce-nest-pas-de-la-nature-de-azannai-de-descendre-dans-la-boue-mitokpe-defend-son-mentor\" \/>\n<meta property=\"og:locale\" content=\"fr_FR\" \/>\n<meta property=\"og:type\" content=\"article\" \/>\n<meta property=\"og:title\" content=\"\u00ab\u00a0Ce n\u2019est pas de la nature de Azanna\u00ef de descendre dans la boue\u00a0\u00bb, Mitokp\u00e8 d\u00e9fend son mentor\" \/>\n<meta property=\"og:description\" content=\"Depuis sa d\u00e9mission du gouvernement du pr\u00e9sident Patrice Talon, une image de taupe est coll\u00e9e \u00e0 l\u2019ancien ministre Candid ...\" \/>\n<meta property=\"og:url\" content=\"https:\/\/www.africa-press.net\/benin\/politique\/ce-nest-pas-de-la-nature-de-azannai-de-descendre-dans-la-boue-mitokpe-defend-son-mentor\" \/>\n<meta property=\"og:site_name\" content=\"B\u00e9nin\" \/>\n<meta property=\"article:published_time\" content=\"2022-08-15T23:17:07+00:00\" \/>\n<meta property=\"article:modified_time\" content=\"2022-08-15T23:25:32+00:00\" \/>\n<meta property=\"og:image\" content=\"https:\/\/static.africa-press.net\/benin\/sites\/46\/2022\/08\/postQueueImg_17-62fad5d60c441.jpg\" \/>\n\t<meta property=\"og:image:width\" content=\"1300\" \/>\n\t<meta property=\"og:image:height\" content=\"700\" \/>\n\t<meta property=\"og:image:type\" content=\"image\/jpeg\" \/>\n<meta name=\"author\" content=\"cfeditorfr\" \/>\n<meta name=\"twitter:card\" content=\"summary_large_image\" \/>\n<meta name=\"twitter:label1\" content=\"\u00c9crit par\" \/>\n\t<meta name=\"twitter:data1\" content=\"cfeditorfr\" \/>\n\t<meta name=\"twitter:label2\" content=\"Dur\u00e9e de lecture estim\u00e9e\" \/>\n\t<meta name=\"twitter:data2\" content=\"2 minutes\" \/>\n<script type=\"application\/ld+json\" class=\"yoast-schema-graph\">{\"@context\":\"https:\/\/schema.org\",\"@graph\":[{\"@type\":\"Article\",\"@id\":\"https:\/\/www.africa-press.net\/benin\/politique\/ce-nest-pas-de-la-nature-de-azannai-de-descendre-dans-la-boue-mitokpe-defend-son-mentor#article\",\"isPartOf\":{\"@id\":\"https:\/\/www.africa-press.net\/benin\/politique\/ce-nest-pas-de-la-nature-de-azannai-de-descendre-dans-la-boue-mitokpe-defend-son-mentor\"},\"author\":{\"name\":\"cfeditorfr\",\"@id\":\"https:\/\/www.africa-press.net\/benin\/#\/schema\/person\/2b1cf3cd81a31e3cd26889ca66d677f1\"},\"headline\":\"\u00ab\u00a0Ce n\u2019est pas de la nature de Azanna\u00ef de descendre dans la boue\u00a0\u00bb, Mitokp\u00e8 d\u00e9fend son mentor\",\"datePublished\":\"2022-08-15T23:17:07+00:00\",\"dateModified\":\"2022-08-15T23:25:32+00:00\",\"mainEntityOfPage\":{\"@id\":\"https:\/\/www.africa-press.net\/benin\/politique\/ce-nest-pas-de-la-nature-de-azannai-de-descendre-dans-la-boue-mitokpe-defend-son-mentor\"},\"wordCount\":424,\"commentCount\":0,\"image\":{\"@id\":\"https:\/\/www.africa-press.net\/benin\/politique\/ce-nest-pas-de-la-nature-de-azannai-de-descendre-dans-la-boue-mitokpe-defend-son-mentor#primaryimage\"},\"thumbnailUrl\":\"https:\/\/static.africa-press.net\/benin\/sites\/46\/2022\/08\/postQueueImg_17-62fad5d60c441.jpg\",\"keywords\":[\"Africa Press\",\"Africa Press-Benin\",\"B\u00e9nin\"],\"articleSection\":[\"homepage-french\",\"Politique\",\"Toutes les actualit\u00e9s\"],\"inLanguage\":\"fr-FR\",\"potentialAction\":[{\"@type\":\"CommentAction\",\"name\":\"Comment\",\"target\":[\"https:\/\/www.africa-press.net\/benin\/politique\/ce-nest-pas-de-la-nature-de-azannai-de-descendre-dans-la-boue-mitokpe-defend-son-mentor#respond\"]}]},{\"@type\":\"WebPage\",\"@id\":\"https:\/\/www.africa-press.net\/benin\/politique\/ce-nest-pas-de-la-nature-de-azannai-de-descendre-dans-la-boue-mitokpe-defend-son-mentor\",\"url\":\"https:\/\/www.africa-press.net\/benin\/politique\/ce-nest-pas-de-la-nature-de-azannai-de-descendre-dans-la-boue-mitokpe-defend-son-mentor\",\"name\":\"\u00ab\u00a0Ce n\u2019est pas de la nature de Azanna\u00ef de descendre dans la boue\u00a0\u00bb, Mitokp\u00e8 d\u00e9fend son mentor - B\u00e9nin\",\"isPartOf\":{\"@id\":\"https:\/\/www.africa-press.net\/benin\/#website\"},\"primaryImageOfPage\":{\"@id\":\"https:\/\/www.africa-press.net\/benin\/politique\/ce-nest-pas-de-la-nature-de-azannai-de-descendre-dans-la-boue-mitokpe-defend-son-mentor#primaryimage\"},\"image\":{\"@id\":\"https:\/\/www.africa-press.net\/benin\/politique\/ce-nest-pas-de-la-nature-de-azannai-de-descendre-dans-la-boue-mitokpe-defend-son-mentor#primaryimage\"},\"thumbnailUrl\":\"https:\/\/static.africa-press.net\/benin\/sites\/46\/2022\/08\/postQueueImg_17-62fad5d60c441.jpg\",\"datePublished\":\"2022-08-15T23:17:07+00:00\",\"dateModified\":\"2022-08-15T23:25:32+00:00\",\"author\":{\"@id\":\"https:\/\/www.africa-press.net\/benin\/#\/schema\/person\/2b1cf3cd81a31e3cd26889ca66d677f1\"},\"description\":\"Depuis sa d\u00e9mission du gouvernement du pr\u00e9sident Patrice Talon, une image de taupe est coll\u00e9e \u00e0 l\u2019ancien ministre Candid ...\",\"breadcrumb\":{\"@id\":\"https:\/\/www.africa-press.net\/benin\/politique\/ce-nest-pas-de-la-nature-de-azannai-de-descendre-dans-la-boue-mitokpe-defend-son-mentor#breadcrumb\"},\"inLanguage\":\"fr-FR\",\"potentialAction\":[{\"@type\":\"ReadAction\",\"target\":[\"https:\/\/www.africa-press.net\/benin\/politique\/ce-nest-pas-de-la-nature-de-azannai-de-descendre-dans-la-boue-mitokpe-defend-son-mentor\"]}]},{\"@type\":\"ImageObject\",\"inLanguage\":\"fr-FR\",\"@id\":\"https:\/\/www.africa-press.net\/benin\/politique\/ce-nest-pas-de-la-nature-de-azannai-de-descendre-dans-la-boue-mitokpe-defend-son-mentor#primaryimage\",\"url\":\"https:\/\/static.africa-press.net\/benin\/sites\/46\/2022\/08\/postQueueImg_17-62fad5d60c441.jpg\",\"contentUrl\":\"https:\/\/static.africa-press.net\/benin\/sites\/46\/2022\/08\/postQueueImg_17-62fad5d60c441.jpg\",\"width\":1300,\"height\":700,\"caption\":\"\u00ab\u00a0Ce n\u2019est pas de la nature de Azanna\u00ef de descendre dans la boue\u00a0\u00bb, Mitokp\u00e8 d\u00e9fend son mentor\"},{\"@type\":\"BreadcrumbList\",\"@id\":\"https:\/\/www.africa-press.net\/benin\/politique\/ce-nest-pas-de-la-nature-de-azannai-de-descendre-dans-la-boue-mitokpe-defend-son-mentor#breadcrumb\",\"itemListElement\":[{\"@type\":\"ListItem\",\"position\":1,\"name\":\"Accueil\",\"item\":\"https:\/\/www.africa-press.net\/benin\/\"},{\"@type\":\"ListItem\",\"position\":2,\"name\":\"\u00ab\u00a0Ce n\u2019est pas de la nature de Azanna\u00ef de descendre dans la boue\u00a0\u00bb, Mitokp\u00e8 d\u00e9fend son mentor\"}]},{\"@type\":\"WebSite\",\"@id\":\"https:\/\/www.africa-press.net\/benin\/#website\",\"url\":\"https:\/\/www.africa-press.net\/benin\/\",\"name\":\"B\u00e9nin\",\"description\":\"Just another Africa News Agency Sites site\",\"potentialAction\":[{\"@type\":\"SearchAction\",\"target\":{\"@type\":\"EntryPoint\",\"urlTemplate\":\"https:\/\/www.africa-press.net\/benin\/?s={search_term_string}\"},\"query-input\":{\"@type\":\"PropertyValueSpecification\",\"valueRequired\":true,\"valueName\":\"search_term_string\"}}],\"inLanguage\":\"fr-FR\"},{\"@type\":\"Person\",\"@id\":\"https:\/\/www.africa-press.net\/benin\/#\/schema\/person\/2b1cf3cd81a31e3cd26889ca66d677f1\",\"name\":\"cfeditorfr\"}]}<\/script>\n<!-- \/ Yoast SEO Premium plugin. -->","yoast_head_json":{"title":"\u00ab\u00a0Ce n\u2019est pas de la nature de Azanna\u00ef de descendre dans la boue\u00a0\u00bb, Mitokp\u00e8 d\u00e9fend son mentor - B\u00e9nin","description":"Depuis sa d\u00e9mission du gouvernement du pr\u00e9sident Patrice Talon, une image de taupe est coll\u00e9e \u00e0 l\u2019ancien ministre Candid ...","robots":{"index":"index","follow":"follow","max-snippet":"max-snippet:-1","max-image-preview":"max-image-preview:large","max-video-preview":"max-video-preview:-1"},"canonical":"https:\/\/www.africa-press.net\/benin\/politique\/ce-nest-pas-de-la-nature-de-azannai-de-descendre-dans-la-boue-mitokpe-defend-son-mentor","og_locale":"fr_FR","og_type":"article","og_title":"\u00ab\u00a0Ce n\u2019est pas de la nature de Azanna\u00ef de descendre dans la boue\u00a0\u00bb, Mitokp\u00e8 d\u00e9fend son mentor","og_description":"Depuis sa d\u00e9mission du gouvernement du pr\u00e9sident Patrice Talon, une image de taupe est coll\u00e9e \u00e0 l\u2019ancien ministre Candid ...","og_url":"https:\/\/www.africa-press.net\/benin\/politique\/ce-nest-pas-de-la-nature-de-azannai-de-descendre-dans-la-boue-mitokpe-defend-son-mentor","og_site_name":"B\u00e9nin","article_published_time":"2022-08-15T23:17:07+00:00","article_modified_time":"2022-08-15T23:25:32+00:00","og_image":[{"width":1300,"height":700,"url":"https:\/\/static.africa-press.net\/benin\/sites\/46\/2022\/08\/postQueueImg_17-62fad5d60c441.jpg","type":"image\/jpeg"}],"author":"cfeditorfr","twitter_card":"summary_large_image","twitter_misc":{"\u00c9crit par":"cfeditorfr","Dur\u00e9e de lecture estim\u00e9e":"2 minutes"},"schema":{"@context":"https:\/\/schema.org","@graph":[{"@type":"Article","@id":"https:\/\/www.africa-press.net\/benin\/politique\/ce-nest-pas-de-la-nature-de-azannai-de-descendre-dans-la-boue-mitokpe-defend-son-mentor#article","isPartOf":{"@id":"https:\/\/www.africa-press.net\/benin\/politique\/ce-nest-pas-de-la-nature-de-azannai-de-descendre-dans-la-boue-mitokpe-defend-son-mentor"},"author":{"name":"cfeditorfr","@id":"https:\/\/www.africa-press.net\/benin\/#\/schema\/person\/2b1cf3cd81a31e3cd26889ca66d677f1"},"headline":"\u00ab\u00a0Ce n\u2019est pas de la nature de Azanna\u00ef de descendre dans la boue\u00a0\u00bb, Mitokp\u00e8 d\u00e9fend son mentor","datePublished":"2022-08-15T23:17:07+00:00","dateModified":"2022-08-15T23:25:32+00:00","mainEntityOfPage":{"@id":"https:\/\/www.africa-press.net\/benin\/politique\/ce-nest-pas-de-la-nature-de-azannai-de-descendre-dans-la-boue-mitokpe-defend-son-mentor"},"wordCount":424,"commentCount":0,"image":{"@id":"https:\/\/www.africa-press.net\/benin\/politique\/ce-nest-pas-de-la-nature-de-azannai-de-descendre-dans-la-boue-mitokpe-defend-son-mentor#primaryimage"},"thumbnailUrl":"https:\/\/static.africa-press.net\/benin\/sites\/46\/2022\/08\/postQueueImg_17-62fad5d60c441.jpg","keywords":["Africa Press","Africa Press-Benin","B\u00e9nin"],"articleSection":["homepage-french","Politique","Toutes les actualit\u00e9s"],"inLanguage":"fr-FR","potentialAction":[{"@type":"CommentAction","name":"Comment","target":["https:\/\/www.africa-press.net\/benin\/politique\/ce-nest-pas-de-la-nature-de-azannai-de-descendre-dans-la-boue-mitokpe-defend-son-mentor#respond"]}]},{"@type":"WebPage","@id":"https:\/\/www.africa-press.net\/benin\/politique\/ce-nest-pas-de-la-nature-de-azannai-de-descendre-dans-la-boue-mitokpe-defend-son-mentor","url":"https:\/\/www.africa-press.net\/benin\/politique\/ce-nest-pas-de-la-nature-de-azannai-de-descendre-dans-la-boue-mitokpe-defend-son-mentor","name":"\u00ab\u00a0Ce n\u2019est pas de la nature de Azanna\u00ef de descendre dans la boue\u00a0\u00bb, Mitokp\u00e8 d\u00e9fend son mentor - B\u00e9nin","isPartOf":{"@id":"https:\/\/www.africa-press.net\/benin\/#website"},"primaryImageOfPage":{"@id":"https:\/\/www.africa-press.net\/benin\/politique\/ce-nest-pas-de-la-nature-de-azannai-de-descendre-dans-la-boue-mitokpe-defend-son-mentor#primaryimage"},"image":{"@id":"https:\/\/www.africa-press.net\/benin\/politique\/ce-nest-pas-de-la-nature-de-azannai-de-descendre-dans-la-boue-mitokpe-defend-son-mentor#primaryimage"},"thumbnailUrl":"https:\/\/static.africa-press.net\/benin\/sites\/46\/2022\/08\/postQueueImg_17-62fad5d60c441.jpg","datePublished":"2022-08-15T23:17:07+00:00","dateModified":"2022-08-15T23:25:32+00:00","author":{"@id":"https:\/\/www.africa-press.net\/benin\/#\/schema\/person\/2b1cf3cd81a31e3cd26889ca66d677f1"},"description":"Depuis sa d\u00e9mission du gouvernement du pr\u00e9sident Patrice Talon, une image de taupe est coll\u00e9e \u00e0 l\u2019ancien ministre Candid ...","breadcrumb":{"@id":"https:\/\/www.africa-press.net\/benin\/politique\/ce-nest-pas-de-la-nature-de-azannai-de-descendre-dans-la-boue-mitokpe-defend-son-mentor#breadcrumb"},"inLanguage":"fr-FR","potentialAction":[{"@type":"ReadAction","target":["https:\/\/www.africa-press.net\/benin\/politique\/ce-nest-pas-de-la-nature-de-azannai-de-descendre-dans-la-boue-mitokpe-defend-son-mentor"]}]},{"@type":"ImageObject","inLanguage":"fr-FR","@id":"https:\/\/www.africa-press.net\/benin\/politique\/ce-nest-pas-de-la-nature-de-azannai-de-descendre-dans-la-boue-mitokpe-defend-son-mentor#primaryimage","url":"https:\/\/static.africa-press.net\/benin\/sites\/46\/2022\/08\/postQueueImg_17-62fad5d60c441.jpg","contentUrl":"https:\/\/static.africa-press.net\/benin\/sites\/46\/2022\/08\/postQueueImg_17-62fad5d60c441.jpg","width":1300,"height":700,"caption":"\u00ab\u00a0Ce n\u2019est pas de la nature de Azanna\u00ef de descendre dans la boue\u00a0\u00bb, Mitokp\u00e8 d\u00e9fend son mentor"},{"@type":"BreadcrumbList","@id":"https:\/\/www.africa-press.net\/benin\/politique\/ce-nest-pas-de-la-nature-de-azannai-de-descendre-dans-la-boue-mitokpe-defend-son-mentor#breadcrumb","itemListElement":[{"@type":"ListItem","position":1,"name":"Accueil","item":"https:\/\/www.africa-press.net\/benin\/"},{"@type":"ListItem","position":2,"name":"\u00ab\u00a0Ce n\u2019est pas de la nature de Azanna\u00ef de descendre dans la boue\u00a0\u00bb, Mitokp\u00e8 d\u00e9fend son mentor"}]},{"@type":"WebSite","@id":"https:\/\/www.africa-press.net\/benin\/#website","url":"https:\/\/www.africa-press.net\/benin\/","name":"B\u00e9nin","description":"Just another Africa News Agency Sites site","potentialAction":[{"@type":"SearchAction","target":{"@type":"EntryPoint","urlTemplate":"https:\/\/www.africa-press.net\/benin\/?s={search_term_string}"},"query-input":{"@type":"PropertyValueSpecification","valueRequired":true,"valueName":"search_term_string"}}],"inLanguage":"fr-FR"},{"@type":"Person","@id":"https:\/\/www.africa-press.net\/benin\/#\/schema\/person\/2b1cf3cd81a31e3cd26889ca66d677f1","name":"cfeditorfr"}]}},"_links":{"self":[{"href":"https:\/\/www.africa-press.net\/benin\/wp-json\/wp\/v2\/posts\/7891","targetHints":{"allow":["GET"]}}],"collection":[{"href":"https:\/\/www.africa-press.net\/benin\/wp-json\/wp\/v2\/posts"}],"about":[{"href":"https:\/\/www.africa-press.net\/benin\/wp-json\/wp\/v2\/types\/post"}],"author":[{"embeddable":true,"href":"https:\/\/www.africa-press.net\/benin\/wp-json\/wp\/v2\/users\/82"}],"replies":[{"embeddable":true,"href":"https:\/\/www.africa-press.net\/benin\/wp-json\/wp\/v2\/comments?post=7891"}],"version-history":[{"count":0,"href":"https:\/\/www.africa-press.net\/benin\/wp-json\/wp\/v2\/posts\/7891\/revisions"}],"wp:featuredmedia":[{"embeddable":true,"href":"https:\/\/www.africa-press.net\/benin\/wp-json\/wp\/v2\/media\/7890"}],"wp:attachment":[{"href":"https:\/\/www.africa-press.net\/benin\/wp-json\/wp\/v2\/media?parent=7891"}],"wp:term":[{"taxonomy":"category","embeddable":true,"href":"https:\/\/www.africa-press.net\/benin\/wp-json\/wp\/v2\/categories?post=7891"},{"taxonomy":"post_tag","embeddable":true,"href":"https:\/\/www.africa-press.net\/benin\/wp-json\/wp\/v2\/tags?post=7891"}],"curies":[{"name":"wp","href":"https:\/\/api.w.org\/{rel}","templated":true}]}}