{"id":7894,"date":"2022-08-15T23:17:19","date_gmt":"2022-08-15T23:17:19","guid":{"rendered":"https:\/\/www.africa-press.net\/benin\/politique\/benin-courtise-par-lup-le-prd-officialise-son-oui-vendredi-prochain"},"modified":"2022-08-15T23:25:59","modified_gmt":"2022-08-15T23:25:59","slug":"benin-courtise-par-lup-le-prd-officialise-son-oui-vendredi-prochain","status":"publish","type":"post","link":"https:\/\/www.africa-press.net\/benin\/politique\/benin-courtise-par-lup-le-prd-officialise-son-oui-vendredi-prochain","title":{"rendered":"B\u00e9nin: courtis\u00e9 par l\u2019UP, le PRD officialise son \u00ab\u00a0OUI\u00a0\u00bb vendredi prochain"},"content":{"rendered":"<p><span style=\"color: #ff6600\"><strong>Africa-Press &#8211; Benin. <\/strong><\/span>La mise ensemble du Parti du Renouveau D\u00e9mocratique (PRD) et l\u2019Union Progressiste (UP) se pr\u00e9cise. Apr\u00e8s les discussions tenues entre les responsables des deux formations politiques, le PRD officialise son accord le vendredi 19 ao\u00fbt 2022.<\/p>\n<p>Le Parti du Renouveau D\u00e9mocratique (PRD) sera en congr\u00e8s extraordinaire vendredi prochain. Ce conclave sera consacr\u00e9 au projet de fusion entre le parti arc-en-ciel et l\u2019UP. En pr\u00e9lude au congr\u00e8s, le pr\u00e9sident Adrien Houngb\u00e9dji a tenu plusieurs rencontres avec les structures \u00e0 la base sur l\u2019id\u00e9e de cr\u00e9ation d\u2019un nouveau parti avec le \u00ab baobab \u00bb.<\/p>\n<p>De sources concordantes, les diff\u00e9rentes sections du parti et ses instances dirigeantes ont donn\u00e9 leur accord au Bureau politique pour finaliser la proc\u00e9dure de fusion avec l\u2019UP. Le congr\u00e8s annonc\u00e9 servira donc de cadre \u00e0 l\u2019officialisation de cette d\u00e9cision longuement expliqu\u00e9e par la Direction ex\u00e9cutive nationale (Den) du PRD.<\/p>\n<p>Selon un communiqu\u00e9 du Den, le PRD et l\u2019UP ont d\u00e9cid\u00e9 de se mettre ensemble en cr\u00e9ant un nouveau parti qui portera leurs diff\u00e9rents attributs. Il ne s\u2019agira donc pas de faire dispara\u00eetre l\u2019un au d\u00e9triment de l\u2019autre. A en croire les responsables du PRD, c\u2019est l\u2019UP qui a fait le premier pas et a engag\u00e9 les \u00e9changes.<\/p>\n<p><strong>Pour plus d&rsquo;informations et d&rsquo;analyses sur la <a href=\"https:\/\/www.africa-press.net\/benin\">Benin<\/a>, suivez <a href=\"https:\/\/www.africa-press.net\/\">Africa-Press<\/a><\/strong><\/p>\n","protected":false},"excerpt":{"rendered":"<p>Africa-Press &#8211; Benin. La mise ensemble du Parti du Renouveau D\u00e9mocratique (PRD) et l\u2019Union Progressiste (UP) se pr\u00e9cise. Apr\u00e8s les discussions tenues entre les responsables des deux formations politiques, le PRD officialise son accord le vendredi 19 ao\u00fbt 2022. Le Parti du Renouveau D\u00e9mocratique (PRD) sera en congr\u00e8s extraordinaire vendredi prochain. Ce conclave sera consacr\u00e9 [&hellip;]<\/p>\n","protected":false},"author":82,"featured_media":7893,"comment_status":"open","ping_status":"closed","sticky":false,"template":"","format":"standard","meta":{"footnotes":""},"categories":[11,2,10],"tags":[36,50,45],"class_list":["post-7894","post","type-post","status-publish","format-standard","has-post-thumbnail","hentry","category-homepage-french","category-politique","category-toutes-les-actualites","tag-africa-press","tag-africa-press-benin","tag-benin"],"yoast_head":"<!-- This site is optimized with the Yoast SEO Premium plugin v26.1 (Yoast SEO v27.0) - https:\/\/yoast.com\/product\/yoast-seo-premium-wordpress\/ -->\n<title>B\u00e9nin: courtis\u00e9 par l\u2019UP, le PRD officialise son \u00ab\u00a0OUI\u00a0\u00bb vendredi prochain - B\u00e9nin<\/title>\n<meta name=\"description\" content=\"La mise ensemble du Parti du Renouveau D\u00e9mocratique (PRD) et l\u2019Union Progressiste (UP) se pr\u00e9cise. Apr\u00e8s les discussions ...\" \/>\n<meta name=\"robots\" content=\"index, follow, max-snippet:-1, max-image-preview:large, max-video-preview:-1\" \/>\n<link rel=\"canonical\" href=\"https:\/\/www.africa-press.net\/benin\/politique\/benin-courtise-par-lup-le-prd-officialise-son-oui-vendredi-prochain\" \/>\n<meta property=\"og:locale\" content=\"fr_FR\" \/>\n<meta property=\"og:type\" content=\"article\" \/>\n<meta property=\"og:title\" content=\"B\u00e9nin: courtis\u00e9 par l\u2019UP, le PRD officialise son \u00ab\u00a0OUI\u00a0\u00bb vendredi prochain\" \/>\n<meta property=\"og:description\" content=\"La mise ensemble du Parti du Renouveau D\u00e9mocratique (PRD) et l\u2019Union Progressiste (UP) se pr\u00e9cise. Apr\u00e8s les discussions ...\" \/>\n<meta property=\"og:url\" content=\"https:\/\/www.africa-press.net\/benin\/politique\/benin-courtise-par-lup-le-prd-officialise-son-oui-vendredi-prochain\" \/>\n<meta property=\"og:site_name\" content=\"B\u00e9nin\" \/>\n<meta property=\"article:published_time\" content=\"2022-08-15T23:17:19+00:00\" \/>\n<meta property=\"article:modified_time\" content=\"2022-08-15T23:25:59+00:00\" \/>\n<meta property=\"og:image\" content=\"https:\/\/static.africa-press.net\/benin\/sites\/46\/2022\/08\/postQueueImg_18-62fad5f2cd248.jpg\" \/>\n\t<meta property=\"og:image:width\" content=\"1200\" \/>\n\t<meta property=\"og:image:height\" content=\"675\" \/>\n\t<meta property=\"og:image:type\" content=\"image\/jpeg\" \/>\n<meta name=\"author\" content=\"cfeditorfr\" \/>\n<meta name=\"twitter:card\" content=\"summary_large_image\" \/>\n<meta name=\"twitter:label1\" content=\"\u00c9crit par\" \/>\n\t<meta name=\"twitter:data1\" content=\"cfeditorfr\" \/>\n\t<meta name=\"twitter:label2\" content=\"Dur\u00e9e de lecture estim\u00e9e\" \/>\n\t<meta name=\"twitter:data2\" content=\"2 minutes\" \/>\n<script type=\"application\/ld+json\" class=\"yoast-schema-graph\">{\"@context\":\"https:\/\/schema.org\",\"@graph\":[{\"@type\":\"Article\",\"@id\":\"https:\/\/www.africa-press.net\/benin\/politique\/benin-courtise-par-lup-le-prd-officialise-son-oui-vendredi-prochain#article\",\"isPartOf\":{\"@id\":\"https:\/\/www.africa-press.net\/benin\/politique\/benin-courtise-par-lup-le-prd-officialise-son-oui-vendredi-prochain\"},\"author\":{\"name\":\"cfeditorfr\",\"@id\":\"https:\/\/www.africa-press.net\/benin\/#\/schema\/person\/2b1cf3cd81a31e3cd26889ca66d677f1\"},\"headline\":\"B\u00e9nin: courtis\u00e9 par l\u2019UP, le PRD officialise son \u00ab\u00a0OUI\u00a0\u00bb vendredi prochain\",\"datePublished\":\"2022-08-15T23:17:19+00:00\",\"dateModified\":\"2022-08-15T23:25:59+00:00\",\"mainEntityOfPage\":{\"@id\":\"https:\/\/www.africa-press.net\/benin\/politique\/benin-courtise-par-lup-le-prd-officialise-son-oui-vendredi-prochain\"},\"wordCount\":256,\"commentCount\":0,\"image\":{\"@id\":\"https:\/\/www.africa-press.net\/benin\/politique\/benin-courtise-par-lup-le-prd-officialise-son-oui-vendredi-prochain#primaryimage\"},\"thumbnailUrl\":\"https:\/\/static.africa-press.net\/benin\/sites\/46\/2022\/08\/postQueueImg_18-62fad5f2cd248.jpg\",\"keywords\":[\"Africa Press\",\"Africa Press-Benin\",\"B\u00e9nin\"],\"articleSection\":[\"homepage-french\",\"Politique\",\"Toutes les actualit\u00e9s\"],\"inLanguage\":\"fr-FR\",\"potentialAction\":[{\"@type\":\"CommentAction\",\"name\":\"Comment\",\"target\":[\"https:\/\/www.africa-press.net\/benin\/politique\/benin-courtise-par-lup-le-prd-officialise-son-oui-vendredi-prochain#respond\"]}]},{\"@type\":\"WebPage\",\"@id\":\"https:\/\/www.africa-press.net\/benin\/politique\/benin-courtise-par-lup-le-prd-officialise-son-oui-vendredi-prochain\",\"url\":\"https:\/\/www.africa-press.net\/benin\/politique\/benin-courtise-par-lup-le-prd-officialise-son-oui-vendredi-prochain\",\"name\":\"B\u00e9nin: courtis\u00e9 par l\u2019UP, le PRD officialise son \u00ab\u00a0OUI\u00a0\u00bb vendredi prochain - B\u00e9nin\",\"isPartOf\":{\"@id\":\"https:\/\/www.africa-press.net\/benin\/#website\"},\"primaryImageOfPage\":{\"@id\":\"https:\/\/www.africa-press.net\/benin\/politique\/benin-courtise-par-lup-le-prd-officialise-son-oui-vendredi-prochain#primaryimage\"},\"image\":{\"@id\":\"https:\/\/www.africa-press.net\/benin\/politique\/benin-courtise-par-lup-le-prd-officialise-son-oui-vendredi-prochain#primaryimage\"},\"thumbnailUrl\":\"https:\/\/static.africa-press.net\/benin\/sites\/46\/2022\/08\/postQueueImg_18-62fad5f2cd248.jpg\",\"datePublished\":\"2022-08-15T23:17:19+00:00\",\"dateModified\":\"2022-08-15T23:25:59+00:00\",\"author\":{\"@id\":\"https:\/\/www.africa-press.net\/benin\/#\/schema\/person\/2b1cf3cd81a31e3cd26889ca66d677f1\"},\"description\":\"La mise ensemble du Parti du Renouveau D\u00e9mocratique (PRD) et l\u2019Union Progressiste (UP) se pr\u00e9cise. Apr\u00e8s les discussions ...\",\"breadcrumb\":{\"@id\":\"https:\/\/www.africa-press.net\/benin\/politique\/benin-courtise-par-lup-le-prd-officialise-son-oui-vendredi-prochain#breadcrumb\"},\"inLanguage\":\"fr-FR\",\"potentialAction\":[{\"@type\":\"ReadAction\",\"target\":[\"https:\/\/www.africa-press.net\/benin\/politique\/benin-courtise-par-lup-le-prd-officialise-son-oui-vendredi-prochain\"]}]},{\"@type\":\"ImageObject\",\"inLanguage\":\"fr-FR\",\"@id\":\"https:\/\/www.africa-press.net\/benin\/politique\/benin-courtise-par-lup-le-prd-officialise-son-oui-vendredi-prochain#primaryimage\",\"url\":\"https:\/\/static.africa-press.net\/benin\/sites\/46\/2022\/08\/postQueueImg_18-62fad5f2cd248.jpg\",\"contentUrl\":\"https:\/\/static.africa-press.net\/benin\/sites\/46\/2022\/08\/postQueueImg_18-62fad5f2cd248.jpg\",\"width\":1200,\"height\":675,\"caption\":\"B\u00e9nin: courtis\u00e9 par l\u2019UP, le PRD officialise son \u00ab\u00a0OUI\u00a0\u00bb vendredi prochain\"},{\"@type\":\"BreadcrumbList\",\"@id\":\"https:\/\/www.africa-press.net\/benin\/politique\/benin-courtise-par-lup-le-prd-officialise-son-oui-vendredi-prochain#breadcrumb\",\"itemListElement\":[{\"@type\":\"ListItem\",\"position\":1,\"name\":\"Accueil\",\"item\":\"https:\/\/www.africa-press.net\/benin\/\"},{\"@type\":\"ListItem\",\"position\":2,\"name\":\"B\u00e9nin: courtis\u00e9 par l\u2019UP, le PRD officialise son \u00ab\u00a0OUI\u00a0\u00bb vendredi prochain\"}]},{\"@type\":\"WebSite\",\"@id\":\"https:\/\/www.africa-press.net\/benin\/#website\",\"url\":\"https:\/\/www.africa-press.net\/benin\/\",\"name\":\"B\u00e9nin\",\"description\":\"Just another Africa News Agency Sites site\",\"potentialAction\":[{\"@type\":\"SearchAction\",\"target\":{\"@type\":\"EntryPoint\",\"urlTemplate\":\"https:\/\/www.africa-press.net\/benin\/?s={search_term_string}\"},\"query-input\":{\"@type\":\"PropertyValueSpecification\",\"valueRequired\":true,\"valueName\":\"search_term_string\"}}],\"inLanguage\":\"fr-FR\"},{\"@type\":\"Person\",\"@id\":\"https:\/\/www.africa-press.net\/benin\/#\/schema\/person\/2b1cf3cd81a31e3cd26889ca66d677f1\",\"name\":\"cfeditorfr\"}]}<\/script>\n<!-- \/ Yoast SEO Premium plugin. -->","yoast_head_json":{"title":"B\u00e9nin: courtis\u00e9 par l\u2019UP, le PRD officialise son \u00ab\u00a0OUI\u00a0\u00bb vendredi prochain - B\u00e9nin","description":"La mise ensemble du Parti du Renouveau D\u00e9mocratique (PRD) et l\u2019Union Progressiste (UP) se pr\u00e9cise. Apr\u00e8s les discussions ...","robots":{"index":"index","follow":"follow","max-snippet":"max-snippet:-1","max-image-preview":"max-image-preview:large","max-video-preview":"max-video-preview:-1"},"canonical":"https:\/\/www.africa-press.net\/benin\/politique\/benin-courtise-par-lup-le-prd-officialise-son-oui-vendredi-prochain","og_locale":"fr_FR","og_type":"article","og_title":"B\u00e9nin: courtis\u00e9 par l\u2019UP, le PRD officialise son \u00ab\u00a0OUI\u00a0\u00bb vendredi prochain","og_description":"La mise ensemble du Parti du Renouveau D\u00e9mocratique (PRD) et l\u2019Union Progressiste (UP) se pr\u00e9cise. Apr\u00e8s les discussions ...","og_url":"https:\/\/www.africa-press.net\/benin\/politique\/benin-courtise-par-lup-le-prd-officialise-son-oui-vendredi-prochain","og_site_name":"B\u00e9nin","article_published_time":"2022-08-15T23:17:19+00:00","article_modified_time":"2022-08-15T23:25:59+00:00","og_image":[{"width":1200,"height":675,"url":"https:\/\/static.africa-press.net\/benin\/sites\/46\/2022\/08\/postQueueImg_18-62fad5f2cd248.jpg","type":"image\/jpeg"}],"author":"cfeditorfr","twitter_card":"summary_large_image","twitter_misc":{"\u00c9crit par":"cfeditorfr","Dur\u00e9e de lecture estim\u00e9e":"2 minutes"},"schema":{"@context":"https:\/\/schema.org","@graph":[{"@type":"Article","@id":"https:\/\/www.africa-press.net\/benin\/politique\/benin-courtise-par-lup-le-prd-officialise-son-oui-vendredi-prochain#article","isPartOf":{"@id":"https:\/\/www.africa-press.net\/benin\/politique\/benin-courtise-par-lup-le-prd-officialise-son-oui-vendredi-prochain"},"author":{"name":"cfeditorfr","@id":"https:\/\/www.africa-press.net\/benin\/#\/schema\/person\/2b1cf3cd81a31e3cd26889ca66d677f1"},"headline":"B\u00e9nin: courtis\u00e9 par l\u2019UP, le PRD officialise son \u00ab\u00a0OUI\u00a0\u00bb vendredi prochain","datePublished":"2022-08-15T23:17:19+00:00","dateModified":"2022-08-15T23:25:59+00:00","mainEntityOfPage":{"@id":"https:\/\/www.africa-press.net\/benin\/politique\/benin-courtise-par-lup-le-prd-officialise-son-oui-vendredi-prochain"},"wordCount":256,"commentCount":0,"image":{"@id":"https:\/\/www.africa-press.net\/benin\/politique\/benin-courtise-par-lup-le-prd-officialise-son-oui-vendredi-prochain#primaryimage"},"thumbnailUrl":"https:\/\/static.africa-press.net\/benin\/sites\/46\/2022\/08\/postQueueImg_18-62fad5f2cd248.jpg","keywords":["Africa Press","Africa Press-Benin","B\u00e9nin"],"articleSection":["homepage-french","Politique","Toutes les actualit\u00e9s"],"inLanguage":"fr-FR","potentialAction":[{"@type":"CommentAction","name":"Comment","target":["https:\/\/www.africa-press.net\/benin\/politique\/benin-courtise-par-lup-le-prd-officialise-son-oui-vendredi-prochain#respond"]}]},{"@type":"WebPage","@id":"https:\/\/www.africa-press.net\/benin\/politique\/benin-courtise-par-lup-le-prd-officialise-son-oui-vendredi-prochain","url":"https:\/\/www.africa-press.net\/benin\/politique\/benin-courtise-par-lup-le-prd-officialise-son-oui-vendredi-prochain","name":"B\u00e9nin: courtis\u00e9 par l\u2019UP, le PRD officialise son \u00ab\u00a0OUI\u00a0\u00bb vendredi prochain - B\u00e9nin","isPartOf":{"@id":"https:\/\/www.africa-press.net\/benin\/#website"},"primaryImageOfPage":{"@id":"https:\/\/www.africa-press.net\/benin\/politique\/benin-courtise-par-lup-le-prd-officialise-son-oui-vendredi-prochain#primaryimage"},"image":{"@id":"https:\/\/www.africa-press.net\/benin\/politique\/benin-courtise-par-lup-le-prd-officialise-son-oui-vendredi-prochain#primaryimage"},"thumbnailUrl":"https:\/\/static.africa-press.net\/benin\/sites\/46\/2022\/08\/postQueueImg_18-62fad5f2cd248.jpg","datePublished":"2022-08-15T23:17:19+00:00","dateModified":"2022-08-15T23:25:59+00:00","author":{"@id":"https:\/\/www.africa-press.net\/benin\/#\/schema\/person\/2b1cf3cd81a31e3cd26889ca66d677f1"},"description":"La mise ensemble du Parti du Renouveau D\u00e9mocratique (PRD) et l\u2019Union Progressiste (UP) se pr\u00e9cise. Apr\u00e8s les discussions ...","breadcrumb":{"@id":"https:\/\/www.africa-press.net\/benin\/politique\/benin-courtise-par-lup-le-prd-officialise-son-oui-vendredi-prochain#breadcrumb"},"inLanguage":"fr-FR","potentialAction":[{"@type":"ReadAction","target":["https:\/\/www.africa-press.net\/benin\/politique\/benin-courtise-par-lup-le-prd-officialise-son-oui-vendredi-prochain"]}]},{"@type":"ImageObject","inLanguage":"fr-FR","@id":"https:\/\/www.africa-press.net\/benin\/politique\/benin-courtise-par-lup-le-prd-officialise-son-oui-vendredi-prochain#primaryimage","url":"https:\/\/static.africa-press.net\/benin\/sites\/46\/2022\/08\/postQueueImg_18-62fad5f2cd248.jpg","contentUrl":"https:\/\/static.africa-press.net\/benin\/sites\/46\/2022\/08\/postQueueImg_18-62fad5f2cd248.jpg","width":1200,"height":675,"caption":"B\u00e9nin: courtis\u00e9 par l\u2019UP, le PRD officialise son \u00ab\u00a0OUI\u00a0\u00bb vendredi prochain"},{"@type":"BreadcrumbList","@id":"https:\/\/www.africa-press.net\/benin\/politique\/benin-courtise-par-lup-le-prd-officialise-son-oui-vendredi-prochain#breadcrumb","itemListElement":[{"@type":"ListItem","position":1,"name":"Accueil","item":"https:\/\/www.africa-press.net\/benin\/"},{"@type":"ListItem","position":2,"name":"B\u00e9nin: courtis\u00e9 par l\u2019UP, le PRD officialise son \u00ab\u00a0OUI\u00a0\u00bb vendredi prochain"}]},{"@type":"WebSite","@id":"https:\/\/www.africa-press.net\/benin\/#website","url":"https:\/\/www.africa-press.net\/benin\/","name":"B\u00e9nin","description":"Just another Africa News Agency Sites site","potentialAction":[{"@type":"SearchAction","target":{"@type":"EntryPoint","urlTemplate":"https:\/\/www.africa-press.net\/benin\/?s={search_term_string}"},"query-input":{"@type":"PropertyValueSpecification","valueRequired":true,"valueName":"search_term_string"}}],"inLanguage":"fr-FR"},{"@type":"Person","@id":"https:\/\/www.africa-press.net\/benin\/#\/schema\/person\/2b1cf3cd81a31e3cd26889ca66d677f1","name":"cfeditorfr"}]}},"_links":{"self":[{"href":"https:\/\/www.africa-press.net\/benin\/wp-json\/wp\/v2\/posts\/7894","targetHints":{"allow":["GET"]}}],"collection":[{"href":"https:\/\/www.africa-press.net\/benin\/wp-json\/wp\/v2\/posts"}],"about":[{"href":"https:\/\/www.africa-press.net\/benin\/wp-json\/wp\/v2\/types\/post"}],"author":[{"embeddable":true,"href":"https:\/\/www.africa-press.net\/benin\/wp-json\/wp\/v2\/users\/82"}],"replies":[{"embeddable":true,"href":"https:\/\/www.africa-press.net\/benin\/wp-json\/wp\/v2\/comments?post=7894"}],"version-history":[{"count":0,"href":"https:\/\/www.africa-press.net\/benin\/wp-json\/wp\/v2\/posts\/7894\/revisions"}],"wp:featuredmedia":[{"embeddable":true,"href":"https:\/\/www.africa-press.net\/benin\/wp-json\/wp\/v2\/media\/7893"}],"wp:attachment":[{"href":"https:\/\/www.africa-press.net\/benin\/wp-json\/wp\/v2\/media?parent=7894"}],"wp:term":[{"taxonomy":"category","embeddable":true,"href":"https:\/\/www.africa-press.net\/benin\/wp-json\/wp\/v2\/categories?post=7894"},{"taxonomy":"post_tag","embeddable":true,"href":"https:\/\/www.africa-press.net\/benin\/wp-json\/wp\/v2\/tags?post=7894"}],"curies":[{"name":"wp","href":"https:\/\/api.w.org\/{rel}","templated":true}]}}