{"id":7906,"date":"2022-08-16T18:11:15","date_gmt":"2022-08-16T18:11:15","guid":{"rendered":"https:\/\/www.africa-press.net\/benin\/politique\/compact-regional-benin-niger-une-mission-gouvernementale-a-washington"},"modified":"2022-08-16T18:31:31","modified_gmt":"2022-08-16T18:31:31","slug":"compact-regional-benin-niger-une-mission-gouvernementale-a-washington","status":"publish","type":"post","link":"https:\/\/www.africa-press.net\/benin\/economie\/compact-regional-benin-niger-une-mission-gouvernementale-a-washington","title":{"rendered":"Compact R\u00e9gional B\u00e9nin-Niger: une mission gouvernementale \u00e0 Washington"},"content":{"rendered":"<p><span style=\"color: #ff6600\"><strong>Africa-Press &#8211; Benin. <\/strong><\/span>Le comit\u00e9 de pilotage du Compact R\u00e9gional B\u00e9nin-Niger pr\u00e9sid\u00e9 par le ministre d\u2019Etat, Abdoulaye Bio Tchan\u00e9 \u00e9tait \u00e0 Washington du 08 au 12 juillet dernier o\u00f9 il a tenu avec les Etats Unis \u00e0 travers le Millennium Challenge Corporation, un atelier de n\u00e9gociations devant d\u00e9boucher sur la signature de l\u2019accord de don du Compact.<\/p>\n<p>D\u00e9clar\u00e9 \u00e9ligible par le Millenium Challenge Account (MCC), le B\u00e9nin a entam\u00e9 des n\u00e9gociations devant d\u00e9boucher sur la signature de l\u2019accord de don du Compact R\u00e9gional B\u00e9nin-Niger. Dans ce cadre, une d\u00e9l\u00e9gation du gouvernement du B\u00e9nin (r\u00e9unie au sein d\u2019un comit\u00e9 de pilotage) a tenu du 08 au 12 juillet 2022 \u00e0 Washington, un atelier de n\u00e9gociation avec les Etats Unis \u00e0 travers le MCC. Cet atelier de n\u00e9gociation devant d\u00e9boucher sur la signature de l\u2019accord de don du Compact R\u00e9gional B\u00e9nin-Niger.<\/p>\n<p>Ce comit\u00e9 de pilotage pr\u00e9sid\u00e9 par le Ministre d\u2019\u00c9tat charg\u00e9 du D\u00e9veloppement et de la Coordination de l\u2019Action Gouvernementale, Monsieur Abdoulaye BIO TCHAN\u00c9 a pour premi\u00e8re mission, de formuler ledit programme qui consiste entre autres \u00e0 r\u00e9habiliter l\u2019axe Bohicon-Dassa-Zoum\u00e8 (83,00 km); \u00e9valuer le syst\u00e8me d\u2019entretien routier mis en place au B\u00e9nin et proposer des solutions pour son am\u00e9lioration.<\/p>\n<p>La seconde mission du comit\u00e9 est de poursuivre les n\u00e9gociations afin de faire signer entre le B\u00e9nin et les \u00c9tats-Unis d\u2019Am\u00e9rique, un accord de don de 202 millions de dollars US au profit du secteur routier du B\u00e9nin. Dans le cadre des n\u00e9gociations, le ministre d\u2019Etat Abdoulaye Bio Tchan\u00e9 \u00e9tait accompagn\u00e9 de son coll\u00e8gue en charge de l\u2019\u00c9conomie et des Finances, de l\u2019Ambassadeur du B\u00e9nin pr\u00e8s des \u00c9tats-Unis, des membres de l\u2019\u00e9quipe de formulation du Compact.<\/p>\n<p>Au cours des n\u00e9gociations, le dimensionnement du tron\u00e7on Bohicon\u2013Dassa, \u00e0 faire en 2X2 fut l\u2019un des points d\u00e9fendu par la d\u00e9l\u00e9gation du B\u00e9nin. La d\u00e9l\u00e9gation a pu avoir du MCC un accord de principe sur ce point ainsi d\u2019ailleurs que sur beaucoup d\u2019autres points. Le Compact avec les ajustements de la d\u00e9l\u00e9gation du B\u00e9nin sera pr\u00e9sent\u00e9 au Conseil d\u2019Administration du Millenium Challenge Account (MCC) courant le mois de septembre prochain.<\/p>\n<p><strong>Pour plus d&rsquo;informations et d&rsquo;analyses sur la <a href=\"https:\/\/www.africa-press.net\/benin\">Benin<\/a>, suivez <a href=\"https:\/\/www.africa-press.net\/\">Africa-Press<\/a><\/strong><\/p>\n","protected":false},"excerpt":{"rendered":"<p>Africa-Press &#8211; Benin. Le comit\u00e9 de pilotage du Compact R\u00e9gional B\u00e9nin-Niger pr\u00e9sid\u00e9 par le ministre d\u2019Etat, Abdoulaye Bio Tchan\u00e9 \u00e9tait \u00e0 Washington du 08 au 12 juillet dernier o\u00f9 il a tenu avec les Etats Unis \u00e0 travers le Millennium Challenge Corporation, un atelier de n\u00e9gociations devant d\u00e9boucher sur la signature de l\u2019accord de don [&hellip;]<\/p>\n","protected":false},"author":82,"featured_media":7905,"comment_status":"open","ping_status":"closed","sticky":false,"template":"","format":"standard","meta":{"footnotes":""},"categories":[3,11,10],"tags":[36,50,45],"class_list":["post-7906","post","type-post","status-publish","format-standard","has-post-thumbnail","hentry","category-economie","category-homepage-french","category-toutes-les-actualites","tag-africa-press","tag-africa-press-benin","tag-benin"],"yoast_head":"<!-- This site is optimized with the Yoast SEO Premium plugin v26.1 (Yoast SEO v27.0) - https:\/\/yoast.com\/product\/yoast-seo-premium-wordpress\/ -->\n<title>Compact R\u00e9gional B\u00e9nin-Niger: une mission gouvernementale \u00e0 Washington - B\u00e9nin<\/title>\n<meta name=\"description\" content=\"Le comit\u00e9 de pilotage du Compact R\u00e9gional B\u00e9nin-Niger pr\u00e9sid\u00e9 par le ministre d\u2019Etat, Abdoulaye Bio Tchan\u00e9 \u00e9tait \u00e0 Washi ...\" \/>\n<meta name=\"robots\" content=\"index, follow, max-snippet:-1, max-image-preview:large, max-video-preview:-1\" \/>\n<link rel=\"canonical\" href=\"https:\/\/www.africa-press.net\/benin\/economie\/compact-regional-benin-niger-une-mission-gouvernementale-a-washington\" \/>\n<meta property=\"og:locale\" content=\"fr_FR\" \/>\n<meta property=\"og:type\" content=\"article\" \/>\n<meta property=\"og:title\" content=\"Compact R\u00e9gional B\u00e9nin-Niger: une mission gouvernementale \u00e0 Washington\" \/>\n<meta property=\"og:description\" content=\"Le comit\u00e9 de pilotage du Compact R\u00e9gional B\u00e9nin-Niger pr\u00e9sid\u00e9 par le ministre d\u2019Etat, Abdoulaye Bio Tchan\u00e9 \u00e9tait \u00e0 Washi ...\" \/>\n<meta property=\"og:url\" content=\"https:\/\/www.africa-press.net\/benin\/economie\/compact-regional-benin-niger-une-mission-gouvernementale-a-washington\" \/>\n<meta property=\"og:site_name\" content=\"B\u00e9nin\" \/>\n<meta property=\"article:published_time\" content=\"2022-08-16T18:11:15+00:00\" \/>\n<meta property=\"article:modified_time\" content=\"2022-08-16T18:31:31+00:00\" \/>\n<meta property=\"og:image\" content=\"https:\/\/static.africa-press.net\/benin\/sites\/46\/2022\/08\/postQueueImg_20-62fbe251e521d.jpg\" \/>\n\t<meta property=\"og:image:width\" content=\"1600\" \/>\n\t<meta property=\"og:image:height\" content=\"970\" \/>\n\t<meta property=\"og:image:type\" content=\"image\/jpeg\" \/>\n<meta name=\"author\" content=\"cfeditorfr\" \/>\n<meta name=\"twitter:card\" content=\"summary_large_image\" \/>\n<meta name=\"twitter:label1\" content=\"\u00c9crit par\" \/>\n\t<meta name=\"twitter:data1\" content=\"cfeditorfr\" \/>\n\t<meta name=\"twitter:label2\" content=\"Dur\u00e9e de lecture estim\u00e9e\" \/>\n\t<meta name=\"twitter:data2\" content=\"2 minutes\" \/>\n<script type=\"application\/ld+json\" class=\"yoast-schema-graph\">{\"@context\":\"https:\/\/schema.org\",\"@graph\":[{\"@type\":\"Article\",\"@id\":\"https:\/\/www.africa-press.net\/benin\/economie\/compact-regional-benin-niger-une-mission-gouvernementale-a-washington#article\",\"isPartOf\":{\"@id\":\"https:\/\/www.africa-press.net\/benin\/economie\/compact-regional-benin-niger-une-mission-gouvernementale-a-washington\"},\"author\":{\"name\":\"cfeditorfr\",\"@id\":\"https:\/\/www.africa-press.net\/benin\/#\/schema\/person\/2b1cf3cd81a31e3cd26889ca66d677f1\"},\"headline\":\"Compact R\u00e9gional B\u00e9nin-Niger: une mission gouvernementale \u00e0 Washington\",\"datePublished\":\"2022-08-16T18:11:15+00:00\",\"dateModified\":\"2022-08-16T18:31:31+00:00\",\"mainEntityOfPage\":{\"@id\":\"https:\/\/www.africa-press.net\/benin\/economie\/compact-regional-benin-niger-une-mission-gouvernementale-a-washington\"},\"wordCount\":417,\"commentCount\":0,\"image\":{\"@id\":\"https:\/\/www.africa-press.net\/benin\/economie\/compact-regional-benin-niger-une-mission-gouvernementale-a-washington#primaryimage\"},\"thumbnailUrl\":\"https:\/\/static.africa-press.net\/benin\/sites\/46\/2022\/08\/postQueueImg_20-62fbe251e521d.jpg\",\"keywords\":[\"Africa Press\",\"Africa Press-Benin\",\"B\u00e9nin\"],\"articleSection\":[\"\u00c9conomie\",\"homepage-french\",\"Toutes les actualit\u00e9s\"],\"inLanguage\":\"fr-FR\",\"potentialAction\":[{\"@type\":\"CommentAction\",\"name\":\"Comment\",\"target\":[\"https:\/\/www.africa-press.net\/benin\/economie\/compact-regional-benin-niger-une-mission-gouvernementale-a-washington#respond\"]}]},{\"@type\":\"WebPage\",\"@id\":\"https:\/\/www.africa-press.net\/benin\/economie\/compact-regional-benin-niger-une-mission-gouvernementale-a-washington\",\"url\":\"https:\/\/www.africa-press.net\/benin\/economie\/compact-regional-benin-niger-une-mission-gouvernementale-a-washington\",\"name\":\"Compact R\u00e9gional B\u00e9nin-Niger: une mission gouvernementale \u00e0 Washington - B\u00e9nin\",\"isPartOf\":{\"@id\":\"https:\/\/www.africa-press.net\/benin\/#website\"},\"primaryImageOfPage\":{\"@id\":\"https:\/\/www.africa-press.net\/benin\/economie\/compact-regional-benin-niger-une-mission-gouvernementale-a-washington#primaryimage\"},\"image\":{\"@id\":\"https:\/\/www.africa-press.net\/benin\/economie\/compact-regional-benin-niger-une-mission-gouvernementale-a-washington#primaryimage\"},\"thumbnailUrl\":\"https:\/\/static.africa-press.net\/benin\/sites\/46\/2022\/08\/postQueueImg_20-62fbe251e521d.jpg\",\"datePublished\":\"2022-08-16T18:11:15+00:00\",\"dateModified\":\"2022-08-16T18:31:31+00:00\",\"author\":{\"@id\":\"https:\/\/www.africa-press.net\/benin\/#\/schema\/person\/2b1cf3cd81a31e3cd26889ca66d677f1\"},\"description\":\"Le comit\u00e9 de pilotage du Compact R\u00e9gional B\u00e9nin-Niger pr\u00e9sid\u00e9 par le ministre d\u2019Etat, Abdoulaye Bio Tchan\u00e9 \u00e9tait \u00e0 Washi ...\",\"breadcrumb\":{\"@id\":\"https:\/\/www.africa-press.net\/benin\/economie\/compact-regional-benin-niger-une-mission-gouvernementale-a-washington#breadcrumb\"},\"inLanguage\":\"fr-FR\",\"potentialAction\":[{\"@type\":\"ReadAction\",\"target\":[\"https:\/\/www.africa-press.net\/benin\/economie\/compact-regional-benin-niger-une-mission-gouvernementale-a-washington\"]}]},{\"@type\":\"ImageObject\",\"inLanguage\":\"fr-FR\",\"@id\":\"https:\/\/www.africa-press.net\/benin\/economie\/compact-regional-benin-niger-une-mission-gouvernementale-a-washington#primaryimage\",\"url\":\"https:\/\/static.africa-press.net\/benin\/sites\/46\/2022\/08\/postQueueImg_20-62fbe251e521d.jpg\",\"contentUrl\":\"https:\/\/static.africa-press.net\/benin\/sites\/46\/2022\/08\/postQueueImg_20-62fbe251e521d.jpg\",\"width\":1600,\"height\":970,\"caption\":\"Compact R\u00e9gional B\u00e9nin-Niger: une mission gouvernementale \u00e0 Washington\"},{\"@type\":\"BreadcrumbList\",\"@id\":\"https:\/\/www.africa-press.net\/benin\/economie\/compact-regional-benin-niger-une-mission-gouvernementale-a-washington#breadcrumb\",\"itemListElement\":[{\"@type\":\"ListItem\",\"position\":1,\"name\":\"Accueil\",\"item\":\"https:\/\/www.africa-press.net\/benin\/\"},{\"@type\":\"ListItem\",\"position\":2,\"name\":\"Compact R\u00e9gional B\u00e9nin-Niger: une mission gouvernementale \u00e0 Washington\"}]},{\"@type\":\"WebSite\",\"@id\":\"https:\/\/www.africa-press.net\/benin\/#website\",\"url\":\"https:\/\/www.africa-press.net\/benin\/\",\"name\":\"B\u00e9nin\",\"description\":\"Just another Africa News Agency Sites site\",\"potentialAction\":[{\"@type\":\"SearchAction\",\"target\":{\"@type\":\"EntryPoint\",\"urlTemplate\":\"https:\/\/www.africa-press.net\/benin\/?s={search_term_string}\"},\"query-input\":{\"@type\":\"PropertyValueSpecification\",\"valueRequired\":true,\"valueName\":\"search_term_string\"}}],\"inLanguage\":\"fr-FR\"},{\"@type\":\"Person\",\"@id\":\"https:\/\/www.africa-press.net\/benin\/#\/schema\/person\/2b1cf3cd81a31e3cd26889ca66d677f1\",\"name\":\"cfeditorfr\"}]}<\/script>\n<!-- \/ Yoast SEO Premium plugin. -->","yoast_head_json":{"title":"Compact R\u00e9gional B\u00e9nin-Niger: une mission gouvernementale \u00e0 Washington - B\u00e9nin","description":"Le comit\u00e9 de pilotage du Compact R\u00e9gional B\u00e9nin-Niger pr\u00e9sid\u00e9 par le ministre d\u2019Etat, Abdoulaye Bio Tchan\u00e9 \u00e9tait \u00e0 Washi ...","robots":{"index":"index","follow":"follow","max-snippet":"max-snippet:-1","max-image-preview":"max-image-preview:large","max-video-preview":"max-video-preview:-1"},"canonical":"https:\/\/www.africa-press.net\/benin\/economie\/compact-regional-benin-niger-une-mission-gouvernementale-a-washington","og_locale":"fr_FR","og_type":"article","og_title":"Compact R\u00e9gional B\u00e9nin-Niger: une mission gouvernementale \u00e0 Washington","og_description":"Le comit\u00e9 de pilotage du Compact R\u00e9gional B\u00e9nin-Niger pr\u00e9sid\u00e9 par le ministre d\u2019Etat, Abdoulaye Bio Tchan\u00e9 \u00e9tait \u00e0 Washi ...","og_url":"https:\/\/www.africa-press.net\/benin\/economie\/compact-regional-benin-niger-une-mission-gouvernementale-a-washington","og_site_name":"B\u00e9nin","article_published_time":"2022-08-16T18:11:15+00:00","article_modified_time":"2022-08-16T18:31:31+00:00","og_image":[{"width":1600,"height":970,"url":"https:\/\/static.africa-press.net\/benin\/sites\/46\/2022\/08\/postQueueImg_20-62fbe251e521d.jpg","type":"image\/jpeg"}],"author":"cfeditorfr","twitter_card":"summary_large_image","twitter_misc":{"\u00c9crit par":"cfeditorfr","Dur\u00e9e de lecture estim\u00e9e":"2 minutes"},"schema":{"@context":"https:\/\/schema.org","@graph":[{"@type":"Article","@id":"https:\/\/www.africa-press.net\/benin\/economie\/compact-regional-benin-niger-une-mission-gouvernementale-a-washington#article","isPartOf":{"@id":"https:\/\/www.africa-press.net\/benin\/economie\/compact-regional-benin-niger-une-mission-gouvernementale-a-washington"},"author":{"name":"cfeditorfr","@id":"https:\/\/www.africa-press.net\/benin\/#\/schema\/person\/2b1cf3cd81a31e3cd26889ca66d677f1"},"headline":"Compact R\u00e9gional B\u00e9nin-Niger: une mission gouvernementale \u00e0 Washington","datePublished":"2022-08-16T18:11:15+00:00","dateModified":"2022-08-16T18:31:31+00:00","mainEntityOfPage":{"@id":"https:\/\/www.africa-press.net\/benin\/economie\/compact-regional-benin-niger-une-mission-gouvernementale-a-washington"},"wordCount":417,"commentCount":0,"image":{"@id":"https:\/\/www.africa-press.net\/benin\/economie\/compact-regional-benin-niger-une-mission-gouvernementale-a-washington#primaryimage"},"thumbnailUrl":"https:\/\/static.africa-press.net\/benin\/sites\/46\/2022\/08\/postQueueImg_20-62fbe251e521d.jpg","keywords":["Africa Press","Africa Press-Benin","B\u00e9nin"],"articleSection":["\u00c9conomie","homepage-french","Toutes les actualit\u00e9s"],"inLanguage":"fr-FR","potentialAction":[{"@type":"CommentAction","name":"Comment","target":["https:\/\/www.africa-press.net\/benin\/economie\/compact-regional-benin-niger-une-mission-gouvernementale-a-washington#respond"]}]},{"@type":"WebPage","@id":"https:\/\/www.africa-press.net\/benin\/economie\/compact-regional-benin-niger-une-mission-gouvernementale-a-washington","url":"https:\/\/www.africa-press.net\/benin\/economie\/compact-regional-benin-niger-une-mission-gouvernementale-a-washington","name":"Compact R\u00e9gional B\u00e9nin-Niger: une mission gouvernementale \u00e0 Washington - B\u00e9nin","isPartOf":{"@id":"https:\/\/www.africa-press.net\/benin\/#website"},"primaryImageOfPage":{"@id":"https:\/\/www.africa-press.net\/benin\/economie\/compact-regional-benin-niger-une-mission-gouvernementale-a-washington#primaryimage"},"image":{"@id":"https:\/\/www.africa-press.net\/benin\/economie\/compact-regional-benin-niger-une-mission-gouvernementale-a-washington#primaryimage"},"thumbnailUrl":"https:\/\/static.africa-press.net\/benin\/sites\/46\/2022\/08\/postQueueImg_20-62fbe251e521d.jpg","datePublished":"2022-08-16T18:11:15+00:00","dateModified":"2022-08-16T18:31:31+00:00","author":{"@id":"https:\/\/www.africa-press.net\/benin\/#\/schema\/person\/2b1cf3cd81a31e3cd26889ca66d677f1"},"description":"Le comit\u00e9 de pilotage du Compact R\u00e9gional B\u00e9nin-Niger pr\u00e9sid\u00e9 par le ministre d\u2019Etat, Abdoulaye Bio Tchan\u00e9 \u00e9tait \u00e0 Washi ...","breadcrumb":{"@id":"https:\/\/www.africa-press.net\/benin\/economie\/compact-regional-benin-niger-une-mission-gouvernementale-a-washington#breadcrumb"},"inLanguage":"fr-FR","potentialAction":[{"@type":"ReadAction","target":["https:\/\/www.africa-press.net\/benin\/economie\/compact-regional-benin-niger-une-mission-gouvernementale-a-washington"]}]},{"@type":"ImageObject","inLanguage":"fr-FR","@id":"https:\/\/www.africa-press.net\/benin\/economie\/compact-regional-benin-niger-une-mission-gouvernementale-a-washington#primaryimage","url":"https:\/\/static.africa-press.net\/benin\/sites\/46\/2022\/08\/postQueueImg_20-62fbe251e521d.jpg","contentUrl":"https:\/\/static.africa-press.net\/benin\/sites\/46\/2022\/08\/postQueueImg_20-62fbe251e521d.jpg","width":1600,"height":970,"caption":"Compact R\u00e9gional B\u00e9nin-Niger: une mission gouvernementale \u00e0 Washington"},{"@type":"BreadcrumbList","@id":"https:\/\/www.africa-press.net\/benin\/economie\/compact-regional-benin-niger-une-mission-gouvernementale-a-washington#breadcrumb","itemListElement":[{"@type":"ListItem","position":1,"name":"Accueil","item":"https:\/\/www.africa-press.net\/benin\/"},{"@type":"ListItem","position":2,"name":"Compact R\u00e9gional B\u00e9nin-Niger: une mission gouvernementale \u00e0 Washington"}]},{"@type":"WebSite","@id":"https:\/\/www.africa-press.net\/benin\/#website","url":"https:\/\/www.africa-press.net\/benin\/","name":"B\u00e9nin","description":"Just another Africa News Agency Sites site","potentialAction":[{"@type":"SearchAction","target":{"@type":"EntryPoint","urlTemplate":"https:\/\/www.africa-press.net\/benin\/?s={search_term_string}"},"query-input":{"@type":"PropertyValueSpecification","valueRequired":true,"valueName":"search_term_string"}}],"inLanguage":"fr-FR"},{"@type":"Person","@id":"https:\/\/www.africa-press.net\/benin\/#\/schema\/person\/2b1cf3cd81a31e3cd26889ca66d677f1","name":"cfeditorfr"}]}},"_links":{"self":[{"href":"https:\/\/www.africa-press.net\/benin\/wp-json\/wp\/v2\/posts\/7906","targetHints":{"allow":["GET"]}}],"collection":[{"href":"https:\/\/www.africa-press.net\/benin\/wp-json\/wp\/v2\/posts"}],"about":[{"href":"https:\/\/www.africa-press.net\/benin\/wp-json\/wp\/v2\/types\/post"}],"author":[{"embeddable":true,"href":"https:\/\/www.africa-press.net\/benin\/wp-json\/wp\/v2\/users\/82"}],"replies":[{"embeddable":true,"href":"https:\/\/www.africa-press.net\/benin\/wp-json\/wp\/v2\/comments?post=7906"}],"version-history":[{"count":0,"href":"https:\/\/www.africa-press.net\/benin\/wp-json\/wp\/v2\/posts\/7906\/revisions"}],"wp:featuredmedia":[{"embeddable":true,"href":"https:\/\/www.africa-press.net\/benin\/wp-json\/wp\/v2\/media\/7905"}],"wp:attachment":[{"href":"https:\/\/www.africa-press.net\/benin\/wp-json\/wp\/v2\/media?parent=7906"}],"wp:term":[{"taxonomy":"category","embeddable":true,"href":"https:\/\/www.africa-press.net\/benin\/wp-json\/wp\/v2\/categories?post=7906"},{"taxonomy":"post_tag","embeddable":true,"href":"https:\/\/www.africa-press.net\/benin\/wp-json\/wp\/v2\/tags?post=7906"}],"curies":[{"name":"wp","href":"https:\/\/api.w.org\/{rel}","templated":true}]}}