{"id":7909,"date":"2022-08-16T18:11:28","date_gmt":"2022-08-16T18:11:28","guid":{"rendered":"https:\/\/www.africa-press.net\/benin\/politique\/benin-a-bohicon-limam-dicko-fait-les-eloges-de-patrice-talon"},"modified":"2022-08-16T18:32:25","modified_gmt":"2022-08-16T18:32:25","slug":"benin-a-bohicon-limam-dicko-fait-les-eloges-de-patrice-talon","status":"publish","type":"post","link":"https:\/\/www.africa-press.net\/benin\/politique\/benin-a-bohicon-limam-dicko-fait-les-eloges-de-patrice-talon","title":{"rendered":"B\u00e9nin: \u00e0 Bohicon, l\u2019imam Dicko fait les \u00e9loges de Patrice Talon"},"content":{"rendered":"<p><span style=\"color: #ff6600\"><strong>Africa-Press &#8211; Benin. <\/strong><\/span>A Bohicon o\u00f9 il a assist\u00e9 \u00e0 l\u2019investiture du pr\u00e9sident de l\u2019Union islamique du B\u00e9nin (Uib), l\u2019imam malien Mahmoud Dicko a fait les \u00e9loges de Patrice Talon. Selon le leader musulman, le pr\u00e9sident b\u00e9ninois doit fait cas d\u2019\u00e9cole dans les autres pays africains.<\/p>\n<p>Selon l\u2019imam Dicko, Patrice Talon est un homme pragmatique qui allie \u00e9coute et action. \u201cLe pr\u00e9sident b\u00e9ninois est quelqu\u2019un qui \u00e9coute beaucoup, qui parle peu, mais qui agit\u201d, a-t-il d\u00e9clar\u00e9. Pour Mahmoud Dicko, Patrice Talon est le prototype d\u2019homme d\u2019Etat dont a besoin l\u2019Afrique pour une meilleure gouvernance \u00e0 la t\u00eate des pays.<\/p>\n<p>Il faut que nos dirigeants \u00e9coutent beaucoup, parlent peu et agissent, c\u2019est de ceux-l\u00e0 dont l\u2019Afrique a besoin.<\/p>\n<p>Leader religieux engag\u00e9, l\u2019imam Dicko s\u2019est montr\u00e9 aux c\u00f4t\u00e9s du peuple malien face au r\u00e9gime d\u2019Ibrahim Boubacar Keita (IBK). En dehors du Mali, il se positionne en d\u00e9fenseur des int\u00e9r\u00eats des peuples africains, notamment de la jeunesse.<\/p>\n<p>L\u2019imam Dicko n\u2019est pas le seul \u201c\u00e9tranger\u201d \u00e0 saluer la m\u00e9thode de gouvernance du pr\u00e9sident Patrice Talon. Dans plusieurs prises de position et actions, le chef d\u2019Etat b\u00e9ninois a montr\u00e9 une volont\u00e9 de faire les choses autrement dans la gestion publique, surtout vis-\u00e0-vis des puissances \u00e9trang\u00e8res. Sur les r\u00e9seaux sociaux, il est c\u00e9l\u00e9br\u00e9 par des internautes d\u2019autres pays africains qui le qualifient m\u00eame de \u201cThomas Sankara\u201d de la nouvelle g\u00e9n\u00e9ration.<\/p>\n<p><strong>Pour plus d&rsquo;informations et d&rsquo;analyses sur la <a href=\"https:\/\/www.africa-press.net\/benin\">Benin<\/a>, suivez <a href=\"https:\/\/www.africa-press.net\/\">Africa-Press<\/a><\/strong><\/p>\n","protected":false},"excerpt":{"rendered":"<p>Africa-Press &#8211; Benin. A Bohicon o\u00f9 il a assist\u00e9 \u00e0 l\u2019investiture du pr\u00e9sident de l\u2019Union islamique du B\u00e9nin (Uib), l\u2019imam malien Mahmoud Dicko a fait les \u00e9loges de Patrice Talon. Selon le leader musulman, le pr\u00e9sident b\u00e9ninois doit fait cas d\u2019\u00e9cole dans les autres pays africains. Selon l\u2019imam Dicko, Patrice Talon est un homme pragmatique [&hellip;]<\/p>\n","protected":false},"author":82,"featured_media":7908,"comment_status":"open","ping_status":"closed","sticky":false,"template":"","format":"standard","meta":{"footnotes":""},"categories":[11,2,10],"tags":[36,50,45],"class_list":["post-7909","post","type-post","status-publish","format-standard","has-post-thumbnail","hentry","category-homepage-french","category-politique","category-toutes-les-actualites","tag-africa-press","tag-africa-press-benin","tag-benin"],"yoast_head":"<!-- This site is optimized with the Yoast SEO Premium plugin v26.1 (Yoast SEO v27.0) - https:\/\/yoast.com\/product\/yoast-seo-premium-wordpress\/ -->\n<title>B\u00e9nin: \u00e0 Bohicon, l\u2019imam Dicko fait les \u00e9loges de Patrice Talon - B\u00e9nin<\/title>\n<meta name=\"description\" content=\"A Bohicon o\u00f9 il a assist\u00e9 \u00e0 l\u2019investiture du pr\u00e9sident de l\u2019Union islamique du B\u00e9nin (Uib), l\u2019imam malien Mahmoud Dicko ...\" \/>\n<meta name=\"robots\" content=\"index, follow, max-snippet:-1, max-image-preview:large, max-video-preview:-1\" \/>\n<link rel=\"canonical\" href=\"https:\/\/www.africa-press.net\/benin\/politique\/benin-a-bohicon-limam-dicko-fait-les-eloges-de-patrice-talon\" \/>\n<meta property=\"og:locale\" content=\"fr_FR\" \/>\n<meta property=\"og:type\" content=\"article\" \/>\n<meta property=\"og:title\" content=\"B\u00e9nin: \u00e0 Bohicon, l\u2019imam Dicko fait les \u00e9loges de Patrice Talon\" \/>\n<meta property=\"og:description\" content=\"A Bohicon o\u00f9 il a assist\u00e9 \u00e0 l\u2019investiture du pr\u00e9sident de l\u2019Union islamique du B\u00e9nin (Uib), l\u2019imam malien Mahmoud Dicko ...\" \/>\n<meta property=\"og:url\" content=\"https:\/\/www.africa-press.net\/benin\/politique\/benin-a-bohicon-limam-dicko-fait-les-eloges-de-patrice-talon\" \/>\n<meta property=\"og:site_name\" content=\"B\u00e9nin\" \/>\n<meta property=\"article:published_time\" content=\"2022-08-16T18:11:28+00:00\" \/>\n<meta property=\"article:modified_time\" content=\"2022-08-16T18:32:25+00:00\" \/>\n<meta property=\"og:image\" content=\"https:\/\/static.africa-press.net\/benin\/sites\/46\/2022\/08\/postQueueImg_21-62fbe28887baf.jpg\" \/>\n\t<meta property=\"og:image:width\" content=\"1150\" \/>\n\t<meta property=\"og:image:height\" content=\"875\" \/>\n\t<meta property=\"og:image:type\" content=\"image\/jpeg\" \/>\n<meta name=\"author\" content=\"cfeditorfr\" \/>\n<meta name=\"twitter:card\" content=\"summary_large_image\" \/>\n<meta name=\"twitter:label1\" content=\"\u00c9crit par\" \/>\n\t<meta name=\"twitter:data1\" content=\"cfeditorfr\" \/>\n\t<meta name=\"twitter:label2\" content=\"Dur\u00e9e de lecture estim\u00e9e\" \/>\n\t<meta name=\"twitter:data2\" content=\"2 minutes\" \/>\n<script type=\"application\/ld+json\" class=\"yoast-schema-graph\">{\"@context\":\"https:\/\/schema.org\",\"@graph\":[{\"@type\":\"Article\",\"@id\":\"https:\/\/www.africa-press.net\/benin\/politique\/benin-a-bohicon-limam-dicko-fait-les-eloges-de-patrice-talon#article\",\"isPartOf\":{\"@id\":\"https:\/\/www.africa-press.net\/benin\/politique\/benin-a-bohicon-limam-dicko-fait-les-eloges-de-patrice-talon\"},\"author\":{\"name\":\"cfeditorfr\",\"@id\":\"https:\/\/www.africa-press.net\/benin\/#\/schema\/person\/2b1cf3cd81a31e3cd26889ca66d677f1\"},\"headline\":\"B\u00e9nin: \u00e0 Bohicon, l\u2019imam Dicko fait les \u00e9loges de Patrice Talon\",\"datePublished\":\"2022-08-16T18:11:28+00:00\",\"dateModified\":\"2022-08-16T18:32:25+00:00\",\"mainEntityOfPage\":{\"@id\":\"https:\/\/www.africa-press.net\/benin\/politique\/benin-a-bohicon-limam-dicko-fait-les-eloges-de-patrice-talon\"},\"wordCount\":288,\"commentCount\":0,\"image\":{\"@id\":\"https:\/\/www.africa-press.net\/benin\/politique\/benin-a-bohicon-limam-dicko-fait-les-eloges-de-patrice-talon#primaryimage\"},\"thumbnailUrl\":\"https:\/\/static.africa-press.net\/benin\/sites\/46\/2022\/08\/postQueueImg_21-62fbe28887baf.jpg\",\"keywords\":[\"Africa Press\",\"Africa Press-Benin\",\"B\u00e9nin\"],\"articleSection\":[\"homepage-french\",\"Politique\",\"Toutes les actualit\u00e9s\"],\"inLanguage\":\"fr-FR\",\"potentialAction\":[{\"@type\":\"CommentAction\",\"name\":\"Comment\",\"target\":[\"https:\/\/www.africa-press.net\/benin\/politique\/benin-a-bohicon-limam-dicko-fait-les-eloges-de-patrice-talon#respond\"]}]},{\"@type\":\"WebPage\",\"@id\":\"https:\/\/www.africa-press.net\/benin\/politique\/benin-a-bohicon-limam-dicko-fait-les-eloges-de-patrice-talon\",\"url\":\"https:\/\/www.africa-press.net\/benin\/politique\/benin-a-bohicon-limam-dicko-fait-les-eloges-de-patrice-talon\",\"name\":\"B\u00e9nin: \u00e0 Bohicon, l\u2019imam Dicko fait les \u00e9loges de Patrice Talon - B\u00e9nin\",\"isPartOf\":{\"@id\":\"https:\/\/www.africa-press.net\/benin\/#website\"},\"primaryImageOfPage\":{\"@id\":\"https:\/\/www.africa-press.net\/benin\/politique\/benin-a-bohicon-limam-dicko-fait-les-eloges-de-patrice-talon#primaryimage\"},\"image\":{\"@id\":\"https:\/\/www.africa-press.net\/benin\/politique\/benin-a-bohicon-limam-dicko-fait-les-eloges-de-patrice-talon#primaryimage\"},\"thumbnailUrl\":\"https:\/\/static.africa-press.net\/benin\/sites\/46\/2022\/08\/postQueueImg_21-62fbe28887baf.jpg\",\"datePublished\":\"2022-08-16T18:11:28+00:00\",\"dateModified\":\"2022-08-16T18:32:25+00:00\",\"author\":{\"@id\":\"https:\/\/www.africa-press.net\/benin\/#\/schema\/person\/2b1cf3cd81a31e3cd26889ca66d677f1\"},\"description\":\"A Bohicon o\u00f9 il a assist\u00e9 \u00e0 l\u2019investiture du pr\u00e9sident de l\u2019Union islamique du B\u00e9nin (Uib), l\u2019imam malien Mahmoud Dicko ...\",\"breadcrumb\":{\"@id\":\"https:\/\/www.africa-press.net\/benin\/politique\/benin-a-bohicon-limam-dicko-fait-les-eloges-de-patrice-talon#breadcrumb\"},\"inLanguage\":\"fr-FR\",\"potentialAction\":[{\"@type\":\"ReadAction\",\"target\":[\"https:\/\/www.africa-press.net\/benin\/politique\/benin-a-bohicon-limam-dicko-fait-les-eloges-de-patrice-talon\"]}]},{\"@type\":\"ImageObject\",\"inLanguage\":\"fr-FR\",\"@id\":\"https:\/\/www.africa-press.net\/benin\/politique\/benin-a-bohicon-limam-dicko-fait-les-eloges-de-patrice-talon#primaryimage\",\"url\":\"https:\/\/static.africa-press.net\/benin\/sites\/46\/2022\/08\/postQueueImg_21-62fbe28887baf.jpg\",\"contentUrl\":\"https:\/\/static.africa-press.net\/benin\/sites\/46\/2022\/08\/postQueueImg_21-62fbe28887baf.jpg\",\"width\":1150,\"height\":875,\"caption\":\"B\u00e9nin: \u00e0 Bohicon, l\u2019imam Dicko fait les \u00e9loges de Patrice Talon\"},{\"@type\":\"BreadcrumbList\",\"@id\":\"https:\/\/www.africa-press.net\/benin\/politique\/benin-a-bohicon-limam-dicko-fait-les-eloges-de-patrice-talon#breadcrumb\",\"itemListElement\":[{\"@type\":\"ListItem\",\"position\":1,\"name\":\"Accueil\",\"item\":\"https:\/\/www.africa-press.net\/benin\/\"},{\"@type\":\"ListItem\",\"position\":2,\"name\":\"B\u00e9nin: \u00e0 Bohicon, l\u2019imam Dicko fait les \u00e9loges de Patrice Talon\"}]},{\"@type\":\"WebSite\",\"@id\":\"https:\/\/www.africa-press.net\/benin\/#website\",\"url\":\"https:\/\/www.africa-press.net\/benin\/\",\"name\":\"B\u00e9nin\",\"description\":\"Just another Africa News Agency Sites site\",\"potentialAction\":[{\"@type\":\"SearchAction\",\"target\":{\"@type\":\"EntryPoint\",\"urlTemplate\":\"https:\/\/www.africa-press.net\/benin\/?s={search_term_string}\"},\"query-input\":{\"@type\":\"PropertyValueSpecification\",\"valueRequired\":true,\"valueName\":\"search_term_string\"}}],\"inLanguage\":\"fr-FR\"},{\"@type\":\"Person\",\"@id\":\"https:\/\/www.africa-press.net\/benin\/#\/schema\/person\/2b1cf3cd81a31e3cd26889ca66d677f1\",\"name\":\"cfeditorfr\"}]}<\/script>\n<!-- \/ Yoast SEO Premium plugin. -->","yoast_head_json":{"title":"B\u00e9nin: \u00e0 Bohicon, l\u2019imam Dicko fait les \u00e9loges de Patrice Talon - B\u00e9nin","description":"A Bohicon o\u00f9 il a assist\u00e9 \u00e0 l\u2019investiture du pr\u00e9sident de l\u2019Union islamique du B\u00e9nin (Uib), l\u2019imam malien Mahmoud Dicko ...","robots":{"index":"index","follow":"follow","max-snippet":"max-snippet:-1","max-image-preview":"max-image-preview:large","max-video-preview":"max-video-preview:-1"},"canonical":"https:\/\/www.africa-press.net\/benin\/politique\/benin-a-bohicon-limam-dicko-fait-les-eloges-de-patrice-talon","og_locale":"fr_FR","og_type":"article","og_title":"B\u00e9nin: \u00e0 Bohicon, l\u2019imam Dicko fait les \u00e9loges de Patrice Talon","og_description":"A Bohicon o\u00f9 il a assist\u00e9 \u00e0 l\u2019investiture du pr\u00e9sident de l\u2019Union islamique du B\u00e9nin (Uib), l\u2019imam malien Mahmoud Dicko ...","og_url":"https:\/\/www.africa-press.net\/benin\/politique\/benin-a-bohicon-limam-dicko-fait-les-eloges-de-patrice-talon","og_site_name":"B\u00e9nin","article_published_time":"2022-08-16T18:11:28+00:00","article_modified_time":"2022-08-16T18:32:25+00:00","og_image":[{"width":1150,"height":875,"url":"https:\/\/static.africa-press.net\/benin\/sites\/46\/2022\/08\/postQueueImg_21-62fbe28887baf.jpg","type":"image\/jpeg"}],"author":"cfeditorfr","twitter_card":"summary_large_image","twitter_misc":{"\u00c9crit par":"cfeditorfr","Dur\u00e9e de lecture estim\u00e9e":"2 minutes"},"schema":{"@context":"https:\/\/schema.org","@graph":[{"@type":"Article","@id":"https:\/\/www.africa-press.net\/benin\/politique\/benin-a-bohicon-limam-dicko-fait-les-eloges-de-patrice-talon#article","isPartOf":{"@id":"https:\/\/www.africa-press.net\/benin\/politique\/benin-a-bohicon-limam-dicko-fait-les-eloges-de-patrice-talon"},"author":{"name":"cfeditorfr","@id":"https:\/\/www.africa-press.net\/benin\/#\/schema\/person\/2b1cf3cd81a31e3cd26889ca66d677f1"},"headline":"B\u00e9nin: \u00e0 Bohicon, l\u2019imam Dicko fait les \u00e9loges de Patrice Talon","datePublished":"2022-08-16T18:11:28+00:00","dateModified":"2022-08-16T18:32:25+00:00","mainEntityOfPage":{"@id":"https:\/\/www.africa-press.net\/benin\/politique\/benin-a-bohicon-limam-dicko-fait-les-eloges-de-patrice-talon"},"wordCount":288,"commentCount":0,"image":{"@id":"https:\/\/www.africa-press.net\/benin\/politique\/benin-a-bohicon-limam-dicko-fait-les-eloges-de-patrice-talon#primaryimage"},"thumbnailUrl":"https:\/\/static.africa-press.net\/benin\/sites\/46\/2022\/08\/postQueueImg_21-62fbe28887baf.jpg","keywords":["Africa Press","Africa Press-Benin","B\u00e9nin"],"articleSection":["homepage-french","Politique","Toutes les actualit\u00e9s"],"inLanguage":"fr-FR","potentialAction":[{"@type":"CommentAction","name":"Comment","target":["https:\/\/www.africa-press.net\/benin\/politique\/benin-a-bohicon-limam-dicko-fait-les-eloges-de-patrice-talon#respond"]}]},{"@type":"WebPage","@id":"https:\/\/www.africa-press.net\/benin\/politique\/benin-a-bohicon-limam-dicko-fait-les-eloges-de-patrice-talon","url":"https:\/\/www.africa-press.net\/benin\/politique\/benin-a-bohicon-limam-dicko-fait-les-eloges-de-patrice-talon","name":"B\u00e9nin: \u00e0 Bohicon, l\u2019imam Dicko fait les \u00e9loges de Patrice Talon - B\u00e9nin","isPartOf":{"@id":"https:\/\/www.africa-press.net\/benin\/#website"},"primaryImageOfPage":{"@id":"https:\/\/www.africa-press.net\/benin\/politique\/benin-a-bohicon-limam-dicko-fait-les-eloges-de-patrice-talon#primaryimage"},"image":{"@id":"https:\/\/www.africa-press.net\/benin\/politique\/benin-a-bohicon-limam-dicko-fait-les-eloges-de-patrice-talon#primaryimage"},"thumbnailUrl":"https:\/\/static.africa-press.net\/benin\/sites\/46\/2022\/08\/postQueueImg_21-62fbe28887baf.jpg","datePublished":"2022-08-16T18:11:28+00:00","dateModified":"2022-08-16T18:32:25+00:00","author":{"@id":"https:\/\/www.africa-press.net\/benin\/#\/schema\/person\/2b1cf3cd81a31e3cd26889ca66d677f1"},"description":"A Bohicon o\u00f9 il a assist\u00e9 \u00e0 l\u2019investiture du pr\u00e9sident de l\u2019Union islamique du B\u00e9nin (Uib), l\u2019imam malien Mahmoud Dicko ...","breadcrumb":{"@id":"https:\/\/www.africa-press.net\/benin\/politique\/benin-a-bohicon-limam-dicko-fait-les-eloges-de-patrice-talon#breadcrumb"},"inLanguage":"fr-FR","potentialAction":[{"@type":"ReadAction","target":["https:\/\/www.africa-press.net\/benin\/politique\/benin-a-bohicon-limam-dicko-fait-les-eloges-de-patrice-talon"]}]},{"@type":"ImageObject","inLanguage":"fr-FR","@id":"https:\/\/www.africa-press.net\/benin\/politique\/benin-a-bohicon-limam-dicko-fait-les-eloges-de-patrice-talon#primaryimage","url":"https:\/\/static.africa-press.net\/benin\/sites\/46\/2022\/08\/postQueueImg_21-62fbe28887baf.jpg","contentUrl":"https:\/\/static.africa-press.net\/benin\/sites\/46\/2022\/08\/postQueueImg_21-62fbe28887baf.jpg","width":1150,"height":875,"caption":"B\u00e9nin: \u00e0 Bohicon, l\u2019imam Dicko fait les \u00e9loges de Patrice Talon"},{"@type":"BreadcrumbList","@id":"https:\/\/www.africa-press.net\/benin\/politique\/benin-a-bohicon-limam-dicko-fait-les-eloges-de-patrice-talon#breadcrumb","itemListElement":[{"@type":"ListItem","position":1,"name":"Accueil","item":"https:\/\/www.africa-press.net\/benin\/"},{"@type":"ListItem","position":2,"name":"B\u00e9nin: \u00e0 Bohicon, l\u2019imam Dicko fait les \u00e9loges de Patrice Talon"}]},{"@type":"WebSite","@id":"https:\/\/www.africa-press.net\/benin\/#website","url":"https:\/\/www.africa-press.net\/benin\/","name":"B\u00e9nin","description":"Just another Africa News Agency Sites site","potentialAction":[{"@type":"SearchAction","target":{"@type":"EntryPoint","urlTemplate":"https:\/\/www.africa-press.net\/benin\/?s={search_term_string}"},"query-input":{"@type":"PropertyValueSpecification","valueRequired":true,"valueName":"search_term_string"}}],"inLanguage":"fr-FR"},{"@type":"Person","@id":"https:\/\/www.africa-press.net\/benin\/#\/schema\/person\/2b1cf3cd81a31e3cd26889ca66d677f1","name":"cfeditorfr"}]}},"_links":{"self":[{"href":"https:\/\/www.africa-press.net\/benin\/wp-json\/wp\/v2\/posts\/7909","targetHints":{"allow":["GET"]}}],"collection":[{"href":"https:\/\/www.africa-press.net\/benin\/wp-json\/wp\/v2\/posts"}],"about":[{"href":"https:\/\/www.africa-press.net\/benin\/wp-json\/wp\/v2\/types\/post"}],"author":[{"embeddable":true,"href":"https:\/\/www.africa-press.net\/benin\/wp-json\/wp\/v2\/users\/82"}],"replies":[{"embeddable":true,"href":"https:\/\/www.africa-press.net\/benin\/wp-json\/wp\/v2\/comments?post=7909"}],"version-history":[{"count":0,"href":"https:\/\/www.africa-press.net\/benin\/wp-json\/wp\/v2\/posts\/7909\/revisions"}],"wp:featuredmedia":[{"embeddable":true,"href":"https:\/\/www.africa-press.net\/benin\/wp-json\/wp\/v2\/media\/7908"}],"wp:attachment":[{"href":"https:\/\/www.africa-press.net\/benin\/wp-json\/wp\/v2\/media?parent=7909"}],"wp:term":[{"taxonomy":"category","embeddable":true,"href":"https:\/\/www.africa-press.net\/benin\/wp-json\/wp\/v2\/categories?post=7909"},{"taxonomy":"post_tag","embeddable":true,"href":"https:\/\/www.africa-press.net\/benin\/wp-json\/wp\/v2\/tags?post=7909"}],"curies":[{"name":"wp","href":"https:\/\/api.w.org\/{rel}","templated":true}]}}