{"id":7912,"date":"2022-08-16T18:11:35","date_gmt":"2022-08-16T18:11:35","guid":{"rendered":"https:\/\/www.africa-press.net\/benin\/politique\/je-suis-tres-inquiet-de-la-perennisation-de-loeuvre-de-talon-richard-ouorou"},"modified":"2022-08-16T18:33:13","modified_gmt":"2022-08-16T18:33:13","slug":"je-suis-tres-inquiet-de-la-perennisation-de-loeuvre-de-talon-richard-ouorou","status":"publish","type":"post","link":"https:\/\/www.africa-press.net\/benin\/politique\/je-suis-tres-inquiet-de-la-perennisation-de-loeuvre-de-talon-richard-ouorou","title":{"rendered":"\u201cJe suis tr\u00e8s inquiet de la p\u00e9rennisation de l\u2019\u0153uvre de Talon\u201d, Richard Ouorou"},"content":{"rendered":"<p><span style=\"color: #ff6600\"><strong>Africa-Press &#8211; Benin. <\/strong><\/span>De plus en plus, les caciques du r\u00e9gime de la rupture mettent sur la place publique leur d\u00e9sir de voir leur mentor briguer un autre mandat apr\u00e8s 2026. Des annonces qui semblent avoir d\u2019effet sur le politologue Richard Ouorou qui partage son inqui\u00e9tude de voir se p\u00e9renniser l\u2019oeuvre du pr\u00e9sident Patrice Talon.<\/p>\n<p>Le B\u00e9nin va-t-il vers une nouvelle r\u00e9vision de sa constitution? C\u2019est semble-t-il ce que demandent certaines personnalit\u00e9s du cercle du pouvoir en place. Pour ces derni\u00e8res, ce qui se fait sous la gouvernance du pr\u00e9sident Patrice Talon est si important qu\u2019il serait b\u00e9n\u00e9fique pour le pays qu\u2019il lui soit accord\u00e9 un autre mandat apr\u00e8s 2026.<\/p>\n<p>Un perception des choses que ne semble pas partager le politologue b\u00e9ninois, Richard Ouorou. Dans un post, ce consultant international qui n\u2019est pas sans ambition politique pour son pays se dit inquiet des appels de pieds des partisans de la rupture.<\/p>\n<p>Le pr\u00e9sident du mouvement \u201cLes terriens, terriennes\u201d, affirme que depuis quelques temps, il est tr\u00e8s inquiet par ces appels \u00e0 un autre mandat. S\u2019interrogeant sur la gouvernance du pr\u00e9sident Patrice Talon, il se demande si ce qui se passe sous le r\u00e8gne de la rupture pourrait continuer.<\/p>\n<p>\u201cJe suis tr\u00e8s inquiet de la p\u00e9rennisation de l\u2019\u0153uvre de Patrice Talon, de ce qui est en train d\u2019\u00eatre fait\u201c, indique Richard Ouorou<\/p>\n<p>Deux mandats bloqu\u00e9s dans du marbre\u2026<\/p>\n<p>Si la constitution de 1990 avait d\u00e9j\u00e0 limit\u00e9 \u00e0 deux mandats, le pr\u00e9sidentiel, la loi n\u00b02019-40 du 7 novembre 2019, portant r\u00e9vision de la loi n\u00b090-32 du 11 d\u00e9cembre 1990, portant constitution de la R\u00e9publique du B\u00e9nin a davantage insist\u00e9 sur le nombre de mandat possible qu\u2019un b\u00e9ninois peut faire en qualit\u00e9 de pr\u00e9sident de la R\u00e9publique.<\/p>\n<p>En effet, selon l\u2019article 42 nouveau-alin\u00e9a 2 de la loi n\u00b02019-40 du 7 novembre 2019, portant r\u00e9vision de la loi n\u00b090-32 du 11 d\u00e9cembre 1990, portant constitution de la R\u00e9publique du B\u00e9nin, il est clairement stipul\u00e9 qu\u2019 \u201cen aucun cas, nul ne peut, de sa vie, exercer plus de deux mandats de pr\u00e9sident de la R\u00e9publique\u201c.<\/p>\n<p>En invitant le chef de l\u2019Etat \u00e0 un autre mandat, c\u2019est explicitement un appel que les partisans de la rupture lancent pour une nouvelle r\u00e9vision de la loi constitutionnelle. Autrement, leur appel est nul et de nul effet.<\/p>\n<p>Ce qui pousse d\u2019ailleurs le politologue Richard Ouorou a invit\u00e9 avec ironie, les partisans d\u2019un troisi\u00e8me mandat du pr\u00e9sident de la R\u00e9publique \u00e0 prier pour la r\u00e9incarnation de leur leader. \u201cMaintenant, que ceux et celles qui font inutilement du bruit, prient pour que leur leader meurt et revienne \u00e0 la vie pour \u00eatre \u00e0 nouveau \u00e9ligible au poste convoit\u00e9\u201c, a conclu Richard Boni Ouorou dans son post.<\/p>\n<p><strong>Pour plus d&rsquo;informations et d&rsquo;analyses sur la <a href=\"https:\/\/www.africa-press.net\/benin\">Benin<\/a>, suivez <a href=\"https:\/\/www.africa-press.net\/\">Africa-Press<\/a><\/strong><\/p>\n","protected":false},"excerpt":{"rendered":"<p>Africa-Press &#8211; Benin. De plus en plus, les caciques du r\u00e9gime de la rupture mettent sur la place publique leur d\u00e9sir de voir leur mentor briguer un autre mandat apr\u00e8s 2026. Des annonces qui semblent avoir d\u2019effet sur le politologue Richard Ouorou qui partage son inqui\u00e9tude de voir se p\u00e9renniser l\u2019oeuvre du pr\u00e9sident Patrice Talon. [&hellip;]<\/p>\n","protected":false},"author":82,"featured_media":7911,"comment_status":"open","ping_status":"closed","sticky":false,"template":"","format":"standard","meta":{"footnotes":""},"categories":[11,2,10],"tags":[36,50,45],"class_list":["post-7912","post","type-post","status-publish","format-standard","has-post-thumbnail","hentry","category-homepage-french","category-politique","category-toutes-les-actualites","tag-africa-press","tag-africa-press-benin","tag-benin"],"yoast_head":"<!-- This site is optimized with the Yoast SEO Premium plugin v26.1 (Yoast SEO v27.0) - https:\/\/yoast.com\/product\/yoast-seo-premium-wordpress\/ -->\n<title>\u201cJe suis tr\u00e8s inquiet de la p\u00e9rennisation de l\u2019\u0153uvre de Talon\u201d, Richard Ouorou - B\u00e9nin<\/title>\n<meta name=\"description\" content=\"De plus en plus, les caciques du r\u00e9gime de la rupture mettent sur la place publique leur d\u00e9sir de voir leur mentor brigu ...\" \/>\n<meta name=\"robots\" content=\"index, follow, max-snippet:-1, max-image-preview:large, max-video-preview:-1\" \/>\n<link rel=\"canonical\" href=\"https:\/\/www.africa-press.net\/benin\/politique\/je-suis-tres-inquiet-de-la-perennisation-de-loeuvre-de-talon-richard-ouorou\" \/>\n<meta property=\"og:locale\" content=\"fr_FR\" \/>\n<meta property=\"og:type\" content=\"article\" \/>\n<meta property=\"og:title\" content=\"\u201cJe suis tr\u00e8s inquiet de la p\u00e9rennisation de l\u2019\u0153uvre de Talon\u201d, Richard Ouorou\" \/>\n<meta property=\"og:description\" content=\"De plus en plus, les caciques du r\u00e9gime de la rupture mettent sur la place publique leur d\u00e9sir de voir leur mentor brigu ...\" \/>\n<meta property=\"og:url\" content=\"https:\/\/www.africa-press.net\/benin\/politique\/je-suis-tres-inquiet-de-la-perennisation-de-loeuvre-de-talon-richard-ouorou\" \/>\n<meta property=\"og:site_name\" content=\"B\u00e9nin\" \/>\n<meta property=\"article:published_time\" content=\"2022-08-16T18:11:35+00:00\" \/>\n<meta property=\"article:modified_time\" content=\"2022-08-16T18:33:13+00:00\" \/>\n<meta property=\"og:image\" content=\"https:\/\/static.africa-press.net\/benin\/sites\/46\/2022\/08\/postQueueImg_22-62fbe2bce5097.jpg\" \/>\n\t<meta property=\"og:image:width\" content=\"1200\" \/>\n\t<meta property=\"og:image:height\" content=\"675\" \/>\n\t<meta property=\"og:image:type\" content=\"image\/jpeg\" \/>\n<meta name=\"author\" content=\"cfeditorfr\" \/>\n<meta name=\"twitter:card\" content=\"summary_large_image\" \/>\n<meta name=\"twitter:label1\" content=\"\u00c9crit par\" \/>\n\t<meta name=\"twitter:data1\" content=\"cfeditorfr\" \/>\n\t<meta name=\"twitter:label2\" content=\"Dur\u00e9e de lecture estim\u00e9e\" \/>\n\t<meta name=\"twitter:data2\" content=\"3 minutes\" \/>\n<script type=\"application\/ld+json\" class=\"yoast-schema-graph\">{\"@context\":\"https:\/\/schema.org\",\"@graph\":[{\"@type\":\"Article\",\"@id\":\"https:\/\/www.africa-press.net\/benin\/politique\/je-suis-tres-inquiet-de-la-perennisation-de-loeuvre-de-talon-richard-ouorou#article\",\"isPartOf\":{\"@id\":\"https:\/\/www.africa-press.net\/benin\/politique\/je-suis-tres-inquiet-de-la-perennisation-de-loeuvre-de-talon-richard-ouorou\"},\"author\":{\"name\":\"cfeditorfr\",\"@id\":\"https:\/\/www.africa-press.net\/benin\/#\/schema\/person\/2b1cf3cd81a31e3cd26889ca66d677f1\"},\"headline\":\"\u201cJe suis tr\u00e8s inquiet de la p\u00e9rennisation de l\u2019\u0153uvre de Talon\u201d, Richard Ouorou\",\"datePublished\":\"2022-08-16T18:11:35+00:00\",\"dateModified\":\"2022-08-16T18:33:13+00:00\",\"mainEntityOfPage\":{\"@id\":\"https:\/\/www.africa-press.net\/benin\/politique\/je-suis-tres-inquiet-de-la-perennisation-de-loeuvre-de-talon-richard-ouorou\"},\"wordCount\":516,\"commentCount\":0,\"image\":{\"@id\":\"https:\/\/www.africa-press.net\/benin\/politique\/je-suis-tres-inquiet-de-la-perennisation-de-loeuvre-de-talon-richard-ouorou#primaryimage\"},\"thumbnailUrl\":\"https:\/\/static.africa-press.net\/benin\/sites\/46\/2022\/08\/postQueueImg_22-62fbe2bce5097.jpg\",\"keywords\":[\"Africa Press\",\"Africa Press-Benin\",\"B\u00e9nin\"],\"articleSection\":[\"homepage-french\",\"Politique\",\"Toutes les actualit\u00e9s\"],\"inLanguage\":\"fr-FR\",\"potentialAction\":[{\"@type\":\"CommentAction\",\"name\":\"Comment\",\"target\":[\"https:\/\/www.africa-press.net\/benin\/politique\/je-suis-tres-inquiet-de-la-perennisation-de-loeuvre-de-talon-richard-ouorou#respond\"]}]},{\"@type\":\"WebPage\",\"@id\":\"https:\/\/www.africa-press.net\/benin\/politique\/je-suis-tres-inquiet-de-la-perennisation-de-loeuvre-de-talon-richard-ouorou\",\"url\":\"https:\/\/www.africa-press.net\/benin\/politique\/je-suis-tres-inquiet-de-la-perennisation-de-loeuvre-de-talon-richard-ouorou\",\"name\":\"\u201cJe suis tr\u00e8s inquiet de la p\u00e9rennisation de l\u2019\u0153uvre de Talon\u201d, Richard Ouorou - B\u00e9nin\",\"isPartOf\":{\"@id\":\"https:\/\/www.africa-press.net\/benin\/#website\"},\"primaryImageOfPage\":{\"@id\":\"https:\/\/www.africa-press.net\/benin\/politique\/je-suis-tres-inquiet-de-la-perennisation-de-loeuvre-de-talon-richard-ouorou#primaryimage\"},\"image\":{\"@id\":\"https:\/\/www.africa-press.net\/benin\/politique\/je-suis-tres-inquiet-de-la-perennisation-de-loeuvre-de-talon-richard-ouorou#primaryimage\"},\"thumbnailUrl\":\"https:\/\/static.africa-press.net\/benin\/sites\/46\/2022\/08\/postQueueImg_22-62fbe2bce5097.jpg\",\"datePublished\":\"2022-08-16T18:11:35+00:00\",\"dateModified\":\"2022-08-16T18:33:13+00:00\",\"author\":{\"@id\":\"https:\/\/www.africa-press.net\/benin\/#\/schema\/person\/2b1cf3cd81a31e3cd26889ca66d677f1\"},\"description\":\"De plus en plus, les caciques du r\u00e9gime de la rupture mettent sur la place publique leur d\u00e9sir de voir leur mentor brigu ...\",\"breadcrumb\":{\"@id\":\"https:\/\/www.africa-press.net\/benin\/politique\/je-suis-tres-inquiet-de-la-perennisation-de-loeuvre-de-talon-richard-ouorou#breadcrumb\"},\"inLanguage\":\"fr-FR\",\"potentialAction\":[{\"@type\":\"ReadAction\",\"target\":[\"https:\/\/www.africa-press.net\/benin\/politique\/je-suis-tres-inquiet-de-la-perennisation-de-loeuvre-de-talon-richard-ouorou\"]}]},{\"@type\":\"ImageObject\",\"inLanguage\":\"fr-FR\",\"@id\":\"https:\/\/www.africa-press.net\/benin\/politique\/je-suis-tres-inquiet-de-la-perennisation-de-loeuvre-de-talon-richard-ouorou#primaryimage\",\"url\":\"https:\/\/static.africa-press.net\/benin\/sites\/46\/2022\/08\/postQueueImg_22-62fbe2bce5097.jpg\",\"contentUrl\":\"https:\/\/static.africa-press.net\/benin\/sites\/46\/2022\/08\/postQueueImg_22-62fbe2bce5097.jpg\",\"width\":1200,\"height\":675,\"caption\":\"\u201cJe suis tr\u00e8s inquiet de la p\u00e9rennisation de l\u2019\u0153uvre de Talon\u201d, Richard Ouorou\"},{\"@type\":\"BreadcrumbList\",\"@id\":\"https:\/\/www.africa-press.net\/benin\/politique\/je-suis-tres-inquiet-de-la-perennisation-de-loeuvre-de-talon-richard-ouorou#breadcrumb\",\"itemListElement\":[{\"@type\":\"ListItem\",\"position\":1,\"name\":\"Accueil\",\"item\":\"https:\/\/www.africa-press.net\/benin\/\"},{\"@type\":\"ListItem\",\"position\":2,\"name\":\"\u201cJe suis tr\u00e8s inquiet de la p\u00e9rennisation de l\u2019\u0153uvre de Talon\u201d, Richard Ouorou\"}]},{\"@type\":\"WebSite\",\"@id\":\"https:\/\/www.africa-press.net\/benin\/#website\",\"url\":\"https:\/\/www.africa-press.net\/benin\/\",\"name\":\"B\u00e9nin\",\"description\":\"Just another Africa News Agency Sites site\",\"potentialAction\":[{\"@type\":\"SearchAction\",\"target\":{\"@type\":\"EntryPoint\",\"urlTemplate\":\"https:\/\/www.africa-press.net\/benin\/?s={search_term_string}\"},\"query-input\":{\"@type\":\"PropertyValueSpecification\",\"valueRequired\":true,\"valueName\":\"search_term_string\"}}],\"inLanguage\":\"fr-FR\"},{\"@type\":\"Person\",\"@id\":\"https:\/\/www.africa-press.net\/benin\/#\/schema\/person\/2b1cf3cd81a31e3cd26889ca66d677f1\",\"name\":\"cfeditorfr\"}]}<\/script>\n<!-- \/ Yoast SEO Premium plugin. -->","yoast_head_json":{"title":"\u201cJe suis tr\u00e8s inquiet de la p\u00e9rennisation de l\u2019\u0153uvre de Talon\u201d, Richard Ouorou - B\u00e9nin","description":"De plus en plus, les caciques du r\u00e9gime de la rupture mettent sur la place publique leur d\u00e9sir de voir leur mentor brigu ...","robots":{"index":"index","follow":"follow","max-snippet":"max-snippet:-1","max-image-preview":"max-image-preview:large","max-video-preview":"max-video-preview:-1"},"canonical":"https:\/\/www.africa-press.net\/benin\/politique\/je-suis-tres-inquiet-de-la-perennisation-de-loeuvre-de-talon-richard-ouorou","og_locale":"fr_FR","og_type":"article","og_title":"\u201cJe suis tr\u00e8s inquiet de la p\u00e9rennisation de l\u2019\u0153uvre de Talon\u201d, Richard Ouorou","og_description":"De plus en plus, les caciques du r\u00e9gime de la rupture mettent sur la place publique leur d\u00e9sir de voir leur mentor brigu ...","og_url":"https:\/\/www.africa-press.net\/benin\/politique\/je-suis-tres-inquiet-de-la-perennisation-de-loeuvre-de-talon-richard-ouorou","og_site_name":"B\u00e9nin","article_published_time":"2022-08-16T18:11:35+00:00","article_modified_time":"2022-08-16T18:33:13+00:00","og_image":[{"width":1200,"height":675,"url":"https:\/\/static.africa-press.net\/benin\/sites\/46\/2022\/08\/postQueueImg_22-62fbe2bce5097.jpg","type":"image\/jpeg"}],"author":"cfeditorfr","twitter_card":"summary_large_image","twitter_misc":{"\u00c9crit par":"cfeditorfr","Dur\u00e9e de lecture estim\u00e9e":"3 minutes"},"schema":{"@context":"https:\/\/schema.org","@graph":[{"@type":"Article","@id":"https:\/\/www.africa-press.net\/benin\/politique\/je-suis-tres-inquiet-de-la-perennisation-de-loeuvre-de-talon-richard-ouorou#article","isPartOf":{"@id":"https:\/\/www.africa-press.net\/benin\/politique\/je-suis-tres-inquiet-de-la-perennisation-de-loeuvre-de-talon-richard-ouorou"},"author":{"name":"cfeditorfr","@id":"https:\/\/www.africa-press.net\/benin\/#\/schema\/person\/2b1cf3cd81a31e3cd26889ca66d677f1"},"headline":"\u201cJe suis tr\u00e8s inquiet de la p\u00e9rennisation de l\u2019\u0153uvre de Talon\u201d, Richard Ouorou","datePublished":"2022-08-16T18:11:35+00:00","dateModified":"2022-08-16T18:33:13+00:00","mainEntityOfPage":{"@id":"https:\/\/www.africa-press.net\/benin\/politique\/je-suis-tres-inquiet-de-la-perennisation-de-loeuvre-de-talon-richard-ouorou"},"wordCount":516,"commentCount":0,"image":{"@id":"https:\/\/www.africa-press.net\/benin\/politique\/je-suis-tres-inquiet-de-la-perennisation-de-loeuvre-de-talon-richard-ouorou#primaryimage"},"thumbnailUrl":"https:\/\/static.africa-press.net\/benin\/sites\/46\/2022\/08\/postQueueImg_22-62fbe2bce5097.jpg","keywords":["Africa Press","Africa Press-Benin","B\u00e9nin"],"articleSection":["homepage-french","Politique","Toutes les actualit\u00e9s"],"inLanguage":"fr-FR","potentialAction":[{"@type":"CommentAction","name":"Comment","target":["https:\/\/www.africa-press.net\/benin\/politique\/je-suis-tres-inquiet-de-la-perennisation-de-loeuvre-de-talon-richard-ouorou#respond"]}]},{"@type":"WebPage","@id":"https:\/\/www.africa-press.net\/benin\/politique\/je-suis-tres-inquiet-de-la-perennisation-de-loeuvre-de-talon-richard-ouorou","url":"https:\/\/www.africa-press.net\/benin\/politique\/je-suis-tres-inquiet-de-la-perennisation-de-loeuvre-de-talon-richard-ouorou","name":"\u201cJe suis tr\u00e8s inquiet de la p\u00e9rennisation de l\u2019\u0153uvre de Talon\u201d, Richard Ouorou - B\u00e9nin","isPartOf":{"@id":"https:\/\/www.africa-press.net\/benin\/#website"},"primaryImageOfPage":{"@id":"https:\/\/www.africa-press.net\/benin\/politique\/je-suis-tres-inquiet-de-la-perennisation-de-loeuvre-de-talon-richard-ouorou#primaryimage"},"image":{"@id":"https:\/\/www.africa-press.net\/benin\/politique\/je-suis-tres-inquiet-de-la-perennisation-de-loeuvre-de-talon-richard-ouorou#primaryimage"},"thumbnailUrl":"https:\/\/static.africa-press.net\/benin\/sites\/46\/2022\/08\/postQueueImg_22-62fbe2bce5097.jpg","datePublished":"2022-08-16T18:11:35+00:00","dateModified":"2022-08-16T18:33:13+00:00","author":{"@id":"https:\/\/www.africa-press.net\/benin\/#\/schema\/person\/2b1cf3cd81a31e3cd26889ca66d677f1"},"description":"De plus en plus, les caciques du r\u00e9gime de la rupture mettent sur la place publique leur d\u00e9sir de voir leur mentor brigu ...","breadcrumb":{"@id":"https:\/\/www.africa-press.net\/benin\/politique\/je-suis-tres-inquiet-de-la-perennisation-de-loeuvre-de-talon-richard-ouorou#breadcrumb"},"inLanguage":"fr-FR","potentialAction":[{"@type":"ReadAction","target":["https:\/\/www.africa-press.net\/benin\/politique\/je-suis-tres-inquiet-de-la-perennisation-de-loeuvre-de-talon-richard-ouorou"]}]},{"@type":"ImageObject","inLanguage":"fr-FR","@id":"https:\/\/www.africa-press.net\/benin\/politique\/je-suis-tres-inquiet-de-la-perennisation-de-loeuvre-de-talon-richard-ouorou#primaryimage","url":"https:\/\/static.africa-press.net\/benin\/sites\/46\/2022\/08\/postQueueImg_22-62fbe2bce5097.jpg","contentUrl":"https:\/\/static.africa-press.net\/benin\/sites\/46\/2022\/08\/postQueueImg_22-62fbe2bce5097.jpg","width":1200,"height":675,"caption":"\u201cJe suis tr\u00e8s inquiet de la p\u00e9rennisation de l\u2019\u0153uvre de Talon\u201d, Richard Ouorou"},{"@type":"BreadcrumbList","@id":"https:\/\/www.africa-press.net\/benin\/politique\/je-suis-tres-inquiet-de-la-perennisation-de-loeuvre-de-talon-richard-ouorou#breadcrumb","itemListElement":[{"@type":"ListItem","position":1,"name":"Accueil","item":"https:\/\/www.africa-press.net\/benin\/"},{"@type":"ListItem","position":2,"name":"\u201cJe suis tr\u00e8s inquiet de la p\u00e9rennisation de l\u2019\u0153uvre de Talon\u201d, Richard Ouorou"}]},{"@type":"WebSite","@id":"https:\/\/www.africa-press.net\/benin\/#website","url":"https:\/\/www.africa-press.net\/benin\/","name":"B\u00e9nin","description":"Just another Africa News Agency Sites site","potentialAction":[{"@type":"SearchAction","target":{"@type":"EntryPoint","urlTemplate":"https:\/\/www.africa-press.net\/benin\/?s={search_term_string}"},"query-input":{"@type":"PropertyValueSpecification","valueRequired":true,"valueName":"search_term_string"}}],"inLanguage":"fr-FR"},{"@type":"Person","@id":"https:\/\/www.africa-press.net\/benin\/#\/schema\/person\/2b1cf3cd81a31e3cd26889ca66d677f1","name":"cfeditorfr"}]}},"_links":{"self":[{"href":"https:\/\/www.africa-press.net\/benin\/wp-json\/wp\/v2\/posts\/7912","targetHints":{"allow":["GET"]}}],"collection":[{"href":"https:\/\/www.africa-press.net\/benin\/wp-json\/wp\/v2\/posts"}],"about":[{"href":"https:\/\/www.africa-press.net\/benin\/wp-json\/wp\/v2\/types\/post"}],"author":[{"embeddable":true,"href":"https:\/\/www.africa-press.net\/benin\/wp-json\/wp\/v2\/users\/82"}],"replies":[{"embeddable":true,"href":"https:\/\/www.africa-press.net\/benin\/wp-json\/wp\/v2\/comments?post=7912"}],"version-history":[{"count":0,"href":"https:\/\/www.africa-press.net\/benin\/wp-json\/wp\/v2\/posts\/7912\/revisions"}],"wp:featuredmedia":[{"embeddable":true,"href":"https:\/\/www.africa-press.net\/benin\/wp-json\/wp\/v2\/media\/7911"}],"wp:attachment":[{"href":"https:\/\/www.africa-press.net\/benin\/wp-json\/wp\/v2\/media?parent=7912"}],"wp:term":[{"taxonomy":"category","embeddable":true,"href":"https:\/\/www.africa-press.net\/benin\/wp-json\/wp\/v2\/categories?post=7912"},{"taxonomy":"post_tag","embeddable":true,"href":"https:\/\/www.africa-press.net\/benin\/wp-json\/wp\/v2\/tags?post=7912"}],"curies":[{"name":"wp","href":"https:\/\/api.w.org\/{rel}","templated":true}]}}