{"id":7915,"date":"2022-08-16T18:11:43","date_gmt":"2022-08-16T18:11:43","guid":{"rendered":"https:\/\/www.africa-press.net\/benin\/politique\/benin-la-cstb-en-mouvement-dhumeur-le-mercredi-17-aout-a-la-bourse-du-travail"},"modified":"2022-08-16T18:33:52","modified_gmt":"2022-08-16T18:33:52","slug":"benin-la-cstb-en-mouvement-dhumeur-le-mercredi-17-aout-a-la-bourse-du-travail","status":"publish","type":"post","link":"https:\/\/www.africa-press.net\/benin\/toutes-les-actualites\/benin-la-cstb-en-mouvement-dhumeur-le-mercredi-17-aout-a-la-bourse-du-travail","title":{"rendered":"B\u00e9nin: la CSTB en mouvement d\u2019humeur le mercredi 17 Ao\u00fbt \u00e0 la bourse du travail"},"content":{"rendered":"<p><span style=\"color: #ff6600\"><strong>Africa-Press &#8211; Benin. <\/strong><\/span>La conf\u00e9d\u00e9ration syndicale des travailleurs du B\u00e9nin (CSTB) sera en mouvement d\u2019humeur demain Mercredi 17 Ao\u00fbt 2022. La situation des salaires des aspirants au m\u00e9tier d\u2019enseignant (AME) serait entre autre l\u2019une des causes de la sortie de cette organisation.<\/p>\n<p>La conf\u00e9d\u00e9ration syndicale des travailleurs du B\u00e9nin (CSTB) sera dans un meeting g\u00e9ant demain jeudi 17 Ao\u00fbt 2022. C\u2019est par un communiqu\u00e9 publi\u00e9 par le secr\u00e9taire g\u00e9n\u00e9ral conf\u00e9d\u00e9ral, Nagnini Kassa Mampo que les travailleurs sont invit\u00e9s \u00e0 cette rencontre de protestation.<\/p>\n<p>Dans son communiqu\u00e9, Kassa Mampo s\u2019insurge contre le fait que les enseignants abusivement appel\u00e9s \u201cles aspirants au m\u00e9tier d\u2019enseignant\u201d (AME), ne per\u00e7oivent pas de salaire durant toute la p\u00e9riode des vacances alors qu\u2019ils sont des travailleurs contractuels b\u00e9ninois engag\u00e9s dans la fonction publique r\u00e9gis par des textes qui n\u2019autorisent pas la pr\u00e9carit\u00e9 dont ils sont victimes.<\/p>\n<p>\u201cCertains d\u2019entre eux , pour avoir l\u00e9gitimement et l\u00e9galement revendiqu\u00e9 leurs droits ont \u00e9t\u00e9 arbitrairement radi\u00e9s de la liste des AME . La deuxi\u00e8me cat\u00e9gorie d\u2019enseignants est celle de ceux qui ont \u00e9t\u00e9 arbitrairement radi\u00e9s depuis trois (03)ans de la fonction publique, suite au boycott de l\u2019\u00e9valuation diagnostique non pr\u00e9vue par les textes\u201c, a rappel\u00e9 Kassa Mampo dans son communiqu\u00e9.<\/p>\n<p>Face \u00e0 la gravit\u00e9 des situations que vivent ces camarades et vu les cons\u00e9quences n\u00e9fastes que cela engendre sur le syst\u00e8me \u00e9ducatif de notre pays, sur la vie des enseignants concern\u00e9s et sur celle de leurs familles, pr\u00e9cise Kassa Mampo dans son communiqu\u00e9, la Conf\u00e9d\u00e9ration Syndicale des Travailleurs du B\u00e9nin ( CSTB) invite tous les responsables syndicaux des syndicats et f\u00e9d\u00e9rations affili\u00e9s \u00e0 la CSTB, des USD, tous les travailleurs, tout bord syndical confondu, \u00e0 se mobiliser massivement pour le succ\u00e8s du meeting afin de soutenir ces enseignants victimes des r\u00e9formes de la gouvernance du pr\u00e9sident Patrice TALON.<\/p>\n<p>La mobilisation et le meeting g\u00e9ant sont pr\u00e9vus pour se tenir dans l\u2019enceinte de la Bourse du travail \u00e0 Cotonou, capital \u00e9conomique du B\u00e9nin.<\/p>\n<p><strong>Pour plus d&rsquo;informations et d&rsquo;analyses sur la <a href=\"https:\/\/www.africa-press.net\/benin\">Benin<\/a>, suivez <a href=\"https:\/\/www.africa-press.net\/\">Africa-Press<\/a><\/strong><\/p>\n","protected":false},"excerpt":{"rendered":"<p>Africa-Press &#8211; Benin. La conf\u00e9d\u00e9ration syndicale des travailleurs du B\u00e9nin (CSTB) sera en mouvement d\u2019humeur demain Mercredi 17 Ao\u00fbt 2022. La situation des salaires des aspirants au m\u00e9tier d\u2019enseignant (AME) serait entre autre l\u2019une des causes de la sortie de cette organisation. La conf\u00e9d\u00e9ration syndicale des travailleurs du B\u00e9nin (CSTB) sera dans un meeting g\u00e9ant [&hellip;]<\/p>\n","protected":false},"author":82,"featured_media":7914,"comment_status":"open","ping_status":"closed","sticky":false,"template":"","format":"standard","meta":{"footnotes":""},"categories":[21,11,10],"tags":[36,50,45],"class_list":["post-7915","post","type-post","status-publish","format-standard","has-post-thumbnail","hentry","category-communaute","category-homepage-french","category-toutes-les-actualites","tag-africa-press","tag-africa-press-benin","tag-benin"],"yoast_head":"<!-- This site is optimized with the Yoast SEO Premium plugin v26.1 (Yoast SEO v27.0) - https:\/\/yoast.com\/product\/yoast-seo-premium-wordpress\/ -->\n<title>B\u00e9nin: la CSTB en mouvement d\u2019humeur le mercredi 17 Ao\u00fbt \u00e0 la bourse du travail - B\u00e9nin<\/title>\n<meta name=\"description\" content=\"La conf\u00e9d\u00e9ration syndicale des travailleurs du B\u00e9nin (CSTB) sera en mouvement d\u2019humeur demain Mercredi 17 Ao\u00fbt 2022. La ...\" \/>\n<meta name=\"robots\" content=\"index, follow, max-snippet:-1, max-image-preview:large, max-video-preview:-1\" \/>\n<link rel=\"canonical\" href=\"https:\/\/www.africa-press.net\/benin\/toutes-les-actualites\/benin-la-cstb-en-mouvement-dhumeur-le-mercredi-17-aout-a-la-bourse-du-travail\" \/>\n<meta property=\"og:locale\" content=\"fr_FR\" \/>\n<meta property=\"og:type\" content=\"article\" \/>\n<meta property=\"og:title\" content=\"B\u00e9nin: la CSTB en mouvement d\u2019humeur le mercredi 17 Ao\u00fbt \u00e0 la bourse du travail\" \/>\n<meta property=\"og:description\" content=\"La conf\u00e9d\u00e9ration syndicale des travailleurs du B\u00e9nin (CSTB) sera en mouvement d\u2019humeur demain Mercredi 17 Ao\u00fbt 2022. La ...\" \/>\n<meta property=\"og:url\" content=\"https:\/\/www.africa-press.net\/benin\/toutes-les-actualites\/benin-la-cstb-en-mouvement-dhumeur-le-mercredi-17-aout-a-la-bourse-du-travail\" \/>\n<meta property=\"og:site_name\" content=\"B\u00e9nin\" \/>\n<meta property=\"article:published_time\" content=\"2022-08-16T18:11:43+00:00\" \/>\n<meta property=\"article:modified_time\" content=\"2022-08-16T18:33:52+00:00\" \/>\n<meta property=\"og:image\" content=\"https:\/\/static.africa-press.net\/benin\/sites\/46\/2022\/08\/postQueueImg_23-62fbe2ee2e5a5.jpg\" \/>\n\t<meta property=\"og:image:width\" content=\"1200\" \/>\n\t<meta property=\"og:image:height\" content=\"675\" \/>\n\t<meta property=\"og:image:type\" content=\"image\/jpeg\" \/>\n<meta name=\"author\" content=\"cfeditorfr\" \/>\n<meta name=\"twitter:card\" content=\"summary_large_image\" \/>\n<meta name=\"twitter:label1\" content=\"\u00c9crit par\" \/>\n\t<meta name=\"twitter:data1\" content=\"cfeditorfr\" \/>\n\t<meta name=\"twitter:label2\" content=\"Dur\u00e9e de lecture estim\u00e9e\" \/>\n\t<meta name=\"twitter:data2\" content=\"2 minutes\" \/>\n<script type=\"application\/ld+json\" class=\"yoast-schema-graph\">{\"@context\":\"https:\/\/schema.org\",\"@graph\":[{\"@type\":\"Article\",\"@id\":\"https:\/\/www.africa-press.net\/benin\/toutes-les-actualites\/benin-la-cstb-en-mouvement-dhumeur-le-mercredi-17-aout-a-la-bourse-du-travail#article\",\"isPartOf\":{\"@id\":\"https:\/\/www.africa-press.net\/benin\/toutes-les-actualites\/benin-la-cstb-en-mouvement-dhumeur-le-mercredi-17-aout-a-la-bourse-du-travail\"},\"author\":{\"name\":\"cfeditorfr\",\"@id\":\"https:\/\/www.africa-press.net\/benin\/#\/schema\/person\/2b1cf3cd81a31e3cd26889ca66d677f1\"},\"headline\":\"B\u00e9nin: la CSTB en mouvement d\u2019humeur le mercredi 17 Ao\u00fbt \u00e0 la bourse du travail\",\"datePublished\":\"2022-08-16T18:11:43+00:00\",\"dateModified\":\"2022-08-16T18:33:52+00:00\",\"mainEntityOfPage\":{\"@id\":\"https:\/\/www.africa-press.net\/benin\/toutes-les-actualites\/benin-la-cstb-en-mouvement-dhumeur-le-mercredi-17-aout-a-la-bourse-du-travail\"},\"wordCount\":397,\"commentCount\":0,\"image\":{\"@id\":\"https:\/\/www.africa-press.net\/benin\/toutes-les-actualites\/benin-la-cstb-en-mouvement-dhumeur-le-mercredi-17-aout-a-la-bourse-du-travail#primaryimage\"},\"thumbnailUrl\":\"https:\/\/static.africa-press.net\/benin\/sites\/46\/2022\/08\/postQueueImg_23-62fbe2ee2e5a5.jpg\",\"keywords\":[\"Africa Press\",\"Africa Press-Benin\",\"B\u00e9nin\"],\"articleSection\":[\"Communaut\u00e9\",\"homepage-french\",\"Toutes les actualit\u00e9s\"],\"inLanguage\":\"fr-FR\",\"potentialAction\":[{\"@type\":\"CommentAction\",\"name\":\"Comment\",\"target\":[\"https:\/\/www.africa-press.net\/benin\/toutes-les-actualites\/benin-la-cstb-en-mouvement-dhumeur-le-mercredi-17-aout-a-la-bourse-du-travail#respond\"]}]},{\"@type\":\"WebPage\",\"@id\":\"https:\/\/www.africa-press.net\/benin\/toutes-les-actualites\/benin-la-cstb-en-mouvement-dhumeur-le-mercredi-17-aout-a-la-bourse-du-travail\",\"url\":\"https:\/\/www.africa-press.net\/benin\/toutes-les-actualites\/benin-la-cstb-en-mouvement-dhumeur-le-mercredi-17-aout-a-la-bourse-du-travail\",\"name\":\"B\u00e9nin: la CSTB en mouvement d\u2019humeur le mercredi 17 Ao\u00fbt \u00e0 la bourse du travail - B\u00e9nin\",\"isPartOf\":{\"@id\":\"https:\/\/www.africa-press.net\/benin\/#website\"},\"primaryImageOfPage\":{\"@id\":\"https:\/\/www.africa-press.net\/benin\/toutes-les-actualites\/benin-la-cstb-en-mouvement-dhumeur-le-mercredi-17-aout-a-la-bourse-du-travail#primaryimage\"},\"image\":{\"@id\":\"https:\/\/www.africa-press.net\/benin\/toutes-les-actualites\/benin-la-cstb-en-mouvement-dhumeur-le-mercredi-17-aout-a-la-bourse-du-travail#primaryimage\"},\"thumbnailUrl\":\"https:\/\/static.africa-press.net\/benin\/sites\/46\/2022\/08\/postQueueImg_23-62fbe2ee2e5a5.jpg\",\"datePublished\":\"2022-08-16T18:11:43+00:00\",\"dateModified\":\"2022-08-16T18:33:52+00:00\",\"author\":{\"@id\":\"https:\/\/www.africa-press.net\/benin\/#\/schema\/person\/2b1cf3cd81a31e3cd26889ca66d677f1\"},\"description\":\"La conf\u00e9d\u00e9ration syndicale des travailleurs du B\u00e9nin (CSTB) sera en mouvement d\u2019humeur demain Mercredi 17 Ao\u00fbt 2022. La ...\",\"breadcrumb\":{\"@id\":\"https:\/\/www.africa-press.net\/benin\/toutes-les-actualites\/benin-la-cstb-en-mouvement-dhumeur-le-mercredi-17-aout-a-la-bourse-du-travail#breadcrumb\"},\"inLanguage\":\"fr-FR\",\"potentialAction\":[{\"@type\":\"ReadAction\",\"target\":[\"https:\/\/www.africa-press.net\/benin\/toutes-les-actualites\/benin-la-cstb-en-mouvement-dhumeur-le-mercredi-17-aout-a-la-bourse-du-travail\"]}]},{\"@type\":\"ImageObject\",\"inLanguage\":\"fr-FR\",\"@id\":\"https:\/\/www.africa-press.net\/benin\/toutes-les-actualites\/benin-la-cstb-en-mouvement-dhumeur-le-mercredi-17-aout-a-la-bourse-du-travail#primaryimage\",\"url\":\"https:\/\/static.africa-press.net\/benin\/sites\/46\/2022\/08\/postQueueImg_23-62fbe2ee2e5a5.jpg\",\"contentUrl\":\"https:\/\/static.africa-press.net\/benin\/sites\/46\/2022\/08\/postQueueImg_23-62fbe2ee2e5a5.jpg\",\"width\":1200,\"height\":675,\"caption\":\"B\u00e9nin: la CSTB en mouvement d\u2019humeur le mercredi 17 Ao\u00fbt \u00e0 la bourse du travail\"},{\"@type\":\"BreadcrumbList\",\"@id\":\"https:\/\/www.africa-press.net\/benin\/toutes-les-actualites\/benin-la-cstb-en-mouvement-dhumeur-le-mercredi-17-aout-a-la-bourse-du-travail#breadcrumb\",\"itemListElement\":[{\"@type\":\"ListItem\",\"position\":1,\"name\":\"Accueil\",\"item\":\"https:\/\/www.africa-press.net\/benin\/\"},{\"@type\":\"ListItem\",\"position\":2,\"name\":\"B\u00e9nin: la CSTB en mouvement d\u2019humeur le mercredi 17 Ao\u00fbt \u00e0 la bourse du travail\"}]},{\"@type\":\"WebSite\",\"@id\":\"https:\/\/www.africa-press.net\/benin\/#website\",\"url\":\"https:\/\/www.africa-press.net\/benin\/\",\"name\":\"B\u00e9nin\",\"description\":\"Just another Africa News Agency Sites site\",\"potentialAction\":[{\"@type\":\"SearchAction\",\"target\":{\"@type\":\"EntryPoint\",\"urlTemplate\":\"https:\/\/www.africa-press.net\/benin\/?s={search_term_string}\"},\"query-input\":{\"@type\":\"PropertyValueSpecification\",\"valueRequired\":true,\"valueName\":\"search_term_string\"}}],\"inLanguage\":\"fr-FR\"},{\"@type\":\"Person\",\"@id\":\"https:\/\/www.africa-press.net\/benin\/#\/schema\/person\/2b1cf3cd81a31e3cd26889ca66d677f1\",\"name\":\"cfeditorfr\"}]}<\/script>\n<!-- \/ Yoast SEO Premium plugin. -->","yoast_head_json":{"title":"B\u00e9nin: la CSTB en mouvement d\u2019humeur le mercredi 17 Ao\u00fbt \u00e0 la bourse du travail - B\u00e9nin","description":"La conf\u00e9d\u00e9ration syndicale des travailleurs du B\u00e9nin (CSTB) sera en mouvement d\u2019humeur demain Mercredi 17 Ao\u00fbt 2022. La ...","robots":{"index":"index","follow":"follow","max-snippet":"max-snippet:-1","max-image-preview":"max-image-preview:large","max-video-preview":"max-video-preview:-1"},"canonical":"https:\/\/www.africa-press.net\/benin\/toutes-les-actualites\/benin-la-cstb-en-mouvement-dhumeur-le-mercredi-17-aout-a-la-bourse-du-travail","og_locale":"fr_FR","og_type":"article","og_title":"B\u00e9nin: la CSTB en mouvement d\u2019humeur le mercredi 17 Ao\u00fbt \u00e0 la bourse du travail","og_description":"La conf\u00e9d\u00e9ration syndicale des travailleurs du B\u00e9nin (CSTB) sera en mouvement d\u2019humeur demain Mercredi 17 Ao\u00fbt 2022. La ...","og_url":"https:\/\/www.africa-press.net\/benin\/toutes-les-actualites\/benin-la-cstb-en-mouvement-dhumeur-le-mercredi-17-aout-a-la-bourse-du-travail","og_site_name":"B\u00e9nin","article_published_time":"2022-08-16T18:11:43+00:00","article_modified_time":"2022-08-16T18:33:52+00:00","og_image":[{"width":1200,"height":675,"url":"https:\/\/static.africa-press.net\/benin\/sites\/46\/2022\/08\/postQueueImg_23-62fbe2ee2e5a5.jpg","type":"image\/jpeg"}],"author":"cfeditorfr","twitter_card":"summary_large_image","twitter_misc":{"\u00c9crit par":"cfeditorfr","Dur\u00e9e de lecture estim\u00e9e":"2 minutes"},"schema":{"@context":"https:\/\/schema.org","@graph":[{"@type":"Article","@id":"https:\/\/www.africa-press.net\/benin\/toutes-les-actualites\/benin-la-cstb-en-mouvement-dhumeur-le-mercredi-17-aout-a-la-bourse-du-travail#article","isPartOf":{"@id":"https:\/\/www.africa-press.net\/benin\/toutes-les-actualites\/benin-la-cstb-en-mouvement-dhumeur-le-mercredi-17-aout-a-la-bourse-du-travail"},"author":{"name":"cfeditorfr","@id":"https:\/\/www.africa-press.net\/benin\/#\/schema\/person\/2b1cf3cd81a31e3cd26889ca66d677f1"},"headline":"B\u00e9nin: la CSTB en mouvement d\u2019humeur le mercredi 17 Ao\u00fbt \u00e0 la bourse du travail","datePublished":"2022-08-16T18:11:43+00:00","dateModified":"2022-08-16T18:33:52+00:00","mainEntityOfPage":{"@id":"https:\/\/www.africa-press.net\/benin\/toutes-les-actualites\/benin-la-cstb-en-mouvement-dhumeur-le-mercredi-17-aout-a-la-bourse-du-travail"},"wordCount":397,"commentCount":0,"image":{"@id":"https:\/\/www.africa-press.net\/benin\/toutes-les-actualites\/benin-la-cstb-en-mouvement-dhumeur-le-mercredi-17-aout-a-la-bourse-du-travail#primaryimage"},"thumbnailUrl":"https:\/\/static.africa-press.net\/benin\/sites\/46\/2022\/08\/postQueueImg_23-62fbe2ee2e5a5.jpg","keywords":["Africa Press","Africa Press-Benin","B\u00e9nin"],"articleSection":["Communaut\u00e9","homepage-french","Toutes les actualit\u00e9s"],"inLanguage":"fr-FR","potentialAction":[{"@type":"CommentAction","name":"Comment","target":["https:\/\/www.africa-press.net\/benin\/toutes-les-actualites\/benin-la-cstb-en-mouvement-dhumeur-le-mercredi-17-aout-a-la-bourse-du-travail#respond"]}]},{"@type":"WebPage","@id":"https:\/\/www.africa-press.net\/benin\/toutes-les-actualites\/benin-la-cstb-en-mouvement-dhumeur-le-mercredi-17-aout-a-la-bourse-du-travail","url":"https:\/\/www.africa-press.net\/benin\/toutes-les-actualites\/benin-la-cstb-en-mouvement-dhumeur-le-mercredi-17-aout-a-la-bourse-du-travail","name":"B\u00e9nin: la CSTB en mouvement d\u2019humeur le mercredi 17 Ao\u00fbt \u00e0 la bourse du travail - B\u00e9nin","isPartOf":{"@id":"https:\/\/www.africa-press.net\/benin\/#website"},"primaryImageOfPage":{"@id":"https:\/\/www.africa-press.net\/benin\/toutes-les-actualites\/benin-la-cstb-en-mouvement-dhumeur-le-mercredi-17-aout-a-la-bourse-du-travail#primaryimage"},"image":{"@id":"https:\/\/www.africa-press.net\/benin\/toutes-les-actualites\/benin-la-cstb-en-mouvement-dhumeur-le-mercredi-17-aout-a-la-bourse-du-travail#primaryimage"},"thumbnailUrl":"https:\/\/static.africa-press.net\/benin\/sites\/46\/2022\/08\/postQueueImg_23-62fbe2ee2e5a5.jpg","datePublished":"2022-08-16T18:11:43+00:00","dateModified":"2022-08-16T18:33:52+00:00","author":{"@id":"https:\/\/www.africa-press.net\/benin\/#\/schema\/person\/2b1cf3cd81a31e3cd26889ca66d677f1"},"description":"La conf\u00e9d\u00e9ration syndicale des travailleurs du B\u00e9nin (CSTB) sera en mouvement d\u2019humeur demain Mercredi 17 Ao\u00fbt 2022. La ...","breadcrumb":{"@id":"https:\/\/www.africa-press.net\/benin\/toutes-les-actualites\/benin-la-cstb-en-mouvement-dhumeur-le-mercredi-17-aout-a-la-bourse-du-travail#breadcrumb"},"inLanguage":"fr-FR","potentialAction":[{"@type":"ReadAction","target":["https:\/\/www.africa-press.net\/benin\/toutes-les-actualites\/benin-la-cstb-en-mouvement-dhumeur-le-mercredi-17-aout-a-la-bourse-du-travail"]}]},{"@type":"ImageObject","inLanguage":"fr-FR","@id":"https:\/\/www.africa-press.net\/benin\/toutes-les-actualites\/benin-la-cstb-en-mouvement-dhumeur-le-mercredi-17-aout-a-la-bourse-du-travail#primaryimage","url":"https:\/\/static.africa-press.net\/benin\/sites\/46\/2022\/08\/postQueueImg_23-62fbe2ee2e5a5.jpg","contentUrl":"https:\/\/static.africa-press.net\/benin\/sites\/46\/2022\/08\/postQueueImg_23-62fbe2ee2e5a5.jpg","width":1200,"height":675,"caption":"B\u00e9nin: la CSTB en mouvement d\u2019humeur le mercredi 17 Ao\u00fbt \u00e0 la bourse du travail"},{"@type":"BreadcrumbList","@id":"https:\/\/www.africa-press.net\/benin\/toutes-les-actualites\/benin-la-cstb-en-mouvement-dhumeur-le-mercredi-17-aout-a-la-bourse-du-travail#breadcrumb","itemListElement":[{"@type":"ListItem","position":1,"name":"Accueil","item":"https:\/\/www.africa-press.net\/benin\/"},{"@type":"ListItem","position":2,"name":"B\u00e9nin: la CSTB en mouvement d\u2019humeur le mercredi 17 Ao\u00fbt \u00e0 la bourse du travail"}]},{"@type":"WebSite","@id":"https:\/\/www.africa-press.net\/benin\/#website","url":"https:\/\/www.africa-press.net\/benin\/","name":"B\u00e9nin","description":"Just another Africa News Agency Sites site","potentialAction":[{"@type":"SearchAction","target":{"@type":"EntryPoint","urlTemplate":"https:\/\/www.africa-press.net\/benin\/?s={search_term_string}"},"query-input":{"@type":"PropertyValueSpecification","valueRequired":true,"valueName":"search_term_string"}}],"inLanguage":"fr-FR"},{"@type":"Person","@id":"https:\/\/www.africa-press.net\/benin\/#\/schema\/person\/2b1cf3cd81a31e3cd26889ca66d677f1","name":"cfeditorfr"}]}},"_links":{"self":[{"href":"https:\/\/www.africa-press.net\/benin\/wp-json\/wp\/v2\/posts\/7915","targetHints":{"allow":["GET"]}}],"collection":[{"href":"https:\/\/www.africa-press.net\/benin\/wp-json\/wp\/v2\/posts"}],"about":[{"href":"https:\/\/www.africa-press.net\/benin\/wp-json\/wp\/v2\/types\/post"}],"author":[{"embeddable":true,"href":"https:\/\/www.africa-press.net\/benin\/wp-json\/wp\/v2\/users\/82"}],"replies":[{"embeddable":true,"href":"https:\/\/www.africa-press.net\/benin\/wp-json\/wp\/v2\/comments?post=7915"}],"version-history":[{"count":0,"href":"https:\/\/www.africa-press.net\/benin\/wp-json\/wp\/v2\/posts\/7915\/revisions"}],"wp:featuredmedia":[{"embeddable":true,"href":"https:\/\/www.africa-press.net\/benin\/wp-json\/wp\/v2\/media\/7914"}],"wp:attachment":[{"href":"https:\/\/www.africa-press.net\/benin\/wp-json\/wp\/v2\/media?parent=7915"}],"wp:term":[{"taxonomy":"category","embeddable":true,"href":"https:\/\/www.africa-press.net\/benin\/wp-json\/wp\/v2\/categories?post=7915"},{"taxonomy":"post_tag","embeddable":true,"href":"https:\/\/www.africa-press.net\/benin\/wp-json\/wp\/v2\/tags?post=7915"}],"curies":[{"name":"wp","href":"https:\/\/api.w.org\/{rel}","templated":true}]}}