{"id":7918,"date":"2022-08-16T18:11:53","date_gmt":"2022-08-16T18:11:53","guid":{"rendered":"https:\/\/www.africa-press.net\/benin\/politique\/berge-lagunaire-de-cotonou-lappel-du-prefet-alain-orounla-aux-occupants"},"modified":"2022-08-16T18:34:53","modified_gmt":"2022-08-16T18:34:53","slug":"berge-lagunaire-de-cotonou-lappel-du-prefet-alain-orounla-aux-occupants","status":"publish","type":"post","link":"https:\/\/www.africa-press.net\/benin\/toutes-les-actualites\/berge-lagunaire-de-cotonou-lappel-du-prefet-alain-orounla-aux-occupants","title":{"rendered":"Berge lagunaire de Cotonou: l\u2019appel du pr\u00e9fet Alain Orounla aux occupants"},"content":{"rendered":"<p><span style=\"color: #ff6600\"><strong>Africa-Press &#8211; Benin. <\/strong><\/span>Le pr\u00e9fet du d\u00e9partement du Littoral, Alain Orounla invite les occupants ill\u00e9gaux de la berge lagunaire de Cotonou \u00e0 lib\u00e9rer les lieux dans les meilleurs d\u00e9lais. C\u2019est \u00e0 la faveur d\u2019une descente qu\u2019il a effectu\u00e9 le vendredi 12 Ao\u00fbt dernier en compagnie du chef du 4\u00e8 arrondissement de Cotonou et des \u00e9l\u00e9ments de la police d\u00e9partementale.<\/p>\n<p>Le vendredi 12 Ao\u00fbt dernier, le pr\u00e9fet Alain Orounla accompagn\u00e9 du conseiller Saliou Ad\u00e9djouman, chef du quatri\u00e8me arrondissement de Cotonou et des \u00e9l\u00e9ments de la direction d\u00e9partementale de la police r\u00e9publicaine. L\u2019objectif de la descente de l\u2019autorit\u00e9 pr\u00e9fectorale est de constater de visu le niveau d\u2019occupation de la berge lagunaire.<\/p>\n<p>Sur le terrain, le constat est d\u00e9solant. L\u2019insalubrit\u00e9 qui caract\u00e9rise la zone le long de la berge a laiss\u00e9 l\u2019autorit\u00e9 sans voix. C\u2019\u00e9tait un spectacle insoutenable o\u00f9 insalubrit\u00e9 et ins\u00e9curit\u00e9 se donnent la main \u00e0 quelques kilom\u00e8tres du centre ville de Cotonou, capitale \u00e9conomique du B\u00e9nin.<\/p>\n<p>En pr\u00e9sence de l\u2019autorit\u00e9 de tutelle, le chef du quatri\u00e8me arrondissement a affirm\u00e9 qu\u2019il a d\u00e9j\u00e0 effectu\u00e9 \u00e0 titre personnel plusieurs descentes parfois avec des sommations, mais rien n\u2019a boug\u00e9. Avec la descente du pr\u00e9fet, il esp\u00e8re que les lignes vont enfin bouger pour que les zones lagunaires de Cotonou soient des zones o\u00f9 des tas d\u2019immondices agressent la nature.<\/p>\n<p>\u201cC\u2019est un tableau consternant que nous avons d\u00e9couvert \u00e0 Cotonou \u00e0 quelques kilom\u00e8tres seulement des nouveaux monuments que nous avons d\u00e9voil\u00e9; \u00e0 quelques encablures des rues asphalt\u00e9es \u00e0 coup de centaines de milliards\u2026\u201d, a d\u00e9plor\u00e9 l\u2019autorit\u00e9 pr\u00e9fectorale.<\/p>\n<p>Pour le pr\u00e9fet Alain Orounla, ce qui se passe le long de ces berges lagunaires colonis\u00e9es par des individus qui polluent l\u2019environnement et cr\u00e9ent un atmosph\u00e8re d\u2019ins\u00e9curit\u00e9 est insoutenable et intol\u00e9rable au moment o\u00f9 des centaines de milliards sont investis pour rendre la ville belle.<\/p>\n<p>Pour le pr\u00e9fet Alain Orounla, ce constat appelle \u00e0 une r\u00e9action rapide qui passe par le d\u00e9mant\u00e8lement de ses ghettos qui abritent des d\u00e9linquants, des trafiquants de drogues. L\u2019autorit\u00e9 pr\u00e9fectorale lance donc aux occupants ill\u00e9gaux de ces zones de lib\u00e9rer les lieux dans les meilleurs d\u00e9lais au risque de se voir contraindre \u00e0 le faire.<\/p>\n<p><strong>Pour plus d&rsquo;informations et d&rsquo;analyses sur la <a href=\"https:\/\/www.africa-press.net\/benin\">Benin<\/a>, suivez <a href=\"https:\/\/www.africa-press.net\/\">Africa-Press<\/a><\/strong><\/p>\n","protected":false},"excerpt":{"rendered":"<p>Africa-Press &#8211; Benin. Le pr\u00e9fet du d\u00e9partement du Littoral, Alain Orounla invite les occupants ill\u00e9gaux de la berge lagunaire de Cotonou \u00e0 lib\u00e9rer les lieux dans les meilleurs d\u00e9lais. C\u2019est \u00e0 la faveur d\u2019une descente qu\u2019il a effectu\u00e9 le vendredi 12 Ao\u00fbt dernier en compagnie du chef du 4\u00e8 arrondissement de Cotonou et des \u00e9l\u00e9ments [&hellip;]<\/p>\n","protected":false},"author":82,"featured_media":7917,"comment_status":"open","ping_status":"closed","sticky":false,"template":"","format":"standard","meta":{"footnotes":""},"categories":[21,11,10],"tags":[36,50,45],"class_list":["post-7918","post","type-post","status-publish","format-standard","has-post-thumbnail","hentry","category-communaute","category-homepage-french","category-toutes-les-actualites","tag-africa-press","tag-africa-press-benin","tag-benin"],"yoast_head":"<!-- This site is optimized with the Yoast SEO Premium plugin v26.1 (Yoast SEO v27.0) - https:\/\/yoast.com\/product\/yoast-seo-premium-wordpress\/ -->\n<title>Berge lagunaire de Cotonou: l\u2019appel du pr\u00e9fet Alain Orounla aux occupants - B\u00e9nin<\/title>\n<meta name=\"description\" content=\"Le pr\u00e9fet du d\u00e9partement du Littoral, Alain Orounla invite les occupants ill\u00e9gaux de la berge lagunaire de Cotonou \u00e0 lib ...\" \/>\n<meta name=\"robots\" content=\"index, follow, max-snippet:-1, max-image-preview:large, max-video-preview:-1\" \/>\n<link rel=\"canonical\" href=\"https:\/\/www.africa-press.net\/benin\/toutes-les-actualites\/berge-lagunaire-de-cotonou-lappel-du-prefet-alain-orounla-aux-occupants\" \/>\n<meta property=\"og:locale\" content=\"fr_FR\" \/>\n<meta property=\"og:type\" content=\"article\" \/>\n<meta property=\"og:title\" content=\"Berge lagunaire de Cotonou: l\u2019appel du pr\u00e9fet Alain Orounla aux occupants\" \/>\n<meta property=\"og:description\" content=\"Le pr\u00e9fet du d\u00e9partement du Littoral, Alain Orounla invite les occupants ill\u00e9gaux de la berge lagunaire de Cotonou \u00e0 lib ...\" \/>\n<meta property=\"og:url\" content=\"https:\/\/www.africa-press.net\/benin\/toutes-les-actualites\/berge-lagunaire-de-cotonou-lappel-du-prefet-alain-orounla-aux-occupants\" \/>\n<meta property=\"og:site_name\" content=\"B\u00e9nin\" \/>\n<meta property=\"article:published_time\" content=\"2022-08-16T18:11:53+00:00\" \/>\n<meta property=\"article:modified_time\" content=\"2022-08-16T18:34:53+00:00\" \/>\n<meta property=\"og:image\" content=\"https:\/\/static.africa-press.net\/benin\/sites\/46\/2022\/08\/postQueueImg_24-62fbe316461d4.jpg\" \/>\n\t<meta property=\"og:image:width\" content=\"1200\" \/>\n\t<meta property=\"og:image:height\" content=\"675\" \/>\n\t<meta property=\"og:image:type\" content=\"image\/jpeg\" \/>\n<meta name=\"author\" content=\"cfeditorfr\" \/>\n<meta name=\"twitter:card\" content=\"summary_large_image\" \/>\n<meta name=\"twitter:label1\" content=\"\u00c9crit par\" \/>\n\t<meta name=\"twitter:data1\" content=\"cfeditorfr\" \/>\n\t<meta name=\"twitter:label2\" content=\"Dur\u00e9e de lecture estim\u00e9e\" \/>\n\t<meta name=\"twitter:data2\" content=\"2 minutes\" \/>\n<script type=\"application\/ld+json\" class=\"yoast-schema-graph\">{\"@context\":\"https:\/\/schema.org\",\"@graph\":[{\"@type\":\"Article\",\"@id\":\"https:\/\/www.africa-press.net\/benin\/toutes-les-actualites\/berge-lagunaire-de-cotonou-lappel-du-prefet-alain-orounla-aux-occupants#article\",\"isPartOf\":{\"@id\":\"https:\/\/www.africa-press.net\/benin\/toutes-les-actualites\/berge-lagunaire-de-cotonou-lappel-du-prefet-alain-orounla-aux-occupants\"},\"author\":{\"name\":\"cfeditorfr\",\"@id\":\"https:\/\/www.africa-press.net\/benin\/#\/schema\/person\/2b1cf3cd81a31e3cd26889ca66d677f1\"},\"headline\":\"Berge lagunaire de Cotonou: l\u2019appel du pr\u00e9fet Alain Orounla aux occupants\",\"datePublished\":\"2022-08-16T18:11:53+00:00\",\"dateModified\":\"2022-08-16T18:34:53+00:00\",\"mainEntityOfPage\":{\"@id\":\"https:\/\/www.africa-press.net\/benin\/toutes-les-actualites\/berge-lagunaire-de-cotonou-lappel-du-prefet-alain-orounla-aux-occupants\"},\"wordCount\":429,\"commentCount\":0,\"image\":{\"@id\":\"https:\/\/www.africa-press.net\/benin\/toutes-les-actualites\/berge-lagunaire-de-cotonou-lappel-du-prefet-alain-orounla-aux-occupants#primaryimage\"},\"thumbnailUrl\":\"https:\/\/static.africa-press.net\/benin\/sites\/46\/2022\/08\/postQueueImg_24-62fbe316461d4.jpg\",\"keywords\":[\"Africa Press\",\"Africa Press-Benin\",\"B\u00e9nin\"],\"articleSection\":[\"Communaut\u00e9\",\"homepage-french\",\"Toutes les actualit\u00e9s\"],\"inLanguage\":\"fr-FR\",\"potentialAction\":[{\"@type\":\"CommentAction\",\"name\":\"Comment\",\"target\":[\"https:\/\/www.africa-press.net\/benin\/toutes-les-actualites\/berge-lagunaire-de-cotonou-lappel-du-prefet-alain-orounla-aux-occupants#respond\"]}]},{\"@type\":\"WebPage\",\"@id\":\"https:\/\/www.africa-press.net\/benin\/toutes-les-actualites\/berge-lagunaire-de-cotonou-lappel-du-prefet-alain-orounla-aux-occupants\",\"url\":\"https:\/\/www.africa-press.net\/benin\/toutes-les-actualites\/berge-lagunaire-de-cotonou-lappel-du-prefet-alain-orounla-aux-occupants\",\"name\":\"Berge lagunaire de Cotonou: l\u2019appel du pr\u00e9fet Alain Orounla aux occupants - B\u00e9nin\",\"isPartOf\":{\"@id\":\"https:\/\/www.africa-press.net\/benin\/#website\"},\"primaryImageOfPage\":{\"@id\":\"https:\/\/www.africa-press.net\/benin\/toutes-les-actualites\/berge-lagunaire-de-cotonou-lappel-du-prefet-alain-orounla-aux-occupants#primaryimage\"},\"image\":{\"@id\":\"https:\/\/www.africa-press.net\/benin\/toutes-les-actualites\/berge-lagunaire-de-cotonou-lappel-du-prefet-alain-orounla-aux-occupants#primaryimage\"},\"thumbnailUrl\":\"https:\/\/static.africa-press.net\/benin\/sites\/46\/2022\/08\/postQueueImg_24-62fbe316461d4.jpg\",\"datePublished\":\"2022-08-16T18:11:53+00:00\",\"dateModified\":\"2022-08-16T18:34:53+00:00\",\"author\":{\"@id\":\"https:\/\/www.africa-press.net\/benin\/#\/schema\/person\/2b1cf3cd81a31e3cd26889ca66d677f1\"},\"description\":\"Le pr\u00e9fet du d\u00e9partement du Littoral, Alain Orounla invite les occupants ill\u00e9gaux de la berge lagunaire de Cotonou \u00e0 lib ...\",\"breadcrumb\":{\"@id\":\"https:\/\/www.africa-press.net\/benin\/toutes-les-actualites\/berge-lagunaire-de-cotonou-lappel-du-prefet-alain-orounla-aux-occupants#breadcrumb\"},\"inLanguage\":\"fr-FR\",\"potentialAction\":[{\"@type\":\"ReadAction\",\"target\":[\"https:\/\/www.africa-press.net\/benin\/toutes-les-actualites\/berge-lagunaire-de-cotonou-lappel-du-prefet-alain-orounla-aux-occupants\"]}]},{\"@type\":\"ImageObject\",\"inLanguage\":\"fr-FR\",\"@id\":\"https:\/\/www.africa-press.net\/benin\/toutes-les-actualites\/berge-lagunaire-de-cotonou-lappel-du-prefet-alain-orounla-aux-occupants#primaryimage\",\"url\":\"https:\/\/static.africa-press.net\/benin\/sites\/46\/2022\/08\/postQueueImg_24-62fbe316461d4.jpg\",\"contentUrl\":\"https:\/\/static.africa-press.net\/benin\/sites\/46\/2022\/08\/postQueueImg_24-62fbe316461d4.jpg\",\"width\":1200,\"height\":675,\"caption\":\"Berge lagunaire de Cotonou: l\u2019appel du pr\u00e9fet Alain Orounla aux occupants\"},{\"@type\":\"BreadcrumbList\",\"@id\":\"https:\/\/www.africa-press.net\/benin\/toutes-les-actualites\/berge-lagunaire-de-cotonou-lappel-du-prefet-alain-orounla-aux-occupants#breadcrumb\",\"itemListElement\":[{\"@type\":\"ListItem\",\"position\":1,\"name\":\"Accueil\",\"item\":\"https:\/\/www.africa-press.net\/benin\/\"},{\"@type\":\"ListItem\",\"position\":2,\"name\":\"Berge lagunaire de Cotonou: l\u2019appel du pr\u00e9fet Alain Orounla aux occupants\"}]},{\"@type\":\"WebSite\",\"@id\":\"https:\/\/www.africa-press.net\/benin\/#website\",\"url\":\"https:\/\/www.africa-press.net\/benin\/\",\"name\":\"B\u00e9nin\",\"description\":\"Just another Africa News Agency Sites site\",\"potentialAction\":[{\"@type\":\"SearchAction\",\"target\":{\"@type\":\"EntryPoint\",\"urlTemplate\":\"https:\/\/www.africa-press.net\/benin\/?s={search_term_string}\"},\"query-input\":{\"@type\":\"PropertyValueSpecification\",\"valueRequired\":true,\"valueName\":\"search_term_string\"}}],\"inLanguage\":\"fr-FR\"},{\"@type\":\"Person\",\"@id\":\"https:\/\/www.africa-press.net\/benin\/#\/schema\/person\/2b1cf3cd81a31e3cd26889ca66d677f1\",\"name\":\"cfeditorfr\"}]}<\/script>\n<!-- \/ Yoast SEO Premium plugin. -->","yoast_head_json":{"title":"Berge lagunaire de Cotonou: l\u2019appel du pr\u00e9fet Alain Orounla aux occupants - B\u00e9nin","description":"Le pr\u00e9fet du d\u00e9partement du Littoral, Alain Orounla invite les occupants ill\u00e9gaux de la berge lagunaire de Cotonou \u00e0 lib ...","robots":{"index":"index","follow":"follow","max-snippet":"max-snippet:-1","max-image-preview":"max-image-preview:large","max-video-preview":"max-video-preview:-1"},"canonical":"https:\/\/www.africa-press.net\/benin\/toutes-les-actualites\/berge-lagunaire-de-cotonou-lappel-du-prefet-alain-orounla-aux-occupants","og_locale":"fr_FR","og_type":"article","og_title":"Berge lagunaire de Cotonou: l\u2019appel du pr\u00e9fet Alain Orounla aux occupants","og_description":"Le pr\u00e9fet du d\u00e9partement du Littoral, Alain Orounla invite les occupants ill\u00e9gaux de la berge lagunaire de Cotonou \u00e0 lib ...","og_url":"https:\/\/www.africa-press.net\/benin\/toutes-les-actualites\/berge-lagunaire-de-cotonou-lappel-du-prefet-alain-orounla-aux-occupants","og_site_name":"B\u00e9nin","article_published_time":"2022-08-16T18:11:53+00:00","article_modified_time":"2022-08-16T18:34:53+00:00","og_image":[{"width":1200,"height":675,"url":"https:\/\/static.africa-press.net\/benin\/sites\/46\/2022\/08\/postQueueImg_24-62fbe316461d4.jpg","type":"image\/jpeg"}],"author":"cfeditorfr","twitter_card":"summary_large_image","twitter_misc":{"\u00c9crit par":"cfeditorfr","Dur\u00e9e de lecture estim\u00e9e":"2 minutes"},"schema":{"@context":"https:\/\/schema.org","@graph":[{"@type":"Article","@id":"https:\/\/www.africa-press.net\/benin\/toutes-les-actualites\/berge-lagunaire-de-cotonou-lappel-du-prefet-alain-orounla-aux-occupants#article","isPartOf":{"@id":"https:\/\/www.africa-press.net\/benin\/toutes-les-actualites\/berge-lagunaire-de-cotonou-lappel-du-prefet-alain-orounla-aux-occupants"},"author":{"name":"cfeditorfr","@id":"https:\/\/www.africa-press.net\/benin\/#\/schema\/person\/2b1cf3cd81a31e3cd26889ca66d677f1"},"headline":"Berge lagunaire de Cotonou: l\u2019appel du pr\u00e9fet Alain Orounla aux occupants","datePublished":"2022-08-16T18:11:53+00:00","dateModified":"2022-08-16T18:34:53+00:00","mainEntityOfPage":{"@id":"https:\/\/www.africa-press.net\/benin\/toutes-les-actualites\/berge-lagunaire-de-cotonou-lappel-du-prefet-alain-orounla-aux-occupants"},"wordCount":429,"commentCount":0,"image":{"@id":"https:\/\/www.africa-press.net\/benin\/toutes-les-actualites\/berge-lagunaire-de-cotonou-lappel-du-prefet-alain-orounla-aux-occupants#primaryimage"},"thumbnailUrl":"https:\/\/static.africa-press.net\/benin\/sites\/46\/2022\/08\/postQueueImg_24-62fbe316461d4.jpg","keywords":["Africa Press","Africa Press-Benin","B\u00e9nin"],"articleSection":["Communaut\u00e9","homepage-french","Toutes les actualit\u00e9s"],"inLanguage":"fr-FR","potentialAction":[{"@type":"CommentAction","name":"Comment","target":["https:\/\/www.africa-press.net\/benin\/toutes-les-actualites\/berge-lagunaire-de-cotonou-lappel-du-prefet-alain-orounla-aux-occupants#respond"]}]},{"@type":"WebPage","@id":"https:\/\/www.africa-press.net\/benin\/toutes-les-actualites\/berge-lagunaire-de-cotonou-lappel-du-prefet-alain-orounla-aux-occupants","url":"https:\/\/www.africa-press.net\/benin\/toutes-les-actualites\/berge-lagunaire-de-cotonou-lappel-du-prefet-alain-orounla-aux-occupants","name":"Berge lagunaire de Cotonou: l\u2019appel du pr\u00e9fet Alain Orounla aux occupants - B\u00e9nin","isPartOf":{"@id":"https:\/\/www.africa-press.net\/benin\/#website"},"primaryImageOfPage":{"@id":"https:\/\/www.africa-press.net\/benin\/toutes-les-actualites\/berge-lagunaire-de-cotonou-lappel-du-prefet-alain-orounla-aux-occupants#primaryimage"},"image":{"@id":"https:\/\/www.africa-press.net\/benin\/toutes-les-actualites\/berge-lagunaire-de-cotonou-lappel-du-prefet-alain-orounla-aux-occupants#primaryimage"},"thumbnailUrl":"https:\/\/static.africa-press.net\/benin\/sites\/46\/2022\/08\/postQueueImg_24-62fbe316461d4.jpg","datePublished":"2022-08-16T18:11:53+00:00","dateModified":"2022-08-16T18:34:53+00:00","author":{"@id":"https:\/\/www.africa-press.net\/benin\/#\/schema\/person\/2b1cf3cd81a31e3cd26889ca66d677f1"},"description":"Le pr\u00e9fet du d\u00e9partement du Littoral, Alain Orounla invite les occupants ill\u00e9gaux de la berge lagunaire de Cotonou \u00e0 lib ...","breadcrumb":{"@id":"https:\/\/www.africa-press.net\/benin\/toutes-les-actualites\/berge-lagunaire-de-cotonou-lappel-du-prefet-alain-orounla-aux-occupants#breadcrumb"},"inLanguage":"fr-FR","potentialAction":[{"@type":"ReadAction","target":["https:\/\/www.africa-press.net\/benin\/toutes-les-actualites\/berge-lagunaire-de-cotonou-lappel-du-prefet-alain-orounla-aux-occupants"]}]},{"@type":"ImageObject","inLanguage":"fr-FR","@id":"https:\/\/www.africa-press.net\/benin\/toutes-les-actualites\/berge-lagunaire-de-cotonou-lappel-du-prefet-alain-orounla-aux-occupants#primaryimage","url":"https:\/\/static.africa-press.net\/benin\/sites\/46\/2022\/08\/postQueueImg_24-62fbe316461d4.jpg","contentUrl":"https:\/\/static.africa-press.net\/benin\/sites\/46\/2022\/08\/postQueueImg_24-62fbe316461d4.jpg","width":1200,"height":675,"caption":"Berge lagunaire de Cotonou: l\u2019appel du pr\u00e9fet Alain Orounla aux occupants"},{"@type":"BreadcrumbList","@id":"https:\/\/www.africa-press.net\/benin\/toutes-les-actualites\/berge-lagunaire-de-cotonou-lappel-du-prefet-alain-orounla-aux-occupants#breadcrumb","itemListElement":[{"@type":"ListItem","position":1,"name":"Accueil","item":"https:\/\/www.africa-press.net\/benin\/"},{"@type":"ListItem","position":2,"name":"Berge lagunaire de Cotonou: l\u2019appel du pr\u00e9fet Alain Orounla aux occupants"}]},{"@type":"WebSite","@id":"https:\/\/www.africa-press.net\/benin\/#website","url":"https:\/\/www.africa-press.net\/benin\/","name":"B\u00e9nin","description":"Just another Africa News Agency Sites site","potentialAction":[{"@type":"SearchAction","target":{"@type":"EntryPoint","urlTemplate":"https:\/\/www.africa-press.net\/benin\/?s={search_term_string}"},"query-input":{"@type":"PropertyValueSpecification","valueRequired":true,"valueName":"search_term_string"}}],"inLanguage":"fr-FR"},{"@type":"Person","@id":"https:\/\/www.africa-press.net\/benin\/#\/schema\/person\/2b1cf3cd81a31e3cd26889ca66d677f1","name":"cfeditorfr"}]}},"_links":{"self":[{"href":"https:\/\/www.africa-press.net\/benin\/wp-json\/wp\/v2\/posts\/7918","targetHints":{"allow":["GET"]}}],"collection":[{"href":"https:\/\/www.africa-press.net\/benin\/wp-json\/wp\/v2\/posts"}],"about":[{"href":"https:\/\/www.africa-press.net\/benin\/wp-json\/wp\/v2\/types\/post"}],"author":[{"embeddable":true,"href":"https:\/\/www.africa-press.net\/benin\/wp-json\/wp\/v2\/users\/82"}],"replies":[{"embeddable":true,"href":"https:\/\/www.africa-press.net\/benin\/wp-json\/wp\/v2\/comments?post=7918"}],"version-history":[{"count":0,"href":"https:\/\/www.africa-press.net\/benin\/wp-json\/wp\/v2\/posts\/7918\/revisions"}],"wp:featuredmedia":[{"embeddable":true,"href":"https:\/\/www.africa-press.net\/benin\/wp-json\/wp\/v2\/media\/7917"}],"wp:attachment":[{"href":"https:\/\/www.africa-press.net\/benin\/wp-json\/wp\/v2\/media?parent=7918"}],"wp:term":[{"taxonomy":"category","embeddable":true,"href":"https:\/\/www.africa-press.net\/benin\/wp-json\/wp\/v2\/categories?post=7918"},{"taxonomy":"post_tag","embeddable":true,"href":"https:\/\/www.africa-press.net\/benin\/wp-json\/wp\/v2\/tags?post=7918"}],"curies":[{"name":"wp","href":"https:\/\/api.w.org\/{rel}","templated":true}]}}