{"id":7921,"date":"2022-08-16T18:12:04","date_gmt":"2022-08-16T18:12:04","guid":{"rendered":"https:\/\/www.africa-press.net\/benin\/politique\/benin-cest-lup-qui-est-allee-chercher-le-prd-anique-djimadja"},"modified":"2022-08-16T18:35:45","modified_gmt":"2022-08-16T18:35:45","slug":"benin-cest-lup-qui-est-allee-chercher-le-prd-anique-djimadja","status":"publish","type":"post","link":"https:\/\/www.africa-press.net\/benin\/politique\/benin-cest-lup-qui-est-allee-chercher-le-prd-anique-djimadja","title":{"rendered":"B\u00e9nin: \u201cc\u2019est l\u2019UP qui est all\u00e9e chercher le PRD\u201d, Anique Djimadja"},"content":{"rendered":"<p><span style=\"color: #ff6600\"><strong>Africa-Press &#8211; Benin. <\/strong><\/span>La Secr\u00e9taire permanente \u00e0 la communication de l\u2019Union Progressiste (UP) a clarifi\u00e9 les motivations du projet de mise ensemble avec le Parti du Renouveau D\u00e9mocratique (PRD). Sur la cha\u00eene de t\u00e9l\u00e9vision E-t\u00e9l\u00e9, Anique Djimadja a confirm\u00e9 que c\u2019est l\u2019UP qui a tendu la main au parti arc-en-ciel.<\/p>\n<p>Sauf changement de calendrier, le PRD et l\u2019UP devraient officialiser leur fusion samedi prochain. En pr\u00e9lude \u00e0 cela, le PRD a d\u00e9j\u00e0 convoqu\u00e9 un congr\u00e8s extraordinaire pr\u00e9vu pour le vendredi 19 ao\u00fbt. Selon Anique Djimadja, ce bouleversement politique \u00e0 quelques semaines des \u00e9lections l\u00e9gislatives de 2023 est l\u2019\u0153uvre de l\u2019UP. \u201cPour cette op\u00e9ration, c\u2019est l\u2019Union Progressiste (UP) qui est \u00e0 l\u2019action. C\u2019est l\u2019UP qui est all\u00e9e chercher le PRD\u201d, a-t-elle d\u00e9clar\u00e9.<\/p>\n<p>Les propos de la Secr\u00e9taire permanente \u00e0 la communication de l\u2019Union Progressiste rejoignent ceux des responsables du PRD. Ils avaient signifi\u00e9 que c\u2019est le parti UP qui est demandeur et qui a tendu la main. Pourquoi tendre la main au PRD ? Face \u00e0 la question, Anique Djimadja \u00e9voque l\u2019h\u00e9g\u00e9monie l\u00e9gendaire du parti d\u2019Adrien Hougb\u00e9dji.<\/p>\n<p>PRD, le partenaire id\u00e9al face aux d\u00e9fis politiques qui s\u2019annoncent<\/p>\n<p>Selon Anique Djimadja, l\u2019UP est actuellement le plus grand parti, mais il a quand m\u00eame besoin de la compagnie pour relever efficacement les d\u00e9fis \u00e0 venir. Ainsi, dans sa dynamique d\u2019ouvertement et de rapprocher, le parti a port\u00e9 son choix sur le PRD. \u201cNous avons identifi\u00e9 le PRD qui est un bon partenaire par rapport aux d\u00e9fis et enjeux qui sont les n\u00f4tres\u201d, a-t-elle d\u00e9clar\u00e9.<\/p>\n<p>Contrairement \u00e0 ce qui se dit dans l\u2019opinion, elle estime que la fusion entre le PRD et l\u2019UP \u201csera un mariage parfait\u201d. Anique Djimadja a assur\u00e9 que chacun des partis s\u2019active aupr\u00e8s de ses militants et militantes pour la r\u00e9ussite de ce projet.<\/p>\n<p>Que dit la loi sur la fusion de deux partis ?<\/p>\n<p>La loi N\u00b02018-23 du 17 septembre 2018 portant charte des partis politiques en R\u00e9publique du B\u00e9nin est visiblement muette sur le cas de fusion entre deux partis. Il s\u2019agit d\u2019un vide juridique qui suscite des interrogations sur la faisabilit\u00e9 de la fusion entre l\u2019UP et PRD.<\/p>\n<p>L\u2019article 15 de cette loi pr\u00e9voit en son article 15 le cas de scission d\u2019un parti r\u00e9guli\u00e8rement enregistr\u00e9 au minist\u00e8re de l\u2019int\u00e9rieur et de la s\u00e9curit\u00e9 publique. Cet article stipule : \u201caucun parti politique, nouvellement cr\u00e9\u00e9 ou n\u00e9 de la scission d\u2019un parti existant, ne peut choisir une d\u00e9nomination, un embl\u00e8me, un logo, un sigle ou un slogan qui co\u00efncide avec ceux d\u2019un parti d\u00e9j\u00e0 enregistr\u00e9 au minist\u00e8re charg\u00e9 de l\u2019int\u00e9rieur ou qui est susceptible d\u2019engendrer la confusion dans l\u2019esprit de ses \u00e9lecteurs\u201d.<\/p>\n<p>\u201cLa fusion est un m\u00e9canisme interne aux partis\u201d<\/p>\n<p>Selon Christelle Houndonougbo, Directrice administrative de l\u2019UP, l\u2019article 29 de la charte des partis politiques laisse le soin aux partis d\u2019organiser leur dissolution ou fusion.<\/p>\n<p>\u201cSa mise en \u0153uvre fait objet de d\u00e9claration au minist\u00e8re de l\u2019int\u00e9rieur. La disposition l\u00e9gale, c\u2019est le chapitre II : De l\u2019organisation interne des partis politiques en son Art 29 (alin\u00e9a 9) qui dispose que les statuts et r\u00e8glement int\u00e9rieurs pr\u00e9vus doivent comporter le m\u00e9canisme de dissolution du parti politique ou de fusion avec d\u2019autres partis politiques\u201d, a-t-elle confi\u00e9 \u00e0 Reporter B\u00e9nin Monde.<\/p>\n<p><strong>Pour plus d&rsquo;informations et d&rsquo;analyses sur la <a href=\"https:\/\/www.africa-press.net\/benin\">Benin<\/a>, suivez <a href=\"https:\/\/www.africa-press.net\/\">Africa-Press<\/a><\/strong><\/p>\n","protected":false},"excerpt":{"rendered":"<p>Africa-Press &#8211; Benin. La Secr\u00e9taire permanente \u00e0 la communication de l\u2019Union Progressiste (UP) a clarifi\u00e9 les motivations du projet de mise ensemble avec le Parti du Renouveau D\u00e9mocratique (PRD). Sur la cha\u00eene de t\u00e9l\u00e9vision E-t\u00e9l\u00e9, Anique Djimadja a confirm\u00e9 que c\u2019est l\u2019UP qui a tendu la main au parti arc-en-ciel. Sauf changement de calendrier, le [&hellip;]<\/p>\n","protected":false},"author":82,"featured_media":7920,"comment_status":"open","ping_status":"closed","sticky":false,"template":"","format":"standard","meta":{"footnotes":""},"categories":[11,2,20,10],"tags":[36,50,45],"class_list":["post-7921","post","type-post","status-publish","format-standard","has-post-thumbnail","hentry","category-homepage-french","category-politique","category-top-nouvelles","category-toutes-les-actualites","tag-africa-press","tag-africa-press-benin","tag-benin"],"yoast_head":"<!-- This site is optimized with the Yoast SEO Premium plugin v26.1 (Yoast SEO v27.0) - https:\/\/yoast.com\/product\/yoast-seo-premium-wordpress\/ -->\n<title>B\u00e9nin: \u201cc\u2019est l\u2019UP qui est all\u00e9e chercher le PRD\u201d, Anique Djimadja - B\u00e9nin<\/title>\n<meta name=\"description\" content=\"La Secr\u00e9taire permanente \u00e0 la communication de l\u2019Union Progressiste (UP) a clarifi\u00e9 les motivations du projet de mise en ...\" \/>\n<meta name=\"robots\" content=\"index, follow, max-snippet:-1, max-image-preview:large, max-video-preview:-1\" \/>\n<link rel=\"canonical\" href=\"https:\/\/www.africa-press.net\/benin\/politique\/benin-cest-lup-qui-est-allee-chercher-le-prd-anique-djimadja\" \/>\n<meta property=\"og:locale\" content=\"fr_FR\" \/>\n<meta property=\"og:type\" content=\"article\" \/>\n<meta property=\"og:title\" content=\"B\u00e9nin: \u201cc\u2019est l\u2019UP qui est all\u00e9e chercher le PRD\u201d, Anique Djimadja\" \/>\n<meta property=\"og:description\" content=\"La Secr\u00e9taire permanente \u00e0 la communication de l\u2019Union Progressiste (UP) a clarifi\u00e9 les motivations du projet de mise en ...\" \/>\n<meta property=\"og:url\" content=\"https:\/\/www.africa-press.net\/benin\/politique\/benin-cest-lup-qui-est-allee-chercher-le-prd-anique-djimadja\" \/>\n<meta property=\"og:site_name\" content=\"B\u00e9nin\" \/>\n<meta property=\"article:published_time\" content=\"2022-08-16T18:12:04+00:00\" \/>\n<meta property=\"article:modified_time\" content=\"2022-08-16T18:35:45+00:00\" \/>\n<meta property=\"og:image\" content=\"https:\/\/static.africa-press.net\/benin\/sites\/46\/2022\/08\/postQueueImg_25-62fbe351be038.jpg\" \/>\n\t<meta property=\"og:image:width\" content=\"1200\" \/>\n\t<meta property=\"og:image:height\" content=\"798\" \/>\n\t<meta property=\"og:image:type\" content=\"image\/jpeg\" \/>\n<meta name=\"author\" content=\"cfeditorfr\" \/>\n<meta name=\"twitter:card\" content=\"summary_large_image\" \/>\n<meta name=\"twitter:label1\" content=\"\u00c9crit par\" \/>\n\t<meta name=\"twitter:data1\" content=\"cfeditorfr\" \/>\n\t<meta name=\"twitter:label2\" content=\"Dur\u00e9e de lecture estim\u00e9e\" \/>\n\t<meta name=\"twitter:data2\" content=\"3 minutes\" \/>\n<script type=\"application\/ld+json\" class=\"yoast-schema-graph\">{\"@context\":\"https:\/\/schema.org\",\"@graph\":[{\"@type\":\"Article\",\"@id\":\"https:\/\/www.africa-press.net\/benin\/politique\/benin-cest-lup-qui-est-allee-chercher-le-prd-anique-djimadja#article\",\"isPartOf\":{\"@id\":\"https:\/\/www.africa-press.net\/benin\/politique\/benin-cest-lup-qui-est-allee-chercher-le-prd-anique-djimadja\"},\"author\":{\"name\":\"cfeditorfr\",\"@id\":\"https:\/\/www.africa-press.net\/benin\/#\/schema\/person\/2b1cf3cd81a31e3cd26889ca66d677f1\"},\"headline\":\"B\u00e9nin: \u201cc\u2019est l\u2019UP qui est all\u00e9e chercher le PRD\u201d, Anique Djimadja\",\"datePublished\":\"2022-08-16T18:12:04+00:00\",\"dateModified\":\"2022-08-16T18:35:45+00:00\",\"mainEntityOfPage\":{\"@id\":\"https:\/\/www.africa-press.net\/benin\/politique\/benin-cest-lup-qui-est-allee-chercher-le-prd-anique-djimadja\"},\"wordCount\":629,\"commentCount\":0,\"image\":{\"@id\":\"https:\/\/www.africa-press.net\/benin\/politique\/benin-cest-lup-qui-est-allee-chercher-le-prd-anique-djimadja#primaryimage\"},\"thumbnailUrl\":\"https:\/\/static.africa-press.net\/benin\/sites\/46\/2022\/08\/postQueueImg_25-62fbe351be038.jpg\",\"keywords\":[\"Africa Press\",\"Africa Press-Benin\",\"B\u00e9nin\"],\"articleSection\":[\"homepage-french\",\"Politique\",\"Top Nouvelles\",\"Toutes les actualit\u00e9s\"],\"inLanguage\":\"fr-FR\",\"potentialAction\":[{\"@type\":\"CommentAction\",\"name\":\"Comment\",\"target\":[\"https:\/\/www.africa-press.net\/benin\/politique\/benin-cest-lup-qui-est-allee-chercher-le-prd-anique-djimadja#respond\"]}]},{\"@type\":\"WebPage\",\"@id\":\"https:\/\/www.africa-press.net\/benin\/politique\/benin-cest-lup-qui-est-allee-chercher-le-prd-anique-djimadja\",\"url\":\"https:\/\/www.africa-press.net\/benin\/politique\/benin-cest-lup-qui-est-allee-chercher-le-prd-anique-djimadja\",\"name\":\"B\u00e9nin: \u201cc\u2019est l\u2019UP qui est all\u00e9e chercher le PRD\u201d, Anique Djimadja - B\u00e9nin\",\"isPartOf\":{\"@id\":\"https:\/\/www.africa-press.net\/benin\/#website\"},\"primaryImageOfPage\":{\"@id\":\"https:\/\/www.africa-press.net\/benin\/politique\/benin-cest-lup-qui-est-allee-chercher-le-prd-anique-djimadja#primaryimage\"},\"image\":{\"@id\":\"https:\/\/www.africa-press.net\/benin\/politique\/benin-cest-lup-qui-est-allee-chercher-le-prd-anique-djimadja#primaryimage\"},\"thumbnailUrl\":\"https:\/\/static.africa-press.net\/benin\/sites\/46\/2022\/08\/postQueueImg_25-62fbe351be038.jpg\",\"datePublished\":\"2022-08-16T18:12:04+00:00\",\"dateModified\":\"2022-08-16T18:35:45+00:00\",\"author\":{\"@id\":\"https:\/\/www.africa-press.net\/benin\/#\/schema\/person\/2b1cf3cd81a31e3cd26889ca66d677f1\"},\"description\":\"La Secr\u00e9taire permanente \u00e0 la communication de l\u2019Union Progressiste (UP) a clarifi\u00e9 les motivations du projet de mise en ...\",\"breadcrumb\":{\"@id\":\"https:\/\/www.africa-press.net\/benin\/politique\/benin-cest-lup-qui-est-allee-chercher-le-prd-anique-djimadja#breadcrumb\"},\"inLanguage\":\"fr-FR\",\"potentialAction\":[{\"@type\":\"ReadAction\",\"target\":[\"https:\/\/www.africa-press.net\/benin\/politique\/benin-cest-lup-qui-est-allee-chercher-le-prd-anique-djimadja\"]}]},{\"@type\":\"ImageObject\",\"inLanguage\":\"fr-FR\",\"@id\":\"https:\/\/www.africa-press.net\/benin\/politique\/benin-cest-lup-qui-est-allee-chercher-le-prd-anique-djimadja#primaryimage\",\"url\":\"https:\/\/static.africa-press.net\/benin\/sites\/46\/2022\/08\/postQueueImg_25-62fbe351be038.jpg\",\"contentUrl\":\"https:\/\/static.africa-press.net\/benin\/sites\/46\/2022\/08\/postQueueImg_25-62fbe351be038.jpg\",\"width\":1200,\"height\":798,\"caption\":\"B\u00e9nin: \u201cc\u2019est l\u2019UP qui est all\u00e9e chercher le PRD\u201d, Anique Djimadja\"},{\"@type\":\"BreadcrumbList\",\"@id\":\"https:\/\/www.africa-press.net\/benin\/politique\/benin-cest-lup-qui-est-allee-chercher-le-prd-anique-djimadja#breadcrumb\",\"itemListElement\":[{\"@type\":\"ListItem\",\"position\":1,\"name\":\"Accueil\",\"item\":\"https:\/\/www.africa-press.net\/benin\/\"},{\"@type\":\"ListItem\",\"position\":2,\"name\":\"B\u00e9nin: \u201cc\u2019est l\u2019UP qui est all\u00e9e chercher le PRD\u201d, Anique Djimadja\"}]},{\"@type\":\"WebSite\",\"@id\":\"https:\/\/www.africa-press.net\/benin\/#website\",\"url\":\"https:\/\/www.africa-press.net\/benin\/\",\"name\":\"B\u00e9nin\",\"description\":\"Just another Africa News Agency Sites site\",\"potentialAction\":[{\"@type\":\"SearchAction\",\"target\":{\"@type\":\"EntryPoint\",\"urlTemplate\":\"https:\/\/www.africa-press.net\/benin\/?s={search_term_string}\"},\"query-input\":{\"@type\":\"PropertyValueSpecification\",\"valueRequired\":true,\"valueName\":\"search_term_string\"}}],\"inLanguage\":\"fr-FR\"},{\"@type\":\"Person\",\"@id\":\"https:\/\/www.africa-press.net\/benin\/#\/schema\/person\/2b1cf3cd81a31e3cd26889ca66d677f1\",\"name\":\"cfeditorfr\"}]}<\/script>\n<!-- \/ Yoast SEO Premium plugin. -->","yoast_head_json":{"title":"B\u00e9nin: \u201cc\u2019est l\u2019UP qui est all\u00e9e chercher le PRD\u201d, Anique Djimadja - B\u00e9nin","description":"La Secr\u00e9taire permanente \u00e0 la communication de l\u2019Union Progressiste (UP) a clarifi\u00e9 les motivations du projet de mise en ...","robots":{"index":"index","follow":"follow","max-snippet":"max-snippet:-1","max-image-preview":"max-image-preview:large","max-video-preview":"max-video-preview:-1"},"canonical":"https:\/\/www.africa-press.net\/benin\/politique\/benin-cest-lup-qui-est-allee-chercher-le-prd-anique-djimadja","og_locale":"fr_FR","og_type":"article","og_title":"B\u00e9nin: \u201cc\u2019est l\u2019UP qui est all\u00e9e chercher le PRD\u201d, Anique Djimadja","og_description":"La Secr\u00e9taire permanente \u00e0 la communication de l\u2019Union Progressiste (UP) a clarifi\u00e9 les motivations du projet de mise en ...","og_url":"https:\/\/www.africa-press.net\/benin\/politique\/benin-cest-lup-qui-est-allee-chercher-le-prd-anique-djimadja","og_site_name":"B\u00e9nin","article_published_time":"2022-08-16T18:12:04+00:00","article_modified_time":"2022-08-16T18:35:45+00:00","og_image":[{"width":1200,"height":798,"url":"https:\/\/static.africa-press.net\/benin\/sites\/46\/2022\/08\/postQueueImg_25-62fbe351be038.jpg","type":"image\/jpeg"}],"author":"cfeditorfr","twitter_card":"summary_large_image","twitter_misc":{"\u00c9crit par":"cfeditorfr","Dur\u00e9e de lecture estim\u00e9e":"3 minutes"},"schema":{"@context":"https:\/\/schema.org","@graph":[{"@type":"Article","@id":"https:\/\/www.africa-press.net\/benin\/politique\/benin-cest-lup-qui-est-allee-chercher-le-prd-anique-djimadja#article","isPartOf":{"@id":"https:\/\/www.africa-press.net\/benin\/politique\/benin-cest-lup-qui-est-allee-chercher-le-prd-anique-djimadja"},"author":{"name":"cfeditorfr","@id":"https:\/\/www.africa-press.net\/benin\/#\/schema\/person\/2b1cf3cd81a31e3cd26889ca66d677f1"},"headline":"B\u00e9nin: \u201cc\u2019est l\u2019UP qui est all\u00e9e chercher le PRD\u201d, Anique Djimadja","datePublished":"2022-08-16T18:12:04+00:00","dateModified":"2022-08-16T18:35:45+00:00","mainEntityOfPage":{"@id":"https:\/\/www.africa-press.net\/benin\/politique\/benin-cest-lup-qui-est-allee-chercher-le-prd-anique-djimadja"},"wordCount":629,"commentCount":0,"image":{"@id":"https:\/\/www.africa-press.net\/benin\/politique\/benin-cest-lup-qui-est-allee-chercher-le-prd-anique-djimadja#primaryimage"},"thumbnailUrl":"https:\/\/static.africa-press.net\/benin\/sites\/46\/2022\/08\/postQueueImg_25-62fbe351be038.jpg","keywords":["Africa Press","Africa Press-Benin","B\u00e9nin"],"articleSection":["homepage-french","Politique","Top Nouvelles","Toutes les actualit\u00e9s"],"inLanguage":"fr-FR","potentialAction":[{"@type":"CommentAction","name":"Comment","target":["https:\/\/www.africa-press.net\/benin\/politique\/benin-cest-lup-qui-est-allee-chercher-le-prd-anique-djimadja#respond"]}]},{"@type":"WebPage","@id":"https:\/\/www.africa-press.net\/benin\/politique\/benin-cest-lup-qui-est-allee-chercher-le-prd-anique-djimadja","url":"https:\/\/www.africa-press.net\/benin\/politique\/benin-cest-lup-qui-est-allee-chercher-le-prd-anique-djimadja","name":"B\u00e9nin: \u201cc\u2019est l\u2019UP qui est all\u00e9e chercher le PRD\u201d, Anique Djimadja - B\u00e9nin","isPartOf":{"@id":"https:\/\/www.africa-press.net\/benin\/#website"},"primaryImageOfPage":{"@id":"https:\/\/www.africa-press.net\/benin\/politique\/benin-cest-lup-qui-est-allee-chercher-le-prd-anique-djimadja#primaryimage"},"image":{"@id":"https:\/\/www.africa-press.net\/benin\/politique\/benin-cest-lup-qui-est-allee-chercher-le-prd-anique-djimadja#primaryimage"},"thumbnailUrl":"https:\/\/static.africa-press.net\/benin\/sites\/46\/2022\/08\/postQueueImg_25-62fbe351be038.jpg","datePublished":"2022-08-16T18:12:04+00:00","dateModified":"2022-08-16T18:35:45+00:00","author":{"@id":"https:\/\/www.africa-press.net\/benin\/#\/schema\/person\/2b1cf3cd81a31e3cd26889ca66d677f1"},"description":"La Secr\u00e9taire permanente \u00e0 la communication de l\u2019Union Progressiste (UP) a clarifi\u00e9 les motivations du projet de mise en ...","breadcrumb":{"@id":"https:\/\/www.africa-press.net\/benin\/politique\/benin-cest-lup-qui-est-allee-chercher-le-prd-anique-djimadja#breadcrumb"},"inLanguage":"fr-FR","potentialAction":[{"@type":"ReadAction","target":["https:\/\/www.africa-press.net\/benin\/politique\/benin-cest-lup-qui-est-allee-chercher-le-prd-anique-djimadja"]}]},{"@type":"ImageObject","inLanguage":"fr-FR","@id":"https:\/\/www.africa-press.net\/benin\/politique\/benin-cest-lup-qui-est-allee-chercher-le-prd-anique-djimadja#primaryimage","url":"https:\/\/static.africa-press.net\/benin\/sites\/46\/2022\/08\/postQueueImg_25-62fbe351be038.jpg","contentUrl":"https:\/\/static.africa-press.net\/benin\/sites\/46\/2022\/08\/postQueueImg_25-62fbe351be038.jpg","width":1200,"height":798,"caption":"B\u00e9nin: \u201cc\u2019est l\u2019UP qui est all\u00e9e chercher le PRD\u201d, Anique Djimadja"},{"@type":"BreadcrumbList","@id":"https:\/\/www.africa-press.net\/benin\/politique\/benin-cest-lup-qui-est-allee-chercher-le-prd-anique-djimadja#breadcrumb","itemListElement":[{"@type":"ListItem","position":1,"name":"Accueil","item":"https:\/\/www.africa-press.net\/benin\/"},{"@type":"ListItem","position":2,"name":"B\u00e9nin: \u201cc\u2019est l\u2019UP qui est all\u00e9e chercher le PRD\u201d, Anique Djimadja"}]},{"@type":"WebSite","@id":"https:\/\/www.africa-press.net\/benin\/#website","url":"https:\/\/www.africa-press.net\/benin\/","name":"B\u00e9nin","description":"Just another Africa News Agency Sites site","potentialAction":[{"@type":"SearchAction","target":{"@type":"EntryPoint","urlTemplate":"https:\/\/www.africa-press.net\/benin\/?s={search_term_string}"},"query-input":{"@type":"PropertyValueSpecification","valueRequired":true,"valueName":"search_term_string"}}],"inLanguage":"fr-FR"},{"@type":"Person","@id":"https:\/\/www.africa-press.net\/benin\/#\/schema\/person\/2b1cf3cd81a31e3cd26889ca66d677f1","name":"cfeditorfr"}]}},"_links":{"self":[{"href":"https:\/\/www.africa-press.net\/benin\/wp-json\/wp\/v2\/posts\/7921","targetHints":{"allow":["GET"]}}],"collection":[{"href":"https:\/\/www.africa-press.net\/benin\/wp-json\/wp\/v2\/posts"}],"about":[{"href":"https:\/\/www.africa-press.net\/benin\/wp-json\/wp\/v2\/types\/post"}],"author":[{"embeddable":true,"href":"https:\/\/www.africa-press.net\/benin\/wp-json\/wp\/v2\/users\/82"}],"replies":[{"embeddable":true,"href":"https:\/\/www.africa-press.net\/benin\/wp-json\/wp\/v2\/comments?post=7921"}],"version-history":[{"count":0,"href":"https:\/\/www.africa-press.net\/benin\/wp-json\/wp\/v2\/posts\/7921\/revisions"}],"wp:featuredmedia":[{"embeddable":true,"href":"https:\/\/www.africa-press.net\/benin\/wp-json\/wp\/v2\/media\/7920"}],"wp:attachment":[{"href":"https:\/\/www.africa-press.net\/benin\/wp-json\/wp\/v2\/media?parent=7921"}],"wp:term":[{"taxonomy":"category","embeddable":true,"href":"https:\/\/www.africa-press.net\/benin\/wp-json\/wp\/v2\/categories?post=7921"},{"taxonomy":"post_tag","embeddable":true,"href":"https:\/\/www.africa-press.net\/benin\/wp-json\/wp\/v2\/tags?post=7921"}],"curies":[{"name":"wp","href":"https:\/\/api.w.org\/{rel}","templated":true}]}}