{"id":7938,"date":"2022-08-17T17:00:20","date_gmt":"2022-08-17T17:00:20","guid":{"rendered":"https:\/\/www.africa-press.net\/benin\/politique\/benin-criet-liste-des-detenus-beneficiaires-dune-liberation-conditionnelle-2022"},"modified":"2022-08-17T17:30:11","modified_gmt":"2022-08-17T17:30:11","slug":"benin-criet-liste-des-detenus-beneficiaires-dune-liberation-conditionnelle-2022","status":"publish","type":"post","link":"https:\/\/www.africa-press.net\/benin\/toutes-les-actualites\/benin-criet-liste-des-detenus-beneficiaires-dune-liberation-conditionnelle-2022","title":{"rendered":"B\u00e9nin \u2013 Criet: liste des d\u00e9tenus b\u00e9n\u00e9ficiaires d\u2019une lib\u00e9ration conditionnelle (2022)"},"content":{"rendered":"<p><span style=\"color: #ff6600\"><strong>Africa-Press &#8211; Benin. <\/strong><\/span>Par arr\u00eat\u00e9 n\u00b0087\/MJL\/DC\/SGM\/DAPG\/SA\/SGG22, le minist\u00e8re de la justice et de la l\u00e9gislation a accord\u00e9 la libert\u00e9 conditionnelle \u00e0 124 d\u00e9tenus, condamn\u00e9s pour des infractions li\u00e9es aux crimes \u00e9conomiques. La mesure est valable pour le deuxi\u00e8me trimestre de l\u2019ann\u00e9e 2022.<\/p>\n<p>Dans le lot des b\u00e9n\u00e9ficiaires, on note la pr\u00e9sence de Bernard Gogonou Kikissagb\u00e9 et Magloire Magloire Saizonou. Ils avaient \u00e9t\u00e9 respectivement condamn\u00e9s \u00e0 5ans de prison pour escroqueries en bande organis\u00e9e et stellionat.<\/p>\n<p>Les 124 b\u00e9n\u00e9ficiaires ne peuvent pas jouir automatiquement de la libert\u00e9 conditionnelle. L\u2019article 2 de l\u2019arr\u00eat\u00e9 pr\u00e9cise en effet que : \u00ab l\u2019ex\u00e9cution de cette mesure est subordonn\u00e9e, pour les personnes condamn\u00e9es pour crimes et d\u00e9lits \u00e9conomiques commis au pr\u00e9judice de l\u2019\u00c9tat, des \u00e9tablissements, offices et soci\u00e9t\u00e9s publics ainsi que des collectivit\u00e9s territoriales, au remboursement et au r\u00e8glement des sommes mises \u00e0 leur charge \u00bb.<\/p>\n<p>Liste compl\u00e8te des 124 d\u00e9tenus concern\u00e9s<\/p>\n<p><strong>Pour plus d&rsquo;informations et d&rsquo;analyses sur la <a href=\"https:\/\/www.africa-press.net\/benin\">Benin<\/a>, suivez <a href=\"https:\/\/www.africa-press.net\/\">Africa-Press<\/a><\/strong><\/p>\n","protected":false},"excerpt":{"rendered":"<p>Africa-Press &#8211; Benin. Par arr\u00eat\u00e9 n\u00b0087\/MJL\/DC\/SGM\/DAPG\/SA\/SGG22, le minist\u00e8re de la justice et de la l\u00e9gislation a accord\u00e9 la libert\u00e9 conditionnelle \u00e0 124 d\u00e9tenus, condamn\u00e9s pour des infractions li\u00e9es aux crimes \u00e9conomiques. La mesure est valable pour le deuxi\u00e8me trimestre de l\u2019ann\u00e9e 2022. Dans le lot des b\u00e9n\u00e9ficiaires, on note la pr\u00e9sence de Bernard Gogonou Kikissagb\u00e9 [&hellip;]<\/p>\n","protected":false},"author":82,"featured_media":7937,"comment_status":"open","ping_status":"closed","sticky":false,"template":"","format":"standard","meta":{"footnotes":""},"categories":[21,11,10],"tags":[36,50,45],"class_list":["post-7938","post","type-post","status-publish","format-standard","has-post-thumbnail","hentry","category-communaute","category-homepage-french","category-toutes-les-actualites","tag-africa-press","tag-africa-press-benin","tag-benin"],"yoast_head":"<!-- This site is optimized with the Yoast SEO Premium plugin v26.1 (Yoast SEO v27.0) - https:\/\/yoast.com\/product\/yoast-seo-premium-wordpress\/ -->\n<title>B\u00e9nin \u2013 Criet: liste des d\u00e9tenus b\u00e9n\u00e9ficiaires d\u2019une lib\u00e9ration conditionnelle (2022) - B\u00e9nin<\/title>\n<meta name=\"description\" content=\"Par arr\u00eat\u00e9 n\u00b0087\/MJL\/DC\/SGM\/DAPG\/SA\/SGG22, le minist\u00e8re de la justice et de la l\u00e9gislation a accord\u00e9 la libert\u00e9 conditio ...\" \/>\n<meta name=\"robots\" content=\"index, follow, max-snippet:-1, max-image-preview:large, max-video-preview:-1\" \/>\n<link rel=\"canonical\" href=\"https:\/\/www.africa-press.net\/benin\/toutes-les-actualites\/benin-criet-liste-des-detenus-beneficiaires-dune-liberation-conditionnelle-2022\" \/>\n<meta property=\"og:locale\" content=\"fr_FR\" \/>\n<meta property=\"og:type\" content=\"article\" \/>\n<meta property=\"og:title\" content=\"B\u00e9nin \u2013 Criet: liste des d\u00e9tenus b\u00e9n\u00e9ficiaires d\u2019une lib\u00e9ration conditionnelle (2022)\" \/>\n<meta property=\"og:description\" content=\"Par arr\u00eat\u00e9 n\u00b0087\/MJL\/DC\/SGM\/DAPG\/SA\/SGG22, le minist\u00e8re de la justice et de la l\u00e9gislation a accord\u00e9 la libert\u00e9 conditio ...\" \/>\n<meta property=\"og:url\" content=\"https:\/\/www.africa-press.net\/benin\/toutes-les-actualites\/benin-criet-liste-des-detenus-beneficiaires-dune-liberation-conditionnelle-2022\" \/>\n<meta property=\"og:site_name\" content=\"B\u00e9nin\" \/>\n<meta property=\"article:published_time\" content=\"2022-08-17T17:00:20+00:00\" \/>\n<meta property=\"article:modified_time\" content=\"2022-08-17T17:30:11+00:00\" \/>\n<meta property=\"og:image\" content=\"https:\/\/static.africa-press.net\/benin\/sites\/46\/2022\/08\/postQueueImg_8-62fd2581184d8.jpg\" \/>\n\t<meta property=\"og:image:width\" content=\"1200\" \/>\n\t<meta property=\"og:image:height\" content=\"675\" \/>\n\t<meta property=\"og:image:type\" content=\"image\/jpeg\" \/>\n<meta name=\"author\" content=\"cfeditorfr\" \/>\n<meta name=\"twitter:card\" content=\"summary_large_image\" \/>\n<meta name=\"twitter:label1\" content=\"\u00c9crit par\" \/>\n\t<meta name=\"twitter:data1\" content=\"cfeditorfr\" \/>\n\t<meta name=\"twitter:label2\" content=\"Dur\u00e9e de lecture estim\u00e9e\" \/>\n\t<meta name=\"twitter:data2\" content=\"1 minute\" \/>\n<script type=\"application\/ld+json\" class=\"yoast-schema-graph\">{\"@context\":\"https:\/\/schema.org\",\"@graph\":[{\"@type\":\"Article\",\"@id\":\"https:\/\/www.africa-press.net\/benin\/toutes-les-actualites\/benin-criet-liste-des-detenus-beneficiaires-dune-liberation-conditionnelle-2022#article\",\"isPartOf\":{\"@id\":\"https:\/\/www.africa-press.net\/benin\/toutes-les-actualites\/benin-criet-liste-des-detenus-beneficiaires-dune-liberation-conditionnelle-2022\"},\"author\":{\"name\":\"cfeditorfr\",\"@id\":\"https:\/\/www.africa-press.net\/benin\/#\/schema\/person\/2b1cf3cd81a31e3cd26889ca66d677f1\"},\"headline\":\"B\u00e9nin \u2013 Criet: liste des d\u00e9tenus b\u00e9n\u00e9ficiaires d\u2019une lib\u00e9ration conditionnelle (2022)\",\"datePublished\":\"2022-08-17T17:00:20+00:00\",\"dateModified\":\"2022-08-17T17:30:11+00:00\",\"mainEntityOfPage\":{\"@id\":\"https:\/\/www.africa-press.net\/benin\/toutes-les-actualites\/benin-criet-liste-des-detenus-beneficiaires-dune-liberation-conditionnelle-2022\"},\"wordCount\":202,\"commentCount\":0,\"image\":{\"@id\":\"https:\/\/www.africa-press.net\/benin\/toutes-les-actualites\/benin-criet-liste-des-detenus-beneficiaires-dune-liberation-conditionnelle-2022#primaryimage\"},\"thumbnailUrl\":\"https:\/\/static.africa-press.net\/benin\/sites\/46\/2022\/08\/postQueueImg_8-62fd2581184d8.jpg\",\"keywords\":[\"Africa Press\",\"Africa Press-Benin\",\"B\u00e9nin\"],\"articleSection\":[\"Communaut\u00e9\",\"homepage-french\",\"Toutes les actualit\u00e9s\"],\"inLanguage\":\"fr-FR\",\"potentialAction\":[{\"@type\":\"CommentAction\",\"name\":\"Comment\",\"target\":[\"https:\/\/www.africa-press.net\/benin\/toutes-les-actualites\/benin-criet-liste-des-detenus-beneficiaires-dune-liberation-conditionnelle-2022#respond\"]}]},{\"@type\":\"WebPage\",\"@id\":\"https:\/\/www.africa-press.net\/benin\/toutes-les-actualites\/benin-criet-liste-des-detenus-beneficiaires-dune-liberation-conditionnelle-2022\",\"url\":\"https:\/\/www.africa-press.net\/benin\/toutes-les-actualites\/benin-criet-liste-des-detenus-beneficiaires-dune-liberation-conditionnelle-2022\",\"name\":\"B\u00e9nin \u2013 Criet: liste des d\u00e9tenus b\u00e9n\u00e9ficiaires d\u2019une lib\u00e9ration conditionnelle (2022) - B\u00e9nin\",\"isPartOf\":{\"@id\":\"https:\/\/www.africa-press.net\/benin\/#website\"},\"primaryImageOfPage\":{\"@id\":\"https:\/\/www.africa-press.net\/benin\/toutes-les-actualites\/benin-criet-liste-des-detenus-beneficiaires-dune-liberation-conditionnelle-2022#primaryimage\"},\"image\":{\"@id\":\"https:\/\/www.africa-press.net\/benin\/toutes-les-actualites\/benin-criet-liste-des-detenus-beneficiaires-dune-liberation-conditionnelle-2022#primaryimage\"},\"thumbnailUrl\":\"https:\/\/static.africa-press.net\/benin\/sites\/46\/2022\/08\/postQueueImg_8-62fd2581184d8.jpg\",\"datePublished\":\"2022-08-17T17:00:20+00:00\",\"dateModified\":\"2022-08-17T17:30:11+00:00\",\"author\":{\"@id\":\"https:\/\/www.africa-press.net\/benin\/#\/schema\/person\/2b1cf3cd81a31e3cd26889ca66d677f1\"},\"description\":\"Par arr\u00eat\u00e9 n\u00b0087\/MJL\/DC\/SGM\/DAPG\/SA\/SGG22, le minist\u00e8re de la justice et de la l\u00e9gislation a accord\u00e9 la libert\u00e9 conditio ...\",\"breadcrumb\":{\"@id\":\"https:\/\/www.africa-press.net\/benin\/toutes-les-actualites\/benin-criet-liste-des-detenus-beneficiaires-dune-liberation-conditionnelle-2022#breadcrumb\"},\"inLanguage\":\"fr-FR\",\"potentialAction\":[{\"@type\":\"ReadAction\",\"target\":[\"https:\/\/www.africa-press.net\/benin\/toutes-les-actualites\/benin-criet-liste-des-detenus-beneficiaires-dune-liberation-conditionnelle-2022\"]}]},{\"@type\":\"ImageObject\",\"inLanguage\":\"fr-FR\",\"@id\":\"https:\/\/www.africa-press.net\/benin\/toutes-les-actualites\/benin-criet-liste-des-detenus-beneficiaires-dune-liberation-conditionnelle-2022#primaryimage\",\"url\":\"https:\/\/static.africa-press.net\/benin\/sites\/46\/2022\/08\/postQueueImg_8-62fd2581184d8.jpg\",\"contentUrl\":\"https:\/\/static.africa-press.net\/benin\/sites\/46\/2022\/08\/postQueueImg_8-62fd2581184d8.jpg\",\"width\":1200,\"height\":675,\"caption\":\"B\u00e9nin \u2013 Criet: liste des d\u00e9tenus b\u00e9n\u00e9ficiaires d\u2019une lib\u00e9ration conditionnelle (2022)\"},{\"@type\":\"BreadcrumbList\",\"@id\":\"https:\/\/www.africa-press.net\/benin\/toutes-les-actualites\/benin-criet-liste-des-detenus-beneficiaires-dune-liberation-conditionnelle-2022#breadcrumb\",\"itemListElement\":[{\"@type\":\"ListItem\",\"position\":1,\"name\":\"Accueil\",\"item\":\"https:\/\/www.africa-press.net\/benin\/\"},{\"@type\":\"ListItem\",\"position\":2,\"name\":\"B\u00e9nin \u2013 Criet: liste des d\u00e9tenus b\u00e9n\u00e9ficiaires d\u2019une lib\u00e9ration conditionnelle (2022)\"}]},{\"@type\":\"WebSite\",\"@id\":\"https:\/\/www.africa-press.net\/benin\/#website\",\"url\":\"https:\/\/www.africa-press.net\/benin\/\",\"name\":\"B\u00e9nin\",\"description\":\"Just another Africa News Agency Sites site\",\"potentialAction\":[{\"@type\":\"SearchAction\",\"target\":{\"@type\":\"EntryPoint\",\"urlTemplate\":\"https:\/\/www.africa-press.net\/benin\/?s={search_term_string}\"},\"query-input\":{\"@type\":\"PropertyValueSpecification\",\"valueRequired\":true,\"valueName\":\"search_term_string\"}}],\"inLanguage\":\"fr-FR\"},{\"@type\":\"Person\",\"@id\":\"https:\/\/www.africa-press.net\/benin\/#\/schema\/person\/2b1cf3cd81a31e3cd26889ca66d677f1\",\"name\":\"cfeditorfr\"}]}<\/script>\n<!-- \/ Yoast SEO Premium plugin. -->","yoast_head_json":{"title":"B\u00e9nin \u2013 Criet: liste des d\u00e9tenus b\u00e9n\u00e9ficiaires d\u2019une lib\u00e9ration conditionnelle (2022) - B\u00e9nin","description":"Par arr\u00eat\u00e9 n\u00b0087\/MJL\/DC\/SGM\/DAPG\/SA\/SGG22, le minist\u00e8re de la justice et de la l\u00e9gislation a accord\u00e9 la libert\u00e9 conditio ...","robots":{"index":"index","follow":"follow","max-snippet":"max-snippet:-1","max-image-preview":"max-image-preview:large","max-video-preview":"max-video-preview:-1"},"canonical":"https:\/\/www.africa-press.net\/benin\/toutes-les-actualites\/benin-criet-liste-des-detenus-beneficiaires-dune-liberation-conditionnelle-2022","og_locale":"fr_FR","og_type":"article","og_title":"B\u00e9nin \u2013 Criet: liste des d\u00e9tenus b\u00e9n\u00e9ficiaires d\u2019une lib\u00e9ration conditionnelle (2022)","og_description":"Par arr\u00eat\u00e9 n\u00b0087\/MJL\/DC\/SGM\/DAPG\/SA\/SGG22, le minist\u00e8re de la justice et de la l\u00e9gislation a accord\u00e9 la libert\u00e9 conditio ...","og_url":"https:\/\/www.africa-press.net\/benin\/toutes-les-actualites\/benin-criet-liste-des-detenus-beneficiaires-dune-liberation-conditionnelle-2022","og_site_name":"B\u00e9nin","article_published_time":"2022-08-17T17:00:20+00:00","article_modified_time":"2022-08-17T17:30:11+00:00","og_image":[{"width":1200,"height":675,"url":"https:\/\/static.africa-press.net\/benin\/sites\/46\/2022\/08\/postQueueImg_8-62fd2581184d8.jpg","type":"image\/jpeg"}],"author":"cfeditorfr","twitter_card":"summary_large_image","twitter_misc":{"\u00c9crit par":"cfeditorfr","Dur\u00e9e de lecture estim\u00e9e":"1 minute"},"schema":{"@context":"https:\/\/schema.org","@graph":[{"@type":"Article","@id":"https:\/\/www.africa-press.net\/benin\/toutes-les-actualites\/benin-criet-liste-des-detenus-beneficiaires-dune-liberation-conditionnelle-2022#article","isPartOf":{"@id":"https:\/\/www.africa-press.net\/benin\/toutes-les-actualites\/benin-criet-liste-des-detenus-beneficiaires-dune-liberation-conditionnelle-2022"},"author":{"name":"cfeditorfr","@id":"https:\/\/www.africa-press.net\/benin\/#\/schema\/person\/2b1cf3cd81a31e3cd26889ca66d677f1"},"headline":"B\u00e9nin \u2013 Criet: liste des d\u00e9tenus b\u00e9n\u00e9ficiaires d\u2019une lib\u00e9ration conditionnelle (2022)","datePublished":"2022-08-17T17:00:20+00:00","dateModified":"2022-08-17T17:30:11+00:00","mainEntityOfPage":{"@id":"https:\/\/www.africa-press.net\/benin\/toutes-les-actualites\/benin-criet-liste-des-detenus-beneficiaires-dune-liberation-conditionnelle-2022"},"wordCount":202,"commentCount":0,"image":{"@id":"https:\/\/www.africa-press.net\/benin\/toutes-les-actualites\/benin-criet-liste-des-detenus-beneficiaires-dune-liberation-conditionnelle-2022#primaryimage"},"thumbnailUrl":"https:\/\/static.africa-press.net\/benin\/sites\/46\/2022\/08\/postQueueImg_8-62fd2581184d8.jpg","keywords":["Africa Press","Africa Press-Benin","B\u00e9nin"],"articleSection":["Communaut\u00e9","homepage-french","Toutes les actualit\u00e9s"],"inLanguage":"fr-FR","potentialAction":[{"@type":"CommentAction","name":"Comment","target":["https:\/\/www.africa-press.net\/benin\/toutes-les-actualites\/benin-criet-liste-des-detenus-beneficiaires-dune-liberation-conditionnelle-2022#respond"]}]},{"@type":"WebPage","@id":"https:\/\/www.africa-press.net\/benin\/toutes-les-actualites\/benin-criet-liste-des-detenus-beneficiaires-dune-liberation-conditionnelle-2022","url":"https:\/\/www.africa-press.net\/benin\/toutes-les-actualites\/benin-criet-liste-des-detenus-beneficiaires-dune-liberation-conditionnelle-2022","name":"B\u00e9nin \u2013 Criet: liste des d\u00e9tenus b\u00e9n\u00e9ficiaires d\u2019une lib\u00e9ration conditionnelle (2022) - B\u00e9nin","isPartOf":{"@id":"https:\/\/www.africa-press.net\/benin\/#website"},"primaryImageOfPage":{"@id":"https:\/\/www.africa-press.net\/benin\/toutes-les-actualites\/benin-criet-liste-des-detenus-beneficiaires-dune-liberation-conditionnelle-2022#primaryimage"},"image":{"@id":"https:\/\/www.africa-press.net\/benin\/toutes-les-actualites\/benin-criet-liste-des-detenus-beneficiaires-dune-liberation-conditionnelle-2022#primaryimage"},"thumbnailUrl":"https:\/\/static.africa-press.net\/benin\/sites\/46\/2022\/08\/postQueueImg_8-62fd2581184d8.jpg","datePublished":"2022-08-17T17:00:20+00:00","dateModified":"2022-08-17T17:30:11+00:00","author":{"@id":"https:\/\/www.africa-press.net\/benin\/#\/schema\/person\/2b1cf3cd81a31e3cd26889ca66d677f1"},"description":"Par arr\u00eat\u00e9 n\u00b0087\/MJL\/DC\/SGM\/DAPG\/SA\/SGG22, le minist\u00e8re de la justice et de la l\u00e9gislation a accord\u00e9 la libert\u00e9 conditio ...","breadcrumb":{"@id":"https:\/\/www.africa-press.net\/benin\/toutes-les-actualites\/benin-criet-liste-des-detenus-beneficiaires-dune-liberation-conditionnelle-2022#breadcrumb"},"inLanguage":"fr-FR","potentialAction":[{"@type":"ReadAction","target":["https:\/\/www.africa-press.net\/benin\/toutes-les-actualites\/benin-criet-liste-des-detenus-beneficiaires-dune-liberation-conditionnelle-2022"]}]},{"@type":"ImageObject","inLanguage":"fr-FR","@id":"https:\/\/www.africa-press.net\/benin\/toutes-les-actualites\/benin-criet-liste-des-detenus-beneficiaires-dune-liberation-conditionnelle-2022#primaryimage","url":"https:\/\/static.africa-press.net\/benin\/sites\/46\/2022\/08\/postQueueImg_8-62fd2581184d8.jpg","contentUrl":"https:\/\/static.africa-press.net\/benin\/sites\/46\/2022\/08\/postQueueImg_8-62fd2581184d8.jpg","width":1200,"height":675,"caption":"B\u00e9nin \u2013 Criet: liste des d\u00e9tenus b\u00e9n\u00e9ficiaires d\u2019une lib\u00e9ration conditionnelle (2022)"},{"@type":"BreadcrumbList","@id":"https:\/\/www.africa-press.net\/benin\/toutes-les-actualites\/benin-criet-liste-des-detenus-beneficiaires-dune-liberation-conditionnelle-2022#breadcrumb","itemListElement":[{"@type":"ListItem","position":1,"name":"Accueil","item":"https:\/\/www.africa-press.net\/benin\/"},{"@type":"ListItem","position":2,"name":"B\u00e9nin \u2013 Criet: liste des d\u00e9tenus b\u00e9n\u00e9ficiaires d\u2019une lib\u00e9ration conditionnelle (2022)"}]},{"@type":"WebSite","@id":"https:\/\/www.africa-press.net\/benin\/#website","url":"https:\/\/www.africa-press.net\/benin\/","name":"B\u00e9nin","description":"Just another Africa News Agency Sites site","potentialAction":[{"@type":"SearchAction","target":{"@type":"EntryPoint","urlTemplate":"https:\/\/www.africa-press.net\/benin\/?s={search_term_string}"},"query-input":{"@type":"PropertyValueSpecification","valueRequired":true,"valueName":"search_term_string"}}],"inLanguage":"fr-FR"},{"@type":"Person","@id":"https:\/\/www.africa-press.net\/benin\/#\/schema\/person\/2b1cf3cd81a31e3cd26889ca66d677f1","name":"cfeditorfr"}]}},"_links":{"self":[{"href":"https:\/\/www.africa-press.net\/benin\/wp-json\/wp\/v2\/posts\/7938","targetHints":{"allow":["GET"]}}],"collection":[{"href":"https:\/\/www.africa-press.net\/benin\/wp-json\/wp\/v2\/posts"}],"about":[{"href":"https:\/\/www.africa-press.net\/benin\/wp-json\/wp\/v2\/types\/post"}],"author":[{"embeddable":true,"href":"https:\/\/www.africa-press.net\/benin\/wp-json\/wp\/v2\/users\/82"}],"replies":[{"embeddable":true,"href":"https:\/\/www.africa-press.net\/benin\/wp-json\/wp\/v2\/comments?post=7938"}],"version-history":[{"count":0,"href":"https:\/\/www.africa-press.net\/benin\/wp-json\/wp\/v2\/posts\/7938\/revisions"}],"wp:featuredmedia":[{"embeddable":true,"href":"https:\/\/www.africa-press.net\/benin\/wp-json\/wp\/v2\/media\/7937"}],"wp:attachment":[{"href":"https:\/\/www.africa-press.net\/benin\/wp-json\/wp\/v2\/media?parent=7938"}],"wp:term":[{"taxonomy":"category","embeddable":true,"href":"https:\/\/www.africa-press.net\/benin\/wp-json\/wp\/v2\/categories?post=7938"},{"taxonomy":"post_tag","embeddable":true,"href":"https:\/\/www.africa-press.net\/benin\/wp-json\/wp\/v2\/tags?post=7938"}],"curies":[{"name":"wp","href":"https:\/\/api.w.org\/{rel}","templated":true}]}}